{"id":9993,"date":"2018-02-09T10:46:20","date_gmt":"2018-02-09T12:46:20","guid":{"rendered":"http:\/\/otimoneiro.com.br\/?p=9993"},"modified":"2018-02-09T10:46:20","modified_gmt":"2018-02-09T12:46:20","slug":"navegantes-e-iemanja-levam-milhares-praia-do-paqueta","status":"publish","type":"post","link":"https:\/\/jornaltimoneiro.com.br\/index.php\/2018\/02\/09\/navegantes-e-iemanja-levam-milhares-praia-do-paqueta\/","title":{"rendered":"Navegantes e Iemanj\u00e1 levam milhares \u00e0 Praia do Paquet\u00e1"},"content":{"rendered":"<p><img decoding=\"async\" class=\"aligncenter size-full wp-image-9994\" src=\"http:\/\/otimoneiro.com.br\/wp-content\/uploads\/2018\/02\/abertura-navegantes.jpg\" alt=\"\" width=\"900\" height=\"600\" \/><\/p>\n<p>Milhares de fi\u00e9is participaram dos festejos da 29\u00aa prociss\u00e3o de Nossa Senhora dos Navegantes e Iemanj\u00e1 de Canoas, no dia 2 de fevereiro. Logo no in\u00edcio da manh\u00e3 aconteceu a primeira Missa do dia, na Par\u00f3quia Imaculada Concei\u00e7\u00e3o, no bairro Rio Branco, presidida pelo Padre Leonardo Reichert. Antes das 9h30 come\u00e7ou o percurso pelas ruas do bairro com a imagem de Nossa Senhora dos Navegantes passando pelas ruas Ana Nery, Vidal de Negreiros, Irineu de Carvalho at\u00e9 o Areal, na rua Hermes da Fonseca. Ap\u00f3s, a imagem foi levada de barco at\u00e9 a Praia do Paquet\u00e1.<\/p>\n<p>A caminhada foi acompanhada por fi\u00e9is de todas as idades que, munidos chap\u00e9us e sombrinhas, enfrentaram o sol forte no percurso. Moradores das casas tamb\u00e9m acenavam para a imagem de Nossa Senhora dos Navegantes. Com rosas e ter\u00e7os nas m\u00e3os muitos rezavam fazendo pedidos e agradecimentos. A aposentada Eva Maria Lopes, 76, fez quest\u00e3o de agradecer um pedido que fez pela sua neta, de 10 anos.<\/p>\n<p>&#8220;Minha filha estava gr\u00e1vida e teve um aborto. Esta neta queria muito a irm\u00e3 e ficou triste demais com a not\u00edcia, entrando em depress\u00e3o. Ela n\u00e3o queria mais comer. Fiquei muito preocupada e rezei pela intercess\u00e3o de Nossa Senhora que me atendeu. Hoje minha neta voltou a se alimentar normalmente&#8221;, contou.<\/p>\n<p>Para a aposentada Iolde Oliveira, moradora do bairro Rio Branco, a prociss\u00e3o foi um momento de agradecimento pelo ano de 2017.<\/p>\n<p>\u00c0s 11h30, a prociss\u00e3o fluvial desembarcou na Praia do Paquet\u00e1. Al\u00e9m da embarca\u00e7\u00e3o que trouxe a imagem de Nossa Senhora dos Navegantes cerca de 40 barcos de pequeno porte acompanharam o trajeto fluvial. Na Praia do Paquet\u00e1 foi celebrada uma missa campal presidida pelo Bispo Auxiliar da Arquidiocese de Porto Alegre, Dom Aparecido Donizete.<\/p>\n","protected":false},"excerpt":{"rendered":"<p>Milhares de fi\u00e9is participaram dos festejos da 29\u00aa prociss\u00e3o de Nossa Senhora dos Navegantes e Iemanj\u00e1 de Canoas, no dia 2 de fevereiro. Logo no in\u00edcio da manh\u00e3 aconteceu a primeira Missa do dia, na Par\u00f3quia Imaculada Concei\u00e7\u00e3o, no bairro Rio Branco, presidida pelo Padre Leonardo Reichert. Antes das 9h30 come\u00e7ou o percurso pelas ruas [&hellip;]<\/p>\n","protected":false},"author":1,"featured_media":9994,"comment_status":"closed","ping_status":"open","sticky":false,"template":"","format":"standard","meta":{"amp_status":"","footnotes":""},"categories":[19],"tags":[],"class_list":["post-9993","post","type-post","status-publish","format-standard","has-post-thumbnail","hentry","category-destaques"],"yoast_head":"<!-- This site is optimized with the Yoast SEO plugin v20.5 - https:\/\/yoast.com\/wordpress\/plugins\/seo\/ -->\n<title>Navegantes e Iemanj\u00e1 levam milhares \u00e0 Praia do Paquet\u00e1 - O Timoneiro Jornal Canoas RS<\/title>\n<meta name=\"robots\" content=\"index, follow, max-snippet:-1, max-image-preview:large, max-video-preview:-1\" \/>\n<link rel=\"canonical\" href=\"https:\/\/jornaltimoneiro.com.br\/index.php\/2018\/02\/09\/navegantes-e-iemanja-levam-milhares-praia-do-paqueta\/\" \/>\n<meta property=\"og:locale\" content=\"pt_BR\" \/>\n<meta property=\"og:type\" content=\"article\" \/>\n<meta property=\"og:title\" content=\"Navegantes e Iemanj\u00e1 levam milhares \u00e0 Praia do Paquet\u00e1 - O Timoneiro Jornal Canoas RS\" \/>\n<meta property=\"og:description\" content=\"Milhares de fi\u00e9is participaram dos festejos da 29\u00aa prociss\u00e3o de Nossa Senhora dos Navegantes e Iemanj\u00e1 de Canoas, no dia 2 de fevereiro. Logo no in\u00edcio da manh\u00e3 aconteceu a primeira Missa do dia, na Par\u00f3quia Imaculada Concei\u00e7\u00e3o, no bairro Rio Branco, presidida pelo Padre Leonardo Reichert. Antes das 9h30 come\u00e7ou o percurso pelas ruas [&hellip;]\" \/>\n<meta property=\"og:url\" content=\"https:\/\/jornaltimoneiro.com.br\/index.php\/2018\/02\/09\/navegantes-e-iemanja-levam-milhares-praia-do-paqueta\/\" \/>\n<meta property=\"og:site_name\" content=\"O Timoneiro Jornal Canoas RS\" \/>\n<meta property=\"article:publisher\" content=\"https:\/\/www.facebook.com\/jornaltimoneiro\" \/>\n<meta property=\"article:published_time\" content=\"2018-02-09T12:46:20+00:00\" \/>\n<meta name=\"author\" content=\"Reda\u00e7\u00e3o\" \/>\n<meta name=\"twitter:card\" content=\"summary_large_image\" \/>\n<meta name=\"twitter:creator\" content=\"@_OTimoneiro\" \/>\n<meta name=\"twitter:site\" content=\"@_OTimoneiro\" \/>\n<meta name=\"twitter:label1\" content=\"Escrito por\" \/>\n\t<meta name=\"twitter:data1\" content=\"Reda\u00e7\u00e3o\" \/>\n\t<meta name=\"twitter:label2\" content=\"Est. tempo de leitura\" \/>\n\t<meta name=\"twitter:data2\" content=\"2 minutos\" \/>\n<script type=\"application\/ld+json\" class=\"yoast-schema-graph\">{\"@context\":\"https:\/\/schema.org\",\"@graph\":[{\"@type\":\"Article\",\"@id\":\"https:\/\/jornaltimoneiro.com.br\/index.php\/2018\/02\/09\/navegantes-e-iemanja-levam-milhares-praia-do-paqueta\/#article\",\"isPartOf\":{\"@id\":\"https:\/\/jornaltimoneiro.com.br\/index.php\/2018\/02\/09\/navegantes-e-iemanja-levam-milhares-praia-do-paqueta\/\"},\"author\":{\"name\":\"Reda\u00e7\u00e3o\",\"@id\":\"https:\/\/jornaltimoneiro.com.br\/#\/schema\/person\/620efd1d8244466117482be494360b08\"},\"headline\":\"Navegantes e Iemanj\u00e1 levam milhares \u00e0 Praia do Paquet\u00e1\",\"datePublished\":\"2018-02-09T12:46:20+00:00\",\"dateModified\":\"2018-02-09T12:46:20+00:00\",\"mainEntityOfPage\":{\"@id\":\"https:\/\/jornaltimoneiro.com.br\/index.php\/2018\/02\/09\/navegantes-e-iemanja-levam-milhares-praia-do-paqueta\/\"},\"wordCount\":312,\"publisher\":{\"@id\":\"https:\/\/jornaltimoneiro.com.br\/#organization\"},\"articleSection\":[\"Destaques\"],\"inLanguage\":\"pt-BR\"},{\"@type\":\"WebPage\",\"@id\":\"https:\/\/jornaltimoneiro.com.br\/index.php\/2018\/02\/09\/navegantes-e-iemanja-levam-milhares-praia-do-paqueta\/\",\"url\":\"https:\/\/jornaltimoneiro.com.br\/index.php\/2018\/02\/09\/navegantes-e-iemanja-levam-milhares-praia-do-paqueta\/\",\"name\":\"Navegantes e Iemanj\u00e1 levam milhares \u00e0 Praia do Paquet\u00e1 - O Timoneiro Jornal Canoas RS\",\"isPartOf\":{\"@id\":\"https:\/\/jornaltimoneiro.com.br\/#website\"},\"datePublished\":\"2018-02-09T12:46:20+00:00\",\"dateModified\":\"2018-02-09T12:46:20+00:00\",\"breadcrumb\":{\"@id\":\"https:\/\/jornaltimoneiro.com.br\/index.php\/2018\/02\/09\/navegantes-e-iemanja-levam-milhares-praia-do-paqueta\/#breadcrumb\"},\"inLanguage\":\"pt-BR\",\"potentialAction\":[{\"@type\":\"ReadAction\",\"target\":[\"https:\/\/jornaltimoneiro.com.br\/index.php\/2018\/02\/09\/navegantes-e-iemanja-levam-milhares-praia-do-paqueta\/\"]}]},{\"@type\":\"BreadcrumbList\",\"@id\":\"https:\/\/jornaltimoneiro.com.br\/index.php\/2018\/02\/09\/navegantes-e-iemanja-levam-milhares-praia-do-paqueta\/#breadcrumb\",\"itemListElement\":[{\"@type\":\"ListItem\",\"position\":1,\"name\":\"In\u00edcio\",\"item\":\"https:\/\/jornaltimoneiro.com.br\/\"},{\"@type\":\"ListItem\",\"position\":2,\"name\":\"Navegantes e Iemanj\u00e1 levam milhares \u00e0 Praia do Paquet\u00e1\"}]},{\"@type\":\"WebSite\",\"@id\":\"https:\/\/jornaltimoneiro.com.br\/#website\",\"url\":\"https:\/\/jornaltimoneiro.com.br\/\",\"name\":\"Jornal Timoneiro Canoas RS\",\"description\":\"Jornal O Timoneiro, o verdadeiro jornal de Canoas\",\"publisher\":{\"@id\":\"https:\/\/jornaltimoneiro.com.br\/#organization\"},\"potentialAction\":[{\"@type\":\"SearchAction\",\"target\":{\"@type\":\"EntryPoint\",\"urlTemplate\":\"https:\/\/jornaltimoneiro.com.br\/?s={search_term_string}\"},\"query-input\":\"required name=search_term_string\"}],\"inLanguage\":\"pt-BR\"},{\"@type\":\"Organization\",\"@id\":\"https:\/\/jornaltimoneiro.com.br\/#organization\",\"name\":\"Jornal Timoneiro Canoas RS\",\"url\":\"https:\/\/jornaltimoneiro.com.br\/\",\"logo\":{\"@type\":\"ImageObject\",\"inLanguage\":\"pt-BR\",\"@id\":\"https:\/\/jornaltimoneiro.com.br\/#\/schema\/logo\/image\/\",\"url\":\"https:\/\/jornaltimoneiro.com.br\/wp-content\/uploads\/2023\/03\/logonovo.png\",\"contentUrl\":\"https:\/\/jornaltimoneiro.com.br\/wp-content\/uploads\/2023\/03\/logonovo.png\",\"width\":\"469\",\"height\":\"171\",\"caption\":\"Jornal Timoneiro Canoas RS\"},\"image\":{\"@id\":\"https:\/\/jornaltimoneiro.com.br\/#\/schema\/logo\/image\/\"},\"sameAs\":[\"https:\/\/www.facebook.com\/jornaltimoneiro\",\"https:\/\/twitter.com\/_OTimoneiro\",\"https:\/\/www.instagram.com\/jornaltimoneirocanoas\/\",\"https:\/\/www.youtube.com\/@jornalotimoneiro7927\"]},{\"@type\":\"Person\",\"@id\":\"https:\/\/jornaltimoneiro.com.br\/#\/schema\/person\/620efd1d8244466117482be494360b08\",\"name\":\"Reda\u00e7\u00e3o\",\"image\":{\"@type\":\"ImageObject\",\"inLanguage\":\"pt-BR\",\"@id\":\"https:\/\/jornaltimoneiro.com.br\/#\/schema\/person\/image\/\",\"url\":\"https:\/\/secure.gravatar.com\/avatar\/2f04e1b304682a8d9db336c7acd77f08?s=96&d=mm&r=g\",\"contentUrl\":\"https:\/\/secure.gravatar.com\/avatar\/2f04e1b304682a8d9db336c7acd77f08?s=96&d=mm&r=g\",\"caption\":\"Reda\u00e7\u00e3o\"},\"url\":\"https:\/\/jornaltimoneiro.com.br\/index.php\/author\/timoneirocanoas\/\"}]}<\/script>\n<!-- \/ Yoast SEO plugin. -->","yoast_head_json":{"title":"Navegantes e Iemanj\u00e1 levam milhares \u00e0 Praia do Paquet\u00e1 - O Timoneiro Jornal Canoas RS","robots":{"index":"index","follow":"follow","max-snippet":"max-snippet:-1","max-image-preview":"max-image-preview:large","max-video-preview":"max-video-preview:-1"},"canonical":"https:\/\/jornaltimoneiro.com.br\/index.php\/2018\/02\/09\/navegantes-e-iemanja-levam-milhares-praia-do-paqueta\/","og_locale":"pt_BR","og_type":"article","og_title":"Navegantes e Iemanj\u00e1 levam milhares \u00e0 Praia do Paquet\u00e1 - O Timoneiro Jornal Canoas RS","og_description":"Milhares de fi\u00e9is participaram dos festejos da 29\u00aa prociss\u00e3o de Nossa Senhora dos Navegantes e Iemanj\u00e1 de Canoas, no dia 2 de fevereiro. Logo no in\u00edcio da manh\u00e3 aconteceu a primeira Missa do dia, na Par\u00f3quia Imaculada Concei\u00e7\u00e3o, no bairro Rio Branco, presidida pelo Padre Leonardo Reichert. Antes das 9h30 come\u00e7ou o percurso pelas ruas [&hellip;]","og_url":"https:\/\/jornaltimoneiro.com.br\/index.php\/2018\/02\/09\/navegantes-e-iemanja-levam-milhares-praia-do-paqueta\/","og_site_name":"O Timoneiro Jornal Canoas RS","article_publisher":"https:\/\/www.facebook.com\/jornaltimoneiro","article_published_time":"2018-02-09T12:46:20+00:00","author":"Reda\u00e7\u00e3o","twitter_card":"summary_large_image","twitter_creator":"@_OTimoneiro","twitter_site":"@_OTimoneiro","twitter_misc":{"Escrito por":"Reda\u00e7\u00e3o","Est. tempo de leitura":"2 minutos"},"schema":{"@context":"https:\/\/schema.org","@graph":[{"@type":"Article","@id":"https:\/\/jornaltimoneiro.com.br\/index.php\/2018\/02\/09\/navegantes-e-iemanja-levam-milhares-praia-do-paqueta\/#article","isPartOf":{"@id":"https:\/\/jornaltimoneiro.com.br\/index.php\/2018\/02\/09\/navegantes-e-iemanja-levam-milhares-praia-do-paqueta\/"},"author":{"name":"Reda\u00e7\u00e3o","@id":"https:\/\/jornaltimoneiro.com.br\/#\/schema\/person\/620efd1d8244466117482be494360b08"},"headline":"Navegantes e Iemanj\u00e1 levam milhares \u00e0 Praia do Paquet\u00e1","datePublished":"2018-02-09T12:46:20+00:00","dateModified":"2018-02-09T12:46:20+00:00","mainEntityOfPage":{"@id":"https:\/\/jornaltimoneiro.com.br\/index.php\/2018\/02\/09\/navegantes-e-iemanja-levam-milhares-praia-do-paqueta\/"},"wordCount":312,"publisher":{"@id":"https:\/\/jornaltimoneiro.com.br\/#organization"},"articleSection":["Destaques"],"inLanguage":"pt-BR"},{"@type":"WebPage","@id":"https:\/\/jornaltimoneiro.com.br\/index.php\/2018\/02\/09\/navegantes-e-iemanja-levam-milhares-praia-do-paqueta\/","url":"https:\/\/jornaltimoneiro.com.br\/index.php\/2018\/02\/09\/navegantes-e-iemanja-levam-milhares-praia-do-paqueta\/","name":"Navegantes e Iemanj\u00e1 levam milhares \u00e0 Praia do Paquet\u00e1 - O Timoneiro Jornal Canoas RS","isPartOf":{"@id":"https:\/\/jornaltimoneiro.com.br\/#website"},"datePublished":"2018-02-09T12:46:20+00:00","dateModified":"2018-02-09T12:46:20+00:00","breadcrumb":{"@id":"https:\/\/jornaltimoneiro.com.br\/index.php\/2018\/02\/09\/navegantes-e-iemanja-levam-milhares-praia-do-paqueta\/#breadcrumb"},"inLanguage":"pt-BR","potentialAction":[{"@type":"ReadAction","target":["https:\/\/jornaltimoneiro.com.br\/index.php\/2018\/02\/09\/navegantes-e-iemanja-levam-milhares-praia-do-paqueta\/"]}]},{"@type":"BreadcrumbList","@id":"https:\/\/jornaltimoneiro.com.br\/index.php\/2018\/02\/09\/navegantes-e-iemanja-levam-milhares-praia-do-paqueta\/#breadcrumb","itemListElement":[{"@type":"ListItem","position":1,"name":"In\u00edcio","item":"https:\/\/jornaltimoneiro.com.br\/"},{"@type":"ListItem","position":2,"name":"Navegantes e Iemanj\u00e1 levam milhares \u00e0 Praia do Paquet\u00e1"}]},{"@type":"WebSite","@id":"https:\/\/jornaltimoneiro.com.br\/#website","url":"https:\/\/jornaltimoneiro.com.br\/","name":"Jornal Timoneiro Canoas RS","description":"Jornal O Timoneiro, o verdadeiro jornal de Canoas","publisher":{"@id":"https:\/\/jornaltimoneiro.com.br\/#organization"},"potentialAction":[{"@type":"SearchAction","target":{"@type":"EntryPoint","urlTemplate":"https:\/\/jornaltimoneiro.com.br\/?s={search_term_string}"},"query-input":"required name=search_term_string"}],"inLanguage":"pt-BR"},{"@type":"Organization","@id":"https:\/\/jornaltimoneiro.com.br\/#organization","name":"Jornal Timoneiro Canoas RS","url":"https:\/\/jornaltimoneiro.com.br\/","logo":{"@type":"ImageObject","inLanguage":"pt-BR","@id":"https:\/\/jornaltimoneiro.com.br\/#\/schema\/logo\/image\/","url":"https:\/\/jornaltimoneiro.com.br\/wp-content\/uploads\/2023\/03\/logonovo.png","contentUrl":"https:\/\/jornaltimoneiro.com.br\/wp-content\/uploads\/2023\/03\/logonovo.png","width":"469","height":"171","caption":"Jornal Timoneiro Canoas RS"},"image":{"@id":"https:\/\/jornaltimoneiro.com.br\/#\/schema\/logo\/image\/"},"sameAs":["https:\/\/www.facebook.com\/jornaltimoneiro","https:\/\/twitter.com\/_OTimoneiro","https:\/\/www.instagram.com\/jornaltimoneirocanoas\/","https:\/\/www.youtube.com\/@jornalotimoneiro7927"]},{"@type":"Person","@id":"https:\/\/jornaltimoneiro.com.br\/#\/schema\/person\/620efd1d8244466117482be494360b08","name":"Reda\u00e7\u00e3o","image":{"@type":"ImageObject","inLanguage":"pt-BR","@id":"https:\/\/jornaltimoneiro.com.br\/#\/schema\/person\/image\/","url":"https:\/\/secure.gravatar.com\/avatar\/2f04e1b304682a8d9db336c7acd77f08?s=96&d=mm&r=g","contentUrl":"https:\/\/secure.gravatar.com\/avatar\/2f04e1b304682a8d9db336c7acd77f08?s=96&d=mm&r=g","caption":"Reda\u00e7\u00e3o"},"url":"https:\/\/jornaltimoneiro.com.br\/index.php\/author\/timoneirocanoas\/"}]}},"_links":{"self":[{"href":"https:\/\/jornaltimoneiro.com.br\/index.php\/wp-json\/wp\/v2\/posts\/9993"}],"collection":[{"href":"https:\/\/jornaltimoneiro.com.br\/index.php\/wp-json\/wp\/v2\/posts"}],"about":[{"href":"https:\/\/jornaltimoneiro.com.br\/index.php\/wp-json\/wp\/v2\/types\/post"}],"author":[{"embeddable":true,"href":"https:\/\/jornaltimoneiro.com.br\/index.php\/wp-json\/wp\/v2\/users\/1"}],"replies":[{"embeddable":true,"href":"https:\/\/jornaltimoneiro.com.br\/index.php\/wp-json\/wp\/v2\/comments?post=9993"}],"version-history":[{"count":0,"href":"https:\/\/jornaltimoneiro.com.br\/index.php\/wp-json\/wp\/v2\/posts\/9993\/revisions"}],"wp:featuredmedia":[{"embeddable":true,"href":"https:\/\/jornaltimoneiro.com.br\/index.php\/wp-json\/"}],"wp:attachment":[{"href":"https:\/\/jornaltimoneiro.com.br\/index.php\/wp-json\/wp\/v2\/media?parent=9993"}],"wp:term":[{"taxonomy":"category","embeddable":true,"href":"https:\/\/jornaltimoneiro.com.br\/index.php\/wp-json\/wp\/v2\/categories?post=9993"},{"taxonomy":"post_tag","embeddable":true,"href":"https:\/\/jornaltimoneiro.com.br\/index.php\/wp-json\/wp\/v2\/tags?post=9993"}],"curies":[{"name":"wp","href":"https:\/\/api.w.org\/{rel}","templated":true}]}}