{"id":9988,"date":"2018-02-08T15:05:57","date_gmt":"2018-02-08T17:05:57","guid":{"rendered":"http:\/\/otimoneiro.com.br\/?p=9988"},"modified":"2018-02-08T15:05:57","modified_gmt":"2018-02-08T17:05:57","slug":"orgaos-publicos-tem-funcionamento-alterado-no-carnaval","status":"publish","type":"post","link":"https:\/\/jornaltimoneiro.com.br\/index.php\/2018\/02\/08\/orgaos-publicos-tem-funcionamento-alterado-no-carnaval\/","title":{"rendered":"\u00d3rg\u00e3os p\u00fablicos t\u00eam funcionamento alterado no Carnaval"},"content":{"rendered":"<p><img decoding=\"async\" class=\"aligncenter size-full wp-image-9991\" src=\"http:\/\/otimoneiro.com.br\/wp-content\/uploads\/2018\/02\/carnaval-2.jpg\" alt=\"\" width=\"800\" height=\"449\" \/><\/p>\n<p>O Carnaval vai alterar o funcionamento dos \u00f3rg\u00e3os p\u00fablicos municipais nos pr\u00f3ximos dias. Confira quais servi\u00e7os funcionar\u00e3o no per\u00edodo:<\/p>\n<p><u>Sa\u00fade<\/u><\/p>\n<p>&#8211; Samu:\u00a0atendimento 24 horas.<\/p>\n<p>&#8211; Hospital de Pronto Socorro (HPS):\u00a0atende todos os dias, urg\u00eancias, emerg\u00eancias e traumas (adulto e pedi\u00e1trico) 24 horas (Rua Ca\u00e7apava, 100, bairro Mathias Velho). Expediente normal.<\/p>\n<p>&#8211; Hospital Nossa Senhora das Gra\u00e7as:\u00a0estar\u00e1 aberto normalmente, atendendo urg\u00eancias e emerg\u00eancias 24 horas (Rua Santos Ferreira, 1.864, bairro Nossa Senhora das Gra\u00e7as). Expediente normal.<\/p>\n<p>&#8211; Hospital Universit\u00e1rio (HU):\u00a0estar\u00e1 aberto normalmente, atendendo urg\u00eancias obst\u00e9tricas (gestantes) e ginecol\u00f3gicas, 24 horas (Avenida Farroupilha, 8.001, bairro S\u00e3o Jos\u00e9). Expediente normal.<\/p>\n<p>&#8211; UNIDADES B\u00c1SICAS DE SA\u00daDE (UBS):\u00a0estar\u00e3o fechadas na segunda, 12, e ter\u00e7a-feira, 13. Na quarta-feira, estar\u00e3o abertas das 13 \u00e0s 18 horas.<\/p>\n<p>&#8211; Teleagendamento:\u00a0n\u00e3o funciona na segunda, 12, nem ter\u00e7a-feira, 13, e quarta-feira funciona \u00e0 tarde, conforme funcionamento das UBS.<\/p>\n<p>UNIDADES DE PRONTO ATENDIMENTO (UPAs):<\/p>\n<p>&#8211; UPA Hugo Sim\u00f5es Lagranha\/24h (Rua Cairu, 600, bairro Rio Branco): funcionar\u00e1 normalmente, 24 horas. Expediente normal.<\/p>\n<p>&#8211; UPA Carlos Giacomazzi \/ 24h (Avenida Boqueir\u00e3o, 2.900, Bairro Guajuviras) funcionar\u00e1 normalmente, 24 horas. Expediente normal.<\/p>\n<p>&#8211; UPA 16 Horas Noroeste (Rua Ca\u00e7apava, 201, bairro Mathias Velho) estar\u00e1 fechada na segunda, 12, mas estar\u00e1 aberta na ter\u00e7a-feira, 13.<\/p>\n<p>&#8211; UPA 16 Horas Sudeste (Rua 1\u00b0 de Maio, 534, bairro Niter\u00f3i) n\u00e3o funciona na\u00a0segunda, 12, e ter\u00e7a-feira, 13.<\/p>\n<p>&#8211; UPA do idoso (Rua Jos\u00e9 de Alencar, 381, bairro Rio Branco)\u00a0n\u00e3o funciona segunda, 12, e ter\u00e7a-feira, 13.<\/p>\n<p><u>EDUCA\u00c7\u00c3O<\/u><\/p>\n<p>Escolas Municipais de Ensino Fundamental (EMEFs)\u00a0est\u00e3o\u00a0em f\u00e9rias at\u00e9 o dia 21. J\u00e1 as Escolas de Educa\u00e7\u00e3o Infantil (EMEIs), que retomaram as atividades no dia 8, n\u00e3o t\u00eam aula nos dias 12 e 13. As aulas retornam no dia 14, quarta-feira, \u00e0 tarde.<\/p>\n<p><u>CEMIT\u00c9RIOS<\/u><\/p>\n<p>Os cemit\u00e9rios municipais estar\u00e3o abertos para visitas das 8 \u00e0s 12 horas e das 13 \u00e0s 17 horas, de s\u00e1bado a ter\u00e7a. Para sepultamentos, o funcionamento ser\u00e1 das 8h30 \u00e0s 11 horas e das 13h30 \u00e0s 16h30. J\u00e1 o setor administrativo, no caso de pagamento de jazigos e outras pend\u00eancias, n\u00e3o abrir\u00e1 durante todo o feriad\u00e3o e na quarta-feira at\u00e9 meio-dia.<\/p>\n<p><u>COLETA DE LIXO<\/u><\/p>\n<p>A coleta de lixo domiciliar e conteinerizada ser\u00e1 normal durante o feriad\u00e3o. Na segunda, 12, e ter\u00e7a-feira, 13, a Secretaria de Servi\u00e7os Urbanos ficar\u00e1 de sobreaviso para casos de emerg\u00eancia.<\/p>\n<p><u>TR\u00c2NSITO<\/u><\/p>\n<p>Fiscaliza\u00e7\u00e3o: plant\u00e3o 24h pelo telefone (51) 3425-7629 ou 156.<\/p>\n<p><u>TRANSPORTE<\/u><\/p>\n<p>Na segunda-feira, 12, o transporte p\u00fablico convencional (\u00f4nibus) seguir\u00e1 a tabela de hor\u00e1rios de s\u00e1bado. Na ter\u00e7a-feira, 13, segue a tabela de domingo.<\/p>\n<p>DEFESA CIVIL<\/p>\n<p>Regime de plant\u00e3o pelos telefones (51) 9-936-895-16 \/ 9-923-789-22 \/ 9-932-257-64.<\/p>\n<p><u>\u00a0<\/u><u>CULTURA<\/u><\/p>\n<p>Pra\u00e7a CEU\u00a0&#8211; Nos dias 10, 11, 12 e 13 n\u00e3o haver\u00e1 atendimento, apenas utiliza\u00e7\u00e3o do espa\u00e7o externo das 13 \u00e0s 20 horas. Na quarta-feira, \u00e0s 13 horas, os servi\u00e7os de atendimento ser\u00e3o restabelecidos.<\/p>\n<p>Hangar Cultural\u00a0&#8211; N\u00e3o haver\u00e1 atividades entre s\u00e1bado e ter\u00e7a-feira. Reabre na quarta, 14, \u00e0s 13 horas.<\/p>\n<p>Pra\u00e7a da Juventude\u00a0&#8211; N\u00e3o haver\u00e1 atendimento entre os dias 10 e 13, apenas utiliza\u00e7\u00e3o do espa\u00e7o externo das 13 \u00e0s 19 horas. Na quarta-feira, \u00e0s 13 horas, os servi\u00e7os de atendimento voltam ao normal.<\/p>\n<p>Biblioteca P\u00fablica\u00a0&#8211; N\u00e3o haver\u00e1 expediente entre os dias 10 e 13. Reabre na quarta-feira, \u00e0s 13 horas.<\/p>\n<p>Villa Mimosa\u00a0&#8211; Abre s\u00e1bado, 10, e domingo, 11, das 14 \u00e0s 18 horas. Na segunda, 12, e na ter\u00e7a-feira, 13, ficar\u00e1 fechada, retomando o atendimento na quarta-feira, 14, \u00e0s 14 horas.<\/p>\n<p>Casa dos Rosa\u00a0&#8211; N\u00e3o haver\u00e1 expediente entre os dias 10 e 13. As atividades retornam na quarta-feira, 14, \u00e0s 13 horas.<\/p>\n<p>Antiga Esta\u00e7\u00e3o\u00a0&#8211; Sem expediente durante o per\u00edodo.<\/p>\n<p>&nbsp;<\/p>\n","protected":false},"excerpt":{"rendered":"<p>O Carnaval vai alterar o funcionamento dos \u00f3rg\u00e3os p\u00fablicos municipais nos pr\u00f3ximos dias. Confira quais servi\u00e7os funcionar\u00e3o no per\u00edodo: Sa\u00fade &#8211; Samu:\u00a0atendimento 24 horas. &#8211; Hospital de Pronto Socorro (HPS):\u00a0atende todos os dias, urg\u00eancias, emerg\u00eancias e traumas (adulto e pedi\u00e1trico) 24 horas (Rua Ca\u00e7apava, 100, bairro Mathias Velho). Expediente normal. &#8211; Hospital Nossa Senhora das [&hellip;]<\/p>\n","protected":false},"author":1,"featured_media":9991,"comment_status":"closed","ping_status":"open","sticky":false,"template":"","format":"standard","meta":{"amp_status":"","footnotes":""},"categories":[19],"tags":[],"class_list":["post-9988","post","type-post","status-publish","format-standard","has-post-thumbnail","hentry","category-destaques"],"yoast_head":"<!-- This site is optimized with the Yoast SEO plugin v20.5 - https:\/\/yoast.com\/wordpress\/plugins\/seo\/ -->\n<title>\u00d3rg\u00e3os p\u00fablicos t\u00eam funcionamento alterado no Carnaval - O Timoneiro Jornal Canoas RS<\/title>\n<meta name=\"robots\" content=\"index, follow, max-snippet:-1, max-image-preview:large, max-video-preview:-1\" \/>\n<link rel=\"canonical\" href=\"https:\/\/jornaltimoneiro.com.br\/index.php\/2018\/02\/08\/orgaos-publicos-tem-funcionamento-alterado-no-carnaval\/\" \/>\n<meta property=\"og:locale\" content=\"pt_BR\" \/>\n<meta property=\"og:type\" content=\"article\" \/>\n<meta property=\"og:title\" content=\"\u00d3rg\u00e3os p\u00fablicos t\u00eam funcionamento alterado no Carnaval - O Timoneiro Jornal Canoas RS\" \/>\n<meta property=\"og:description\" content=\"O Carnaval vai alterar o funcionamento dos \u00f3rg\u00e3os p\u00fablicos municipais nos pr\u00f3ximos dias. Confira quais servi\u00e7os funcionar\u00e3o no per\u00edodo: Sa\u00fade &#8211; Samu:\u00a0atendimento 24 horas. &#8211; Hospital de Pronto Socorro (HPS):\u00a0atende todos os dias, urg\u00eancias, emerg\u00eancias e traumas (adulto e pedi\u00e1trico) 24 horas (Rua Ca\u00e7apava, 100, bairro Mathias Velho). Expediente normal. &#8211; Hospital Nossa Senhora das [&hellip;]\" \/>\n<meta property=\"og:url\" content=\"https:\/\/jornaltimoneiro.com.br\/index.php\/2018\/02\/08\/orgaos-publicos-tem-funcionamento-alterado-no-carnaval\/\" \/>\n<meta property=\"og:site_name\" content=\"O Timoneiro Jornal Canoas RS\" \/>\n<meta property=\"article:publisher\" content=\"https:\/\/www.facebook.com\/jornaltimoneiro\" \/>\n<meta property=\"article:published_time\" content=\"2018-02-08T17:05:57+00:00\" \/>\n<meta name=\"author\" content=\"Reda\u00e7\u00e3o\" \/>\n<meta name=\"twitter:card\" content=\"summary_large_image\" \/>\n<meta name=\"twitter:creator\" content=\"@_OTimoneiro\" \/>\n<meta name=\"twitter:site\" content=\"@_OTimoneiro\" \/>\n<meta name=\"twitter:label1\" content=\"Escrito por\" \/>\n\t<meta name=\"twitter:data1\" content=\"Reda\u00e7\u00e3o\" \/>\n\t<meta name=\"twitter:label2\" content=\"Est. tempo de leitura\" \/>\n\t<meta name=\"twitter:data2\" content=\"3 minutos\" \/>\n<script type=\"application\/ld+json\" class=\"yoast-schema-graph\">{\"@context\":\"https:\/\/schema.org\",\"@graph\":[{\"@type\":\"Article\",\"@id\":\"https:\/\/jornaltimoneiro.com.br\/index.php\/2018\/02\/08\/orgaos-publicos-tem-funcionamento-alterado-no-carnaval\/#article\",\"isPartOf\":{\"@id\":\"https:\/\/jornaltimoneiro.com.br\/index.php\/2018\/02\/08\/orgaos-publicos-tem-funcionamento-alterado-no-carnaval\/\"},\"author\":{\"name\":\"Reda\u00e7\u00e3o\",\"@id\":\"https:\/\/jornaltimoneiro.com.br\/#\/schema\/person\/620efd1d8244466117482be494360b08\"},\"headline\":\"\u00d3rg\u00e3os p\u00fablicos t\u00eam funcionamento alterado no Carnaval\",\"datePublished\":\"2018-02-08T17:05:57+00:00\",\"dateModified\":\"2018-02-08T17:05:57+00:00\",\"mainEntityOfPage\":{\"@id\":\"https:\/\/jornaltimoneiro.com.br\/index.php\/2018\/02\/08\/orgaos-publicos-tem-funcionamento-alterado-no-carnaval\/\"},\"wordCount\":618,\"publisher\":{\"@id\":\"https:\/\/jornaltimoneiro.com.br\/#organization\"},\"articleSection\":[\"Destaques\"],\"inLanguage\":\"pt-BR\"},{\"@type\":\"WebPage\",\"@id\":\"https:\/\/jornaltimoneiro.com.br\/index.php\/2018\/02\/08\/orgaos-publicos-tem-funcionamento-alterado-no-carnaval\/\",\"url\":\"https:\/\/jornaltimoneiro.com.br\/index.php\/2018\/02\/08\/orgaos-publicos-tem-funcionamento-alterado-no-carnaval\/\",\"name\":\"\u00d3rg\u00e3os p\u00fablicos t\u00eam funcionamento alterado no Carnaval - O Timoneiro Jornal Canoas RS\",\"isPartOf\":{\"@id\":\"https:\/\/jornaltimoneiro.com.br\/#website\"},\"datePublished\":\"2018-02-08T17:05:57+00:00\",\"dateModified\":\"2018-02-08T17:05:57+00:00\",\"breadcrumb\":{\"@id\":\"https:\/\/jornaltimoneiro.com.br\/index.php\/2018\/02\/08\/orgaos-publicos-tem-funcionamento-alterado-no-carnaval\/#breadcrumb\"},\"inLanguage\":\"pt-BR\",\"potentialAction\":[{\"@type\":\"ReadAction\",\"target\":[\"https:\/\/jornaltimoneiro.com.br\/index.php\/2018\/02\/08\/orgaos-publicos-tem-funcionamento-alterado-no-carnaval\/\"]}]},{\"@type\":\"BreadcrumbList\",\"@id\":\"https:\/\/jornaltimoneiro.com.br\/index.php\/2018\/02\/08\/orgaos-publicos-tem-funcionamento-alterado-no-carnaval\/#breadcrumb\",\"itemListElement\":[{\"@type\":\"ListItem\",\"position\":1,\"name\":\"In\u00edcio\",\"item\":\"https:\/\/jornaltimoneiro.com.br\/\"},{\"@type\":\"ListItem\",\"position\":2,\"name\":\"\u00d3rg\u00e3os p\u00fablicos t\u00eam funcionamento alterado no Carnaval\"}]},{\"@type\":\"WebSite\",\"@id\":\"https:\/\/jornaltimoneiro.com.br\/#website\",\"url\":\"https:\/\/jornaltimoneiro.com.br\/\",\"name\":\"Jornal Timoneiro Canoas RS\",\"description\":\"Jornal O Timoneiro, o verdadeiro jornal de Canoas\",\"publisher\":{\"@id\":\"https:\/\/jornaltimoneiro.com.br\/#organization\"},\"potentialAction\":[{\"@type\":\"SearchAction\",\"target\":{\"@type\":\"EntryPoint\",\"urlTemplate\":\"https:\/\/jornaltimoneiro.com.br\/?s={search_term_string}\"},\"query-input\":\"required name=search_term_string\"}],\"inLanguage\":\"pt-BR\"},{\"@type\":\"Organization\",\"@id\":\"https:\/\/jornaltimoneiro.com.br\/#organization\",\"name\":\"Jornal Timoneiro Canoas RS\",\"url\":\"https:\/\/jornaltimoneiro.com.br\/\",\"logo\":{\"@type\":\"ImageObject\",\"inLanguage\":\"pt-BR\",\"@id\":\"https:\/\/jornaltimoneiro.com.br\/#\/schema\/logo\/image\/\",\"url\":\"https:\/\/jornaltimoneiro.com.br\/wp-content\/uploads\/2023\/03\/logonovo.png\",\"contentUrl\":\"https:\/\/jornaltimoneiro.com.br\/wp-content\/uploads\/2023\/03\/logonovo.png\",\"width\":\"469\",\"height\":\"171\",\"caption\":\"Jornal Timoneiro Canoas RS\"},\"image\":{\"@id\":\"https:\/\/jornaltimoneiro.com.br\/#\/schema\/logo\/image\/\"},\"sameAs\":[\"https:\/\/www.facebook.com\/jornaltimoneiro\",\"https:\/\/twitter.com\/_OTimoneiro\",\"https:\/\/www.instagram.com\/jornaltimoneirocanoas\/\",\"https:\/\/www.youtube.com\/@jornalotimoneiro7927\"]},{\"@type\":\"Person\",\"@id\":\"https:\/\/jornaltimoneiro.com.br\/#\/schema\/person\/620efd1d8244466117482be494360b08\",\"name\":\"Reda\u00e7\u00e3o\",\"image\":{\"@type\":\"ImageObject\",\"inLanguage\":\"pt-BR\",\"@id\":\"https:\/\/jornaltimoneiro.com.br\/#\/schema\/person\/image\/\",\"url\":\"https:\/\/secure.gravatar.com\/avatar\/2f04e1b304682a8d9db336c7acd77f08?s=96&d=mm&r=g\",\"contentUrl\":\"https:\/\/secure.gravatar.com\/avatar\/2f04e1b304682a8d9db336c7acd77f08?s=96&d=mm&r=g\",\"caption\":\"Reda\u00e7\u00e3o\"},\"url\":\"https:\/\/jornaltimoneiro.com.br\/index.php\/author\/timoneirocanoas\/\"}]}<\/script>\n<!-- \/ Yoast SEO plugin. -->","yoast_head_json":{"title":"\u00d3rg\u00e3os p\u00fablicos t\u00eam funcionamento alterado no Carnaval - O Timoneiro Jornal Canoas RS","robots":{"index":"index","follow":"follow","max-snippet":"max-snippet:-1","max-image-preview":"max-image-preview:large","max-video-preview":"max-video-preview:-1"},"canonical":"https:\/\/jornaltimoneiro.com.br\/index.php\/2018\/02\/08\/orgaos-publicos-tem-funcionamento-alterado-no-carnaval\/","og_locale":"pt_BR","og_type":"article","og_title":"\u00d3rg\u00e3os p\u00fablicos t\u00eam funcionamento alterado no Carnaval - O Timoneiro Jornal Canoas RS","og_description":"O Carnaval vai alterar o funcionamento dos \u00f3rg\u00e3os p\u00fablicos municipais nos pr\u00f3ximos dias. Confira quais servi\u00e7os funcionar\u00e3o no per\u00edodo: Sa\u00fade &#8211; Samu:\u00a0atendimento 24 horas. &#8211; Hospital de Pronto Socorro (HPS):\u00a0atende todos os dias, urg\u00eancias, emerg\u00eancias e traumas (adulto e pedi\u00e1trico) 24 horas (Rua Ca\u00e7apava, 100, bairro Mathias Velho). Expediente normal. &#8211; Hospital Nossa Senhora das [&hellip;]","og_url":"https:\/\/jornaltimoneiro.com.br\/index.php\/2018\/02\/08\/orgaos-publicos-tem-funcionamento-alterado-no-carnaval\/","og_site_name":"O Timoneiro Jornal Canoas RS","article_publisher":"https:\/\/www.facebook.com\/jornaltimoneiro","article_published_time":"2018-02-08T17:05:57+00:00","author":"Reda\u00e7\u00e3o","twitter_card":"summary_large_image","twitter_creator":"@_OTimoneiro","twitter_site":"@_OTimoneiro","twitter_misc":{"Escrito por":"Reda\u00e7\u00e3o","Est. tempo de leitura":"3 minutos"},"schema":{"@context":"https:\/\/schema.org","@graph":[{"@type":"Article","@id":"https:\/\/jornaltimoneiro.com.br\/index.php\/2018\/02\/08\/orgaos-publicos-tem-funcionamento-alterado-no-carnaval\/#article","isPartOf":{"@id":"https:\/\/jornaltimoneiro.com.br\/index.php\/2018\/02\/08\/orgaos-publicos-tem-funcionamento-alterado-no-carnaval\/"},"author":{"name":"Reda\u00e7\u00e3o","@id":"https:\/\/jornaltimoneiro.com.br\/#\/schema\/person\/620efd1d8244466117482be494360b08"},"headline":"\u00d3rg\u00e3os p\u00fablicos t\u00eam funcionamento alterado no Carnaval","datePublished":"2018-02-08T17:05:57+00:00","dateModified":"2018-02-08T17:05:57+00:00","mainEntityOfPage":{"@id":"https:\/\/jornaltimoneiro.com.br\/index.php\/2018\/02\/08\/orgaos-publicos-tem-funcionamento-alterado-no-carnaval\/"},"wordCount":618,"publisher":{"@id":"https:\/\/jornaltimoneiro.com.br\/#organization"},"articleSection":["Destaques"],"inLanguage":"pt-BR"},{"@type":"WebPage","@id":"https:\/\/jornaltimoneiro.com.br\/index.php\/2018\/02\/08\/orgaos-publicos-tem-funcionamento-alterado-no-carnaval\/","url":"https:\/\/jornaltimoneiro.com.br\/index.php\/2018\/02\/08\/orgaos-publicos-tem-funcionamento-alterado-no-carnaval\/","name":"\u00d3rg\u00e3os p\u00fablicos t\u00eam funcionamento alterado no Carnaval - O Timoneiro Jornal Canoas RS","isPartOf":{"@id":"https:\/\/jornaltimoneiro.com.br\/#website"},"datePublished":"2018-02-08T17:05:57+00:00","dateModified":"2018-02-08T17:05:57+00:00","breadcrumb":{"@id":"https:\/\/jornaltimoneiro.com.br\/index.php\/2018\/02\/08\/orgaos-publicos-tem-funcionamento-alterado-no-carnaval\/#breadcrumb"},"inLanguage":"pt-BR","potentialAction":[{"@type":"ReadAction","target":["https:\/\/jornaltimoneiro.com.br\/index.php\/2018\/02\/08\/orgaos-publicos-tem-funcionamento-alterado-no-carnaval\/"]}]},{"@type":"BreadcrumbList","@id":"https:\/\/jornaltimoneiro.com.br\/index.php\/2018\/02\/08\/orgaos-publicos-tem-funcionamento-alterado-no-carnaval\/#breadcrumb","itemListElement":[{"@type":"ListItem","position":1,"name":"In\u00edcio","item":"https:\/\/jornaltimoneiro.com.br\/"},{"@type":"ListItem","position":2,"name":"\u00d3rg\u00e3os p\u00fablicos t\u00eam funcionamento alterado no Carnaval"}]},{"@type":"WebSite","@id":"https:\/\/jornaltimoneiro.com.br\/#website","url":"https:\/\/jornaltimoneiro.com.br\/","name":"Jornal Timoneiro Canoas RS","description":"Jornal O Timoneiro, o verdadeiro jornal de Canoas","publisher":{"@id":"https:\/\/jornaltimoneiro.com.br\/#organization"},"potentialAction":[{"@type":"SearchAction","target":{"@type":"EntryPoint","urlTemplate":"https:\/\/jornaltimoneiro.com.br\/?s={search_term_string}"},"query-input":"required name=search_term_string"}],"inLanguage":"pt-BR"},{"@type":"Organization","@id":"https:\/\/jornaltimoneiro.com.br\/#organization","name":"Jornal Timoneiro Canoas RS","url":"https:\/\/jornaltimoneiro.com.br\/","logo":{"@type":"ImageObject","inLanguage":"pt-BR","@id":"https:\/\/jornaltimoneiro.com.br\/#\/schema\/logo\/image\/","url":"https:\/\/jornaltimoneiro.com.br\/wp-content\/uploads\/2023\/03\/logonovo.png","contentUrl":"https:\/\/jornaltimoneiro.com.br\/wp-content\/uploads\/2023\/03\/logonovo.png","width":"469","height":"171","caption":"Jornal Timoneiro Canoas RS"},"image":{"@id":"https:\/\/jornaltimoneiro.com.br\/#\/schema\/logo\/image\/"},"sameAs":["https:\/\/www.facebook.com\/jornaltimoneiro","https:\/\/twitter.com\/_OTimoneiro","https:\/\/www.instagram.com\/jornaltimoneirocanoas\/","https:\/\/www.youtube.com\/@jornalotimoneiro7927"]},{"@type":"Person","@id":"https:\/\/jornaltimoneiro.com.br\/#\/schema\/person\/620efd1d8244466117482be494360b08","name":"Reda\u00e7\u00e3o","image":{"@type":"ImageObject","inLanguage":"pt-BR","@id":"https:\/\/jornaltimoneiro.com.br\/#\/schema\/person\/image\/","url":"https:\/\/secure.gravatar.com\/avatar\/2f04e1b304682a8d9db336c7acd77f08?s=96&d=mm&r=g","contentUrl":"https:\/\/secure.gravatar.com\/avatar\/2f04e1b304682a8d9db336c7acd77f08?s=96&d=mm&r=g","caption":"Reda\u00e7\u00e3o"},"url":"https:\/\/jornaltimoneiro.com.br\/index.php\/author\/timoneirocanoas\/"}]}},"_links":{"self":[{"href":"https:\/\/jornaltimoneiro.com.br\/index.php\/wp-json\/wp\/v2\/posts\/9988"}],"collection":[{"href":"https:\/\/jornaltimoneiro.com.br\/index.php\/wp-json\/wp\/v2\/posts"}],"about":[{"href":"https:\/\/jornaltimoneiro.com.br\/index.php\/wp-json\/wp\/v2\/types\/post"}],"author":[{"embeddable":true,"href":"https:\/\/jornaltimoneiro.com.br\/index.php\/wp-json\/wp\/v2\/users\/1"}],"replies":[{"embeddable":true,"href":"https:\/\/jornaltimoneiro.com.br\/index.php\/wp-json\/wp\/v2\/comments?post=9988"}],"version-history":[{"count":0,"href":"https:\/\/jornaltimoneiro.com.br\/index.php\/wp-json\/wp\/v2\/posts\/9988\/revisions"}],"wp:featuredmedia":[{"embeddable":true,"href":"https:\/\/jornaltimoneiro.com.br\/index.php\/wp-json\/"}],"wp:attachment":[{"href":"https:\/\/jornaltimoneiro.com.br\/index.php\/wp-json\/wp\/v2\/media?parent=9988"}],"wp:term":[{"taxonomy":"category","embeddable":true,"href":"https:\/\/jornaltimoneiro.com.br\/index.php\/wp-json\/wp\/v2\/categories?post=9988"},{"taxonomy":"post_tag","embeddable":true,"href":"https:\/\/jornaltimoneiro.com.br\/index.php\/wp-json\/wp\/v2\/tags?post=9988"}],"curies":[{"name":"wp","href":"https:\/\/api.w.org\/{rel}","templated":true}]}}