{"id":9984,"date":"2018-02-07T23:21:08","date_gmt":"2018-02-08T01:21:08","guid":{"rendered":"http:\/\/otimoneiro.com.br\/?p=9984"},"modified":"2018-02-07T23:21:08","modified_gmt":"2018-02-08T01:21:08","slug":"morre-jose-fontes-um-dos-pioneiros-da-cultura-e-da-imprensa-canoense","status":"publish","type":"post","link":"https:\/\/jornaltimoneiro.com.br\/index.php\/2018\/02\/07\/morre-jose-fontes-um-dos-pioneiros-da-cultura-e-da-imprensa-canoense\/","title":{"rendered":"Morre Jos\u00e9 Fontes, um dos pioneiros da cultura e da imprensa canoense"},"content":{"rendered":"<p><span style=\"font-size: medium;\"><span style=\"color: #333333;\"><span style=\"font-family: SegoeUIRegular;\"><img decoding=\"async\" class=\"aligncenter size-full wp-image-9985\" src=\"http:\/\/otimoneiro.com.br\/wp-content\/uploads\/2018\/02\/13686703_10205445848586141_3282865665045772758_n.jpg\" alt=\"\" width=\"800\" height=\"502\" \/><\/span><\/span><\/span><\/p>\n<p>Morreu, na \u00faltima quarta-feira, 7, Jos\u00e9 Fontes. Importante figura canoense, Jos\u00e9 era respeitado na cidade por suas contribui\u00e7\u00f5es em diversas \u00e1reas, atuando com destaque na imprensa e na cultura local. O vel\u00f3rio ocorre na Capela 6 do Cemit\u00e9rio S\u00e3o Vicente e o sepultamento ser\u00e1 as 11 horas, no mesmo local.<\/p>\n<p>Em sua carreira, Jos\u00e9 Fontes editou, em 1956, o Boletim Informativo, e logo mais, em 1958, lan\u00e7ou o Gazeta de Not\u00edcias. Tamb\u00e9m editou o Fato Ilustrado, Revista Interclubes, Jornal de Canoas, entre outros. Atuou como co-editor do Jornal da Cidade, junto ao seu filho, Julio Fontes, e foi colunista do jornal Timoneiro.<\/p>\n","protected":false},"excerpt":{"rendered":"<p>Morreu, na \u00faltima quarta-feira, 7, Jos\u00e9 Fontes. Importante figura canoense, Jos\u00e9 era respeitado na cidade por suas contribui\u00e7\u00f5es em diversas \u00e1reas, atuando com destaque na imprensa e na cultura local. O vel\u00f3rio ocorre na Capela 6 do Cemit\u00e9rio S\u00e3o Vicente e o sepultamento ser\u00e1 as 11 horas, no mesmo local. Em sua carreira, Jos\u00e9 Fontes [&hellip;]<\/p>\n","protected":false},"author":1,"featured_media":9985,"comment_status":"closed","ping_status":"open","sticky":false,"template":"","format":"standard","meta":{"amp_status":"","footnotes":""},"categories":[19],"tags":[],"class_list":["post-9984","post","type-post","status-publish","format-standard","has-post-thumbnail","hentry","category-destaques"],"yoast_head":"<!-- This site is optimized with the Yoast SEO plugin v20.5 - https:\/\/yoast.com\/wordpress\/plugins\/seo\/ -->\n<title>Morre Jos\u00e9 Fontes, um dos pioneiros da cultura e da imprensa canoense - O Timoneiro Jornal Canoas RS<\/title>\n<meta name=\"robots\" content=\"index, follow, max-snippet:-1, max-image-preview:large, max-video-preview:-1\" \/>\n<link rel=\"canonical\" href=\"https:\/\/jornaltimoneiro.com.br\/index.php\/2018\/02\/07\/morre-jose-fontes-um-dos-pioneiros-da-cultura-e-da-imprensa-canoense\/\" \/>\n<meta property=\"og:locale\" content=\"pt_BR\" \/>\n<meta property=\"og:type\" content=\"article\" \/>\n<meta property=\"og:title\" content=\"Morre Jos\u00e9 Fontes, um dos pioneiros da cultura e da imprensa canoense - O Timoneiro Jornal Canoas RS\" \/>\n<meta property=\"og:description\" content=\"Morreu, na \u00faltima quarta-feira, 7, Jos\u00e9 Fontes. Importante figura canoense, Jos\u00e9 era respeitado na cidade por suas contribui\u00e7\u00f5es em diversas \u00e1reas, atuando com destaque na imprensa e na cultura local. O vel\u00f3rio ocorre na Capela 6 do Cemit\u00e9rio S\u00e3o Vicente e o sepultamento ser\u00e1 as 11 horas, no mesmo local. Em sua carreira, Jos\u00e9 Fontes [&hellip;]\" \/>\n<meta property=\"og:url\" content=\"https:\/\/jornaltimoneiro.com.br\/index.php\/2018\/02\/07\/morre-jose-fontes-um-dos-pioneiros-da-cultura-e-da-imprensa-canoense\/\" \/>\n<meta property=\"og:site_name\" content=\"O Timoneiro Jornal Canoas RS\" \/>\n<meta property=\"article:publisher\" content=\"https:\/\/www.facebook.com\/jornaltimoneiro\" \/>\n<meta property=\"article:published_time\" content=\"2018-02-08T01:21:08+00:00\" \/>\n<meta name=\"author\" content=\"Reda\u00e7\u00e3o\" \/>\n<meta name=\"twitter:card\" content=\"summary_large_image\" \/>\n<meta name=\"twitter:creator\" content=\"@_OTimoneiro\" \/>\n<meta name=\"twitter:site\" content=\"@_OTimoneiro\" \/>\n<meta name=\"twitter:label1\" content=\"Escrito por\" \/>\n\t<meta name=\"twitter:data1\" content=\"Reda\u00e7\u00e3o\" \/>\n\t<meta name=\"twitter:label2\" content=\"Est. tempo de leitura\" \/>\n\t<meta name=\"twitter:data2\" content=\"1 minuto\" \/>\n<script type=\"application\/ld+json\" class=\"yoast-schema-graph\">{\"@context\":\"https:\/\/schema.org\",\"@graph\":[{\"@type\":\"Article\",\"@id\":\"https:\/\/jornaltimoneiro.com.br\/index.php\/2018\/02\/07\/morre-jose-fontes-um-dos-pioneiros-da-cultura-e-da-imprensa-canoense\/#article\",\"isPartOf\":{\"@id\":\"https:\/\/jornaltimoneiro.com.br\/index.php\/2018\/02\/07\/morre-jose-fontes-um-dos-pioneiros-da-cultura-e-da-imprensa-canoense\/\"},\"author\":{\"name\":\"Reda\u00e7\u00e3o\",\"@id\":\"https:\/\/jornaltimoneiro.com.br\/#\/schema\/person\/620efd1d8244466117482be494360b08\"},\"headline\":\"Morre Jos\u00e9 Fontes, um dos pioneiros da cultura e da imprensa canoense\",\"datePublished\":\"2018-02-08T01:21:08+00:00\",\"dateModified\":\"2018-02-08T01:21:08+00:00\",\"mainEntityOfPage\":{\"@id\":\"https:\/\/jornaltimoneiro.com.br\/index.php\/2018\/02\/07\/morre-jose-fontes-um-dos-pioneiros-da-cultura-e-da-imprensa-canoense\/\"},\"wordCount\":116,\"publisher\":{\"@id\":\"https:\/\/jornaltimoneiro.com.br\/#organization\"},\"articleSection\":[\"Destaques\"],\"inLanguage\":\"pt-BR\"},{\"@type\":\"WebPage\",\"@id\":\"https:\/\/jornaltimoneiro.com.br\/index.php\/2018\/02\/07\/morre-jose-fontes-um-dos-pioneiros-da-cultura-e-da-imprensa-canoense\/\",\"url\":\"https:\/\/jornaltimoneiro.com.br\/index.php\/2018\/02\/07\/morre-jose-fontes-um-dos-pioneiros-da-cultura-e-da-imprensa-canoense\/\",\"name\":\"Morre Jos\u00e9 Fontes, um dos pioneiros da cultura e da imprensa canoense - O Timoneiro Jornal Canoas RS\",\"isPartOf\":{\"@id\":\"https:\/\/jornaltimoneiro.com.br\/#website\"},\"datePublished\":\"2018-02-08T01:21:08+00:00\",\"dateModified\":\"2018-02-08T01:21:08+00:00\",\"breadcrumb\":{\"@id\":\"https:\/\/jornaltimoneiro.com.br\/index.php\/2018\/02\/07\/morre-jose-fontes-um-dos-pioneiros-da-cultura-e-da-imprensa-canoense\/#breadcrumb\"},\"inLanguage\":\"pt-BR\",\"potentialAction\":[{\"@type\":\"ReadAction\",\"target\":[\"https:\/\/jornaltimoneiro.com.br\/index.php\/2018\/02\/07\/morre-jose-fontes-um-dos-pioneiros-da-cultura-e-da-imprensa-canoense\/\"]}]},{\"@type\":\"BreadcrumbList\",\"@id\":\"https:\/\/jornaltimoneiro.com.br\/index.php\/2018\/02\/07\/morre-jose-fontes-um-dos-pioneiros-da-cultura-e-da-imprensa-canoense\/#breadcrumb\",\"itemListElement\":[{\"@type\":\"ListItem\",\"position\":1,\"name\":\"In\u00edcio\",\"item\":\"https:\/\/jornaltimoneiro.com.br\/\"},{\"@type\":\"ListItem\",\"position\":2,\"name\":\"Morre Jos\u00e9 Fontes, um dos pioneiros da cultura e da imprensa canoense\"}]},{\"@type\":\"WebSite\",\"@id\":\"https:\/\/jornaltimoneiro.com.br\/#website\",\"url\":\"https:\/\/jornaltimoneiro.com.br\/\",\"name\":\"Jornal Timoneiro Canoas RS\",\"description\":\"Jornal O Timoneiro, o verdadeiro jornal de Canoas\",\"publisher\":{\"@id\":\"https:\/\/jornaltimoneiro.com.br\/#organization\"},\"potentialAction\":[{\"@type\":\"SearchAction\",\"target\":{\"@type\":\"EntryPoint\",\"urlTemplate\":\"https:\/\/jornaltimoneiro.com.br\/?s={search_term_string}\"},\"query-input\":\"required name=search_term_string\"}],\"inLanguage\":\"pt-BR\"},{\"@type\":\"Organization\",\"@id\":\"https:\/\/jornaltimoneiro.com.br\/#organization\",\"name\":\"Jornal Timoneiro Canoas RS\",\"url\":\"https:\/\/jornaltimoneiro.com.br\/\",\"logo\":{\"@type\":\"ImageObject\",\"inLanguage\":\"pt-BR\",\"@id\":\"https:\/\/jornaltimoneiro.com.br\/#\/schema\/logo\/image\/\",\"url\":\"https:\/\/jornaltimoneiro.com.br\/wp-content\/uploads\/2023\/03\/logonovo.png\",\"contentUrl\":\"https:\/\/jornaltimoneiro.com.br\/wp-content\/uploads\/2023\/03\/logonovo.png\",\"width\":\"469\",\"height\":\"171\",\"caption\":\"Jornal Timoneiro Canoas RS\"},\"image\":{\"@id\":\"https:\/\/jornaltimoneiro.com.br\/#\/schema\/logo\/image\/\"},\"sameAs\":[\"https:\/\/www.facebook.com\/jornaltimoneiro\",\"https:\/\/twitter.com\/_OTimoneiro\",\"https:\/\/www.instagram.com\/jornaltimoneirocanoas\/\",\"https:\/\/www.youtube.com\/@jornalotimoneiro7927\"]},{\"@type\":\"Person\",\"@id\":\"https:\/\/jornaltimoneiro.com.br\/#\/schema\/person\/620efd1d8244466117482be494360b08\",\"name\":\"Reda\u00e7\u00e3o\",\"image\":{\"@type\":\"ImageObject\",\"inLanguage\":\"pt-BR\",\"@id\":\"https:\/\/jornaltimoneiro.com.br\/#\/schema\/person\/image\/\",\"url\":\"https:\/\/secure.gravatar.com\/avatar\/2f04e1b304682a8d9db336c7acd77f08?s=96&d=mm&r=g\",\"contentUrl\":\"https:\/\/secure.gravatar.com\/avatar\/2f04e1b304682a8d9db336c7acd77f08?s=96&d=mm&r=g\",\"caption\":\"Reda\u00e7\u00e3o\"},\"url\":\"https:\/\/jornaltimoneiro.com.br\/index.php\/author\/timoneirocanoas\/\"}]}<\/script>\n<!-- \/ Yoast SEO plugin. -->","yoast_head_json":{"title":"Morre Jos\u00e9 Fontes, um dos pioneiros da cultura e da imprensa canoense - O Timoneiro Jornal Canoas RS","robots":{"index":"index","follow":"follow","max-snippet":"max-snippet:-1","max-image-preview":"max-image-preview:large","max-video-preview":"max-video-preview:-1"},"canonical":"https:\/\/jornaltimoneiro.com.br\/index.php\/2018\/02\/07\/morre-jose-fontes-um-dos-pioneiros-da-cultura-e-da-imprensa-canoense\/","og_locale":"pt_BR","og_type":"article","og_title":"Morre Jos\u00e9 Fontes, um dos pioneiros da cultura e da imprensa canoense - O Timoneiro Jornal Canoas RS","og_description":"Morreu, na \u00faltima quarta-feira, 7, Jos\u00e9 Fontes. Importante figura canoense, Jos\u00e9 era respeitado na cidade por suas contribui\u00e7\u00f5es em diversas \u00e1reas, atuando com destaque na imprensa e na cultura local. O vel\u00f3rio ocorre na Capela 6 do Cemit\u00e9rio S\u00e3o Vicente e o sepultamento ser\u00e1 as 11 horas, no mesmo local. Em sua carreira, Jos\u00e9 Fontes [&hellip;]","og_url":"https:\/\/jornaltimoneiro.com.br\/index.php\/2018\/02\/07\/morre-jose-fontes-um-dos-pioneiros-da-cultura-e-da-imprensa-canoense\/","og_site_name":"O Timoneiro Jornal Canoas RS","article_publisher":"https:\/\/www.facebook.com\/jornaltimoneiro","article_published_time":"2018-02-08T01:21:08+00:00","author":"Reda\u00e7\u00e3o","twitter_card":"summary_large_image","twitter_creator":"@_OTimoneiro","twitter_site":"@_OTimoneiro","twitter_misc":{"Escrito por":"Reda\u00e7\u00e3o","Est. tempo de leitura":"1 minuto"},"schema":{"@context":"https:\/\/schema.org","@graph":[{"@type":"Article","@id":"https:\/\/jornaltimoneiro.com.br\/index.php\/2018\/02\/07\/morre-jose-fontes-um-dos-pioneiros-da-cultura-e-da-imprensa-canoense\/#article","isPartOf":{"@id":"https:\/\/jornaltimoneiro.com.br\/index.php\/2018\/02\/07\/morre-jose-fontes-um-dos-pioneiros-da-cultura-e-da-imprensa-canoense\/"},"author":{"name":"Reda\u00e7\u00e3o","@id":"https:\/\/jornaltimoneiro.com.br\/#\/schema\/person\/620efd1d8244466117482be494360b08"},"headline":"Morre Jos\u00e9 Fontes, um dos pioneiros da cultura e da imprensa canoense","datePublished":"2018-02-08T01:21:08+00:00","dateModified":"2018-02-08T01:21:08+00:00","mainEntityOfPage":{"@id":"https:\/\/jornaltimoneiro.com.br\/index.php\/2018\/02\/07\/morre-jose-fontes-um-dos-pioneiros-da-cultura-e-da-imprensa-canoense\/"},"wordCount":116,"publisher":{"@id":"https:\/\/jornaltimoneiro.com.br\/#organization"},"articleSection":["Destaques"],"inLanguage":"pt-BR"},{"@type":"WebPage","@id":"https:\/\/jornaltimoneiro.com.br\/index.php\/2018\/02\/07\/morre-jose-fontes-um-dos-pioneiros-da-cultura-e-da-imprensa-canoense\/","url":"https:\/\/jornaltimoneiro.com.br\/index.php\/2018\/02\/07\/morre-jose-fontes-um-dos-pioneiros-da-cultura-e-da-imprensa-canoense\/","name":"Morre Jos\u00e9 Fontes, um dos pioneiros da cultura e da imprensa canoense - O Timoneiro Jornal Canoas RS","isPartOf":{"@id":"https:\/\/jornaltimoneiro.com.br\/#website"},"datePublished":"2018-02-08T01:21:08+00:00","dateModified":"2018-02-08T01:21:08+00:00","breadcrumb":{"@id":"https:\/\/jornaltimoneiro.com.br\/index.php\/2018\/02\/07\/morre-jose-fontes-um-dos-pioneiros-da-cultura-e-da-imprensa-canoense\/#breadcrumb"},"inLanguage":"pt-BR","potentialAction":[{"@type":"ReadAction","target":["https:\/\/jornaltimoneiro.com.br\/index.php\/2018\/02\/07\/morre-jose-fontes-um-dos-pioneiros-da-cultura-e-da-imprensa-canoense\/"]}]},{"@type":"BreadcrumbList","@id":"https:\/\/jornaltimoneiro.com.br\/index.php\/2018\/02\/07\/morre-jose-fontes-um-dos-pioneiros-da-cultura-e-da-imprensa-canoense\/#breadcrumb","itemListElement":[{"@type":"ListItem","position":1,"name":"In\u00edcio","item":"https:\/\/jornaltimoneiro.com.br\/"},{"@type":"ListItem","position":2,"name":"Morre Jos\u00e9 Fontes, um dos pioneiros da cultura e da imprensa canoense"}]},{"@type":"WebSite","@id":"https:\/\/jornaltimoneiro.com.br\/#website","url":"https:\/\/jornaltimoneiro.com.br\/","name":"Jornal Timoneiro Canoas RS","description":"Jornal O Timoneiro, o verdadeiro jornal de Canoas","publisher":{"@id":"https:\/\/jornaltimoneiro.com.br\/#organization"},"potentialAction":[{"@type":"SearchAction","target":{"@type":"EntryPoint","urlTemplate":"https:\/\/jornaltimoneiro.com.br\/?s={search_term_string}"},"query-input":"required name=search_term_string"}],"inLanguage":"pt-BR"},{"@type":"Organization","@id":"https:\/\/jornaltimoneiro.com.br\/#organization","name":"Jornal Timoneiro Canoas RS","url":"https:\/\/jornaltimoneiro.com.br\/","logo":{"@type":"ImageObject","inLanguage":"pt-BR","@id":"https:\/\/jornaltimoneiro.com.br\/#\/schema\/logo\/image\/","url":"https:\/\/jornaltimoneiro.com.br\/wp-content\/uploads\/2023\/03\/logonovo.png","contentUrl":"https:\/\/jornaltimoneiro.com.br\/wp-content\/uploads\/2023\/03\/logonovo.png","width":"469","height":"171","caption":"Jornal Timoneiro Canoas RS"},"image":{"@id":"https:\/\/jornaltimoneiro.com.br\/#\/schema\/logo\/image\/"},"sameAs":["https:\/\/www.facebook.com\/jornaltimoneiro","https:\/\/twitter.com\/_OTimoneiro","https:\/\/www.instagram.com\/jornaltimoneirocanoas\/","https:\/\/www.youtube.com\/@jornalotimoneiro7927"]},{"@type":"Person","@id":"https:\/\/jornaltimoneiro.com.br\/#\/schema\/person\/620efd1d8244466117482be494360b08","name":"Reda\u00e7\u00e3o","image":{"@type":"ImageObject","inLanguage":"pt-BR","@id":"https:\/\/jornaltimoneiro.com.br\/#\/schema\/person\/image\/","url":"https:\/\/secure.gravatar.com\/avatar\/2f04e1b304682a8d9db336c7acd77f08?s=96&d=mm&r=g","contentUrl":"https:\/\/secure.gravatar.com\/avatar\/2f04e1b304682a8d9db336c7acd77f08?s=96&d=mm&r=g","caption":"Reda\u00e7\u00e3o"},"url":"https:\/\/jornaltimoneiro.com.br\/index.php\/author\/timoneirocanoas\/"}]}},"_links":{"self":[{"href":"https:\/\/jornaltimoneiro.com.br\/index.php\/wp-json\/wp\/v2\/posts\/9984"}],"collection":[{"href":"https:\/\/jornaltimoneiro.com.br\/index.php\/wp-json\/wp\/v2\/posts"}],"about":[{"href":"https:\/\/jornaltimoneiro.com.br\/index.php\/wp-json\/wp\/v2\/types\/post"}],"author":[{"embeddable":true,"href":"https:\/\/jornaltimoneiro.com.br\/index.php\/wp-json\/wp\/v2\/users\/1"}],"replies":[{"embeddable":true,"href":"https:\/\/jornaltimoneiro.com.br\/index.php\/wp-json\/wp\/v2\/comments?post=9984"}],"version-history":[{"count":0,"href":"https:\/\/jornaltimoneiro.com.br\/index.php\/wp-json\/wp\/v2\/posts\/9984\/revisions"}],"wp:featuredmedia":[{"embeddable":true,"href":"https:\/\/jornaltimoneiro.com.br\/index.php\/wp-json\/"}],"wp:attachment":[{"href":"https:\/\/jornaltimoneiro.com.br\/index.php\/wp-json\/wp\/v2\/media?parent=9984"}],"wp:term":[{"taxonomy":"category","embeddable":true,"href":"https:\/\/jornaltimoneiro.com.br\/index.php\/wp-json\/wp\/v2\/categories?post=9984"},{"taxonomy":"post_tag","embeddable":true,"href":"https:\/\/jornaltimoneiro.com.br\/index.php\/wp-json\/wp\/v2\/tags?post=9984"}],"curies":[{"name":"wp","href":"https:\/\/api.w.org\/{rel}","templated":true}]}}