{"id":9975,"date":"2018-02-06T11:46:10","date_gmt":"2018-02-06T13:46:10","guid":{"rendered":"http:\/\/otimoneiro.com.br\/?p=9975"},"modified":"2018-02-06T11:46:10","modified_gmt":"2018-02-06T13:46:10","slug":"filmes-com-tematica-do-carnaval-sao-exibidos-gratuitamente","status":"publish","type":"post","link":"https:\/\/jornaltimoneiro.com.br\/index.php\/2018\/02\/06\/filmes-com-tematica-do-carnaval-sao-exibidos-gratuitamente\/","title":{"rendered":"Filmes com tem\u00e1tica do Carnaval s\u00e3o exibidos gratuitamente"},"content":{"rendered":"<p><img decoding=\"async\" class=\"aligncenter size-full wp-image-9976\" src=\"http:\/\/otimoneiro.com.br\/wp-content\/uploads\/2018\/02\/tropykaos-1.jpg\" alt=\"\" width=\"1000\" height=\"624\" \/><\/p>\n<p>O\u00a0Sesc Canoas\u00a0ir\u00e1 exibir nesta quinta-feira, 8, dois filmes com a tem\u00e1tica do Carnaval. A partir das 20 horas, ser\u00e3o reproduzidas em sequ\u00eancia as pel\u00edculas\u00a0Carnavalha\u00a0e\u00a0Tropykaos. Os\u00a0ingressos ser\u00e3o distribu\u00eddos gratuitamente, na bilheteria do Teatro do Sesc, com uma hora de anteced\u00eancia da atividade. Mais informa\u00e7\u00f5es podem ser obtidas pelo telefone (51) 3464-6909, pelo site\u00a0<a href=\"https:\/\/usinadenoticias.us12.list-manage.com\/track\/click?u=a04a4a065f0f37ea526eb52e8&amp;id=ecd88aa1bf&amp;e=c826ea6d75\">www.sesc-rs.com.br\/canoas<\/a>\u00a0ou pela p\u00e1gina\u00a0<a href=\"https:\/\/usinadenoticias.us12.list-manage.com\/track\/click?u=a04a4a065f0f37ea526eb52e8&amp;id=bc4f25412d&amp;e=c826ea6d75\">www.facebook.com\/sesccanoas<\/a>.<\/p>\n<p>As pel\u00edculas de fic\u00e7\u00e3o s\u00e3o indicadas para pessoas com idade a partir de 18 anos. A atra\u00e7\u00e3o faz parte da programa\u00e7\u00e3o cultural de fevereiro do Sesc Canoas, promovido por meio do programa Arte Sesc \u2013 Cultura por toda parte. O restante do m\u00eas reserva ainda diversas a\u00e7\u00f5es teatrais.<\/p>\n<h6>Confira abaixo o cronograma completo.<\/h6>\n<p><strong>Filmes<\/strong>: Carnavalha (16 min.) + Tropykaos (1h22min)<br \/>\n<strong>Dire\u00e7\u00e3o<\/strong>: Aurea Maranhao e Ramusyo Brasil \/ Daniel Lisboa<br \/>\nBrasil (2015\/2016)<br \/>\n<strong>Data:<\/strong>\u00a008\/02 (quinta)<br \/>\n<strong>Hor\u00e1rio:<\/strong>\u00a020 horas<br \/>\n<strong>Local:<\/strong>\u00a0Teatro Sesc Canoas<br \/>\n<strong>Classifica\u00e7\u00e3o et\u00e1ria:<\/strong>\u00a018 anos<br \/>\n<strong>Sinopse Carnavalha:<\/strong>\u00a0mostra a prepara\u00e7\u00e3o e a trajet\u00f3ria de uma jovem que \u00e9 perseguida por um estrangulador em um dia de carnaval.<br \/>\n<em><strong>Entrada franca com distribui\u00e7\u00e3o de ingressos uma hora antes, na bilheteria\u00a0<\/strong><\/em><em><br \/>\n<\/em><em><br \/>\n<\/em><strong>Roda da Poesia \u2013 Associa\u00e7\u00e3o Canoense de Escritores (RS)<\/strong><br \/>\n<strong>Data:<\/strong>\u00a017\/02 (s\u00e1bado)<br \/>\n<strong>Hor\u00e1rio:<\/strong>\u00a016 horas<br \/>\n<strong>Local:<\/strong>\u00a0Biblioteca Sesc Canoas<br \/>\n<strong>Classifica\u00e7\u00e3o et\u00e1ria:<\/strong>\u00a0livre<br \/>\n<strong>Entrada franca<\/strong><\/p>\n<p><strong>Espet\u00e1culo \u201cHist\u00f3rias de Circo sem Lona\u201d \u2013 Grupo TIA (RS)<\/strong><br \/>\n<strong>Data:<\/strong>\u00a018\/02<br \/>\n<strong>Hor\u00e1rio:<\/strong>\u00a016 horas<br \/>\n<strong>Local:<\/strong>\u00a0Teatro Sesc Canoas<br \/>\n<strong>Classifica\u00e7\u00e3o et\u00e1ria:<\/strong>\u00a0livre<br \/>\n<strong>Dura\u00e7\u00e3o:<\/strong>\u00a045 minutos<br \/>\n<strong>Ingressos:<\/strong>\u00a0com o Cart\u00e3o Sesc\/Senac para a categoria Com\u00e9rcio e Servi\u00e7os por R$ 15, Empres\u00e1rios R$18, p\u00fablico em geral R$20, estudantes, classe art\u00edstica e maiores de 60 anos R$10.<\/p>\n<p><strong>Filme: Sinfonia da Necr\u00f3pole<\/strong><br \/>\n<strong>Dire\u00e7\u00e3o:<\/strong>\u00a0Juliana Rojas \/ Brasil (2016)<br \/>\n<strong>Data:<\/strong>\u00a024\/02 (s\u00e1bado)<br \/>\n<strong>Hor\u00e1rio:<\/strong>\u00a016 horas<br \/>\n<strong>Local:<\/strong>\u00a0Teatro Sesc Canoas<br \/>\n<strong>Classifica\u00e7\u00e3o et\u00e1ria:<\/strong>\u00a010 anos<br \/>\n<em><strong>Entrada franca com distribui\u00e7\u00e3o de ingressos uma hora antes, na bilheteria<\/strong><\/em><\/p>\n<p><strong>Espet\u00e1culo \u201cAs aventuras e desventuras de Pin\u00f3quio\u201d \u2013 Cia. de Atores Independentes (RS)<\/strong><br \/>\n<strong>Data:<\/strong>\u00a025\/02 (domingo)<br \/>\n<strong>Hor\u00e1rio:<\/strong>\u00a016 horas<br \/>\n<strong>Local:<\/strong>\u00a0Teatro Sesc Canoas<br \/>\n<strong>Classifica\u00e7\u00e3o et\u00e1ria:<\/strong>\u00a0livre<br \/>\n<strong>Dura\u00e7\u00e3o:<\/strong>\u00a01h10min<br \/>\n<strong>Ingressos:<\/strong>\u00a0com o Cart\u00e3o Sesc\/Senac para a categoria Com\u00e9rcio e Servi\u00e7os por R$ 15, Empres\u00e1rios R$18, p\u00fablico em geral R$20, estudantes, classe art\u00edstica e maiores de 60 anos R$10<br \/>\n&nbsp;<\/p>\n","protected":false},"excerpt":{"rendered":"<p>O\u00a0Sesc Canoas\u00a0ir\u00e1 exibir nesta quinta-feira, 8, dois filmes com a tem\u00e1tica do Carnaval. A partir das 20 horas, ser\u00e3o reproduzidas em sequ\u00eancia as pel\u00edculas\u00a0Carnavalha\u00a0e\u00a0Tropykaos. Os\u00a0ingressos ser\u00e3o distribu\u00eddos gratuitamente, na bilheteria do Teatro do Sesc, com uma hora de anteced\u00eancia da atividade. Mais informa\u00e7\u00f5es podem ser obtidas pelo telefone (51) 3464-6909, pelo site\u00a0www.sesc-rs.com.br\/canoas\u00a0ou pela p\u00e1gina\u00a0www.facebook.com\/sesccanoas. As [&hellip;]<\/p>\n","protected":false},"author":1,"featured_media":9976,"comment_status":"closed","ping_status":"open","sticky":false,"template":"","format":"standard","meta":{"amp_status":"","footnotes":""},"categories":[19],"tags":[],"class_list":["post-9975","post","type-post","status-publish","format-standard","has-post-thumbnail","hentry","category-destaques"],"yoast_head":"<!-- This site is optimized with the Yoast SEO plugin v20.5 - https:\/\/yoast.com\/wordpress\/plugins\/seo\/ -->\n<title>Filmes com tem\u00e1tica do Carnaval s\u00e3o exibidos gratuitamente - O Timoneiro Jornal Canoas RS<\/title>\n<meta name=\"robots\" content=\"index, follow, max-snippet:-1, max-image-preview:large, max-video-preview:-1\" \/>\n<link rel=\"canonical\" href=\"https:\/\/jornaltimoneiro.com.br\/index.php\/2018\/02\/06\/filmes-com-tematica-do-carnaval-sao-exibidos-gratuitamente\/\" \/>\n<meta property=\"og:locale\" content=\"pt_BR\" \/>\n<meta property=\"og:type\" content=\"article\" \/>\n<meta property=\"og:title\" content=\"Filmes com tem\u00e1tica do Carnaval s\u00e3o exibidos gratuitamente - O Timoneiro Jornal Canoas RS\" \/>\n<meta property=\"og:description\" content=\"O\u00a0Sesc Canoas\u00a0ir\u00e1 exibir nesta quinta-feira, 8, dois filmes com a tem\u00e1tica do Carnaval. A partir das 20 horas, ser\u00e3o reproduzidas em sequ\u00eancia as pel\u00edculas\u00a0Carnavalha\u00a0e\u00a0Tropykaos. Os\u00a0ingressos ser\u00e3o distribu\u00eddos gratuitamente, na bilheteria do Teatro do Sesc, com uma hora de anteced\u00eancia da atividade. Mais informa\u00e7\u00f5es podem ser obtidas pelo telefone (51) 3464-6909, pelo site\u00a0www.sesc-rs.com.br\/canoas\u00a0ou pela p\u00e1gina\u00a0www.facebook.com\/sesccanoas. As [&hellip;]\" \/>\n<meta property=\"og:url\" content=\"https:\/\/jornaltimoneiro.com.br\/index.php\/2018\/02\/06\/filmes-com-tematica-do-carnaval-sao-exibidos-gratuitamente\/\" \/>\n<meta property=\"og:site_name\" content=\"O Timoneiro Jornal Canoas RS\" \/>\n<meta property=\"article:publisher\" content=\"https:\/\/www.facebook.com\/jornaltimoneiro\" \/>\n<meta property=\"article:published_time\" content=\"2018-02-06T13:46:10+00:00\" \/>\n<meta name=\"author\" content=\"Reda\u00e7\u00e3o\" \/>\n<meta name=\"twitter:card\" content=\"summary_large_image\" \/>\n<meta name=\"twitter:creator\" content=\"@_OTimoneiro\" \/>\n<meta name=\"twitter:site\" content=\"@_OTimoneiro\" \/>\n<meta name=\"twitter:label1\" content=\"Escrito por\" \/>\n\t<meta name=\"twitter:data1\" content=\"Reda\u00e7\u00e3o\" \/>\n\t<meta name=\"twitter:label2\" content=\"Est. tempo de leitura\" \/>\n\t<meta name=\"twitter:data2\" content=\"2 minutos\" \/>\n<script type=\"application\/ld+json\" class=\"yoast-schema-graph\">{\"@context\":\"https:\/\/schema.org\",\"@graph\":[{\"@type\":\"Article\",\"@id\":\"https:\/\/jornaltimoneiro.com.br\/index.php\/2018\/02\/06\/filmes-com-tematica-do-carnaval-sao-exibidos-gratuitamente\/#article\",\"isPartOf\":{\"@id\":\"https:\/\/jornaltimoneiro.com.br\/index.php\/2018\/02\/06\/filmes-com-tematica-do-carnaval-sao-exibidos-gratuitamente\/\"},\"author\":{\"name\":\"Reda\u00e7\u00e3o\",\"@id\":\"https:\/\/jornaltimoneiro.com.br\/#\/schema\/person\/620efd1d8244466117482be494360b08\"},\"headline\":\"Filmes com tem\u00e1tica do Carnaval s\u00e3o exibidos gratuitamente\",\"datePublished\":\"2018-02-06T13:46:10+00:00\",\"dateModified\":\"2018-02-06T13:46:10+00:00\",\"mainEntityOfPage\":{\"@id\":\"https:\/\/jornaltimoneiro.com.br\/index.php\/2018\/02\/06\/filmes-com-tematica-do-carnaval-sao-exibidos-gratuitamente\/\"},\"wordCount\":400,\"publisher\":{\"@id\":\"https:\/\/jornaltimoneiro.com.br\/#organization\"},\"articleSection\":[\"Destaques\"],\"inLanguage\":\"pt-BR\"},{\"@type\":\"WebPage\",\"@id\":\"https:\/\/jornaltimoneiro.com.br\/index.php\/2018\/02\/06\/filmes-com-tematica-do-carnaval-sao-exibidos-gratuitamente\/\",\"url\":\"https:\/\/jornaltimoneiro.com.br\/index.php\/2018\/02\/06\/filmes-com-tematica-do-carnaval-sao-exibidos-gratuitamente\/\",\"name\":\"Filmes com tem\u00e1tica do Carnaval s\u00e3o exibidos gratuitamente - O Timoneiro Jornal Canoas RS\",\"isPartOf\":{\"@id\":\"https:\/\/jornaltimoneiro.com.br\/#website\"},\"datePublished\":\"2018-02-06T13:46:10+00:00\",\"dateModified\":\"2018-02-06T13:46:10+00:00\",\"breadcrumb\":{\"@id\":\"https:\/\/jornaltimoneiro.com.br\/index.php\/2018\/02\/06\/filmes-com-tematica-do-carnaval-sao-exibidos-gratuitamente\/#breadcrumb\"},\"inLanguage\":\"pt-BR\",\"potentialAction\":[{\"@type\":\"ReadAction\",\"target\":[\"https:\/\/jornaltimoneiro.com.br\/index.php\/2018\/02\/06\/filmes-com-tematica-do-carnaval-sao-exibidos-gratuitamente\/\"]}]},{\"@type\":\"BreadcrumbList\",\"@id\":\"https:\/\/jornaltimoneiro.com.br\/index.php\/2018\/02\/06\/filmes-com-tematica-do-carnaval-sao-exibidos-gratuitamente\/#breadcrumb\",\"itemListElement\":[{\"@type\":\"ListItem\",\"position\":1,\"name\":\"In\u00edcio\",\"item\":\"https:\/\/jornaltimoneiro.com.br\/\"},{\"@type\":\"ListItem\",\"position\":2,\"name\":\"Filmes com tem\u00e1tica do Carnaval s\u00e3o exibidos gratuitamente\"}]},{\"@type\":\"WebSite\",\"@id\":\"https:\/\/jornaltimoneiro.com.br\/#website\",\"url\":\"https:\/\/jornaltimoneiro.com.br\/\",\"name\":\"Jornal Timoneiro Canoas RS\",\"description\":\"Jornal O Timoneiro, o verdadeiro jornal de Canoas\",\"publisher\":{\"@id\":\"https:\/\/jornaltimoneiro.com.br\/#organization\"},\"potentialAction\":[{\"@type\":\"SearchAction\",\"target\":{\"@type\":\"EntryPoint\",\"urlTemplate\":\"https:\/\/jornaltimoneiro.com.br\/?s={search_term_string}\"},\"query-input\":\"required name=search_term_string\"}],\"inLanguage\":\"pt-BR\"},{\"@type\":\"Organization\",\"@id\":\"https:\/\/jornaltimoneiro.com.br\/#organization\",\"name\":\"Jornal Timoneiro Canoas RS\",\"url\":\"https:\/\/jornaltimoneiro.com.br\/\",\"logo\":{\"@type\":\"ImageObject\",\"inLanguage\":\"pt-BR\",\"@id\":\"https:\/\/jornaltimoneiro.com.br\/#\/schema\/logo\/image\/\",\"url\":\"https:\/\/jornaltimoneiro.com.br\/wp-content\/uploads\/2023\/03\/logonovo.png\",\"contentUrl\":\"https:\/\/jornaltimoneiro.com.br\/wp-content\/uploads\/2023\/03\/logonovo.png\",\"width\":\"469\",\"height\":\"171\",\"caption\":\"Jornal Timoneiro Canoas RS\"},\"image\":{\"@id\":\"https:\/\/jornaltimoneiro.com.br\/#\/schema\/logo\/image\/\"},\"sameAs\":[\"https:\/\/www.facebook.com\/jornaltimoneiro\",\"https:\/\/twitter.com\/_OTimoneiro\",\"https:\/\/www.instagram.com\/jornaltimoneirocanoas\/\",\"https:\/\/www.youtube.com\/@jornalotimoneiro7927\"]},{\"@type\":\"Person\",\"@id\":\"https:\/\/jornaltimoneiro.com.br\/#\/schema\/person\/620efd1d8244466117482be494360b08\",\"name\":\"Reda\u00e7\u00e3o\",\"image\":{\"@type\":\"ImageObject\",\"inLanguage\":\"pt-BR\",\"@id\":\"https:\/\/jornaltimoneiro.com.br\/#\/schema\/person\/image\/\",\"url\":\"https:\/\/secure.gravatar.com\/avatar\/2f04e1b304682a8d9db336c7acd77f08?s=96&d=mm&r=g\",\"contentUrl\":\"https:\/\/secure.gravatar.com\/avatar\/2f04e1b304682a8d9db336c7acd77f08?s=96&d=mm&r=g\",\"caption\":\"Reda\u00e7\u00e3o\"},\"url\":\"https:\/\/jornaltimoneiro.com.br\/index.php\/author\/timoneirocanoas\/\"}]}<\/script>\n<!-- \/ Yoast SEO plugin. -->","yoast_head_json":{"title":"Filmes com tem\u00e1tica do Carnaval s\u00e3o exibidos gratuitamente - O Timoneiro Jornal Canoas RS","robots":{"index":"index","follow":"follow","max-snippet":"max-snippet:-1","max-image-preview":"max-image-preview:large","max-video-preview":"max-video-preview:-1"},"canonical":"https:\/\/jornaltimoneiro.com.br\/index.php\/2018\/02\/06\/filmes-com-tematica-do-carnaval-sao-exibidos-gratuitamente\/","og_locale":"pt_BR","og_type":"article","og_title":"Filmes com tem\u00e1tica do Carnaval s\u00e3o exibidos gratuitamente - O Timoneiro Jornal Canoas RS","og_description":"O\u00a0Sesc Canoas\u00a0ir\u00e1 exibir nesta quinta-feira, 8, dois filmes com a tem\u00e1tica do Carnaval. A partir das 20 horas, ser\u00e3o reproduzidas em sequ\u00eancia as pel\u00edculas\u00a0Carnavalha\u00a0e\u00a0Tropykaos. Os\u00a0ingressos ser\u00e3o distribu\u00eddos gratuitamente, na bilheteria do Teatro do Sesc, com uma hora de anteced\u00eancia da atividade. Mais informa\u00e7\u00f5es podem ser obtidas pelo telefone (51) 3464-6909, pelo site\u00a0www.sesc-rs.com.br\/canoas\u00a0ou pela p\u00e1gina\u00a0www.facebook.com\/sesccanoas. As [&hellip;]","og_url":"https:\/\/jornaltimoneiro.com.br\/index.php\/2018\/02\/06\/filmes-com-tematica-do-carnaval-sao-exibidos-gratuitamente\/","og_site_name":"O Timoneiro Jornal Canoas RS","article_publisher":"https:\/\/www.facebook.com\/jornaltimoneiro","article_published_time":"2018-02-06T13:46:10+00:00","author":"Reda\u00e7\u00e3o","twitter_card":"summary_large_image","twitter_creator":"@_OTimoneiro","twitter_site":"@_OTimoneiro","twitter_misc":{"Escrito por":"Reda\u00e7\u00e3o","Est. tempo de leitura":"2 minutos"},"schema":{"@context":"https:\/\/schema.org","@graph":[{"@type":"Article","@id":"https:\/\/jornaltimoneiro.com.br\/index.php\/2018\/02\/06\/filmes-com-tematica-do-carnaval-sao-exibidos-gratuitamente\/#article","isPartOf":{"@id":"https:\/\/jornaltimoneiro.com.br\/index.php\/2018\/02\/06\/filmes-com-tematica-do-carnaval-sao-exibidos-gratuitamente\/"},"author":{"name":"Reda\u00e7\u00e3o","@id":"https:\/\/jornaltimoneiro.com.br\/#\/schema\/person\/620efd1d8244466117482be494360b08"},"headline":"Filmes com tem\u00e1tica do Carnaval s\u00e3o exibidos gratuitamente","datePublished":"2018-02-06T13:46:10+00:00","dateModified":"2018-02-06T13:46:10+00:00","mainEntityOfPage":{"@id":"https:\/\/jornaltimoneiro.com.br\/index.php\/2018\/02\/06\/filmes-com-tematica-do-carnaval-sao-exibidos-gratuitamente\/"},"wordCount":400,"publisher":{"@id":"https:\/\/jornaltimoneiro.com.br\/#organization"},"articleSection":["Destaques"],"inLanguage":"pt-BR"},{"@type":"WebPage","@id":"https:\/\/jornaltimoneiro.com.br\/index.php\/2018\/02\/06\/filmes-com-tematica-do-carnaval-sao-exibidos-gratuitamente\/","url":"https:\/\/jornaltimoneiro.com.br\/index.php\/2018\/02\/06\/filmes-com-tematica-do-carnaval-sao-exibidos-gratuitamente\/","name":"Filmes com tem\u00e1tica do Carnaval s\u00e3o exibidos gratuitamente - O Timoneiro Jornal Canoas RS","isPartOf":{"@id":"https:\/\/jornaltimoneiro.com.br\/#website"},"datePublished":"2018-02-06T13:46:10+00:00","dateModified":"2018-02-06T13:46:10+00:00","breadcrumb":{"@id":"https:\/\/jornaltimoneiro.com.br\/index.php\/2018\/02\/06\/filmes-com-tematica-do-carnaval-sao-exibidos-gratuitamente\/#breadcrumb"},"inLanguage":"pt-BR","potentialAction":[{"@type":"ReadAction","target":["https:\/\/jornaltimoneiro.com.br\/index.php\/2018\/02\/06\/filmes-com-tematica-do-carnaval-sao-exibidos-gratuitamente\/"]}]},{"@type":"BreadcrumbList","@id":"https:\/\/jornaltimoneiro.com.br\/index.php\/2018\/02\/06\/filmes-com-tematica-do-carnaval-sao-exibidos-gratuitamente\/#breadcrumb","itemListElement":[{"@type":"ListItem","position":1,"name":"In\u00edcio","item":"https:\/\/jornaltimoneiro.com.br\/"},{"@type":"ListItem","position":2,"name":"Filmes com tem\u00e1tica do Carnaval s\u00e3o exibidos gratuitamente"}]},{"@type":"WebSite","@id":"https:\/\/jornaltimoneiro.com.br\/#website","url":"https:\/\/jornaltimoneiro.com.br\/","name":"Jornal Timoneiro Canoas RS","description":"Jornal O Timoneiro, o verdadeiro jornal de Canoas","publisher":{"@id":"https:\/\/jornaltimoneiro.com.br\/#organization"},"potentialAction":[{"@type":"SearchAction","target":{"@type":"EntryPoint","urlTemplate":"https:\/\/jornaltimoneiro.com.br\/?s={search_term_string}"},"query-input":"required name=search_term_string"}],"inLanguage":"pt-BR"},{"@type":"Organization","@id":"https:\/\/jornaltimoneiro.com.br\/#organization","name":"Jornal Timoneiro Canoas RS","url":"https:\/\/jornaltimoneiro.com.br\/","logo":{"@type":"ImageObject","inLanguage":"pt-BR","@id":"https:\/\/jornaltimoneiro.com.br\/#\/schema\/logo\/image\/","url":"https:\/\/jornaltimoneiro.com.br\/wp-content\/uploads\/2023\/03\/logonovo.png","contentUrl":"https:\/\/jornaltimoneiro.com.br\/wp-content\/uploads\/2023\/03\/logonovo.png","width":"469","height":"171","caption":"Jornal Timoneiro Canoas RS"},"image":{"@id":"https:\/\/jornaltimoneiro.com.br\/#\/schema\/logo\/image\/"},"sameAs":["https:\/\/www.facebook.com\/jornaltimoneiro","https:\/\/twitter.com\/_OTimoneiro","https:\/\/www.instagram.com\/jornaltimoneirocanoas\/","https:\/\/www.youtube.com\/@jornalotimoneiro7927"]},{"@type":"Person","@id":"https:\/\/jornaltimoneiro.com.br\/#\/schema\/person\/620efd1d8244466117482be494360b08","name":"Reda\u00e7\u00e3o","image":{"@type":"ImageObject","inLanguage":"pt-BR","@id":"https:\/\/jornaltimoneiro.com.br\/#\/schema\/person\/image\/","url":"https:\/\/secure.gravatar.com\/avatar\/2f04e1b304682a8d9db336c7acd77f08?s=96&d=mm&r=g","contentUrl":"https:\/\/secure.gravatar.com\/avatar\/2f04e1b304682a8d9db336c7acd77f08?s=96&d=mm&r=g","caption":"Reda\u00e7\u00e3o"},"url":"https:\/\/jornaltimoneiro.com.br\/index.php\/author\/timoneirocanoas\/"}]}},"_links":{"self":[{"href":"https:\/\/jornaltimoneiro.com.br\/index.php\/wp-json\/wp\/v2\/posts\/9975"}],"collection":[{"href":"https:\/\/jornaltimoneiro.com.br\/index.php\/wp-json\/wp\/v2\/posts"}],"about":[{"href":"https:\/\/jornaltimoneiro.com.br\/index.php\/wp-json\/wp\/v2\/types\/post"}],"author":[{"embeddable":true,"href":"https:\/\/jornaltimoneiro.com.br\/index.php\/wp-json\/wp\/v2\/users\/1"}],"replies":[{"embeddable":true,"href":"https:\/\/jornaltimoneiro.com.br\/index.php\/wp-json\/wp\/v2\/comments?post=9975"}],"version-history":[{"count":0,"href":"https:\/\/jornaltimoneiro.com.br\/index.php\/wp-json\/wp\/v2\/posts\/9975\/revisions"}],"wp:featuredmedia":[{"embeddable":true,"href":"https:\/\/jornaltimoneiro.com.br\/index.php\/wp-json\/"}],"wp:attachment":[{"href":"https:\/\/jornaltimoneiro.com.br\/index.php\/wp-json\/wp\/v2\/media?parent=9975"}],"wp:term":[{"taxonomy":"category","embeddable":true,"href":"https:\/\/jornaltimoneiro.com.br\/index.php\/wp-json\/wp\/v2\/categories?post=9975"},{"taxonomy":"post_tag","embeddable":true,"href":"https:\/\/jornaltimoneiro.com.br\/index.php\/wp-json\/wp\/v2\/tags?post=9975"}],"curies":[{"name":"wp","href":"https:\/\/api.w.org\/{rel}","templated":true}]}}