{"id":9971,"date":"2018-02-05T12:02:53","date_gmt":"2018-02-05T14:02:53","guid":{"rendered":"http:\/\/otimoneiro.com.br\/?p=9971"},"modified":"2018-02-05T12:02:53","modified_gmt":"2018-02-05T14:02:53","slug":"cidade-registra-1705-roubos-e-furtos-de-veiculos-em-2017","status":"publish","type":"post","link":"https:\/\/jornaltimoneiro.com.br\/index.php\/2018\/02\/05\/cidade-registra-1705-roubos-e-furtos-de-veiculos-em-2017\/","title":{"rendered":"Cidade registra 1705 roubos e furtos de ve\u00edculos em 2017"},"content":{"rendered":"<p><img decoding=\"async\" class=\"aligncenter size-full wp-image-9972\" src=\"http:\/\/otimoneiro.com.br\/wp-content\/uploads\/2018\/02\/2014040208254902.04_thiago_almeida.jpg\" alt=\"\" width=\"640\" height=\"392\" \/>O jornal Timoneiro relatou, em suas \u00faltimas edi\u00e7\u00f5es, os n\u00fameros de homic\u00eddios em Canoas durante 2017, que ligam o alerta para a quest\u00e3o da seguran\u00e7a na cidade. Desta vez, outro n\u00famero chama a aten\u00e7\u00e3o: durante o ano passado, ocorreram 1705 casos de roubos e furtos de ve\u00edculos. Foram menos casos que em 2016, mas, segundo as pr\u00f3prias autoridades, o n\u00famero ainda \u00e9 alto.<\/p>\n<p>Problema real<\/p>\n<p>Mais do que n\u00fameros impessoais, as estat\u00edsticas revelam a realidade de medo enfrentada diariamente. No dia 12 de janeiro, o professor universit\u00e1rio Gustavo Becker comprovou isso pessoalmente. Em postagem publicada em rede social, Becker relatou o ocorrido: \u201cMomento de agradecer a Deus por estar vivo, pois fui assaltado e fiquei sem carro, sem telefone, sem carteira, sem documentos e sem notebook. Estava saindo de Canoas, por volta das 18h50min. Tudo em fra\u00e7\u00e3o de segundos, arma apontada pra mim\u201d.<\/p>\n<p>Secret\u00e1rio<\/p>\n<p>Em contato a reportagem, o secret\u00e1rio de Seguran\u00e7a do munic\u00edpio, Ranolfo Vieira J\u00fanior, comemora a queda no n\u00famero de crimes: \u201cNa nossa \u00f3tica, \u00e9 resultado de um trabalho integrado das for\u00e7as de Seguran\u00e7a P\u00fablica. Com troca de informa\u00e7\u00f5es e planejamento\u201d. Mesmo assim, Ranolfo afirma que os n\u00fameros ainda s\u00e3o altos: \u201cN\u00e3o estamos satisfeitos com esses n\u00fameros ainda. Vamos lutar para reduzir ainda mais em 2018\u201d.<\/p>\n<p>Pol\u00edcia Civil<\/p>\n<p>A Pol\u00edcia Civil tamb\u00e9m tem agido com rela\u00e7\u00e3o ao problema. Na sexta-feira, 26 de janeiro, a Delegacia de Furtos, Roubos, Entorpecentes e Capturas de Canoas (Defrec), em a\u00e7\u00e3o de combate aos crimes patrimoniais, em cumprimento a mandado de pris\u00e3o tempor\u00e1ria, prendeu um homem identificado como autor de roubos de ve\u00edculos ocorridos em Canoas.<\/p>\n<p>Segundo o Delegado Thiago Bennemann Gon\u00e7alves, a equipe de policiais da Defrec, durante investiga\u00e7\u00f5es acerca da atua\u00e7\u00e3o de um grupo criminoso armado atuando no munic\u00edpio de Canoas e Regi\u00e3o Metropolitana, identificou e efetuou a pris\u00e3o de um de seus integrantes, sendo que outros dois comparsas foram presos no ano passado. O preso possui antecedentes policiais pela pr\u00e1tica dos crimes de roubo de ve\u00edculo e recepta\u00e7\u00e3o.<\/p>\n","protected":false},"excerpt":{"rendered":"<p>O jornal Timoneiro relatou, em suas \u00faltimas edi\u00e7\u00f5es, os n\u00fameros de homic\u00eddios em Canoas durante 2017, que ligam o alerta para a quest\u00e3o da seguran\u00e7a na cidade. Desta vez, outro n\u00famero chama a aten\u00e7\u00e3o: durante o ano passado, ocorreram 1705 casos de roubos e furtos de ve\u00edculos. Foram menos casos que em 2016, mas, segundo [&hellip;]<\/p>\n","protected":false},"author":1,"featured_media":9972,"comment_status":"closed","ping_status":"open","sticky":false,"template":"","format":"standard","meta":{"amp_status":"","footnotes":""},"categories":[19],"tags":[],"class_list":["post-9971","post","type-post","status-publish","format-standard","has-post-thumbnail","hentry","category-destaques"],"yoast_head":"<!-- This site is optimized with the Yoast SEO plugin v20.5 - https:\/\/yoast.com\/wordpress\/plugins\/seo\/ -->\n<title>Cidade registra 1705 roubos e furtos de ve\u00edculos em 2017 - O Timoneiro Jornal Canoas RS<\/title>\n<meta name=\"robots\" content=\"index, follow, max-snippet:-1, max-image-preview:large, max-video-preview:-1\" \/>\n<link rel=\"canonical\" href=\"https:\/\/jornaltimoneiro.com.br\/index.php\/2018\/02\/05\/cidade-registra-1705-roubos-e-furtos-de-veiculos-em-2017\/\" \/>\n<meta property=\"og:locale\" content=\"pt_BR\" \/>\n<meta property=\"og:type\" content=\"article\" \/>\n<meta property=\"og:title\" content=\"Cidade registra 1705 roubos e furtos de ve\u00edculos em 2017 - O Timoneiro Jornal Canoas RS\" \/>\n<meta property=\"og:description\" content=\"O jornal Timoneiro relatou, em suas \u00faltimas edi\u00e7\u00f5es, os n\u00fameros de homic\u00eddios em Canoas durante 2017, que ligam o alerta para a quest\u00e3o da seguran\u00e7a na cidade. Desta vez, outro n\u00famero chama a aten\u00e7\u00e3o: durante o ano passado, ocorreram 1705 casos de roubos e furtos de ve\u00edculos. Foram menos casos que em 2016, mas, segundo [&hellip;]\" \/>\n<meta property=\"og:url\" content=\"https:\/\/jornaltimoneiro.com.br\/index.php\/2018\/02\/05\/cidade-registra-1705-roubos-e-furtos-de-veiculos-em-2017\/\" \/>\n<meta property=\"og:site_name\" content=\"O Timoneiro Jornal Canoas RS\" \/>\n<meta property=\"article:publisher\" content=\"https:\/\/www.facebook.com\/jornaltimoneiro\" \/>\n<meta property=\"article:published_time\" content=\"2018-02-05T14:02:53+00:00\" \/>\n<meta name=\"author\" content=\"Reda\u00e7\u00e3o\" \/>\n<meta name=\"twitter:card\" content=\"summary_large_image\" \/>\n<meta name=\"twitter:creator\" content=\"@_OTimoneiro\" \/>\n<meta name=\"twitter:site\" content=\"@_OTimoneiro\" \/>\n<meta name=\"twitter:label1\" content=\"Escrito por\" \/>\n\t<meta name=\"twitter:data1\" content=\"Reda\u00e7\u00e3o\" \/>\n\t<meta name=\"twitter:label2\" content=\"Est. tempo de leitura\" \/>\n\t<meta name=\"twitter:data2\" content=\"2 minutos\" \/>\n<script type=\"application\/ld+json\" class=\"yoast-schema-graph\">{\"@context\":\"https:\/\/schema.org\",\"@graph\":[{\"@type\":\"Article\",\"@id\":\"https:\/\/jornaltimoneiro.com.br\/index.php\/2018\/02\/05\/cidade-registra-1705-roubos-e-furtos-de-veiculos-em-2017\/#article\",\"isPartOf\":{\"@id\":\"https:\/\/jornaltimoneiro.com.br\/index.php\/2018\/02\/05\/cidade-registra-1705-roubos-e-furtos-de-veiculos-em-2017\/\"},\"author\":{\"name\":\"Reda\u00e7\u00e3o\",\"@id\":\"https:\/\/jornaltimoneiro.com.br\/#\/schema\/person\/620efd1d8244466117482be494360b08\"},\"headline\":\"Cidade registra 1705 roubos e furtos de ve\u00edculos em 2017\",\"datePublished\":\"2018-02-05T14:02:53+00:00\",\"dateModified\":\"2018-02-05T14:02:53+00:00\",\"mainEntityOfPage\":{\"@id\":\"https:\/\/jornaltimoneiro.com.br\/index.php\/2018\/02\/05\/cidade-registra-1705-roubos-e-furtos-de-veiculos-em-2017\/\"},\"wordCount\":376,\"publisher\":{\"@id\":\"https:\/\/jornaltimoneiro.com.br\/#organization\"},\"articleSection\":[\"Destaques\"],\"inLanguage\":\"pt-BR\"},{\"@type\":\"WebPage\",\"@id\":\"https:\/\/jornaltimoneiro.com.br\/index.php\/2018\/02\/05\/cidade-registra-1705-roubos-e-furtos-de-veiculos-em-2017\/\",\"url\":\"https:\/\/jornaltimoneiro.com.br\/index.php\/2018\/02\/05\/cidade-registra-1705-roubos-e-furtos-de-veiculos-em-2017\/\",\"name\":\"Cidade registra 1705 roubos e furtos de ve\u00edculos em 2017 - O Timoneiro Jornal Canoas RS\",\"isPartOf\":{\"@id\":\"https:\/\/jornaltimoneiro.com.br\/#website\"},\"datePublished\":\"2018-02-05T14:02:53+00:00\",\"dateModified\":\"2018-02-05T14:02:53+00:00\",\"breadcrumb\":{\"@id\":\"https:\/\/jornaltimoneiro.com.br\/index.php\/2018\/02\/05\/cidade-registra-1705-roubos-e-furtos-de-veiculos-em-2017\/#breadcrumb\"},\"inLanguage\":\"pt-BR\",\"potentialAction\":[{\"@type\":\"ReadAction\",\"target\":[\"https:\/\/jornaltimoneiro.com.br\/index.php\/2018\/02\/05\/cidade-registra-1705-roubos-e-furtos-de-veiculos-em-2017\/\"]}]},{\"@type\":\"BreadcrumbList\",\"@id\":\"https:\/\/jornaltimoneiro.com.br\/index.php\/2018\/02\/05\/cidade-registra-1705-roubos-e-furtos-de-veiculos-em-2017\/#breadcrumb\",\"itemListElement\":[{\"@type\":\"ListItem\",\"position\":1,\"name\":\"In\u00edcio\",\"item\":\"https:\/\/jornaltimoneiro.com.br\/\"},{\"@type\":\"ListItem\",\"position\":2,\"name\":\"Cidade registra 1705 roubos e furtos de ve\u00edculos em 2017\"}]},{\"@type\":\"WebSite\",\"@id\":\"https:\/\/jornaltimoneiro.com.br\/#website\",\"url\":\"https:\/\/jornaltimoneiro.com.br\/\",\"name\":\"Jornal Timoneiro Canoas RS\",\"description\":\"Jornal O Timoneiro, o verdadeiro jornal de Canoas\",\"publisher\":{\"@id\":\"https:\/\/jornaltimoneiro.com.br\/#organization\"},\"potentialAction\":[{\"@type\":\"SearchAction\",\"target\":{\"@type\":\"EntryPoint\",\"urlTemplate\":\"https:\/\/jornaltimoneiro.com.br\/?s={search_term_string}\"},\"query-input\":\"required name=search_term_string\"}],\"inLanguage\":\"pt-BR\"},{\"@type\":\"Organization\",\"@id\":\"https:\/\/jornaltimoneiro.com.br\/#organization\",\"name\":\"Jornal Timoneiro Canoas RS\",\"url\":\"https:\/\/jornaltimoneiro.com.br\/\",\"logo\":{\"@type\":\"ImageObject\",\"inLanguage\":\"pt-BR\",\"@id\":\"https:\/\/jornaltimoneiro.com.br\/#\/schema\/logo\/image\/\",\"url\":\"https:\/\/jornaltimoneiro.com.br\/wp-content\/uploads\/2023\/03\/logonovo.png\",\"contentUrl\":\"https:\/\/jornaltimoneiro.com.br\/wp-content\/uploads\/2023\/03\/logonovo.png\",\"width\":\"469\",\"height\":\"171\",\"caption\":\"Jornal Timoneiro Canoas RS\"},\"image\":{\"@id\":\"https:\/\/jornaltimoneiro.com.br\/#\/schema\/logo\/image\/\"},\"sameAs\":[\"https:\/\/www.facebook.com\/jornaltimoneiro\",\"https:\/\/twitter.com\/_OTimoneiro\",\"https:\/\/www.instagram.com\/jornaltimoneirocanoas\/\",\"https:\/\/www.youtube.com\/@jornalotimoneiro7927\"]},{\"@type\":\"Person\",\"@id\":\"https:\/\/jornaltimoneiro.com.br\/#\/schema\/person\/620efd1d8244466117482be494360b08\",\"name\":\"Reda\u00e7\u00e3o\",\"image\":{\"@type\":\"ImageObject\",\"inLanguage\":\"pt-BR\",\"@id\":\"https:\/\/jornaltimoneiro.com.br\/#\/schema\/person\/image\/\",\"url\":\"https:\/\/secure.gravatar.com\/avatar\/2f04e1b304682a8d9db336c7acd77f08?s=96&d=mm&r=g\",\"contentUrl\":\"https:\/\/secure.gravatar.com\/avatar\/2f04e1b304682a8d9db336c7acd77f08?s=96&d=mm&r=g\",\"caption\":\"Reda\u00e7\u00e3o\"},\"url\":\"https:\/\/jornaltimoneiro.com.br\/index.php\/author\/timoneirocanoas\/\"}]}<\/script>\n<!-- \/ Yoast SEO plugin. -->","yoast_head_json":{"title":"Cidade registra 1705 roubos e furtos de ve\u00edculos em 2017 - O Timoneiro Jornal Canoas RS","robots":{"index":"index","follow":"follow","max-snippet":"max-snippet:-1","max-image-preview":"max-image-preview:large","max-video-preview":"max-video-preview:-1"},"canonical":"https:\/\/jornaltimoneiro.com.br\/index.php\/2018\/02\/05\/cidade-registra-1705-roubos-e-furtos-de-veiculos-em-2017\/","og_locale":"pt_BR","og_type":"article","og_title":"Cidade registra 1705 roubos e furtos de ve\u00edculos em 2017 - O Timoneiro Jornal Canoas RS","og_description":"O jornal Timoneiro relatou, em suas \u00faltimas edi\u00e7\u00f5es, os n\u00fameros de homic\u00eddios em Canoas durante 2017, que ligam o alerta para a quest\u00e3o da seguran\u00e7a na cidade. Desta vez, outro n\u00famero chama a aten\u00e7\u00e3o: durante o ano passado, ocorreram 1705 casos de roubos e furtos de ve\u00edculos. Foram menos casos que em 2016, mas, segundo [&hellip;]","og_url":"https:\/\/jornaltimoneiro.com.br\/index.php\/2018\/02\/05\/cidade-registra-1705-roubos-e-furtos-de-veiculos-em-2017\/","og_site_name":"O Timoneiro Jornal Canoas RS","article_publisher":"https:\/\/www.facebook.com\/jornaltimoneiro","article_published_time":"2018-02-05T14:02:53+00:00","author":"Reda\u00e7\u00e3o","twitter_card":"summary_large_image","twitter_creator":"@_OTimoneiro","twitter_site":"@_OTimoneiro","twitter_misc":{"Escrito por":"Reda\u00e7\u00e3o","Est. tempo de leitura":"2 minutos"},"schema":{"@context":"https:\/\/schema.org","@graph":[{"@type":"Article","@id":"https:\/\/jornaltimoneiro.com.br\/index.php\/2018\/02\/05\/cidade-registra-1705-roubos-e-furtos-de-veiculos-em-2017\/#article","isPartOf":{"@id":"https:\/\/jornaltimoneiro.com.br\/index.php\/2018\/02\/05\/cidade-registra-1705-roubos-e-furtos-de-veiculos-em-2017\/"},"author":{"name":"Reda\u00e7\u00e3o","@id":"https:\/\/jornaltimoneiro.com.br\/#\/schema\/person\/620efd1d8244466117482be494360b08"},"headline":"Cidade registra 1705 roubos e furtos de ve\u00edculos em 2017","datePublished":"2018-02-05T14:02:53+00:00","dateModified":"2018-02-05T14:02:53+00:00","mainEntityOfPage":{"@id":"https:\/\/jornaltimoneiro.com.br\/index.php\/2018\/02\/05\/cidade-registra-1705-roubos-e-furtos-de-veiculos-em-2017\/"},"wordCount":376,"publisher":{"@id":"https:\/\/jornaltimoneiro.com.br\/#organization"},"articleSection":["Destaques"],"inLanguage":"pt-BR"},{"@type":"WebPage","@id":"https:\/\/jornaltimoneiro.com.br\/index.php\/2018\/02\/05\/cidade-registra-1705-roubos-e-furtos-de-veiculos-em-2017\/","url":"https:\/\/jornaltimoneiro.com.br\/index.php\/2018\/02\/05\/cidade-registra-1705-roubos-e-furtos-de-veiculos-em-2017\/","name":"Cidade registra 1705 roubos e furtos de ve\u00edculos em 2017 - O Timoneiro Jornal Canoas RS","isPartOf":{"@id":"https:\/\/jornaltimoneiro.com.br\/#website"},"datePublished":"2018-02-05T14:02:53+00:00","dateModified":"2018-02-05T14:02:53+00:00","breadcrumb":{"@id":"https:\/\/jornaltimoneiro.com.br\/index.php\/2018\/02\/05\/cidade-registra-1705-roubos-e-furtos-de-veiculos-em-2017\/#breadcrumb"},"inLanguage":"pt-BR","potentialAction":[{"@type":"ReadAction","target":["https:\/\/jornaltimoneiro.com.br\/index.php\/2018\/02\/05\/cidade-registra-1705-roubos-e-furtos-de-veiculos-em-2017\/"]}]},{"@type":"BreadcrumbList","@id":"https:\/\/jornaltimoneiro.com.br\/index.php\/2018\/02\/05\/cidade-registra-1705-roubos-e-furtos-de-veiculos-em-2017\/#breadcrumb","itemListElement":[{"@type":"ListItem","position":1,"name":"In\u00edcio","item":"https:\/\/jornaltimoneiro.com.br\/"},{"@type":"ListItem","position":2,"name":"Cidade registra 1705 roubos e furtos de ve\u00edculos em 2017"}]},{"@type":"WebSite","@id":"https:\/\/jornaltimoneiro.com.br\/#website","url":"https:\/\/jornaltimoneiro.com.br\/","name":"Jornal Timoneiro Canoas RS","description":"Jornal O Timoneiro, o verdadeiro jornal de Canoas","publisher":{"@id":"https:\/\/jornaltimoneiro.com.br\/#organization"},"potentialAction":[{"@type":"SearchAction","target":{"@type":"EntryPoint","urlTemplate":"https:\/\/jornaltimoneiro.com.br\/?s={search_term_string}"},"query-input":"required name=search_term_string"}],"inLanguage":"pt-BR"},{"@type":"Organization","@id":"https:\/\/jornaltimoneiro.com.br\/#organization","name":"Jornal Timoneiro Canoas RS","url":"https:\/\/jornaltimoneiro.com.br\/","logo":{"@type":"ImageObject","inLanguage":"pt-BR","@id":"https:\/\/jornaltimoneiro.com.br\/#\/schema\/logo\/image\/","url":"https:\/\/jornaltimoneiro.com.br\/wp-content\/uploads\/2023\/03\/logonovo.png","contentUrl":"https:\/\/jornaltimoneiro.com.br\/wp-content\/uploads\/2023\/03\/logonovo.png","width":"469","height":"171","caption":"Jornal Timoneiro Canoas RS"},"image":{"@id":"https:\/\/jornaltimoneiro.com.br\/#\/schema\/logo\/image\/"},"sameAs":["https:\/\/www.facebook.com\/jornaltimoneiro","https:\/\/twitter.com\/_OTimoneiro","https:\/\/www.instagram.com\/jornaltimoneirocanoas\/","https:\/\/www.youtube.com\/@jornalotimoneiro7927"]},{"@type":"Person","@id":"https:\/\/jornaltimoneiro.com.br\/#\/schema\/person\/620efd1d8244466117482be494360b08","name":"Reda\u00e7\u00e3o","image":{"@type":"ImageObject","inLanguage":"pt-BR","@id":"https:\/\/jornaltimoneiro.com.br\/#\/schema\/person\/image\/","url":"https:\/\/secure.gravatar.com\/avatar\/2f04e1b304682a8d9db336c7acd77f08?s=96&d=mm&r=g","contentUrl":"https:\/\/secure.gravatar.com\/avatar\/2f04e1b304682a8d9db336c7acd77f08?s=96&d=mm&r=g","caption":"Reda\u00e7\u00e3o"},"url":"https:\/\/jornaltimoneiro.com.br\/index.php\/author\/timoneirocanoas\/"}]}},"_links":{"self":[{"href":"https:\/\/jornaltimoneiro.com.br\/index.php\/wp-json\/wp\/v2\/posts\/9971"}],"collection":[{"href":"https:\/\/jornaltimoneiro.com.br\/index.php\/wp-json\/wp\/v2\/posts"}],"about":[{"href":"https:\/\/jornaltimoneiro.com.br\/index.php\/wp-json\/wp\/v2\/types\/post"}],"author":[{"embeddable":true,"href":"https:\/\/jornaltimoneiro.com.br\/index.php\/wp-json\/wp\/v2\/users\/1"}],"replies":[{"embeddable":true,"href":"https:\/\/jornaltimoneiro.com.br\/index.php\/wp-json\/wp\/v2\/comments?post=9971"}],"version-history":[{"count":0,"href":"https:\/\/jornaltimoneiro.com.br\/index.php\/wp-json\/wp\/v2\/posts\/9971\/revisions"}],"wp:featuredmedia":[{"embeddable":true,"href":"https:\/\/jornaltimoneiro.com.br\/index.php\/wp-json\/"}],"wp:attachment":[{"href":"https:\/\/jornaltimoneiro.com.br\/index.php\/wp-json\/wp\/v2\/media?parent=9971"}],"wp:term":[{"taxonomy":"category","embeddable":true,"href":"https:\/\/jornaltimoneiro.com.br\/index.php\/wp-json\/wp\/v2\/categories?post=9971"},{"taxonomy":"post_tag","embeddable":true,"href":"https:\/\/jornaltimoneiro.com.br\/index.php\/wp-json\/wp\/v2\/tags?post=9971"}],"curies":[{"name":"wp","href":"https:\/\/api.w.org\/{rel}","templated":true}]}}