{"id":9962,"date":"2018-01-31T12:11:47","date_gmt":"2018-01-31T14:11:47","guid":{"rendered":"http:\/\/otimoneiro.com.br\/?p=9962"},"modified":"2018-01-31T12:11:47","modified_gmt":"2018-01-31T14:11:47","slug":"passagem-da-trensurb-sobe-para-r-330","status":"publish","type":"post","link":"https:\/\/jornaltimoneiro.com.br\/index.php\/2018\/01\/31\/passagem-da-trensurb-sobe-para-r-330\/","title":{"rendered":"Passagem da Trensurb sobe para R$ 3,30"},"content":{"rendered":"<p><img decoding=\"async\" class=\"aligncenter size-full wp-image-8993\" src=\"http:\/\/otimoneiro.com.br\/wp-content\/uploads\/2017\/10\/trensurb.jpg\" alt=\"\" width=\"900\" height=\"500\" \/><br \/>\nPassa a vigorar a partir do pr\u00f3ximo s\u00e1bado, 3, o novo valor da passagem unit\u00e1ria do metr\u00f4. O governo federal autorizou um aumento de 94 % na tarifa, que agora vale R$ 3,30. O valor da passagem est\u00e1 congelado desde 5 de janeiro de 2008.<\/p>\n<p>O governo justifica a mudan\u00e7a afirmando que as despesas da Trensurb, nos \u00faltimos anos, cresceram em fun\u00e7\u00e3o da expans\u00e3o do sistema at\u00e9 Novo Hamburgo, agregando cinco novas esta\u00e7\u00f5es e 9,3 quil\u00f4metros de linha. Ainda, a Trensurb afirma que os custos de opera\u00e7\u00e3o e manuten\u00e7\u00e3o crescerem mais de 100% de 2007 a 2017.<\/p>\n<p>Sindimetr\u00f4 discorda<\/p>\n<p>O Sindicato dos Trabalhadores em Empresas de Transporte Metrovi\u00e1rio e Conexas do RS \u00a0(Sindimetr\u00f4 -RS) divulgou nota, na manh\u00e3 desta quarta-feira, 31, discordando do aumento da passagem: &#8220;Nada justifica na atual conjuntura um absurdo aumento de 94% no valor da tarifa do trem metropolitano, quando a infla\u00e7\u00e3o no per\u00edodo foi de 75%. O \u00edndice est\u00e1 totalmente fora da realidade vivida pelos trabalhadores e estudantes que utilizam esse meio de transporte diariamente para deslocamentos no eixo norte da regi\u00e3o metropolitana de Porto Alegre&#8221;.<\/p>\n","protected":false},"excerpt":{"rendered":"<p>Passa a vigorar a partir do pr\u00f3ximo s\u00e1bado, 3, o novo valor da passagem unit\u00e1ria do metr\u00f4. O governo federal autorizou um aumento de 94 % na tarifa, que agora vale R$ 3,30. O valor da passagem est\u00e1 congelado desde 5 de janeiro de 2008. O governo justifica a mudan\u00e7a afirmando que as despesas da [&hellip;]<\/p>\n","protected":false},"author":1,"featured_media":4522,"comment_status":"closed","ping_status":"open","sticky":false,"template":"","format":"standard","meta":{"amp_status":"","footnotes":""},"categories":[19],"tags":[],"class_list":["post-9962","post","type-post","status-publish","format-standard","has-post-thumbnail","hentry","category-destaques"],"yoast_head":"<!-- This site is optimized with the Yoast SEO plugin v20.5 - https:\/\/yoast.com\/wordpress\/plugins\/seo\/ -->\n<title>Passagem da Trensurb sobe para R$ 3,30 - O Timoneiro Jornal Canoas RS<\/title>\n<meta name=\"robots\" content=\"index, follow, max-snippet:-1, max-image-preview:large, max-video-preview:-1\" \/>\n<link rel=\"canonical\" href=\"https:\/\/jornaltimoneiro.com.br\/index.php\/2018\/01\/31\/passagem-da-trensurb-sobe-para-r-330\/\" \/>\n<meta property=\"og:locale\" content=\"pt_BR\" \/>\n<meta property=\"og:type\" content=\"article\" \/>\n<meta property=\"og:title\" content=\"Passagem da Trensurb sobe para R$ 3,30 - O Timoneiro Jornal Canoas RS\" \/>\n<meta property=\"og:description\" content=\"Passa a vigorar a partir do pr\u00f3ximo s\u00e1bado, 3, o novo valor da passagem unit\u00e1ria do metr\u00f4. O governo federal autorizou um aumento de 94 % na tarifa, que agora vale R$ 3,30. O valor da passagem est\u00e1 congelado desde 5 de janeiro de 2008. O governo justifica a mudan\u00e7a afirmando que as despesas da [&hellip;]\" \/>\n<meta property=\"og:url\" content=\"https:\/\/jornaltimoneiro.com.br\/index.php\/2018\/01\/31\/passagem-da-trensurb-sobe-para-r-330\/\" \/>\n<meta property=\"og:site_name\" content=\"O Timoneiro Jornal Canoas RS\" \/>\n<meta property=\"article:publisher\" content=\"https:\/\/www.facebook.com\/jornaltimoneiro\" \/>\n<meta property=\"article:published_time\" content=\"2018-01-31T14:11:47+00:00\" \/>\n<meta name=\"author\" content=\"Reda\u00e7\u00e3o\" \/>\n<meta name=\"twitter:card\" content=\"summary_large_image\" \/>\n<meta name=\"twitter:creator\" content=\"@_OTimoneiro\" \/>\n<meta name=\"twitter:site\" content=\"@_OTimoneiro\" \/>\n<meta name=\"twitter:label1\" content=\"Escrito por\" \/>\n\t<meta name=\"twitter:data1\" content=\"Reda\u00e7\u00e3o\" \/>\n\t<meta name=\"twitter:label2\" content=\"Est. tempo de leitura\" \/>\n\t<meta name=\"twitter:data2\" content=\"1 minuto\" \/>\n<script type=\"application\/ld+json\" class=\"yoast-schema-graph\">{\"@context\":\"https:\/\/schema.org\",\"@graph\":[{\"@type\":\"Article\",\"@id\":\"https:\/\/jornaltimoneiro.com.br\/index.php\/2018\/01\/31\/passagem-da-trensurb-sobe-para-r-330\/#article\",\"isPartOf\":{\"@id\":\"https:\/\/jornaltimoneiro.com.br\/index.php\/2018\/01\/31\/passagem-da-trensurb-sobe-para-r-330\/\"},\"author\":{\"name\":\"Reda\u00e7\u00e3o\",\"@id\":\"https:\/\/jornaltimoneiro.com.br\/#\/schema\/person\/620efd1d8244466117482be494360b08\"},\"headline\":\"Passagem da Trensurb sobe para R$ 3,30\",\"datePublished\":\"2018-01-31T14:11:47+00:00\",\"dateModified\":\"2018-01-31T14:11:47+00:00\",\"mainEntityOfPage\":{\"@id\":\"https:\/\/jornaltimoneiro.com.br\/index.php\/2018\/01\/31\/passagem-da-trensurb-sobe-para-r-330\/\"},\"wordCount\":188,\"publisher\":{\"@id\":\"https:\/\/jornaltimoneiro.com.br\/#organization\"},\"articleSection\":[\"Destaques\"],\"inLanguage\":\"pt-BR\"},{\"@type\":\"WebPage\",\"@id\":\"https:\/\/jornaltimoneiro.com.br\/index.php\/2018\/01\/31\/passagem-da-trensurb-sobe-para-r-330\/\",\"url\":\"https:\/\/jornaltimoneiro.com.br\/index.php\/2018\/01\/31\/passagem-da-trensurb-sobe-para-r-330\/\",\"name\":\"Passagem da Trensurb sobe para R$ 3,30 - O Timoneiro Jornal Canoas RS\",\"isPartOf\":{\"@id\":\"https:\/\/jornaltimoneiro.com.br\/#website\"},\"datePublished\":\"2018-01-31T14:11:47+00:00\",\"dateModified\":\"2018-01-31T14:11:47+00:00\",\"breadcrumb\":{\"@id\":\"https:\/\/jornaltimoneiro.com.br\/index.php\/2018\/01\/31\/passagem-da-trensurb-sobe-para-r-330\/#breadcrumb\"},\"inLanguage\":\"pt-BR\",\"potentialAction\":[{\"@type\":\"ReadAction\",\"target\":[\"https:\/\/jornaltimoneiro.com.br\/index.php\/2018\/01\/31\/passagem-da-trensurb-sobe-para-r-330\/\"]}]},{\"@type\":\"BreadcrumbList\",\"@id\":\"https:\/\/jornaltimoneiro.com.br\/index.php\/2018\/01\/31\/passagem-da-trensurb-sobe-para-r-330\/#breadcrumb\",\"itemListElement\":[{\"@type\":\"ListItem\",\"position\":1,\"name\":\"In\u00edcio\",\"item\":\"https:\/\/jornaltimoneiro.com.br\/\"},{\"@type\":\"ListItem\",\"position\":2,\"name\":\"Passagem da Trensurb sobe para R$ 3,30\"}]},{\"@type\":\"WebSite\",\"@id\":\"https:\/\/jornaltimoneiro.com.br\/#website\",\"url\":\"https:\/\/jornaltimoneiro.com.br\/\",\"name\":\"Jornal Timoneiro Canoas RS\",\"description\":\"Jornal O Timoneiro, o verdadeiro jornal de Canoas\",\"publisher\":{\"@id\":\"https:\/\/jornaltimoneiro.com.br\/#organization\"},\"potentialAction\":[{\"@type\":\"SearchAction\",\"target\":{\"@type\":\"EntryPoint\",\"urlTemplate\":\"https:\/\/jornaltimoneiro.com.br\/?s={search_term_string}\"},\"query-input\":\"required name=search_term_string\"}],\"inLanguage\":\"pt-BR\"},{\"@type\":\"Organization\",\"@id\":\"https:\/\/jornaltimoneiro.com.br\/#organization\",\"name\":\"Jornal Timoneiro Canoas RS\",\"url\":\"https:\/\/jornaltimoneiro.com.br\/\",\"logo\":{\"@type\":\"ImageObject\",\"inLanguage\":\"pt-BR\",\"@id\":\"https:\/\/jornaltimoneiro.com.br\/#\/schema\/logo\/image\/\",\"url\":\"https:\/\/jornaltimoneiro.com.br\/wp-content\/uploads\/2023\/03\/logonovo.png\",\"contentUrl\":\"https:\/\/jornaltimoneiro.com.br\/wp-content\/uploads\/2023\/03\/logonovo.png\",\"width\":\"469\",\"height\":\"171\",\"caption\":\"Jornal Timoneiro Canoas RS\"},\"image\":{\"@id\":\"https:\/\/jornaltimoneiro.com.br\/#\/schema\/logo\/image\/\"},\"sameAs\":[\"https:\/\/www.facebook.com\/jornaltimoneiro\",\"https:\/\/twitter.com\/_OTimoneiro\",\"https:\/\/www.instagram.com\/jornaltimoneirocanoas\/\",\"https:\/\/www.youtube.com\/@jornalotimoneiro7927\"]},{\"@type\":\"Person\",\"@id\":\"https:\/\/jornaltimoneiro.com.br\/#\/schema\/person\/620efd1d8244466117482be494360b08\",\"name\":\"Reda\u00e7\u00e3o\",\"image\":{\"@type\":\"ImageObject\",\"inLanguage\":\"pt-BR\",\"@id\":\"https:\/\/jornaltimoneiro.com.br\/#\/schema\/person\/image\/\",\"url\":\"https:\/\/secure.gravatar.com\/avatar\/2f04e1b304682a8d9db336c7acd77f08?s=96&d=mm&r=g\",\"contentUrl\":\"https:\/\/secure.gravatar.com\/avatar\/2f04e1b304682a8d9db336c7acd77f08?s=96&d=mm&r=g\",\"caption\":\"Reda\u00e7\u00e3o\"},\"url\":\"https:\/\/jornaltimoneiro.com.br\/index.php\/author\/timoneirocanoas\/\"}]}<\/script>\n<!-- \/ Yoast SEO plugin. -->","yoast_head_json":{"title":"Passagem da Trensurb sobe para R$ 3,30 - O Timoneiro Jornal Canoas RS","robots":{"index":"index","follow":"follow","max-snippet":"max-snippet:-1","max-image-preview":"max-image-preview:large","max-video-preview":"max-video-preview:-1"},"canonical":"https:\/\/jornaltimoneiro.com.br\/index.php\/2018\/01\/31\/passagem-da-trensurb-sobe-para-r-330\/","og_locale":"pt_BR","og_type":"article","og_title":"Passagem da Trensurb sobe para R$ 3,30 - O Timoneiro Jornal Canoas RS","og_description":"Passa a vigorar a partir do pr\u00f3ximo s\u00e1bado, 3, o novo valor da passagem unit\u00e1ria do metr\u00f4. O governo federal autorizou um aumento de 94 % na tarifa, que agora vale R$ 3,30. O valor da passagem est\u00e1 congelado desde 5 de janeiro de 2008. O governo justifica a mudan\u00e7a afirmando que as despesas da [&hellip;]","og_url":"https:\/\/jornaltimoneiro.com.br\/index.php\/2018\/01\/31\/passagem-da-trensurb-sobe-para-r-330\/","og_site_name":"O Timoneiro Jornal Canoas RS","article_publisher":"https:\/\/www.facebook.com\/jornaltimoneiro","article_published_time":"2018-01-31T14:11:47+00:00","author":"Reda\u00e7\u00e3o","twitter_card":"summary_large_image","twitter_creator":"@_OTimoneiro","twitter_site":"@_OTimoneiro","twitter_misc":{"Escrito por":"Reda\u00e7\u00e3o","Est. tempo de leitura":"1 minuto"},"schema":{"@context":"https:\/\/schema.org","@graph":[{"@type":"Article","@id":"https:\/\/jornaltimoneiro.com.br\/index.php\/2018\/01\/31\/passagem-da-trensurb-sobe-para-r-330\/#article","isPartOf":{"@id":"https:\/\/jornaltimoneiro.com.br\/index.php\/2018\/01\/31\/passagem-da-trensurb-sobe-para-r-330\/"},"author":{"name":"Reda\u00e7\u00e3o","@id":"https:\/\/jornaltimoneiro.com.br\/#\/schema\/person\/620efd1d8244466117482be494360b08"},"headline":"Passagem da Trensurb sobe para R$ 3,30","datePublished":"2018-01-31T14:11:47+00:00","dateModified":"2018-01-31T14:11:47+00:00","mainEntityOfPage":{"@id":"https:\/\/jornaltimoneiro.com.br\/index.php\/2018\/01\/31\/passagem-da-trensurb-sobe-para-r-330\/"},"wordCount":188,"publisher":{"@id":"https:\/\/jornaltimoneiro.com.br\/#organization"},"articleSection":["Destaques"],"inLanguage":"pt-BR"},{"@type":"WebPage","@id":"https:\/\/jornaltimoneiro.com.br\/index.php\/2018\/01\/31\/passagem-da-trensurb-sobe-para-r-330\/","url":"https:\/\/jornaltimoneiro.com.br\/index.php\/2018\/01\/31\/passagem-da-trensurb-sobe-para-r-330\/","name":"Passagem da Trensurb sobe para R$ 3,30 - O Timoneiro Jornal Canoas RS","isPartOf":{"@id":"https:\/\/jornaltimoneiro.com.br\/#website"},"datePublished":"2018-01-31T14:11:47+00:00","dateModified":"2018-01-31T14:11:47+00:00","breadcrumb":{"@id":"https:\/\/jornaltimoneiro.com.br\/index.php\/2018\/01\/31\/passagem-da-trensurb-sobe-para-r-330\/#breadcrumb"},"inLanguage":"pt-BR","potentialAction":[{"@type":"ReadAction","target":["https:\/\/jornaltimoneiro.com.br\/index.php\/2018\/01\/31\/passagem-da-trensurb-sobe-para-r-330\/"]}]},{"@type":"BreadcrumbList","@id":"https:\/\/jornaltimoneiro.com.br\/index.php\/2018\/01\/31\/passagem-da-trensurb-sobe-para-r-330\/#breadcrumb","itemListElement":[{"@type":"ListItem","position":1,"name":"In\u00edcio","item":"https:\/\/jornaltimoneiro.com.br\/"},{"@type":"ListItem","position":2,"name":"Passagem da Trensurb sobe para R$ 3,30"}]},{"@type":"WebSite","@id":"https:\/\/jornaltimoneiro.com.br\/#website","url":"https:\/\/jornaltimoneiro.com.br\/","name":"Jornal Timoneiro Canoas RS","description":"Jornal O Timoneiro, o verdadeiro jornal de Canoas","publisher":{"@id":"https:\/\/jornaltimoneiro.com.br\/#organization"},"potentialAction":[{"@type":"SearchAction","target":{"@type":"EntryPoint","urlTemplate":"https:\/\/jornaltimoneiro.com.br\/?s={search_term_string}"},"query-input":"required name=search_term_string"}],"inLanguage":"pt-BR"},{"@type":"Organization","@id":"https:\/\/jornaltimoneiro.com.br\/#organization","name":"Jornal Timoneiro Canoas RS","url":"https:\/\/jornaltimoneiro.com.br\/","logo":{"@type":"ImageObject","inLanguage":"pt-BR","@id":"https:\/\/jornaltimoneiro.com.br\/#\/schema\/logo\/image\/","url":"https:\/\/jornaltimoneiro.com.br\/wp-content\/uploads\/2023\/03\/logonovo.png","contentUrl":"https:\/\/jornaltimoneiro.com.br\/wp-content\/uploads\/2023\/03\/logonovo.png","width":"469","height":"171","caption":"Jornal Timoneiro Canoas RS"},"image":{"@id":"https:\/\/jornaltimoneiro.com.br\/#\/schema\/logo\/image\/"},"sameAs":["https:\/\/www.facebook.com\/jornaltimoneiro","https:\/\/twitter.com\/_OTimoneiro","https:\/\/www.instagram.com\/jornaltimoneirocanoas\/","https:\/\/www.youtube.com\/@jornalotimoneiro7927"]},{"@type":"Person","@id":"https:\/\/jornaltimoneiro.com.br\/#\/schema\/person\/620efd1d8244466117482be494360b08","name":"Reda\u00e7\u00e3o","image":{"@type":"ImageObject","inLanguage":"pt-BR","@id":"https:\/\/jornaltimoneiro.com.br\/#\/schema\/person\/image\/","url":"https:\/\/secure.gravatar.com\/avatar\/2f04e1b304682a8d9db336c7acd77f08?s=96&d=mm&r=g","contentUrl":"https:\/\/secure.gravatar.com\/avatar\/2f04e1b304682a8d9db336c7acd77f08?s=96&d=mm&r=g","caption":"Reda\u00e7\u00e3o"},"url":"https:\/\/jornaltimoneiro.com.br\/index.php\/author\/timoneirocanoas\/"}]}},"_links":{"self":[{"href":"https:\/\/jornaltimoneiro.com.br\/index.php\/wp-json\/wp\/v2\/posts\/9962"}],"collection":[{"href":"https:\/\/jornaltimoneiro.com.br\/index.php\/wp-json\/wp\/v2\/posts"}],"about":[{"href":"https:\/\/jornaltimoneiro.com.br\/index.php\/wp-json\/wp\/v2\/types\/post"}],"author":[{"embeddable":true,"href":"https:\/\/jornaltimoneiro.com.br\/index.php\/wp-json\/wp\/v2\/users\/1"}],"replies":[{"embeddable":true,"href":"https:\/\/jornaltimoneiro.com.br\/index.php\/wp-json\/wp\/v2\/comments?post=9962"}],"version-history":[{"count":0,"href":"https:\/\/jornaltimoneiro.com.br\/index.php\/wp-json\/wp\/v2\/posts\/9962\/revisions"}],"wp:featuredmedia":[{"embeddable":true,"href":"https:\/\/jornaltimoneiro.com.br\/index.php\/wp-json\/"}],"wp:attachment":[{"href":"https:\/\/jornaltimoneiro.com.br\/index.php\/wp-json\/wp\/v2\/media?parent=9962"}],"wp:term":[{"taxonomy":"category","embeddable":true,"href":"https:\/\/jornaltimoneiro.com.br\/index.php\/wp-json\/wp\/v2\/categories?post=9962"},{"taxonomy":"post_tag","embeddable":true,"href":"https:\/\/jornaltimoneiro.com.br\/index.php\/wp-json\/wp\/v2\/tags?post=9962"}],"curies":[{"name":"wp","href":"https:\/\/api.w.org\/{rel}","templated":true}]}}