{"id":9951,"date":"2018-01-26T14:11:55","date_gmt":"2018-01-26T16:11:55","guid":{"rendered":"http:\/\/otimoneiro.com.br\/?p=9951"},"modified":"2018-01-26T14:11:55","modified_gmt":"2018-01-26T16:11:55","slug":"tce-suspende-licitacao-da-educacao-infantil","status":"publish","type":"post","link":"https:\/\/jornaltimoneiro.com.br\/index.php\/2018\/01\/26\/tce-suspende-licitacao-da-educacao-infantil\/","title":{"rendered":"TCE suspende licita\u00e7\u00e3o da Educa\u00e7\u00e3o Infantil"},"content":{"rendered":"<p><img decoding=\"async\" class=\"aligncenter size-large wp-image-9952\" src=\"http:\/\/otimoneiro.com.br\/wp-content\/uploads\/2018\/01\/fachada1_TCE-RS-2-1024x683.jpg\" alt=\"\" width=\"1024\" height=\"683\" \/>O Tribunal de Contas do Estado (TCE-RS) emitiu medida cautelar, na \u00faltima sexta-feira, 19, determinando a suspens\u00e3o de licita\u00e7\u00e3o do Executivo de Canoas, que previa a contrata\u00e7\u00e3o de empresa para presta\u00e7\u00e3o de servi\u00e7os de gest\u00e3o em 10 escolas municipais de educa\u00e7\u00e3o infantil.<\/p>\n<p>De acordo com a decis\u00e3o do conselheiro relator, Cezar Miola, a presta\u00e7\u00e3o do servi\u00e7o por empresa contratada resultaria em infring\u00eancias constitucionais e legais, j\u00e1 que o edital prev\u00ea a contrata\u00e7\u00e3o de professores terceirizados. \u201cO artigo 206, V, da Constitui\u00e7\u00e3o Federal garante a valoriza\u00e7\u00e3o dos profissionais da educa\u00e7\u00e3o, com ingresso exclusivamente por concurso p\u00fablico para os das redes p\u00fablicas. Al\u00e9m disso, a meta 17 do Plano Nacional de Educa\u00e7\u00e3o (PNE) trata da valoriza\u00e7\u00e3o dos profissionais do magist\u00e9rio das redes p\u00fablicas de educa\u00e7\u00e3o b\u00e1sica, de forma a equiparar seu rendimento m\u00e9dio aos demais com escolaridade equivalente\u201d, destaca o relator no processo.<\/p>\n<p>Da mesma forma, o conselheiro registra que a contrata\u00e7\u00e3o, nos termos estabelecidos no edital, pode levar ao descumprimento da estrat\u00e9gia 18.1 do PNE, pela qual se admite apenas 10% de outros v\u00ednculos de trabalho que n\u00e3o os servidores efetivos nas redes p\u00fablicas de educa\u00e7\u00e3o b\u00e1sica. Na decis\u00e3o, tamb\u00e9m se abordou a necessidade de participa\u00e7\u00e3o do Conselho Municipal de Educa\u00e7\u00e3o na discuss\u00e3o e avalia\u00e7\u00e3o das a\u00e7\u00f5es e a quest\u00e3o relativa \u00e0 continuidade dos servi\u00e7os, j\u00e1 que o prazo para a contrata\u00e7\u00e3o seria de doze meses, com possibilidade de prorroga\u00e7\u00e3o.<\/p>\n<p>\u201cDefiro a medida cautelar requerida, determinando, com rela\u00e7\u00e3o ao Preg\u00e3o Presencial n\u00ba 43\/2017, que n\u00e3o seja homologado e que n\u00e3o haja a respectiva contrata\u00e7\u00e3o at\u00e9 ulterior exame da mat\u00e9ria por esta Casa\u201d, afirma o conselheiro, no texto da decis\u00e3o. Miola determinou a intima\u00e7\u00e3o do administra\u00e7\u00e3o para que sejam apresentados esclarecimentos e produzir provas, no prazo de 30 dias.<\/p>\n<p>O que diz a Prefeitura<\/p>\n<p>O munic\u00edpio afirma que prestou os esclarecimentos solicitados: \u201cO TCE decidiu manter suspensa a licita\u00e7\u00e3o e, desta forma, o munic\u00edpio aguarda o julgamento final\u201d.<\/p>\n","protected":false},"excerpt":{"rendered":"<p>O Tribunal de Contas do Estado (TCE-RS) emitiu medida cautelar, na \u00faltima sexta-feira, 19, determinando a suspens\u00e3o de licita\u00e7\u00e3o do Executivo de Canoas, que previa a contrata\u00e7\u00e3o de empresa para presta\u00e7\u00e3o de servi\u00e7os de gest\u00e3o em 10 escolas municipais de educa\u00e7\u00e3o infantil. De acordo com a decis\u00e3o do conselheiro relator, Cezar Miola, a presta\u00e7\u00e3o do [&hellip;]<\/p>\n","protected":false},"author":1,"featured_media":9952,"comment_status":"closed","ping_status":"open","sticky":false,"template":"","format":"standard","meta":{"amp_status":"","footnotes":""},"categories":[19],"tags":[],"class_list":["post-9951","post","type-post","status-publish","format-standard","has-post-thumbnail","hentry","category-destaques"],"yoast_head":"<!-- This site is optimized with the Yoast SEO plugin v20.5 - https:\/\/yoast.com\/wordpress\/plugins\/seo\/ -->\n<title>TCE suspende licita\u00e7\u00e3o da Educa\u00e7\u00e3o Infantil - O Timoneiro Jornal Canoas RS<\/title>\n<meta name=\"robots\" content=\"index, follow, max-snippet:-1, max-image-preview:large, max-video-preview:-1\" \/>\n<link rel=\"canonical\" href=\"https:\/\/jornaltimoneiro.com.br\/index.php\/2018\/01\/26\/tce-suspende-licitacao-da-educacao-infantil\/\" \/>\n<meta property=\"og:locale\" content=\"pt_BR\" \/>\n<meta property=\"og:type\" content=\"article\" \/>\n<meta property=\"og:title\" content=\"TCE suspende licita\u00e7\u00e3o da Educa\u00e7\u00e3o Infantil - O Timoneiro Jornal Canoas RS\" \/>\n<meta property=\"og:description\" content=\"O Tribunal de Contas do Estado (TCE-RS) emitiu medida cautelar, na \u00faltima sexta-feira, 19, determinando a suspens\u00e3o de licita\u00e7\u00e3o do Executivo de Canoas, que previa a contrata\u00e7\u00e3o de empresa para presta\u00e7\u00e3o de servi\u00e7os de gest\u00e3o em 10 escolas municipais de educa\u00e7\u00e3o infantil. De acordo com a decis\u00e3o do conselheiro relator, Cezar Miola, a presta\u00e7\u00e3o do [&hellip;]\" \/>\n<meta property=\"og:url\" content=\"https:\/\/jornaltimoneiro.com.br\/index.php\/2018\/01\/26\/tce-suspende-licitacao-da-educacao-infantil\/\" \/>\n<meta property=\"og:site_name\" content=\"O Timoneiro Jornal Canoas RS\" \/>\n<meta property=\"article:publisher\" content=\"https:\/\/www.facebook.com\/jornaltimoneiro\" \/>\n<meta property=\"article:published_time\" content=\"2018-01-26T16:11:55+00:00\" \/>\n<meta name=\"author\" content=\"Reda\u00e7\u00e3o\" \/>\n<meta name=\"twitter:card\" content=\"summary_large_image\" \/>\n<meta name=\"twitter:creator\" content=\"@_OTimoneiro\" \/>\n<meta name=\"twitter:site\" content=\"@_OTimoneiro\" \/>\n<meta name=\"twitter:label1\" content=\"Escrito por\" \/>\n\t<meta name=\"twitter:data1\" content=\"Reda\u00e7\u00e3o\" \/>\n\t<meta name=\"twitter:label2\" content=\"Est. tempo de leitura\" \/>\n\t<meta name=\"twitter:data2\" content=\"2 minutos\" \/>\n<script type=\"application\/ld+json\" class=\"yoast-schema-graph\">{\"@context\":\"https:\/\/schema.org\",\"@graph\":[{\"@type\":\"Article\",\"@id\":\"https:\/\/jornaltimoneiro.com.br\/index.php\/2018\/01\/26\/tce-suspende-licitacao-da-educacao-infantil\/#article\",\"isPartOf\":{\"@id\":\"https:\/\/jornaltimoneiro.com.br\/index.php\/2018\/01\/26\/tce-suspende-licitacao-da-educacao-infantil\/\"},\"author\":{\"name\":\"Reda\u00e7\u00e3o\",\"@id\":\"https:\/\/jornaltimoneiro.com.br\/#\/schema\/person\/620efd1d8244466117482be494360b08\"},\"headline\":\"TCE suspende licita\u00e7\u00e3o da Educa\u00e7\u00e3o Infantil\",\"datePublished\":\"2018-01-26T16:11:55+00:00\",\"dateModified\":\"2018-01-26T16:11:55+00:00\",\"mainEntityOfPage\":{\"@id\":\"https:\/\/jornaltimoneiro.com.br\/index.php\/2018\/01\/26\/tce-suspende-licitacao-da-educacao-infantil\/\"},\"wordCount\":370,\"publisher\":{\"@id\":\"https:\/\/jornaltimoneiro.com.br\/#organization\"},\"articleSection\":[\"Destaques\"],\"inLanguage\":\"pt-BR\"},{\"@type\":\"WebPage\",\"@id\":\"https:\/\/jornaltimoneiro.com.br\/index.php\/2018\/01\/26\/tce-suspende-licitacao-da-educacao-infantil\/\",\"url\":\"https:\/\/jornaltimoneiro.com.br\/index.php\/2018\/01\/26\/tce-suspende-licitacao-da-educacao-infantil\/\",\"name\":\"TCE suspende licita\u00e7\u00e3o da Educa\u00e7\u00e3o Infantil - O Timoneiro Jornal Canoas RS\",\"isPartOf\":{\"@id\":\"https:\/\/jornaltimoneiro.com.br\/#website\"},\"datePublished\":\"2018-01-26T16:11:55+00:00\",\"dateModified\":\"2018-01-26T16:11:55+00:00\",\"breadcrumb\":{\"@id\":\"https:\/\/jornaltimoneiro.com.br\/index.php\/2018\/01\/26\/tce-suspende-licitacao-da-educacao-infantil\/#breadcrumb\"},\"inLanguage\":\"pt-BR\",\"potentialAction\":[{\"@type\":\"ReadAction\",\"target\":[\"https:\/\/jornaltimoneiro.com.br\/index.php\/2018\/01\/26\/tce-suspende-licitacao-da-educacao-infantil\/\"]}]},{\"@type\":\"BreadcrumbList\",\"@id\":\"https:\/\/jornaltimoneiro.com.br\/index.php\/2018\/01\/26\/tce-suspende-licitacao-da-educacao-infantil\/#breadcrumb\",\"itemListElement\":[{\"@type\":\"ListItem\",\"position\":1,\"name\":\"In\u00edcio\",\"item\":\"https:\/\/jornaltimoneiro.com.br\/\"},{\"@type\":\"ListItem\",\"position\":2,\"name\":\"TCE suspende licita\u00e7\u00e3o da Educa\u00e7\u00e3o Infantil\"}]},{\"@type\":\"WebSite\",\"@id\":\"https:\/\/jornaltimoneiro.com.br\/#website\",\"url\":\"https:\/\/jornaltimoneiro.com.br\/\",\"name\":\"Jornal Timoneiro Canoas RS\",\"description\":\"Jornal O Timoneiro, o verdadeiro jornal de Canoas\",\"publisher\":{\"@id\":\"https:\/\/jornaltimoneiro.com.br\/#organization\"},\"potentialAction\":[{\"@type\":\"SearchAction\",\"target\":{\"@type\":\"EntryPoint\",\"urlTemplate\":\"https:\/\/jornaltimoneiro.com.br\/?s={search_term_string}\"},\"query-input\":\"required name=search_term_string\"}],\"inLanguage\":\"pt-BR\"},{\"@type\":\"Organization\",\"@id\":\"https:\/\/jornaltimoneiro.com.br\/#organization\",\"name\":\"Jornal Timoneiro Canoas RS\",\"url\":\"https:\/\/jornaltimoneiro.com.br\/\",\"logo\":{\"@type\":\"ImageObject\",\"inLanguage\":\"pt-BR\",\"@id\":\"https:\/\/jornaltimoneiro.com.br\/#\/schema\/logo\/image\/\",\"url\":\"https:\/\/jornaltimoneiro.com.br\/wp-content\/uploads\/2023\/03\/logonovo.png\",\"contentUrl\":\"https:\/\/jornaltimoneiro.com.br\/wp-content\/uploads\/2023\/03\/logonovo.png\",\"width\":\"469\",\"height\":\"171\",\"caption\":\"Jornal Timoneiro Canoas RS\"},\"image\":{\"@id\":\"https:\/\/jornaltimoneiro.com.br\/#\/schema\/logo\/image\/\"},\"sameAs\":[\"https:\/\/www.facebook.com\/jornaltimoneiro\",\"https:\/\/twitter.com\/_OTimoneiro\",\"https:\/\/www.instagram.com\/jornaltimoneirocanoas\/\",\"https:\/\/www.youtube.com\/@jornalotimoneiro7927\"]},{\"@type\":\"Person\",\"@id\":\"https:\/\/jornaltimoneiro.com.br\/#\/schema\/person\/620efd1d8244466117482be494360b08\",\"name\":\"Reda\u00e7\u00e3o\",\"image\":{\"@type\":\"ImageObject\",\"inLanguage\":\"pt-BR\",\"@id\":\"https:\/\/jornaltimoneiro.com.br\/#\/schema\/person\/image\/\",\"url\":\"https:\/\/secure.gravatar.com\/avatar\/2f04e1b304682a8d9db336c7acd77f08?s=96&d=mm&r=g\",\"contentUrl\":\"https:\/\/secure.gravatar.com\/avatar\/2f04e1b304682a8d9db336c7acd77f08?s=96&d=mm&r=g\",\"caption\":\"Reda\u00e7\u00e3o\"},\"url\":\"https:\/\/jornaltimoneiro.com.br\/index.php\/author\/timoneirocanoas\/\"}]}<\/script>\n<!-- \/ Yoast SEO plugin. -->","yoast_head_json":{"title":"TCE suspende licita\u00e7\u00e3o da Educa\u00e7\u00e3o Infantil - O Timoneiro Jornal Canoas RS","robots":{"index":"index","follow":"follow","max-snippet":"max-snippet:-1","max-image-preview":"max-image-preview:large","max-video-preview":"max-video-preview:-1"},"canonical":"https:\/\/jornaltimoneiro.com.br\/index.php\/2018\/01\/26\/tce-suspende-licitacao-da-educacao-infantil\/","og_locale":"pt_BR","og_type":"article","og_title":"TCE suspende licita\u00e7\u00e3o da Educa\u00e7\u00e3o Infantil - O Timoneiro Jornal Canoas RS","og_description":"O Tribunal de Contas do Estado (TCE-RS) emitiu medida cautelar, na \u00faltima sexta-feira, 19, determinando a suspens\u00e3o de licita\u00e7\u00e3o do Executivo de Canoas, que previa a contrata\u00e7\u00e3o de empresa para presta\u00e7\u00e3o de servi\u00e7os de gest\u00e3o em 10 escolas municipais de educa\u00e7\u00e3o infantil. De acordo com a decis\u00e3o do conselheiro relator, Cezar Miola, a presta\u00e7\u00e3o do [&hellip;]","og_url":"https:\/\/jornaltimoneiro.com.br\/index.php\/2018\/01\/26\/tce-suspende-licitacao-da-educacao-infantil\/","og_site_name":"O Timoneiro Jornal Canoas RS","article_publisher":"https:\/\/www.facebook.com\/jornaltimoneiro","article_published_time":"2018-01-26T16:11:55+00:00","author":"Reda\u00e7\u00e3o","twitter_card":"summary_large_image","twitter_creator":"@_OTimoneiro","twitter_site":"@_OTimoneiro","twitter_misc":{"Escrito por":"Reda\u00e7\u00e3o","Est. tempo de leitura":"2 minutos"},"schema":{"@context":"https:\/\/schema.org","@graph":[{"@type":"Article","@id":"https:\/\/jornaltimoneiro.com.br\/index.php\/2018\/01\/26\/tce-suspende-licitacao-da-educacao-infantil\/#article","isPartOf":{"@id":"https:\/\/jornaltimoneiro.com.br\/index.php\/2018\/01\/26\/tce-suspende-licitacao-da-educacao-infantil\/"},"author":{"name":"Reda\u00e7\u00e3o","@id":"https:\/\/jornaltimoneiro.com.br\/#\/schema\/person\/620efd1d8244466117482be494360b08"},"headline":"TCE suspende licita\u00e7\u00e3o da Educa\u00e7\u00e3o Infantil","datePublished":"2018-01-26T16:11:55+00:00","dateModified":"2018-01-26T16:11:55+00:00","mainEntityOfPage":{"@id":"https:\/\/jornaltimoneiro.com.br\/index.php\/2018\/01\/26\/tce-suspende-licitacao-da-educacao-infantil\/"},"wordCount":370,"publisher":{"@id":"https:\/\/jornaltimoneiro.com.br\/#organization"},"articleSection":["Destaques"],"inLanguage":"pt-BR"},{"@type":"WebPage","@id":"https:\/\/jornaltimoneiro.com.br\/index.php\/2018\/01\/26\/tce-suspende-licitacao-da-educacao-infantil\/","url":"https:\/\/jornaltimoneiro.com.br\/index.php\/2018\/01\/26\/tce-suspende-licitacao-da-educacao-infantil\/","name":"TCE suspende licita\u00e7\u00e3o da Educa\u00e7\u00e3o Infantil - O Timoneiro Jornal Canoas RS","isPartOf":{"@id":"https:\/\/jornaltimoneiro.com.br\/#website"},"datePublished":"2018-01-26T16:11:55+00:00","dateModified":"2018-01-26T16:11:55+00:00","breadcrumb":{"@id":"https:\/\/jornaltimoneiro.com.br\/index.php\/2018\/01\/26\/tce-suspende-licitacao-da-educacao-infantil\/#breadcrumb"},"inLanguage":"pt-BR","potentialAction":[{"@type":"ReadAction","target":["https:\/\/jornaltimoneiro.com.br\/index.php\/2018\/01\/26\/tce-suspende-licitacao-da-educacao-infantil\/"]}]},{"@type":"BreadcrumbList","@id":"https:\/\/jornaltimoneiro.com.br\/index.php\/2018\/01\/26\/tce-suspende-licitacao-da-educacao-infantil\/#breadcrumb","itemListElement":[{"@type":"ListItem","position":1,"name":"In\u00edcio","item":"https:\/\/jornaltimoneiro.com.br\/"},{"@type":"ListItem","position":2,"name":"TCE suspende licita\u00e7\u00e3o da Educa\u00e7\u00e3o Infantil"}]},{"@type":"WebSite","@id":"https:\/\/jornaltimoneiro.com.br\/#website","url":"https:\/\/jornaltimoneiro.com.br\/","name":"Jornal Timoneiro Canoas RS","description":"Jornal O Timoneiro, o verdadeiro jornal de Canoas","publisher":{"@id":"https:\/\/jornaltimoneiro.com.br\/#organization"},"potentialAction":[{"@type":"SearchAction","target":{"@type":"EntryPoint","urlTemplate":"https:\/\/jornaltimoneiro.com.br\/?s={search_term_string}"},"query-input":"required name=search_term_string"}],"inLanguage":"pt-BR"},{"@type":"Organization","@id":"https:\/\/jornaltimoneiro.com.br\/#organization","name":"Jornal Timoneiro Canoas RS","url":"https:\/\/jornaltimoneiro.com.br\/","logo":{"@type":"ImageObject","inLanguage":"pt-BR","@id":"https:\/\/jornaltimoneiro.com.br\/#\/schema\/logo\/image\/","url":"https:\/\/jornaltimoneiro.com.br\/wp-content\/uploads\/2023\/03\/logonovo.png","contentUrl":"https:\/\/jornaltimoneiro.com.br\/wp-content\/uploads\/2023\/03\/logonovo.png","width":"469","height":"171","caption":"Jornal Timoneiro Canoas RS"},"image":{"@id":"https:\/\/jornaltimoneiro.com.br\/#\/schema\/logo\/image\/"},"sameAs":["https:\/\/www.facebook.com\/jornaltimoneiro","https:\/\/twitter.com\/_OTimoneiro","https:\/\/www.instagram.com\/jornaltimoneirocanoas\/","https:\/\/www.youtube.com\/@jornalotimoneiro7927"]},{"@type":"Person","@id":"https:\/\/jornaltimoneiro.com.br\/#\/schema\/person\/620efd1d8244466117482be494360b08","name":"Reda\u00e7\u00e3o","image":{"@type":"ImageObject","inLanguage":"pt-BR","@id":"https:\/\/jornaltimoneiro.com.br\/#\/schema\/person\/image\/","url":"https:\/\/secure.gravatar.com\/avatar\/2f04e1b304682a8d9db336c7acd77f08?s=96&d=mm&r=g","contentUrl":"https:\/\/secure.gravatar.com\/avatar\/2f04e1b304682a8d9db336c7acd77f08?s=96&d=mm&r=g","caption":"Reda\u00e7\u00e3o"},"url":"https:\/\/jornaltimoneiro.com.br\/index.php\/author\/timoneirocanoas\/"}]}},"_links":{"self":[{"href":"https:\/\/jornaltimoneiro.com.br\/index.php\/wp-json\/wp\/v2\/posts\/9951"}],"collection":[{"href":"https:\/\/jornaltimoneiro.com.br\/index.php\/wp-json\/wp\/v2\/posts"}],"about":[{"href":"https:\/\/jornaltimoneiro.com.br\/index.php\/wp-json\/wp\/v2\/types\/post"}],"author":[{"embeddable":true,"href":"https:\/\/jornaltimoneiro.com.br\/index.php\/wp-json\/wp\/v2\/users\/1"}],"replies":[{"embeddable":true,"href":"https:\/\/jornaltimoneiro.com.br\/index.php\/wp-json\/wp\/v2\/comments?post=9951"}],"version-history":[{"count":0,"href":"https:\/\/jornaltimoneiro.com.br\/index.php\/wp-json\/wp\/v2\/posts\/9951\/revisions"}],"wp:featuredmedia":[{"embeddable":true,"href":"https:\/\/jornaltimoneiro.com.br\/index.php\/wp-json\/"}],"wp:attachment":[{"href":"https:\/\/jornaltimoneiro.com.br\/index.php\/wp-json\/wp\/v2\/media?parent=9951"}],"wp:term":[{"taxonomy":"category","embeddable":true,"href":"https:\/\/jornaltimoneiro.com.br\/index.php\/wp-json\/wp\/v2\/categories?post=9951"},{"taxonomy":"post_tag","embeddable":true,"href":"https:\/\/jornaltimoneiro.com.br\/index.php\/wp-json\/wp\/v2\/tags?post=9951"}],"curies":[{"name":"wp","href":"https:\/\/api.w.org\/{rel}","templated":true}]}}