{"id":9940,"date":"2018-01-26T14:04:30","date_gmt":"2018-01-26T16:04:30","guid":{"rendered":"http:\/\/otimoneiro.com.br\/?p=9940"},"modified":"2018-01-26T14:04:30","modified_gmt":"2018-01-26T16:04:30","slug":"decoreled-traz-novo-conceito-em-iluminacao","status":"publish","type":"post","link":"https:\/\/jornaltimoneiro.com.br\/index.php\/2018\/01\/26\/decoreled-traz-novo-conceito-em-iluminacao\/","title":{"rendered":"DecoreLed traz novo conceito em ilumina\u00e7\u00e3o"},"content":{"rendered":"<p><img decoding=\"async\" class=\"aligncenter size-large wp-image-9941\" src=\"http:\/\/otimoneiro.com.br\/wp-content\/uploads\/2018\/01\/abertura-empresas-e-neg\u00f3cios-1024x768.jpg\" alt=\"\" width=\"1024\" height=\"768\" \/><br \/>\nMonique Mendes<\/p>\n<p>A empresa canoense DecoreLed atua no mercado h\u00e1 oito anos e \u00e9 uma das pioneiras no ramo de l\u00e2mpadas de Led no Brasil. Apostando num modelo de neg\u00f3cio diferenciado a empresa se destaca por oferecer um trabalho de consultoria completo na \u00e1rea de ilumina\u00e7\u00e3o com Led. Segundo o s\u00f3cio-fundador Rafael Tusi a empresa passou por uma transi\u00e7\u00e3o nos \u00faltimos anos. De empresa virtual que atendia clientes da ind\u00fastria, passou tamb\u00e9m a oferecer produtos mais decorativos, ilumina\u00e7\u00e3o t\u00e9cnica para rede comercial e designer moderno.<\/p>\n<p>Novo Espa\u00e7o e novas parcerias<\/p>\n<p>A partir da pr\u00f3xima semana, os s\u00f3cios Rafael Tusi e Norbert Treis iniciam um novo momento na empresa. Com o objetivo de ampliar o foco de atua\u00e7\u00e3o e atender tamb\u00e9m arquitetos e o consumidor final, inauguram um novo espa\u00e7o para receber seus clientes. Com parceria firmada com a construtora Vag\u00e3o Urbano, a DecoreLed se posiciona no mercado como uma empresa preparada para assessorar todas as pessoas e profissionais que buscam para seus ambientes um sistema de ilumina\u00e7\u00e3o 30% mais econ\u00f4mico, bonito e sustent\u00e1vel.<\/p>\n<p>Vantagens do Led<\/p>\n<p>O LED (Light Emitter Diode ou Diodo Emissor de Luz) \u00e9 considerado uma evolu\u00e7\u00e3o da ilumina\u00e7\u00e3o mundial. Com uso cada vez mais comum a l\u00e2mpada de Led diferente das l\u00e2mpadas convencionais (incandescentes e fluorescentes) n\u00e3o utiliza filamentos met\u00e1licos e descargas de gases, por isso n\u00e3o causa danos ao meio ambiente e seu descarte pode ser feito direto no lixo de casa. A l\u00e2mpada de Led possui uma tecnologia eficiente, econ\u00f4mica e sustent\u00e1vel, tornando-se o que existe de mais atual no setor.<\/p>\n<p>Hist\u00f3ria da empresa<\/p>\n<p>Com experi\u00eancia de 10 anos na \u00e1rea do Com\u00e9rcio Exterior, Rafael Tusi apostou na comercializa\u00e7\u00e3o das l\u00e2mpadas de Led num momento em que poucos empreendedores acreditavam no sucesso desse tipo de produto. O foco inicial da empresa era a venda virtual para ind\u00fastrias e grandes empresas. Em 2015 a entrada no novo s\u00f3cio, Norbert Treis, agregou for\u00e7a e possibilitou a amplia\u00e7\u00e3o do neg\u00f3cio. Em agosto de 2018 a DecoreLed, tamb\u00e9m conhecida como Itusi, completa oito anos de atua\u00e7\u00e3o no mercado.<\/p>\n","protected":false},"excerpt":{"rendered":"<p>Monique Mendes A empresa canoense DecoreLed atua no mercado h\u00e1 oito anos e \u00e9 uma das pioneiras no ramo de l\u00e2mpadas de Led no Brasil. Apostando num modelo de neg\u00f3cio diferenciado a empresa se destaca por oferecer um trabalho de consultoria completo na \u00e1rea de ilumina\u00e7\u00e3o com Led. Segundo o s\u00f3cio-fundador Rafael Tusi a empresa [&hellip;]<\/p>\n","protected":false},"author":1,"featured_media":9941,"comment_status":"closed","ping_status":"open","sticky":false,"template":"","format":"standard","meta":{"amp_status":"","footnotes":""},"categories":[19],"tags":[],"class_list":["post-9940","post","type-post","status-publish","format-standard","has-post-thumbnail","hentry","category-destaques"],"yoast_head":"<!-- This site is optimized with the Yoast SEO plugin v20.5 - https:\/\/yoast.com\/wordpress\/plugins\/seo\/ -->\n<title>DecoreLed traz novo conceito em ilumina\u00e7\u00e3o - O Timoneiro Jornal Canoas RS<\/title>\n<meta name=\"robots\" content=\"index, follow, max-snippet:-1, max-image-preview:large, max-video-preview:-1\" \/>\n<link rel=\"canonical\" href=\"https:\/\/jornaltimoneiro.com.br\/index.php\/2018\/01\/26\/decoreled-traz-novo-conceito-em-iluminacao\/\" \/>\n<meta property=\"og:locale\" content=\"pt_BR\" \/>\n<meta property=\"og:type\" content=\"article\" \/>\n<meta property=\"og:title\" content=\"DecoreLed traz novo conceito em ilumina\u00e7\u00e3o - O Timoneiro Jornal Canoas RS\" \/>\n<meta property=\"og:description\" content=\"Monique Mendes A empresa canoense DecoreLed atua no mercado h\u00e1 oito anos e \u00e9 uma das pioneiras no ramo de l\u00e2mpadas de Led no Brasil. Apostando num modelo de neg\u00f3cio diferenciado a empresa se destaca por oferecer um trabalho de consultoria completo na \u00e1rea de ilumina\u00e7\u00e3o com Led. Segundo o s\u00f3cio-fundador Rafael Tusi a empresa [&hellip;]\" \/>\n<meta property=\"og:url\" content=\"https:\/\/jornaltimoneiro.com.br\/index.php\/2018\/01\/26\/decoreled-traz-novo-conceito-em-iluminacao\/\" \/>\n<meta property=\"og:site_name\" content=\"O Timoneiro Jornal Canoas RS\" \/>\n<meta property=\"article:publisher\" content=\"https:\/\/www.facebook.com\/jornaltimoneiro\" \/>\n<meta property=\"article:published_time\" content=\"2018-01-26T16:04:30+00:00\" \/>\n<meta name=\"author\" content=\"Reda\u00e7\u00e3o\" \/>\n<meta name=\"twitter:card\" content=\"summary_large_image\" \/>\n<meta name=\"twitter:creator\" content=\"@_OTimoneiro\" \/>\n<meta name=\"twitter:site\" content=\"@_OTimoneiro\" \/>\n<meta name=\"twitter:label1\" content=\"Escrito por\" \/>\n\t<meta name=\"twitter:data1\" content=\"Reda\u00e7\u00e3o\" \/>\n\t<meta name=\"twitter:label2\" content=\"Est. tempo de leitura\" \/>\n\t<meta name=\"twitter:data2\" content=\"2 minutos\" \/>\n<script type=\"application\/ld+json\" class=\"yoast-schema-graph\">{\"@context\":\"https:\/\/schema.org\",\"@graph\":[{\"@type\":\"Article\",\"@id\":\"https:\/\/jornaltimoneiro.com.br\/index.php\/2018\/01\/26\/decoreled-traz-novo-conceito-em-iluminacao\/#article\",\"isPartOf\":{\"@id\":\"https:\/\/jornaltimoneiro.com.br\/index.php\/2018\/01\/26\/decoreled-traz-novo-conceito-em-iluminacao\/\"},\"author\":{\"name\":\"Reda\u00e7\u00e3o\",\"@id\":\"https:\/\/jornaltimoneiro.com.br\/#\/schema\/person\/620efd1d8244466117482be494360b08\"},\"headline\":\"DecoreLed traz novo conceito em ilumina\u00e7\u00e3o\",\"datePublished\":\"2018-01-26T16:04:30+00:00\",\"dateModified\":\"2018-01-26T16:04:30+00:00\",\"mainEntityOfPage\":{\"@id\":\"https:\/\/jornaltimoneiro.com.br\/index.php\/2018\/01\/26\/decoreled-traz-novo-conceito-em-iluminacao\/\"},\"wordCount\":382,\"publisher\":{\"@id\":\"https:\/\/jornaltimoneiro.com.br\/#organization\"},\"articleSection\":[\"Destaques\"],\"inLanguage\":\"pt-BR\"},{\"@type\":\"WebPage\",\"@id\":\"https:\/\/jornaltimoneiro.com.br\/index.php\/2018\/01\/26\/decoreled-traz-novo-conceito-em-iluminacao\/\",\"url\":\"https:\/\/jornaltimoneiro.com.br\/index.php\/2018\/01\/26\/decoreled-traz-novo-conceito-em-iluminacao\/\",\"name\":\"DecoreLed traz novo conceito em ilumina\u00e7\u00e3o - O Timoneiro Jornal Canoas RS\",\"isPartOf\":{\"@id\":\"https:\/\/jornaltimoneiro.com.br\/#website\"},\"datePublished\":\"2018-01-26T16:04:30+00:00\",\"dateModified\":\"2018-01-26T16:04:30+00:00\",\"breadcrumb\":{\"@id\":\"https:\/\/jornaltimoneiro.com.br\/index.php\/2018\/01\/26\/decoreled-traz-novo-conceito-em-iluminacao\/#breadcrumb\"},\"inLanguage\":\"pt-BR\",\"potentialAction\":[{\"@type\":\"ReadAction\",\"target\":[\"https:\/\/jornaltimoneiro.com.br\/index.php\/2018\/01\/26\/decoreled-traz-novo-conceito-em-iluminacao\/\"]}]},{\"@type\":\"BreadcrumbList\",\"@id\":\"https:\/\/jornaltimoneiro.com.br\/index.php\/2018\/01\/26\/decoreled-traz-novo-conceito-em-iluminacao\/#breadcrumb\",\"itemListElement\":[{\"@type\":\"ListItem\",\"position\":1,\"name\":\"In\u00edcio\",\"item\":\"https:\/\/jornaltimoneiro.com.br\/\"},{\"@type\":\"ListItem\",\"position\":2,\"name\":\"DecoreLed traz novo conceito em ilumina\u00e7\u00e3o\"}]},{\"@type\":\"WebSite\",\"@id\":\"https:\/\/jornaltimoneiro.com.br\/#website\",\"url\":\"https:\/\/jornaltimoneiro.com.br\/\",\"name\":\"Jornal Timoneiro Canoas RS\",\"description\":\"Jornal O Timoneiro, o verdadeiro jornal de Canoas\",\"publisher\":{\"@id\":\"https:\/\/jornaltimoneiro.com.br\/#organization\"},\"potentialAction\":[{\"@type\":\"SearchAction\",\"target\":{\"@type\":\"EntryPoint\",\"urlTemplate\":\"https:\/\/jornaltimoneiro.com.br\/?s={search_term_string}\"},\"query-input\":\"required name=search_term_string\"}],\"inLanguage\":\"pt-BR\"},{\"@type\":\"Organization\",\"@id\":\"https:\/\/jornaltimoneiro.com.br\/#organization\",\"name\":\"Jornal Timoneiro Canoas RS\",\"url\":\"https:\/\/jornaltimoneiro.com.br\/\",\"logo\":{\"@type\":\"ImageObject\",\"inLanguage\":\"pt-BR\",\"@id\":\"https:\/\/jornaltimoneiro.com.br\/#\/schema\/logo\/image\/\",\"url\":\"https:\/\/jornaltimoneiro.com.br\/wp-content\/uploads\/2023\/03\/logonovo.png\",\"contentUrl\":\"https:\/\/jornaltimoneiro.com.br\/wp-content\/uploads\/2023\/03\/logonovo.png\",\"width\":\"469\",\"height\":\"171\",\"caption\":\"Jornal Timoneiro Canoas RS\"},\"image\":{\"@id\":\"https:\/\/jornaltimoneiro.com.br\/#\/schema\/logo\/image\/\"},\"sameAs\":[\"https:\/\/www.facebook.com\/jornaltimoneiro\",\"https:\/\/twitter.com\/_OTimoneiro\",\"https:\/\/www.instagram.com\/jornaltimoneirocanoas\/\",\"https:\/\/www.youtube.com\/@jornalotimoneiro7927\"]},{\"@type\":\"Person\",\"@id\":\"https:\/\/jornaltimoneiro.com.br\/#\/schema\/person\/620efd1d8244466117482be494360b08\",\"name\":\"Reda\u00e7\u00e3o\",\"image\":{\"@type\":\"ImageObject\",\"inLanguage\":\"pt-BR\",\"@id\":\"https:\/\/jornaltimoneiro.com.br\/#\/schema\/person\/image\/\",\"url\":\"https:\/\/secure.gravatar.com\/avatar\/2f04e1b304682a8d9db336c7acd77f08?s=96&d=mm&r=g\",\"contentUrl\":\"https:\/\/secure.gravatar.com\/avatar\/2f04e1b304682a8d9db336c7acd77f08?s=96&d=mm&r=g\",\"caption\":\"Reda\u00e7\u00e3o\"},\"url\":\"https:\/\/jornaltimoneiro.com.br\/index.php\/author\/timoneirocanoas\/\"}]}<\/script>\n<!-- \/ Yoast SEO plugin. -->","yoast_head_json":{"title":"DecoreLed traz novo conceito em ilumina\u00e7\u00e3o - O Timoneiro Jornal Canoas RS","robots":{"index":"index","follow":"follow","max-snippet":"max-snippet:-1","max-image-preview":"max-image-preview:large","max-video-preview":"max-video-preview:-1"},"canonical":"https:\/\/jornaltimoneiro.com.br\/index.php\/2018\/01\/26\/decoreled-traz-novo-conceito-em-iluminacao\/","og_locale":"pt_BR","og_type":"article","og_title":"DecoreLed traz novo conceito em ilumina\u00e7\u00e3o - O Timoneiro Jornal Canoas RS","og_description":"Monique Mendes A empresa canoense DecoreLed atua no mercado h\u00e1 oito anos e \u00e9 uma das pioneiras no ramo de l\u00e2mpadas de Led no Brasil. Apostando num modelo de neg\u00f3cio diferenciado a empresa se destaca por oferecer um trabalho de consultoria completo na \u00e1rea de ilumina\u00e7\u00e3o com Led. Segundo o s\u00f3cio-fundador Rafael Tusi a empresa [&hellip;]","og_url":"https:\/\/jornaltimoneiro.com.br\/index.php\/2018\/01\/26\/decoreled-traz-novo-conceito-em-iluminacao\/","og_site_name":"O Timoneiro Jornal Canoas RS","article_publisher":"https:\/\/www.facebook.com\/jornaltimoneiro","article_published_time":"2018-01-26T16:04:30+00:00","author":"Reda\u00e7\u00e3o","twitter_card":"summary_large_image","twitter_creator":"@_OTimoneiro","twitter_site":"@_OTimoneiro","twitter_misc":{"Escrito por":"Reda\u00e7\u00e3o","Est. tempo de leitura":"2 minutos"},"schema":{"@context":"https:\/\/schema.org","@graph":[{"@type":"Article","@id":"https:\/\/jornaltimoneiro.com.br\/index.php\/2018\/01\/26\/decoreled-traz-novo-conceito-em-iluminacao\/#article","isPartOf":{"@id":"https:\/\/jornaltimoneiro.com.br\/index.php\/2018\/01\/26\/decoreled-traz-novo-conceito-em-iluminacao\/"},"author":{"name":"Reda\u00e7\u00e3o","@id":"https:\/\/jornaltimoneiro.com.br\/#\/schema\/person\/620efd1d8244466117482be494360b08"},"headline":"DecoreLed traz novo conceito em ilumina\u00e7\u00e3o","datePublished":"2018-01-26T16:04:30+00:00","dateModified":"2018-01-26T16:04:30+00:00","mainEntityOfPage":{"@id":"https:\/\/jornaltimoneiro.com.br\/index.php\/2018\/01\/26\/decoreled-traz-novo-conceito-em-iluminacao\/"},"wordCount":382,"publisher":{"@id":"https:\/\/jornaltimoneiro.com.br\/#organization"},"articleSection":["Destaques"],"inLanguage":"pt-BR"},{"@type":"WebPage","@id":"https:\/\/jornaltimoneiro.com.br\/index.php\/2018\/01\/26\/decoreled-traz-novo-conceito-em-iluminacao\/","url":"https:\/\/jornaltimoneiro.com.br\/index.php\/2018\/01\/26\/decoreled-traz-novo-conceito-em-iluminacao\/","name":"DecoreLed traz novo conceito em ilumina\u00e7\u00e3o - O Timoneiro Jornal Canoas RS","isPartOf":{"@id":"https:\/\/jornaltimoneiro.com.br\/#website"},"datePublished":"2018-01-26T16:04:30+00:00","dateModified":"2018-01-26T16:04:30+00:00","breadcrumb":{"@id":"https:\/\/jornaltimoneiro.com.br\/index.php\/2018\/01\/26\/decoreled-traz-novo-conceito-em-iluminacao\/#breadcrumb"},"inLanguage":"pt-BR","potentialAction":[{"@type":"ReadAction","target":["https:\/\/jornaltimoneiro.com.br\/index.php\/2018\/01\/26\/decoreled-traz-novo-conceito-em-iluminacao\/"]}]},{"@type":"BreadcrumbList","@id":"https:\/\/jornaltimoneiro.com.br\/index.php\/2018\/01\/26\/decoreled-traz-novo-conceito-em-iluminacao\/#breadcrumb","itemListElement":[{"@type":"ListItem","position":1,"name":"In\u00edcio","item":"https:\/\/jornaltimoneiro.com.br\/"},{"@type":"ListItem","position":2,"name":"DecoreLed traz novo conceito em ilumina\u00e7\u00e3o"}]},{"@type":"WebSite","@id":"https:\/\/jornaltimoneiro.com.br\/#website","url":"https:\/\/jornaltimoneiro.com.br\/","name":"Jornal Timoneiro Canoas RS","description":"Jornal O Timoneiro, o verdadeiro jornal de Canoas","publisher":{"@id":"https:\/\/jornaltimoneiro.com.br\/#organization"},"potentialAction":[{"@type":"SearchAction","target":{"@type":"EntryPoint","urlTemplate":"https:\/\/jornaltimoneiro.com.br\/?s={search_term_string}"},"query-input":"required name=search_term_string"}],"inLanguage":"pt-BR"},{"@type":"Organization","@id":"https:\/\/jornaltimoneiro.com.br\/#organization","name":"Jornal Timoneiro Canoas RS","url":"https:\/\/jornaltimoneiro.com.br\/","logo":{"@type":"ImageObject","inLanguage":"pt-BR","@id":"https:\/\/jornaltimoneiro.com.br\/#\/schema\/logo\/image\/","url":"https:\/\/jornaltimoneiro.com.br\/wp-content\/uploads\/2023\/03\/logonovo.png","contentUrl":"https:\/\/jornaltimoneiro.com.br\/wp-content\/uploads\/2023\/03\/logonovo.png","width":"469","height":"171","caption":"Jornal Timoneiro Canoas RS"},"image":{"@id":"https:\/\/jornaltimoneiro.com.br\/#\/schema\/logo\/image\/"},"sameAs":["https:\/\/www.facebook.com\/jornaltimoneiro","https:\/\/twitter.com\/_OTimoneiro","https:\/\/www.instagram.com\/jornaltimoneirocanoas\/","https:\/\/www.youtube.com\/@jornalotimoneiro7927"]},{"@type":"Person","@id":"https:\/\/jornaltimoneiro.com.br\/#\/schema\/person\/620efd1d8244466117482be494360b08","name":"Reda\u00e7\u00e3o","image":{"@type":"ImageObject","inLanguage":"pt-BR","@id":"https:\/\/jornaltimoneiro.com.br\/#\/schema\/person\/image\/","url":"https:\/\/secure.gravatar.com\/avatar\/2f04e1b304682a8d9db336c7acd77f08?s=96&d=mm&r=g","contentUrl":"https:\/\/secure.gravatar.com\/avatar\/2f04e1b304682a8d9db336c7acd77f08?s=96&d=mm&r=g","caption":"Reda\u00e7\u00e3o"},"url":"https:\/\/jornaltimoneiro.com.br\/index.php\/author\/timoneirocanoas\/"}]}},"_links":{"self":[{"href":"https:\/\/jornaltimoneiro.com.br\/index.php\/wp-json\/wp\/v2\/posts\/9940"}],"collection":[{"href":"https:\/\/jornaltimoneiro.com.br\/index.php\/wp-json\/wp\/v2\/posts"}],"about":[{"href":"https:\/\/jornaltimoneiro.com.br\/index.php\/wp-json\/wp\/v2\/types\/post"}],"author":[{"embeddable":true,"href":"https:\/\/jornaltimoneiro.com.br\/index.php\/wp-json\/wp\/v2\/users\/1"}],"replies":[{"embeddable":true,"href":"https:\/\/jornaltimoneiro.com.br\/index.php\/wp-json\/wp\/v2\/comments?post=9940"}],"version-history":[{"count":0,"href":"https:\/\/jornaltimoneiro.com.br\/index.php\/wp-json\/wp\/v2\/posts\/9940\/revisions"}],"wp:featuredmedia":[{"embeddable":true,"href":"https:\/\/jornaltimoneiro.com.br\/index.php\/wp-json\/"}],"wp:attachment":[{"href":"https:\/\/jornaltimoneiro.com.br\/index.php\/wp-json\/wp\/v2\/media?parent=9940"}],"wp:term":[{"taxonomy":"category","embeddable":true,"href":"https:\/\/jornaltimoneiro.com.br\/index.php\/wp-json\/wp\/v2\/categories?post=9940"},{"taxonomy":"post_tag","embeddable":true,"href":"https:\/\/jornaltimoneiro.com.br\/index.php\/wp-json\/wp\/v2\/tags?post=9940"}],"curies":[{"name":"wp","href":"https:\/\/api.w.org\/{rel}","templated":true}]}}