{"id":9937,"date":"2018-01-26T14:02:32","date_gmt":"2018-01-26T16:02:32","guid":{"rendered":"http:\/\/otimoneiro.com.br\/?p=9937"},"modified":"2018-01-26T14:02:32","modified_gmt":"2018-01-26T16:02:32","slug":"festa-de-navegantes-tem-programacao-intensa","status":"publish","type":"post","link":"https:\/\/jornaltimoneiro.com.br\/index.php\/2018\/01\/26\/festa-de-navegantes-tem-programacao-intensa\/","title":{"rendered":"Festa de Navegantes tem programa\u00e7\u00e3o intensa"},"content":{"rendered":"<p><img decoding=\"async\" class=\"aligncenter size-full wp-image-9938\" src=\"http:\/\/otimoneiro.com.br\/wp-content\/uploads\/2018\/01\/maior_Navegantes_2015_by_Gustavo_Garbino.jpg\" alt=\"\" width=\"900\" height=\"622\" \/>A tradicional festa em honra \u00e0 Nossa Senhora dos Navegantes ocorre na sexta-feira, 2 de fevereiro. Com intensa programa\u00e7\u00e3o, diversos grupos religiosos preparam as atividades para que os devotos possam prestar homenagens durante a data.<\/p>\n<p>Na Par\u00f3quia Imaculada Concei\u00e7\u00e3o (Rua Ana Nery, 1309 \u2013 bairro Rio Branco), a programa\u00e7\u00e3o inicia com missa solene \u00e0s 8 horas. Ap\u00f3s, os peregrinos seguem em caminhada at\u00e9 o Rio Gravata\u00ed, de onde sair\u00e1 a prociss\u00e3o fluvial pelos canais aqu\u00e1ticos do munic\u00edpio, chegando at\u00e9 a Prainha do Paquet\u00e1. No local, os fi\u00e9is poder\u00e3o acompanhar uma nova missa solene, \u00e0s 11 horas.<\/p>\n<p>Ainda dentro da programa\u00e7\u00e3o, a imagem de Nossa Senhora dos Navegantes estar\u00e1 presente no cal\u00e7ad\u00e3o de Canoas, na pr\u00f3xima quarta-feira, 31 de janeiro, das 8 \u00e0s 18h30min.<\/p>\n<p>Programa\u00e7\u00e3o<\/p>\n<p>8 horas &#8211; Missa na par\u00f3quia Imaculada Concei\u00e7\u00e3o (Rio Branco)<br \/>\n9 horas &#8211; Prociss\u00e3o Terrestre da Par\u00f3quia Imaculada ao Areal<br \/>\nProciss\u00e3o da Comunidade Santa Rita (Mato Grande) \u00e0 Prainha do Paquet\u00e1<br \/>\n10 horas &#8211; Prociss\u00e3o Fluvial do Rio Gravata\u00ed at\u00e9 a Prainha do Paquet\u00e1<br \/>\n11 horas &#8211; Missa campal e Homenagem \u00e0 Nossa Senhora dos Navegantes<br \/>\n12 horas &#8211; Ben\u00e7\u00e3o aos devotos<br \/>\n15 horas &#8211; Ora\u00e7\u00e3o ter\u00e7o no lon\u00e3o na Prainha do Paquet\u00e1<br \/>\n16 horas &#8211; Ora\u00e7\u00e3o da Ave-Maria na Prainha do Paquet\u00e1<\/p>\n","protected":false},"excerpt":{"rendered":"<p>A tradicional festa em honra \u00e0 Nossa Senhora dos Navegantes ocorre na sexta-feira, 2 de fevereiro. Com intensa programa\u00e7\u00e3o, diversos grupos religiosos preparam as atividades para que os devotos possam prestar homenagens durante a data. Na Par\u00f3quia Imaculada Concei\u00e7\u00e3o (Rua Ana Nery, 1309 \u2013 bairro Rio Branco), a programa\u00e7\u00e3o inicia com missa solene \u00e0s 8 [&hellip;]<\/p>\n","protected":false},"author":1,"featured_media":9938,"comment_status":"closed","ping_status":"open","sticky":false,"template":"","format":"standard","meta":{"amp_status":"","footnotes":""},"categories":[19],"tags":[],"class_list":["post-9937","post","type-post","status-publish","format-standard","has-post-thumbnail","hentry","category-destaques"],"yoast_head":"<!-- This site is optimized with the Yoast SEO plugin v20.5 - https:\/\/yoast.com\/wordpress\/plugins\/seo\/ -->\n<title>Festa de Navegantes tem programa\u00e7\u00e3o intensa - O Timoneiro Jornal Canoas RS<\/title>\n<meta name=\"robots\" content=\"index, follow, max-snippet:-1, max-image-preview:large, max-video-preview:-1\" \/>\n<link rel=\"canonical\" href=\"https:\/\/jornaltimoneiro.com.br\/index.php\/2018\/01\/26\/festa-de-navegantes-tem-programacao-intensa\/\" \/>\n<meta property=\"og:locale\" content=\"pt_BR\" \/>\n<meta property=\"og:type\" content=\"article\" \/>\n<meta property=\"og:title\" content=\"Festa de Navegantes tem programa\u00e7\u00e3o intensa - O Timoneiro Jornal Canoas RS\" \/>\n<meta property=\"og:description\" content=\"A tradicional festa em honra \u00e0 Nossa Senhora dos Navegantes ocorre na sexta-feira, 2 de fevereiro. Com intensa programa\u00e7\u00e3o, diversos grupos religiosos preparam as atividades para que os devotos possam prestar homenagens durante a data. Na Par\u00f3quia Imaculada Concei\u00e7\u00e3o (Rua Ana Nery, 1309 \u2013 bairro Rio Branco), a programa\u00e7\u00e3o inicia com missa solene \u00e0s 8 [&hellip;]\" \/>\n<meta property=\"og:url\" content=\"https:\/\/jornaltimoneiro.com.br\/index.php\/2018\/01\/26\/festa-de-navegantes-tem-programacao-intensa\/\" \/>\n<meta property=\"og:site_name\" content=\"O Timoneiro Jornal Canoas RS\" \/>\n<meta property=\"article:publisher\" content=\"https:\/\/www.facebook.com\/jornaltimoneiro\" \/>\n<meta property=\"article:published_time\" content=\"2018-01-26T16:02:32+00:00\" \/>\n<meta name=\"author\" content=\"Reda\u00e7\u00e3o\" \/>\n<meta name=\"twitter:card\" content=\"summary_large_image\" \/>\n<meta name=\"twitter:creator\" content=\"@_OTimoneiro\" \/>\n<meta name=\"twitter:site\" content=\"@_OTimoneiro\" \/>\n<meta name=\"twitter:label1\" content=\"Escrito por\" \/>\n\t<meta name=\"twitter:data1\" content=\"Reda\u00e7\u00e3o\" \/>\n\t<meta name=\"twitter:label2\" content=\"Est. tempo de leitura\" \/>\n\t<meta name=\"twitter:data2\" content=\"1 minuto\" \/>\n<script type=\"application\/ld+json\" class=\"yoast-schema-graph\">{\"@context\":\"https:\/\/schema.org\",\"@graph\":[{\"@type\":\"Article\",\"@id\":\"https:\/\/jornaltimoneiro.com.br\/index.php\/2018\/01\/26\/festa-de-navegantes-tem-programacao-intensa\/#article\",\"isPartOf\":{\"@id\":\"https:\/\/jornaltimoneiro.com.br\/index.php\/2018\/01\/26\/festa-de-navegantes-tem-programacao-intensa\/\"},\"author\":{\"name\":\"Reda\u00e7\u00e3o\",\"@id\":\"https:\/\/jornaltimoneiro.com.br\/#\/schema\/person\/620efd1d8244466117482be494360b08\"},\"headline\":\"Festa de Navegantes tem programa\u00e7\u00e3o intensa\",\"datePublished\":\"2018-01-26T16:02:32+00:00\",\"dateModified\":\"2018-01-26T16:02:32+00:00\",\"mainEntityOfPage\":{\"@id\":\"https:\/\/jornaltimoneiro.com.br\/index.php\/2018\/01\/26\/festa-de-navegantes-tem-programacao-intensa\/\"},\"wordCount\":224,\"publisher\":{\"@id\":\"https:\/\/jornaltimoneiro.com.br\/#organization\"},\"articleSection\":[\"Destaques\"],\"inLanguage\":\"pt-BR\"},{\"@type\":\"WebPage\",\"@id\":\"https:\/\/jornaltimoneiro.com.br\/index.php\/2018\/01\/26\/festa-de-navegantes-tem-programacao-intensa\/\",\"url\":\"https:\/\/jornaltimoneiro.com.br\/index.php\/2018\/01\/26\/festa-de-navegantes-tem-programacao-intensa\/\",\"name\":\"Festa de Navegantes tem programa\u00e7\u00e3o intensa - O Timoneiro Jornal Canoas RS\",\"isPartOf\":{\"@id\":\"https:\/\/jornaltimoneiro.com.br\/#website\"},\"datePublished\":\"2018-01-26T16:02:32+00:00\",\"dateModified\":\"2018-01-26T16:02:32+00:00\",\"breadcrumb\":{\"@id\":\"https:\/\/jornaltimoneiro.com.br\/index.php\/2018\/01\/26\/festa-de-navegantes-tem-programacao-intensa\/#breadcrumb\"},\"inLanguage\":\"pt-BR\",\"potentialAction\":[{\"@type\":\"ReadAction\",\"target\":[\"https:\/\/jornaltimoneiro.com.br\/index.php\/2018\/01\/26\/festa-de-navegantes-tem-programacao-intensa\/\"]}]},{\"@type\":\"BreadcrumbList\",\"@id\":\"https:\/\/jornaltimoneiro.com.br\/index.php\/2018\/01\/26\/festa-de-navegantes-tem-programacao-intensa\/#breadcrumb\",\"itemListElement\":[{\"@type\":\"ListItem\",\"position\":1,\"name\":\"In\u00edcio\",\"item\":\"https:\/\/jornaltimoneiro.com.br\/\"},{\"@type\":\"ListItem\",\"position\":2,\"name\":\"Festa de Navegantes tem programa\u00e7\u00e3o intensa\"}]},{\"@type\":\"WebSite\",\"@id\":\"https:\/\/jornaltimoneiro.com.br\/#website\",\"url\":\"https:\/\/jornaltimoneiro.com.br\/\",\"name\":\"Jornal Timoneiro Canoas RS\",\"description\":\"Jornal O Timoneiro, o verdadeiro jornal de Canoas\",\"publisher\":{\"@id\":\"https:\/\/jornaltimoneiro.com.br\/#organization\"},\"potentialAction\":[{\"@type\":\"SearchAction\",\"target\":{\"@type\":\"EntryPoint\",\"urlTemplate\":\"https:\/\/jornaltimoneiro.com.br\/?s={search_term_string}\"},\"query-input\":\"required name=search_term_string\"}],\"inLanguage\":\"pt-BR\"},{\"@type\":\"Organization\",\"@id\":\"https:\/\/jornaltimoneiro.com.br\/#organization\",\"name\":\"Jornal Timoneiro Canoas RS\",\"url\":\"https:\/\/jornaltimoneiro.com.br\/\",\"logo\":{\"@type\":\"ImageObject\",\"inLanguage\":\"pt-BR\",\"@id\":\"https:\/\/jornaltimoneiro.com.br\/#\/schema\/logo\/image\/\",\"url\":\"https:\/\/jornaltimoneiro.com.br\/wp-content\/uploads\/2023\/03\/logonovo.png\",\"contentUrl\":\"https:\/\/jornaltimoneiro.com.br\/wp-content\/uploads\/2023\/03\/logonovo.png\",\"width\":\"469\",\"height\":\"171\",\"caption\":\"Jornal Timoneiro Canoas RS\"},\"image\":{\"@id\":\"https:\/\/jornaltimoneiro.com.br\/#\/schema\/logo\/image\/\"},\"sameAs\":[\"https:\/\/www.facebook.com\/jornaltimoneiro\",\"https:\/\/twitter.com\/_OTimoneiro\",\"https:\/\/www.instagram.com\/jornaltimoneirocanoas\/\",\"https:\/\/www.youtube.com\/@jornalotimoneiro7927\"]},{\"@type\":\"Person\",\"@id\":\"https:\/\/jornaltimoneiro.com.br\/#\/schema\/person\/620efd1d8244466117482be494360b08\",\"name\":\"Reda\u00e7\u00e3o\",\"image\":{\"@type\":\"ImageObject\",\"inLanguage\":\"pt-BR\",\"@id\":\"https:\/\/jornaltimoneiro.com.br\/#\/schema\/person\/image\/\",\"url\":\"https:\/\/secure.gravatar.com\/avatar\/2f04e1b304682a8d9db336c7acd77f08?s=96&d=mm&r=g\",\"contentUrl\":\"https:\/\/secure.gravatar.com\/avatar\/2f04e1b304682a8d9db336c7acd77f08?s=96&d=mm&r=g\",\"caption\":\"Reda\u00e7\u00e3o\"},\"url\":\"https:\/\/jornaltimoneiro.com.br\/index.php\/author\/timoneirocanoas\/\"}]}<\/script>\n<!-- \/ Yoast SEO plugin. -->","yoast_head_json":{"title":"Festa de Navegantes tem programa\u00e7\u00e3o intensa - O Timoneiro Jornal Canoas RS","robots":{"index":"index","follow":"follow","max-snippet":"max-snippet:-1","max-image-preview":"max-image-preview:large","max-video-preview":"max-video-preview:-1"},"canonical":"https:\/\/jornaltimoneiro.com.br\/index.php\/2018\/01\/26\/festa-de-navegantes-tem-programacao-intensa\/","og_locale":"pt_BR","og_type":"article","og_title":"Festa de Navegantes tem programa\u00e7\u00e3o intensa - O Timoneiro Jornal Canoas RS","og_description":"A tradicional festa em honra \u00e0 Nossa Senhora dos Navegantes ocorre na sexta-feira, 2 de fevereiro. Com intensa programa\u00e7\u00e3o, diversos grupos religiosos preparam as atividades para que os devotos possam prestar homenagens durante a data. Na Par\u00f3quia Imaculada Concei\u00e7\u00e3o (Rua Ana Nery, 1309 \u2013 bairro Rio Branco), a programa\u00e7\u00e3o inicia com missa solene \u00e0s 8 [&hellip;]","og_url":"https:\/\/jornaltimoneiro.com.br\/index.php\/2018\/01\/26\/festa-de-navegantes-tem-programacao-intensa\/","og_site_name":"O Timoneiro Jornal Canoas RS","article_publisher":"https:\/\/www.facebook.com\/jornaltimoneiro","article_published_time":"2018-01-26T16:02:32+00:00","author":"Reda\u00e7\u00e3o","twitter_card":"summary_large_image","twitter_creator":"@_OTimoneiro","twitter_site":"@_OTimoneiro","twitter_misc":{"Escrito por":"Reda\u00e7\u00e3o","Est. tempo de leitura":"1 minuto"},"schema":{"@context":"https:\/\/schema.org","@graph":[{"@type":"Article","@id":"https:\/\/jornaltimoneiro.com.br\/index.php\/2018\/01\/26\/festa-de-navegantes-tem-programacao-intensa\/#article","isPartOf":{"@id":"https:\/\/jornaltimoneiro.com.br\/index.php\/2018\/01\/26\/festa-de-navegantes-tem-programacao-intensa\/"},"author":{"name":"Reda\u00e7\u00e3o","@id":"https:\/\/jornaltimoneiro.com.br\/#\/schema\/person\/620efd1d8244466117482be494360b08"},"headline":"Festa de Navegantes tem programa\u00e7\u00e3o intensa","datePublished":"2018-01-26T16:02:32+00:00","dateModified":"2018-01-26T16:02:32+00:00","mainEntityOfPage":{"@id":"https:\/\/jornaltimoneiro.com.br\/index.php\/2018\/01\/26\/festa-de-navegantes-tem-programacao-intensa\/"},"wordCount":224,"publisher":{"@id":"https:\/\/jornaltimoneiro.com.br\/#organization"},"articleSection":["Destaques"],"inLanguage":"pt-BR"},{"@type":"WebPage","@id":"https:\/\/jornaltimoneiro.com.br\/index.php\/2018\/01\/26\/festa-de-navegantes-tem-programacao-intensa\/","url":"https:\/\/jornaltimoneiro.com.br\/index.php\/2018\/01\/26\/festa-de-navegantes-tem-programacao-intensa\/","name":"Festa de Navegantes tem programa\u00e7\u00e3o intensa - O Timoneiro Jornal Canoas RS","isPartOf":{"@id":"https:\/\/jornaltimoneiro.com.br\/#website"},"datePublished":"2018-01-26T16:02:32+00:00","dateModified":"2018-01-26T16:02:32+00:00","breadcrumb":{"@id":"https:\/\/jornaltimoneiro.com.br\/index.php\/2018\/01\/26\/festa-de-navegantes-tem-programacao-intensa\/#breadcrumb"},"inLanguage":"pt-BR","potentialAction":[{"@type":"ReadAction","target":["https:\/\/jornaltimoneiro.com.br\/index.php\/2018\/01\/26\/festa-de-navegantes-tem-programacao-intensa\/"]}]},{"@type":"BreadcrumbList","@id":"https:\/\/jornaltimoneiro.com.br\/index.php\/2018\/01\/26\/festa-de-navegantes-tem-programacao-intensa\/#breadcrumb","itemListElement":[{"@type":"ListItem","position":1,"name":"In\u00edcio","item":"https:\/\/jornaltimoneiro.com.br\/"},{"@type":"ListItem","position":2,"name":"Festa de Navegantes tem programa\u00e7\u00e3o intensa"}]},{"@type":"WebSite","@id":"https:\/\/jornaltimoneiro.com.br\/#website","url":"https:\/\/jornaltimoneiro.com.br\/","name":"Jornal Timoneiro Canoas RS","description":"Jornal O Timoneiro, o verdadeiro jornal de Canoas","publisher":{"@id":"https:\/\/jornaltimoneiro.com.br\/#organization"},"potentialAction":[{"@type":"SearchAction","target":{"@type":"EntryPoint","urlTemplate":"https:\/\/jornaltimoneiro.com.br\/?s={search_term_string}"},"query-input":"required name=search_term_string"}],"inLanguage":"pt-BR"},{"@type":"Organization","@id":"https:\/\/jornaltimoneiro.com.br\/#organization","name":"Jornal Timoneiro Canoas RS","url":"https:\/\/jornaltimoneiro.com.br\/","logo":{"@type":"ImageObject","inLanguage":"pt-BR","@id":"https:\/\/jornaltimoneiro.com.br\/#\/schema\/logo\/image\/","url":"https:\/\/jornaltimoneiro.com.br\/wp-content\/uploads\/2023\/03\/logonovo.png","contentUrl":"https:\/\/jornaltimoneiro.com.br\/wp-content\/uploads\/2023\/03\/logonovo.png","width":"469","height":"171","caption":"Jornal Timoneiro Canoas RS"},"image":{"@id":"https:\/\/jornaltimoneiro.com.br\/#\/schema\/logo\/image\/"},"sameAs":["https:\/\/www.facebook.com\/jornaltimoneiro","https:\/\/twitter.com\/_OTimoneiro","https:\/\/www.instagram.com\/jornaltimoneirocanoas\/","https:\/\/www.youtube.com\/@jornalotimoneiro7927"]},{"@type":"Person","@id":"https:\/\/jornaltimoneiro.com.br\/#\/schema\/person\/620efd1d8244466117482be494360b08","name":"Reda\u00e7\u00e3o","image":{"@type":"ImageObject","inLanguage":"pt-BR","@id":"https:\/\/jornaltimoneiro.com.br\/#\/schema\/person\/image\/","url":"https:\/\/secure.gravatar.com\/avatar\/2f04e1b304682a8d9db336c7acd77f08?s=96&d=mm&r=g","contentUrl":"https:\/\/secure.gravatar.com\/avatar\/2f04e1b304682a8d9db336c7acd77f08?s=96&d=mm&r=g","caption":"Reda\u00e7\u00e3o"},"url":"https:\/\/jornaltimoneiro.com.br\/index.php\/author\/timoneirocanoas\/"}]}},"_links":{"self":[{"href":"https:\/\/jornaltimoneiro.com.br\/index.php\/wp-json\/wp\/v2\/posts\/9937"}],"collection":[{"href":"https:\/\/jornaltimoneiro.com.br\/index.php\/wp-json\/wp\/v2\/posts"}],"about":[{"href":"https:\/\/jornaltimoneiro.com.br\/index.php\/wp-json\/wp\/v2\/types\/post"}],"author":[{"embeddable":true,"href":"https:\/\/jornaltimoneiro.com.br\/index.php\/wp-json\/wp\/v2\/users\/1"}],"replies":[{"embeddable":true,"href":"https:\/\/jornaltimoneiro.com.br\/index.php\/wp-json\/wp\/v2\/comments?post=9937"}],"version-history":[{"count":0,"href":"https:\/\/jornaltimoneiro.com.br\/index.php\/wp-json\/wp\/v2\/posts\/9937\/revisions"}],"wp:featuredmedia":[{"embeddable":true,"href":"https:\/\/jornaltimoneiro.com.br\/index.php\/wp-json\/"}],"wp:attachment":[{"href":"https:\/\/jornaltimoneiro.com.br\/index.php\/wp-json\/wp\/v2\/media?parent=9937"}],"wp:term":[{"taxonomy":"category","embeddable":true,"href":"https:\/\/jornaltimoneiro.com.br\/index.php\/wp-json\/wp\/v2\/categories?post=9937"},{"taxonomy":"post_tag","embeddable":true,"href":"https:\/\/jornaltimoneiro.com.br\/index.php\/wp-json\/wp\/v2\/tags?post=9937"}],"curies":[{"name":"wp","href":"https:\/\/api.w.org\/{rel}","templated":true}]}}