{"id":9931,"date":"2018-01-23T14:58:03","date_gmt":"2018-01-23T16:58:03","guid":{"rendered":"http:\/\/otimoneiro.com.br\/?p=9931"},"modified":"2018-01-23T14:58:03","modified_gmt":"2018-01-23T16:58:03","slug":"canoas-esta-sem-estoque-de-vacina-conta-febre-amarela","status":"publish","type":"post","link":"https:\/\/jornaltimoneiro.com.br\/index.php\/2018\/01\/23\/canoas-esta-sem-estoque-de-vacina-conta-febre-amarela\/","title":{"rendered":"Canoas est\u00e1 sem estoque de vacina conta febre amarela"},"content":{"rendered":"<p><img decoding=\"async\" class=\"aligncenter size-large wp-image-9860\" src=\"http:\/\/otimoneiro.com.br\/wp-content\/uploads\/2018\/01\/alta_Derli_Colomo_Jnior_002-1024x707.jpg\" alt=\"\" width=\"1024\" height=\"707\" \/>A Secretaria Municipal da Sa\u00fade (SMS) de Canoas esclarece \u00e0 popula\u00e7\u00e3o quest\u00f5es sobre o procedimento de vacina\u00e7\u00e3o contra a febre amarela no munic\u00edpio. Por m\u00eas, o Estado encaminha duas mil doses, que s\u00e3o distribu\u00eddas nas Unidades B\u00e1sicas de Sa\u00fade (UBSs) do munic\u00edpio. Nesta ter\u00e7a-feira, 23, n\u00e3o h\u00e1 mais doses dispon\u00edveis. A previs\u00e3o de normaliza\u00e7\u00e3o do estoque \u00e9 nesta sexta-feira, 26.<\/p>\n<p>Em raz\u00e3o da alta procura, a Sa\u00fade afirma que decidiu pedir ao Estado, de forma antecipada, a cota do m\u00eas de fevereiro. A Vigil\u00e2ncia em Sa\u00fade informa que Canoas, por n\u00e3o estar em uma \u00e1rea de risco, recebe cota \u00fanica mensal, totalizando as duas mil doses de vacinas.<\/p>\n<p>A imuniza\u00e7\u00e3o \u00e9 indicada para as pessoas com viagem marcada para os estados onde a doen\u00e7a \u00e9 considerada de risco, especialmente S\u00e3o Paulo, Rio de Janeiro, Bahia e Minas Gerais. A vacina deve ser aplicada dez dias antes do deslocamento. Podem receb\u00ea-la crian\u00e7as a partir de 9 meses de vida. Idosos precisam de autoriza\u00e7\u00e3o m\u00e9dica.<\/p>\n<p>Cada UBS de Canoas tem uma data espec\u00edfica para aplica\u00e7\u00e3o da vacina. O hor\u00e1rio \u00e9 das 8 \u00e0s 17 horas.<\/p>\n<p>Confira:<\/p>\n<p>Segunda-feira:\u00a0Niter\u00f3i, Mathias Velho, S\u00e3o Lu\u00eds, Igara, Rio Branco e Central Park;<\/p>\n<p>Ter\u00e7a-feira:\u00a0Nova Niter\u00f3i, Natal, Guajuviras, S\u00e3o Jos\u00e9, Santa Isabel e F\u00e1tima 2;<\/p>\n<p>Quarta-feira:\u00a0Niter\u00f3i, Harmonia, Santo Oper\u00e1rio, Olaria, F\u00e1tima 1;<\/p>\n<p>Quinta-feira:\u00a0Cerne, Pra\u00e7a Am\u00e9rica, S\u00e3o Vicente, CAIC, Boa Sa\u00fade;<\/p>\n<p>Sexta-feira:\u00a0Concoban, Uni\u00e3o, Jos\u00e9 Ver\u00edssimo, Est\u00e2ncia Velha, Pedro Lu\u00eds, Mato Grande.<\/p>\n","protected":false},"excerpt":{"rendered":"<p>A Secretaria Municipal da Sa\u00fade (SMS) de Canoas esclarece \u00e0 popula\u00e7\u00e3o quest\u00f5es sobre o procedimento de vacina\u00e7\u00e3o contra a febre amarela no munic\u00edpio. Por m\u00eas, o Estado encaminha duas mil doses, que s\u00e3o distribu\u00eddas nas Unidades B\u00e1sicas de Sa\u00fade (UBSs) do munic\u00edpio. Nesta ter\u00e7a-feira, 23, n\u00e3o h\u00e1 mais doses dispon\u00edveis. A previs\u00e3o de normaliza\u00e7\u00e3o do [&hellip;]<\/p>\n","protected":false},"author":1,"featured_media":9860,"comment_status":"closed","ping_status":"open","sticky":false,"template":"","format":"standard","meta":{"amp_status":"","footnotes":""},"categories":[19],"tags":[],"class_list":["post-9931","post","type-post","status-publish","format-standard","has-post-thumbnail","hentry","category-destaques"],"yoast_head":"<!-- This site is optimized with the Yoast SEO plugin v20.5 - https:\/\/yoast.com\/wordpress\/plugins\/seo\/ -->\n<title>Canoas est\u00e1 sem estoque de vacina conta febre amarela - O Timoneiro Jornal Canoas RS<\/title>\n<meta name=\"robots\" content=\"index, follow, max-snippet:-1, max-image-preview:large, max-video-preview:-1\" \/>\n<link rel=\"canonical\" href=\"https:\/\/jornaltimoneiro.com.br\/index.php\/2018\/01\/23\/canoas-esta-sem-estoque-de-vacina-conta-febre-amarela\/\" \/>\n<meta property=\"og:locale\" content=\"pt_BR\" \/>\n<meta property=\"og:type\" content=\"article\" \/>\n<meta property=\"og:title\" content=\"Canoas est\u00e1 sem estoque de vacina conta febre amarela - O Timoneiro Jornal Canoas RS\" \/>\n<meta property=\"og:description\" content=\"A Secretaria Municipal da Sa\u00fade (SMS) de Canoas esclarece \u00e0 popula\u00e7\u00e3o quest\u00f5es sobre o procedimento de vacina\u00e7\u00e3o contra a febre amarela no munic\u00edpio. Por m\u00eas, o Estado encaminha duas mil doses, que s\u00e3o distribu\u00eddas nas Unidades B\u00e1sicas de Sa\u00fade (UBSs) do munic\u00edpio. Nesta ter\u00e7a-feira, 23, n\u00e3o h\u00e1 mais doses dispon\u00edveis. A previs\u00e3o de normaliza\u00e7\u00e3o do [&hellip;]\" \/>\n<meta property=\"og:url\" content=\"https:\/\/jornaltimoneiro.com.br\/index.php\/2018\/01\/23\/canoas-esta-sem-estoque-de-vacina-conta-febre-amarela\/\" \/>\n<meta property=\"og:site_name\" content=\"O Timoneiro Jornal Canoas RS\" \/>\n<meta property=\"article:publisher\" content=\"https:\/\/www.facebook.com\/jornaltimoneiro\" \/>\n<meta property=\"article:published_time\" content=\"2018-01-23T16:58:03+00:00\" \/>\n<meta name=\"author\" content=\"Reda\u00e7\u00e3o\" \/>\n<meta name=\"twitter:card\" content=\"summary_large_image\" \/>\n<meta name=\"twitter:creator\" content=\"@_OTimoneiro\" \/>\n<meta name=\"twitter:site\" content=\"@_OTimoneiro\" \/>\n<meta name=\"twitter:label1\" content=\"Escrito por\" \/>\n\t<meta name=\"twitter:data1\" content=\"Reda\u00e7\u00e3o\" \/>\n\t<meta name=\"twitter:label2\" content=\"Est. tempo de leitura\" \/>\n\t<meta name=\"twitter:data2\" content=\"1 minuto\" \/>\n<script type=\"application\/ld+json\" class=\"yoast-schema-graph\">{\"@context\":\"https:\/\/schema.org\",\"@graph\":[{\"@type\":\"Article\",\"@id\":\"https:\/\/jornaltimoneiro.com.br\/index.php\/2018\/01\/23\/canoas-esta-sem-estoque-de-vacina-conta-febre-amarela\/#article\",\"isPartOf\":{\"@id\":\"https:\/\/jornaltimoneiro.com.br\/index.php\/2018\/01\/23\/canoas-esta-sem-estoque-de-vacina-conta-febre-amarela\/\"},\"author\":{\"name\":\"Reda\u00e7\u00e3o\",\"@id\":\"https:\/\/jornaltimoneiro.com.br\/#\/schema\/person\/620efd1d8244466117482be494360b08\"},\"headline\":\"Canoas est\u00e1 sem estoque de vacina conta febre amarela\",\"datePublished\":\"2018-01-23T16:58:03+00:00\",\"dateModified\":\"2018-01-23T16:58:03+00:00\",\"mainEntityOfPage\":{\"@id\":\"https:\/\/jornaltimoneiro.com.br\/index.php\/2018\/01\/23\/canoas-esta-sem-estoque-de-vacina-conta-febre-amarela\/\"},\"wordCount\":283,\"publisher\":{\"@id\":\"https:\/\/jornaltimoneiro.com.br\/#organization\"},\"articleSection\":[\"Destaques\"],\"inLanguage\":\"pt-BR\"},{\"@type\":\"WebPage\",\"@id\":\"https:\/\/jornaltimoneiro.com.br\/index.php\/2018\/01\/23\/canoas-esta-sem-estoque-de-vacina-conta-febre-amarela\/\",\"url\":\"https:\/\/jornaltimoneiro.com.br\/index.php\/2018\/01\/23\/canoas-esta-sem-estoque-de-vacina-conta-febre-amarela\/\",\"name\":\"Canoas est\u00e1 sem estoque de vacina conta febre amarela - O Timoneiro Jornal Canoas RS\",\"isPartOf\":{\"@id\":\"https:\/\/jornaltimoneiro.com.br\/#website\"},\"datePublished\":\"2018-01-23T16:58:03+00:00\",\"dateModified\":\"2018-01-23T16:58:03+00:00\",\"breadcrumb\":{\"@id\":\"https:\/\/jornaltimoneiro.com.br\/index.php\/2018\/01\/23\/canoas-esta-sem-estoque-de-vacina-conta-febre-amarela\/#breadcrumb\"},\"inLanguage\":\"pt-BR\",\"potentialAction\":[{\"@type\":\"ReadAction\",\"target\":[\"https:\/\/jornaltimoneiro.com.br\/index.php\/2018\/01\/23\/canoas-esta-sem-estoque-de-vacina-conta-febre-amarela\/\"]}]},{\"@type\":\"BreadcrumbList\",\"@id\":\"https:\/\/jornaltimoneiro.com.br\/index.php\/2018\/01\/23\/canoas-esta-sem-estoque-de-vacina-conta-febre-amarela\/#breadcrumb\",\"itemListElement\":[{\"@type\":\"ListItem\",\"position\":1,\"name\":\"In\u00edcio\",\"item\":\"https:\/\/jornaltimoneiro.com.br\/\"},{\"@type\":\"ListItem\",\"position\":2,\"name\":\"Canoas est\u00e1 sem estoque de vacina conta febre amarela\"}]},{\"@type\":\"WebSite\",\"@id\":\"https:\/\/jornaltimoneiro.com.br\/#website\",\"url\":\"https:\/\/jornaltimoneiro.com.br\/\",\"name\":\"Jornal Timoneiro Canoas RS\",\"description\":\"Jornal O Timoneiro, o verdadeiro jornal de Canoas\",\"publisher\":{\"@id\":\"https:\/\/jornaltimoneiro.com.br\/#organization\"},\"potentialAction\":[{\"@type\":\"SearchAction\",\"target\":{\"@type\":\"EntryPoint\",\"urlTemplate\":\"https:\/\/jornaltimoneiro.com.br\/?s={search_term_string}\"},\"query-input\":\"required name=search_term_string\"}],\"inLanguage\":\"pt-BR\"},{\"@type\":\"Organization\",\"@id\":\"https:\/\/jornaltimoneiro.com.br\/#organization\",\"name\":\"Jornal Timoneiro Canoas RS\",\"url\":\"https:\/\/jornaltimoneiro.com.br\/\",\"logo\":{\"@type\":\"ImageObject\",\"inLanguage\":\"pt-BR\",\"@id\":\"https:\/\/jornaltimoneiro.com.br\/#\/schema\/logo\/image\/\",\"url\":\"https:\/\/jornaltimoneiro.com.br\/wp-content\/uploads\/2023\/03\/logonovo.png\",\"contentUrl\":\"https:\/\/jornaltimoneiro.com.br\/wp-content\/uploads\/2023\/03\/logonovo.png\",\"width\":\"469\",\"height\":\"171\",\"caption\":\"Jornal Timoneiro Canoas RS\"},\"image\":{\"@id\":\"https:\/\/jornaltimoneiro.com.br\/#\/schema\/logo\/image\/\"},\"sameAs\":[\"https:\/\/www.facebook.com\/jornaltimoneiro\",\"https:\/\/twitter.com\/_OTimoneiro\",\"https:\/\/www.instagram.com\/jornaltimoneirocanoas\/\",\"https:\/\/www.youtube.com\/@jornalotimoneiro7927\"]},{\"@type\":\"Person\",\"@id\":\"https:\/\/jornaltimoneiro.com.br\/#\/schema\/person\/620efd1d8244466117482be494360b08\",\"name\":\"Reda\u00e7\u00e3o\",\"image\":{\"@type\":\"ImageObject\",\"inLanguage\":\"pt-BR\",\"@id\":\"https:\/\/jornaltimoneiro.com.br\/#\/schema\/person\/image\/\",\"url\":\"https:\/\/secure.gravatar.com\/avatar\/2f04e1b304682a8d9db336c7acd77f08?s=96&d=mm&r=g\",\"contentUrl\":\"https:\/\/secure.gravatar.com\/avatar\/2f04e1b304682a8d9db336c7acd77f08?s=96&d=mm&r=g\",\"caption\":\"Reda\u00e7\u00e3o\"},\"url\":\"https:\/\/jornaltimoneiro.com.br\/index.php\/author\/timoneirocanoas\/\"}]}<\/script>\n<!-- \/ Yoast SEO plugin. -->","yoast_head_json":{"title":"Canoas est\u00e1 sem estoque de vacina conta febre amarela - O Timoneiro Jornal Canoas RS","robots":{"index":"index","follow":"follow","max-snippet":"max-snippet:-1","max-image-preview":"max-image-preview:large","max-video-preview":"max-video-preview:-1"},"canonical":"https:\/\/jornaltimoneiro.com.br\/index.php\/2018\/01\/23\/canoas-esta-sem-estoque-de-vacina-conta-febre-amarela\/","og_locale":"pt_BR","og_type":"article","og_title":"Canoas est\u00e1 sem estoque de vacina conta febre amarela - O Timoneiro Jornal Canoas RS","og_description":"A Secretaria Municipal da Sa\u00fade (SMS) de Canoas esclarece \u00e0 popula\u00e7\u00e3o quest\u00f5es sobre o procedimento de vacina\u00e7\u00e3o contra a febre amarela no munic\u00edpio. Por m\u00eas, o Estado encaminha duas mil doses, que s\u00e3o distribu\u00eddas nas Unidades B\u00e1sicas de Sa\u00fade (UBSs) do munic\u00edpio. Nesta ter\u00e7a-feira, 23, n\u00e3o h\u00e1 mais doses dispon\u00edveis. A previs\u00e3o de normaliza\u00e7\u00e3o do [&hellip;]","og_url":"https:\/\/jornaltimoneiro.com.br\/index.php\/2018\/01\/23\/canoas-esta-sem-estoque-de-vacina-conta-febre-amarela\/","og_site_name":"O Timoneiro Jornal Canoas RS","article_publisher":"https:\/\/www.facebook.com\/jornaltimoneiro","article_published_time":"2018-01-23T16:58:03+00:00","author":"Reda\u00e7\u00e3o","twitter_card":"summary_large_image","twitter_creator":"@_OTimoneiro","twitter_site":"@_OTimoneiro","twitter_misc":{"Escrito por":"Reda\u00e7\u00e3o","Est. tempo de leitura":"1 minuto"},"schema":{"@context":"https:\/\/schema.org","@graph":[{"@type":"Article","@id":"https:\/\/jornaltimoneiro.com.br\/index.php\/2018\/01\/23\/canoas-esta-sem-estoque-de-vacina-conta-febre-amarela\/#article","isPartOf":{"@id":"https:\/\/jornaltimoneiro.com.br\/index.php\/2018\/01\/23\/canoas-esta-sem-estoque-de-vacina-conta-febre-amarela\/"},"author":{"name":"Reda\u00e7\u00e3o","@id":"https:\/\/jornaltimoneiro.com.br\/#\/schema\/person\/620efd1d8244466117482be494360b08"},"headline":"Canoas est\u00e1 sem estoque de vacina conta febre amarela","datePublished":"2018-01-23T16:58:03+00:00","dateModified":"2018-01-23T16:58:03+00:00","mainEntityOfPage":{"@id":"https:\/\/jornaltimoneiro.com.br\/index.php\/2018\/01\/23\/canoas-esta-sem-estoque-de-vacina-conta-febre-amarela\/"},"wordCount":283,"publisher":{"@id":"https:\/\/jornaltimoneiro.com.br\/#organization"},"articleSection":["Destaques"],"inLanguage":"pt-BR"},{"@type":"WebPage","@id":"https:\/\/jornaltimoneiro.com.br\/index.php\/2018\/01\/23\/canoas-esta-sem-estoque-de-vacina-conta-febre-amarela\/","url":"https:\/\/jornaltimoneiro.com.br\/index.php\/2018\/01\/23\/canoas-esta-sem-estoque-de-vacina-conta-febre-amarela\/","name":"Canoas est\u00e1 sem estoque de vacina conta febre amarela - O Timoneiro Jornal Canoas RS","isPartOf":{"@id":"https:\/\/jornaltimoneiro.com.br\/#website"},"datePublished":"2018-01-23T16:58:03+00:00","dateModified":"2018-01-23T16:58:03+00:00","breadcrumb":{"@id":"https:\/\/jornaltimoneiro.com.br\/index.php\/2018\/01\/23\/canoas-esta-sem-estoque-de-vacina-conta-febre-amarela\/#breadcrumb"},"inLanguage":"pt-BR","potentialAction":[{"@type":"ReadAction","target":["https:\/\/jornaltimoneiro.com.br\/index.php\/2018\/01\/23\/canoas-esta-sem-estoque-de-vacina-conta-febre-amarela\/"]}]},{"@type":"BreadcrumbList","@id":"https:\/\/jornaltimoneiro.com.br\/index.php\/2018\/01\/23\/canoas-esta-sem-estoque-de-vacina-conta-febre-amarela\/#breadcrumb","itemListElement":[{"@type":"ListItem","position":1,"name":"In\u00edcio","item":"https:\/\/jornaltimoneiro.com.br\/"},{"@type":"ListItem","position":2,"name":"Canoas est\u00e1 sem estoque de vacina conta febre amarela"}]},{"@type":"WebSite","@id":"https:\/\/jornaltimoneiro.com.br\/#website","url":"https:\/\/jornaltimoneiro.com.br\/","name":"Jornal Timoneiro Canoas RS","description":"Jornal O Timoneiro, o verdadeiro jornal de Canoas","publisher":{"@id":"https:\/\/jornaltimoneiro.com.br\/#organization"},"potentialAction":[{"@type":"SearchAction","target":{"@type":"EntryPoint","urlTemplate":"https:\/\/jornaltimoneiro.com.br\/?s={search_term_string}"},"query-input":"required name=search_term_string"}],"inLanguage":"pt-BR"},{"@type":"Organization","@id":"https:\/\/jornaltimoneiro.com.br\/#organization","name":"Jornal Timoneiro Canoas RS","url":"https:\/\/jornaltimoneiro.com.br\/","logo":{"@type":"ImageObject","inLanguage":"pt-BR","@id":"https:\/\/jornaltimoneiro.com.br\/#\/schema\/logo\/image\/","url":"https:\/\/jornaltimoneiro.com.br\/wp-content\/uploads\/2023\/03\/logonovo.png","contentUrl":"https:\/\/jornaltimoneiro.com.br\/wp-content\/uploads\/2023\/03\/logonovo.png","width":"469","height":"171","caption":"Jornal Timoneiro Canoas RS"},"image":{"@id":"https:\/\/jornaltimoneiro.com.br\/#\/schema\/logo\/image\/"},"sameAs":["https:\/\/www.facebook.com\/jornaltimoneiro","https:\/\/twitter.com\/_OTimoneiro","https:\/\/www.instagram.com\/jornaltimoneirocanoas\/","https:\/\/www.youtube.com\/@jornalotimoneiro7927"]},{"@type":"Person","@id":"https:\/\/jornaltimoneiro.com.br\/#\/schema\/person\/620efd1d8244466117482be494360b08","name":"Reda\u00e7\u00e3o","image":{"@type":"ImageObject","inLanguage":"pt-BR","@id":"https:\/\/jornaltimoneiro.com.br\/#\/schema\/person\/image\/","url":"https:\/\/secure.gravatar.com\/avatar\/2f04e1b304682a8d9db336c7acd77f08?s=96&d=mm&r=g","contentUrl":"https:\/\/secure.gravatar.com\/avatar\/2f04e1b304682a8d9db336c7acd77f08?s=96&d=mm&r=g","caption":"Reda\u00e7\u00e3o"},"url":"https:\/\/jornaltimoneiro.com.br\/index.php\/author\/timoneirocanoas\/"}]}},"_links":{"self":[{"href":"https:\/\/jornaltimoneiro.com.br\/index.php\/wp-json\/wp\/v2\/posts\/9931"}],"collection":[{"href":"https:\/\/jornaltimoneiro.com.br\/index.php\/wp-json\/wp\/v2\/posts"}],"about":[{"href":"https:\/\/jornaltimoneiro.com.br\/index.php\/wp-json\/wp\/v2\/types\/post"}],"author":[{"embeddable":true,"href":"https:\/\/jornaltimoneiro.com.br\/index.php\/wp-json\/wp\/v2\/users\/1"}],"replies":[{"embeddable":true,"href":"https:\/\/jornaltimoneiro.com.br\/index.php\/wp-json\/wp\/v2\/comments?post=9931"}],"version-history":[{"count":0,"href":"https:\/\/jornaltimoneiro.com.br\/index.php\/wp-json\/wp\/v2\/posts\/9931\/revisions"}],"wp:featuredmedia":[{"embeddable":true,"href":"https:\/\/jornaltimoneiro.com.br\/index.php\/wp-json\/"}],"wp:attachment":[{"href":"https:\/\/jornaltimoneiro.com.br\/index.php\/wp-json\/wp\/v2\/media?parent=9931"}],"wp:term":[{"taxonomy":"category","embeddable":true,"href":"https:\/\/jornaltimoneiro.com.br\/index.php\/wp-json\/wp\/v2\/categories?post=9931"},{"taxonomy":"post_tag","embeddable":true,"href":"https:\/\/jornaltimoneiro.com.br\/index.php\/wp-json\/wp\/v2\/tags?post=9931"}],"curies":[{"name":"wp","href":"https:\/\/api.w.org\/{rel}","templated":true}]}}