{"id":946,"date":"2015-08-21T12:18:16","date_gmt":"2015-08-21T15:18:16","guid":{"rendered":"http:\/\/otimoneiro.com.br\/?p=946"},"modified":"2015-08-21T12:18:16","modified_gmt":"2015-08-21T15:18:16","slug":"santa-tecla-40-anos-de-trabalho-na-recuperacao-de-coracoes-e-mentes","status":"publish","type":"post","link":"https:\/\/jornaltimoneiro.com.br\/index.php\/2015\/08\/21\/santa-tecla-40-anos-de-trabalho-na-recuperacao-de-coracoes-e-mentes\/","title":{"rendered":"Santa Tecla: 40 anos de trabalho na recupera\u00e7\u00e3o de cora\u00e7\u00f5es e mentes"},"content":{"rendered":"<div id=\"attachment_953\" style=\"width: 599px\" class=\"wp-caption aligncenter\"><a href=\"http:\/\/otimoneiro.com.br\/wp-content\/uploads\/2015\/08\/2015-08-19-11.29.00.jpg\"><img decoding=\"async\" aria-describedby=\"caption-attachment-953\" class=\"wp-image-953 \" src=\"http:\/\/otimoneiro.com.br\/wp-content\/uploads\/2015\/08\/2015-08-19-11.29.00-1024x576.jpg\" alt=\"Dr. Nelson Lemos diz que cl\u00ednica j\u00e1 realizou mais de 170 atendimentos.\" width=\"589\" height=\"333\" \/><\/a><p id=\"caption-attachment-953\" class=\"wp-caption-text\">Dr. Nelson Lemos diz que cl\u00ednica j\u00e1 realizou mais de 170 atendimentos.<\/p><\/div>\n<p style=\"text-align: center;\"><strong>Texto e fotos:\u00a0Marcelo Griza<\/strong><\/p>\n<p style=\"text-align: justify;\">A Cl\u00ednica Santa Tecla completou 40 anos de exist\u00eancia em 2015. Tem uma estrutura de 1350 metros quadrados de \u00e1rea constru\u00edda, 50 leitos para interna\u00e7\u00e3o e sete consult\u00f3rios para consultas. Hoje, constitui-se como um servi\u00e7o amplo para cuidar dos v\u00edcios, resolver a cabe\u00e7a e tratar dos males da alma.<\/p>\n<p style=\"text-align: justify;\">Sua funda\u00e7\u00e3o ocorreu em 1975, ap\u00f3s algum tempo de colabora\u00e7\u00e3o do psiquiatra Nelson Lemos para com a ent\u00e3o geriatria, de propriedade de Z\u00e9lia Maciel. Mais tarde, o filho dela, o proctologista Iran Vieira Maciel, tamb\u00e9m j\u00e1 falecido e que atuava como cl\u00ednico, come\u00e7aram a pensar na melhoria do atendimento no local. A aplica\u00e7\u00e3o dessas ideias, junto com o ingresso dos s\u00f3cios, psiquiatras Paulo Renato Amaral e Carlos Eduardo Nascente, provocou a cria\u00e7\u00e3o da institui\u00e7\u00e3o. Em quatro d\u00e9cadas, o Santa Tecla j\u00e1 atendeu mais de 12 mil pacientes somente em sua unidade de interna\u00e7\u00e3o, al\u00e9m de ter abrigado pelo menos 700 mil atendimentos em seus consult\u00f3rios.<\/p>\n<p style=\"text-align: justify;\">\u201cMas no come\u00e7o foi bem complicado, t\u00ednhamos dificuldade\u201d, relata Nelson Lemos. \u201cN\u00f3s tentamos ter um conv\u00eanio com o INPS, mas durou pouco, porque o valor pago era muito baixo. Era algo na ordem de C$ 2,50. A\u00ed tinha que ser muito abnegado\u201d, aponta.<\/p>\n<p style=\"text-align: justify;\">Logo a cl\u00ednica voltou-se aos conv\u00eanios de todos os tipos para manter-se em funcionamento. No momento, s\u00e3o mais de 30 os que possuem contratos com o Santa Tecla, incluindo empresas, planos de sa\u00fade e prefeituras da Regi\u00e3o Metropolitana.<br \/>\nNelson, agora com 87 anos, ainda atende pacientes toda semana na cl\u00ednica. \u201c\u00c9 realmente mais do que eu esperava que durasse!\u201d, afirma, entre risos. \u201cN\u00f3s aqui no Santa Tecla trabalhamos muito mais pelo ideal do que pelo enriquecimento. Conseguimos viver, ganha-se algum dinheiro. Mas n\u00e3o se enriquece.\u201d<\/p>\n<p style=\"text-align: justify;\"><a href=\"http:\/\/otimoneiro.com.br\/wp-content\/uploads\/2015\/08\/2015-08-19-11.33.15.jpg\"><img decoding=\"async\" class=\" size-medium wp-image-954 alignright\" src=\"http:\/\/otimoneiro.com.br\/wp-content\/uploads\/2015\/08\/2015-08-19-11.33.15-169x300.jpg\" alt=\"Cl\u00ednica Santa Tecla\" width=\"169\" height=\"300\" \/><\/a>O psiquiatra guarda com carinho as boas hist\u00f3rias de pacientes recuperados. \u201cUma vez, tivemos que amarrar um homem numa cama por uma semana inteira. Ele era alcoolista. Semanas depois, num posto de gasolina, ele deu um tapinha nas minhas costas e me chamou pelo nome. Eu n\u00e3o o reconheci. Depois disso, ele me contou como saiu da cl\u00ednica e foi recuperar sua fam\u00edlia e seu trabalho. \u00c9 \u00f3timo ver as pessoas melhorarem na vida!\u201d<\/p>\n<p style=\"text-align: justify;\">Hoje, a cl\u00ednica \u00e9 administrada por dois filhos de Nelson Lemos, Nilson e Norma. \u201cA gente procura manter esse ambiente mais familiar, com poucos leitos. No hospital, o paciente \u00e9 s\u00f3 mais um. Aqui todo mundo pode conhecer ele pelo nome. Do m\u00e9dico que atende ele at\u00e9 o pessoal da limpeza. \u00c9 algo mais humano\u201d, comenta Nelson.<\/p>\n<p style=\"text-align: justify;\">A equipe da Cl\u00ednica Santa Tecla atualmente conta com 12 m\u00e9dicos, entre psic\u00f3logos, psiquiatras e nutricionistas, de um total de mais de 50 colaboradores. A equipe multidisciplinar tamb\u00e9m inclui profissionais como educadores f\u00edsicos, al\u00e9m da equipe de limpeza, recepcionistas, e outros, que tendem cerca de 40 interna\u00e7\u00f5es e 1600 consultas ambulatoriais por m\u00eas.<\/p>\n","protected":false},"excerpt":{"rendered":"<p>O tradicional estabelecimento canoense, primeiro do tipo na cidade, segue com intensas atividades<\/p>\n","protected":false},"author":1,"featured_media":953,"comment_status":"open","ping_status":"open","sticky":false,"template":"","format":"standard","meta":{"amp_status":"","footnotes":""},"categories":[25,19,28,22],"tags":[],"class_list":["post-946","post","type-post","status-publish","format-standard","has-post-thumbnail","hentry","category-comunidade","category-destaques","category-especiais","category-noticias"],"yoast_head":"<!-- This site is optimized with the Yoast SEO plugin v20.5 - https:\/\/yoast.com\/wordpress\/plugins\/seo\/ -->\n<title>Santa Tecla: 40 anos de trabalho na recupera\u00e7\u00e3o de cora\u00e7\u00f5es e mentes - O Timoneiro Jornal Canoas RS<\/title>\n<meta name=\"robots\" content=\"index, follow, max-snippet:-1, max-image-preview:large, max-video-preview:-1\" \/>\n<link rel=\"canonical\" href=\"https:\/\/jornaltimoneiro.com.br\/index.php\/2015\/08\/21\/santa-tecla-40-anos-de-trabalho-na-recuperacao-de-coracoes-e-mentes\/\" \/>\n<meta property=\"og:locale\" content=\"pt_BR\" \/>\n<meta property=\"og:type\" content=\"article\" \/>\n<meta property=\"og:title\" content=\"Santa Tecla: 40 anos de trabalho na recupera\u00e7\u00e3o de cora\u00e7\u00f5es e mentes - O Timoneiro Jornal Canoas RS\" \/>\n<meta property=\"og:description\" content=\"O tradicional estabelecimento canoense, primeiro do tipo na cidade, segue com intensas atividades\" \/>\n<meta property=\"og:url\" content=\"https:\/\/jornaltimoneiro.com.br\/index.php\/2015\/08\/21\/santa-tecla-40-anos-de-trabalho-na-recuperacao-de-coracoes-e-mentes\/\" \/>\n<meta property=\"og:site_name\" content=\"O Timoneiro Jornal Canoas RS\" \/>\n<meta property=\"article:publisher\" content=\"https:\/\/www.facebook.com\/jornaltimoneiro\" \/>\n<meta property=\"article:published_time\" content=\"2015-08-21T15:18:16+00:00\" \/>\n<meta name=\"author\" content=\"Reda\u00e7\u00e3o\" \/>\n<meta name=\"twitter:card\" content=\"summary_large_image\" \/>\n<meta name=\"twitter:creator\" content=\"@_OTimoneiro\" \/>\n<meta name=\"twitter:site\" content=\"@_OTimoneiro\" \/>\n<meta name=\"twitter:label1\" content=\"Escrito por\" \/>\n\t<meta name=\"twitter:data1\" content=\"Reda\u00e7\u00e3o\" \/>\n\t<meta name=\"twitter:label2\" content=\"Est. tempo de leitura\" \/>\n\t<meta name=\"twitter:data2\" content=\"3 minutos\" \/>\n<script type=\"application\/ld+json\" class=\"yoast-schema-graph\">{\"@context\":\"https:\/\/schema.org\",\"@graph\":[{\"@type\":\"Article\",\"@id\":\"https:\/\/jornaltimoneiro.com.br\/index.php\/2015\/08\/21\/santa-tecla-40-anos-de-trabalho-na-recuperacao-de-coracoes-e-mentes\/#article\",\"isPartOf\":{\"@id\":\"https:\/\/jornaltimoneiro.com.br\/index.php\/2015\/08\/21\/santa-tecla-40-anos-de-trabalho-na-recuperacao-de-coracoes-e-mentes\/\"},\"author\":{\"name\":\"Reda\u00e7\u00e3o\",\"@id\":\"https:\/\/jornaltimoneiro.com.br\/#\/schema\/person\/620efd1d8244466117482be494360b08\"},\"headline\":\"Santa Tecla: 40 anos de trabalho na recupera\u00e7\u00e3o de cora\u00e7\u00f5es e mentes\",\"datePublished\":\"2015-08-21T15:18:16+00:00\",\"dateModified\":\"2015-08-21T15:18:16+00:00\",\"mainEntityOfPage\":{\"@id\":\"https:\/\/jornaltimoneiro.com.br\/index.php\/2015\/08\/21\/santa-tecla-40-anos-de-trabalho-na-recuperacao-de-coracoes-e-mentes\/\"},\"wordCount\":534,\"commentCount\":0,\"publisher\":{\"@id\":\"https:\/\/jornaltimoneiro.com.br\/#organization\"},\"articleSection\":[\"Comunidade\",\"Destaques\",\"Especiais\",\"Not\u00edcias\"],\"inLanguage\":\"pt-BR\",\"potentialAction\":[{\"@type\":\"CommentAction\",\"name\":\"Comment\",\"target\":[\"https:\/\/jornaltimoneiro.com.br\/index.php\/2015\/08\/21\/santa-tecla-40-anos-de-trabalho-na-recuperacao-de-coracoes-e-mentes\/#respond\"]}]},{\"@type\":\"WebPage\",\"@id\":\"https:\/\/jornaltimoneiro.com.br\/index.php\/2015\/08\/21\/santa-tecla-40-anos-de-trabalho-na-recuperacao-de-coracoes-e-mentes\/\",\"url\":\"https:\/\/jornaltimoneiro.com.br\/index.php\/2015\/08\/21\/santa-tecla-40-anos-de-trabalho-na-recuperacao-de-coracoes-e-mentes\/\",\"name\":\"Santa Tecla: 40 anos de trabalho na recupera\u00e7\u00e3o de cora\u00e7\u00f5es e mentes - O Timoneiro Jornal Canoas RS\",\"isPartOf\":{\"@id\":\"https:\/\/jornaltimoneiro.com.br\/#website\"},\"datePublished\":\"2015-08-21T15:18:16+00:00\",\"dateModified\":\"2015-08-21T15:18:16+00:00\",\"breadcrumb\":{\"@id\":\"https:\/\/jornaltimoneiro.com.br\/index.php\/2015\/08\/21\/santa-tecla-40-anos-de-trabalho-na-recuperacao-de-coracoes-e-mentes\/#breadcrumb\"},\"inLanguage\":\"pt-BR\",\"potentialAction\":[{\"@type\":\"ReadAction\",\"target\":[\"https:\/\/jornaltimoneiro.com.br\/index.php\/2015\/08\/21\/santa-tecla-40-anos-de-trabalho-na-recuperacao-de-coracoes-e-mentes\/\"]}]},{\"@type\":\"BreadcrumbList\",\"@id\":\"https:\/\/jornaltimoneiro.com.br\/index.php\/2015\/08\/21\/santa-tecla-40-anos-de-trabalho-na-recuperacao-de-coracoes-e-mentes\/#breadcrumb\",\"itemListElement\":[{\"@type\":\"ListItem\",\"position\":1,\"name\":\"In\u00edcio\",\"item\":\"https:\/\/jornaltimoneiro.com.br\/\"},{\"@type\":\"ListItem\",\"position\":2,\"name\":\"Santa Tecla: 40 anos de trabalho na recupera\u00e7\u00e3o de cora\u00e7\u00f5es e mentes\"}]},{\"@type\":\"WebSite\",\"@id\":\"https:\/\/jornaltimoneiro.com.br\/#website\",\"url\":\"https:\/\/jornaltimoneiro.com.br\/\",\"name\":\"Jornal Timoneiro Canoas RS\",\"description\":\"Jornal O Timoneiro, o verdadeiro jornal de Canoas\",\"publisher\":{\"@id\":\"https:\/\/jornaltimoneiro.com.br\/#organization\"},\"potentialAction\":[{\"@type\":\"SearchAction\",\"target\":{\"@type\":\"EntryPoint\",\"urlTemplate\":\"https:\/\/jornaltimoneiro.com.br\/?s={search_term_string}\"},\"query-input\":\"required name=search_term_string\"}],\"inLanguage\":\"pt-BR\"},{\"@type\":\"Organization\",\"@id\":\"https:\/\/jornaltimoneiro.com.br\/#organization\",\"name\":\"Jornal Timoneiro Canoas RS\",\"url\":\"https:\/\/jornaltimoneiro.com.br\/\",\"logo\":{\"@type\":\"ImageObject\",\"inLanguage\":\"pt-BR\",\"@id\":\"https:\/\/jornaltimoneiro.com.br\/#\/schema\/logo\/image\/\",\"url\":\"https:\/\/jornaltimoneiro.com.br\/wp-content\/uploads\/2023\/03\/logonovo.png\",\"contentUrl\":\"https:\/\/jornaltimoneiro.com.br\/wp-content\/uploads\/2023\/03\/logonovo.png\",\"width\":\"469\",\"height\":\"171\",\"caption\":\"Jornal Timoneiro Canoas RS\"},\"image\":{\"@id\":\"https:\/\/jornaltimoneiro.com.br\/#\/schema\/logo\/image\/\"},\"sameAs\":[\"https:\/\/www.facebook.com\/jornaltimoneiro\",\"https:\/\/twitter.com\/_OTimoneiro\",\"https:\/\/www.instagram.com\/jornaltimoneirocanoas\/\",\"https:\/\/www.youtube.com\/@jornalotimoneiro7927\"]},{\"@type\":\"Person\",\"@id\":\"https:\/\/jornaltimoneiro.com.br\/#\/schema\/person\/620efd1d8244466117482be494360b08\",\"name\":\"Reda\u00e7\u00e3o\",\"image\":{\"@type\":\"ImageObject\",\"inLanguage\":\"pt-BR\",\"@id\":\"https:\/\/jornaltimoneiro.com.br\/#\/schema\/person\/image\/\",\"url\":\"https:\/\/secure.gravatar.com\/avatar\/2f04e1b304682a8d9db336c7acd77f08?s=96&d=mm&r=g\",\"contentUrl\":\"https:\/\/secure.gravatar.com\/avatar\/2f04e1b304682a8d9db336c7acd77f08?s=96&d=mm&r=g\",\"caption\":\"Reda\u00e7\u00e3o\"},\"url\":\"https:\/\/jornaltimoneiro.com.br\/index.php\/author\/timoneirocanoas\/\"}]}<\/script>\n<!-- \/ Yoast SEO plugin. -->","yoast_head_json":{"title":"Santa Tecla: 40 anos de trabalho na recupera\u00e7\u00e3o de cora\u00e7\u00f5es e mentes - O Timoneiro Jornal Canoas RS","robots":{"index":"index","follow":"follow","max-snippet":"max-snippet:-1","max-image-preview":"max-image-preview:large","max-video-preview":"max-video-preview:-1"},"canonical":"https:\/\/jornaltimoneiro.com.br\/index.php\/2015\/08\/21\/santa-tecla-40-anos-de-trabalho-na-recuperacao-de-coracoes-e-mentes\/","og_locale":"pt_BR","og_type":"article","og_title":"Santa Tecla: 40 anos de trabalho na recupera\u00e7\u00e3o de cora\u00e7\u00f5es e mentes - O Timoneiro Jornal Canoas RS","og_description":"O tradicional estabelecimento canoense, primeiro do tipo na cidade, segue com intensas atividades","og_url":"https:\/\/jornaltimoneiro.com.br\/index.php\/2015\/08\/21\/santa-tecla-40-anos-de-trabalho-na-recuperacao-de-coracoes-e-mentes\/","og_site_name":"O Timoneiro Jornal Canoas RS","article_publisher":"https:\/\/www.facebook.com\/jornaltimoneiro","article_published_time":"2015-08-21T15:18:16+00:00","author":"Reda\u00e7\u00e3o","twitter_card":"summary_large_image","twitter_creator":"@_OTimoneiro","twitter_site":"@_OTimoneiro","twitter_misc":{"Escrito por":"Reda\u00e7\u00e3o","Est. tempo de leitura":"3 minutos"},"schema":{"@context":"https:\/\/schema.org","@graph":[{"@type":"Article","@id":"https:\/\/jornaltimoneiro.com.br\/index.php\/2015\/08\/21\/santa-tecla-40-anos-de-trabalho-na-recuperacao-de-coracoes-e-mentes\/#article","isPartOf":{"@id":"https:\/\/jornaltimoneiro.com.br\/index.php\/2015\/08\/21\/santa-tecla-40-anos-de-trabalho-na-recuperacao-de-coracoes-e-mentes\/"},"author":{"name":"Reda\u00e7\u00e3o","@id":"https:\/\/jornaltimoneiro.com.br\/#\/schema\/person\/620efd1d8244466117482be494360b08"},"headline":"Santa Tecla: 40 anos de trabalho na recupera\u00e7\u00e3o de cora\u00e7\u00f5es e mentes","datePublished":"2015-08-21T15:18:16+00:00","dateModified":"2015-08-21T15:18:16+00:00","mainEntityOfPage":{"@id":"https:\/\/jornaltimoneiro.com.br\/index.php\/2015\/08\/21\/santa-tecla-40-anos-de-trabalho-na-recuperacao-de-coracoes-e-mentes\/"},"wordCount":534,"commentCount":0,"publisher":{"@id":"https:\/\/jornaltimoneiro.com.br\/#organization"},"articleSection":["Comunidade","Destaques","Especiais","Not\u00edcias"],"inLanguage":"pt-BR","potentialAction":[{"@type":"CommentAction","name":"Comment","target":["https:\/\/jornaltimoneiro.com.br\/index.php\/2015\/08\/21\/santa-tecla-40-anos-de-trabalho-na-recuperacao-de-coracoes-e-mentes\/#respond"]}]},{"@type":"WebPage","@id":"https:\/\/jornaltimoneiro.com.br\/index.php\/2015\/08\/21\/santa-tecla-40-anos-de-trabalho-na-recuperacao-de-coracoes-e-mentes\/","url":"https:\/\/jornaltimoneiro.com.br\/index.php\/2015\/08\/21\/santa-tecla-40-anos-de-trabalho-na-recuperacao-de-coracoes-e-mentes\/","name":"Santa Tecla: 40 anos de trabalho na recupera\u00e7\u00e3o de cora\u00e7\u00f5es e mentes - O Timoneiro Jornal Canoas RS","isPartOf":{"@id":"https:\/\/jornaltimoneiro.com.br\/#website"},"datePublished":"2015-08-21T15:18:16+00:00","dateModified":"2015-08-21T15:18:16+00:00","breadcrumb":{"@id":"https:\/\/jornaltimoneiro.com.br\/index.php\/2015\/08\/21\/santa-tecla-40-anos-de-trabalho-na-recuperacao-de-coracoes-e-mentes\/#breadcrumb"},"inLanguage":"pt-BR","potentialAction":[{"@type":"ReadAction","target":["https:\/\/jornaltimoneiro.com.br\/index.php\/2015\/08\/21\/santa-tecla-40-anos-de-trabalho-na-recuperacao-de-coracoes-e-mentes\/"]}]},{"@type":"BreadcrumbList","@id":"https:\/\/jornaltimoneiro.com.br\/index.php\/2015\/08\/21\/santa-tecla-40-anos-de-trabalho-na-recuperacao-de-coracoes-e-mentes\/#breadcrumb","itemListElement":[{"@type":"ListItem","position":1,"name":"In\u00edcio","item":"https:\/\/jornaltimoneiro.com.br\/"},{"@type":"ListItem","position":2,"name":"Santa Tecla: 40 anos de trabalho na recupera\u00e7\u00e3o de cora\u00e7\u00f5es e mentes"}]},{"@type":"WebSite","@id":"https:\/\/jornaltimoneiro.com.br\/#website","url":"https:\/\/jornaltimoneiro.com.br\/","name":"Jornal Timoneiro Canoas RS","description":"Jornal O Timoneiro, o verdadeiro jornal de Canoas","publisher":{"@id":"https:\/\/jornaltimoneiro.com.br\/#organization"},"potentialAction":[{"@type":"SearchAction","target":{"@type":"EntryPoint","urlTemplate":"https:\/\/jornaltimoneiro.com.br\/?s={search_term_string}"},"query-input":"required name=search_term_string"}],"inLanguage":"pt-BR"},{"@type":"Organization","@id":"https:\/\/jornaltimoneiro.com.br\/#organization","name":"Jornal Timoneiro Canoas RS","url":"https:\/\/jornaltimoneiro.com.br\/","logo":{"@type":"ImageObject","inLanguage":"pt-BR","@id":"https:\/\/jornaltimoneiro.com.br\/#\/schema\/logo\/image\/","url":"https:\/\/jornaltimoneiro.com.br\/wp-content\/uploads\/2023\/03\/logonovo.png","contentUrl":"https:\/\/jornaltimoneiro.com.br\/wp-content\/uploads\/2023\/03\/logonovo.png","width":"469","height":"171","caption":"Jornal Timoneiro Canoas RS"},"image":{"@id":"https:\/\/jornaltimoneiro.com.br\/#\/schema\/logo\/image\/"},"sameAs":["https:\/\/www.facebook.com\/jornaltimoneiro","https:\/\/twitter.com\/_OTimoneiro","https:\/\/www.instagram.com\/jornaltimoneirocanoas\/","https:\/\/www.youtube.com\/@jornalotimoneiro7927"]},{"@type":"Person","@id":"https:\/\/jornaltimoneiro.com.br\/#\/schema\/person\/620efd1d8244466117482be494360b08","name":"Reda\u00e7\u00e3o","image":{"@type":"ImageObject","inLanguage":"pt-BR","@id":"https:\/\/jornaltimoneiro.com.br\/#\/schema\/person\/image\/","url":"https:\/\/secure.gravatar.com\/avatar\/2f04e1b304682a8d9db336c7acd77f08?s=96&d=mm&r=g","contentUrl":"https:\/\/secure.gravatar.com\/avatar\/2f04e1b304682a8d9db336c7acd77f08?s=96&d=mm&r=g","caption":"Reda\u00e7\u00e3o"},"url":"https:\/\/jornaltimoneiro.com.br\/index.php\/author\/timoneirocanoas\/"}]}},"_links":{"self":[{"href":"https:\/\/jornaltimoneiro.com.br\/index.php\/wp-json\/wp\/v2\/posts\/946"}],"collection":[{"href":"https:\/\/jornaltimoneiro.com.br\/index.php\/wp-json\/wp\/v2\/posts"}],"about":[{"href":"https:\/\/jornaltimoneiro.com.br\/index.php\/wp-json\/wp\/v2\/types\/post"}],"author":[{"embeddable":true,"href":"https:\/\/jornaltimoneiro.com.br\/index.php\/wp-json\/wp\/v2\/users\/1"}],"replies":[{"embeddable":true,"href":"https:\/\/jornaltimoneiro.com.br\/index.php\/wp-json\/wp\/v2\/comments?post=946"}],"version-history":[{"count":0,"href":"https:\/\/jornaltimoneiro.com.br\/index.php\/wp-json\/wp\/v2\/posts\/946\/revisions"}],"wp:featuredmedia":[{"embeddable":true,"href":"https:\/\/jornaltimoneiro.com.br\/index.php\/wp-json\/"}],"wp:attachment":[{"href":"https:\/\/jornaltimoneiro.com.br\/index.php\/wp-json\/wp\/v2\/media?parent=946"}],"wp:term":[{"taxonomy":"category","embeddable":true,"href":"https:\/\/jornaltimoneiro.com.br\/index.php\/wp-json\/wp\/v2\/categories?post=946"},{"taxonomy":"post_tag","embeddable":true,"href":"https:\/\/jornaltimoneiro.com.br\/index.php\/wp-json\/wp\/v2\/tags?post=946"}],"curies":[{"name":"wp","href":"https:\/\/api.w.org\/{rel}","templated":true}]}}