{"id":934,"date":"2015-08-21T11:16:53","date_gmt":"2015-08-21T14:16:53","guid":{"rendered":"http:\/\/otimoneiro.com.br\/?p=934"},"modified":"2015-08-21T11:16:53","modified_gmt":"2015-08-21T14:16:53","slug":"comiccon-rs-movimenta-ulbra","status":"publish","type":"post","link":"https:\/\/jornaltimoneiro.com.br\/index.php\/2015\/08\/21\/comiccon-rs-movimenta-ulbra\/","title":{"rendered":"ComicCon RS movimenta Ulbra"},"content":{"rendered":"<div id=\"attachment_937\" style=\"width: 598px\" class=\"wp-caption aligncenter\"><a href=\"http:\/\/otimoneiro.com.br\/wp-content\/uploads\/2015\/08\/ComicCON-RS-2014.jpg\"><img decoding=\"async\" aria-describedby=\"caption-attachment-937\" class=\"wp-image-937 \" src=\"http:\/\/otimoneiro.com.br\/wp-content\/uploads\/2015\/08\/ComicCON-RS-2014-1024x718.jpg\" alt=\"OLYMPUS DIGITAL CAMERA - Foto: Divulga\u00e7\u00e3o ComiCon\" width=\"588\" height=\"418\" \/><\/a><p id=\"caption-attachment-937\" class=\"wp-caption-text\">OLYMPUS DIGITAL CAMERA &#8211; Foto: Divulga\u00e7\u00e3o ComiCon<\/p><\/div>\n<p style=\"text-align: justify;\">Entre os dias 22 e 23 de agosto, s\u00e1bado e domingo, respectivamente, ocorrer\u00e1 a quinta edi\u00e7\u00e3o da ComicCon RS, a principal conven\u00e7\u00e3o de quadrinhos e cultura POP do Rio Grande do Sul, no Campus da Ulbra. O evento \u00e9 realizado pela Produtora Multiverso. Com amplo espa\u00e7o para a realiza\u00e7\u00e3o de pain\u00e9is, debates, exposi\u00e7\u00f5es, sess\u00f5es de aut\u00f3grafos, estandes, salas tem\u00e1ticas e Artists Alley, a ComicCON RS #5 promete surpreender f\u00e3s e superar suas edi\u00e7\u00f5es anteriores com uma programa\u00e7\u00e3o diversificada, formada por mais de 60 artistas nacionais e estrangeiros.<\/p>\n<p style=\"text-align: justify;\">Este ano, a atra\u00e7\u00e3o internacional que promete abalar as estruturas \u00e9 o roteirista brit\u00e2nico Peter Milligan, famoso por t\u00edtulos controversos como Hellblazer, X-Force, X-T\u00e1ticos e a miniss\u00e9rie Batman no Brasil. The Names, seu trabalho mais recente pela Vertigo, tem arte do argentino Leandro Fernandez, que tamb\u00e9m \u00e9 um dos convidados estrangeiros da ComicCON RS. Ele e o colega mexicano Rodolfo Santullo fazem o lan\u00e7amento nacional da HQ Far South durante a conven\u00e7\u00e3o atrav\u00e9s do selo Stout Club, idealizado pelo artista ga\u00facho Rafael Albuquerque. Outro destaque \u00e9 a presen\u00e7a dos g\u00eameos F\u00e1bio Moon e Gabriel B\u00e1, que v\u00eam ao sul para o lan\u00e7amento da graphic novel Dois Irm\u00e3os.<\/p>\n<p style=\"text-align: justify;\">Com o jornalista e editor Sidney Gusman como homenageado desta edi\u00e7\u00e3o, a programa\u00e7\u00e3o recebe em peso os artistas da cole\u00e7\u00e3o Graphic MSP, um dos seus projetos de maior sucesso. Nomes de todo pa\u00eds como Vitor e Lu Cafaggi, Paulo Crumbim, Cristina Eiko, Eduardo Damasceno, Lu\u00eds Felipe Garrocho, Gustavo Duarte e Cris Peter prometem as sess\u00f5es de aut\u00f3grafos mais concorridas do evento. A ComicCON RS ainda conta com pain\u00e9is sobre tema como Marvel e DC, adapta\u00e7\u00f5es para o cinema, igualdade de g\u00eaneros e etnias, quadrinhos independentes e mercado digital. Programa\u00e7\u00e3o completa e informa\u00e7\u00f5es sobre ingressos no site www.comicconrs.com.<\/p>\n<div id=\"attachment_948\" style=\"width: 599px\" class=\"wp-caption aligncenter\"><a href=\"http:\/\/otimoneiro.com.br\/wp-content\/uploads\/2015\/08\/Poster-oficial-ComicCON-5.png\"><img decoding=\"async\" aria-describedby=\"caption-attachment-948\" class=\"wp-image-948 \" src=\"http:\/\/otimoneiro.com.br\/wp-content\/uploads\/2015\/08\/Poster-oficial-ComicCON-5.png\" alt=\"Poster oficial ComicCON 5. Foto: Divulga\u00e7\u00e3o\" width=\"589\" height=\"592\" \/><\/a><p id=\"caption-attachment-948\" class=\"wp-caption-text\">Poster oficial ComicCON 5. Foto: Divulga\u00e7\u00e3o<\/p><\/div>\n","protected":false},"excerpt":{"rendered":"<p>Entre os dias 22 e 23 de agosto, s\u00e1bado e domingo, respectivamente, ocorrer\u00e1 a quinta edi\u00e7\u00e3o da ComicCon RS, a principal conven\u00e7\u00e3o de quadrinhos e cultura POP do Rio Grande do Sul, no Campus da Ulbra. O evento \u00e9 realizado pela Produtora Multiverso. Com amplo espa\u00e7o para a realiza\u00e7\u00e3o de pain\u00e9is, debates, exposi\u00e7\u00f5es, sess\u00f5es de [&hellip;]<\/p>\n","protected":false},"author":1,"featured_media":0,"comment_status":"open","ping_status":"open","sticky":false,"template":"","format":"standard","meta":{"amp_status":"","footnotes":""},"categories":[19,23],"tags":[],"class_list":["post-934","post","type-post","status-publish","format-standard","hentry","category-destaques","category-geral"],"yoast_head":"<!-- This site is optimized with the Yoast SEO plugin v20.5 - https:\/\/yoast.com\/wordpress\/plugins\/seo\/ -->\n<title>ComicCon RS movimenta Ulbra - O Timoneiro Jornal Canoas RS<\/title>\n<meta name=\"robots\" content=\"index, follow, max-snippet:-1, max-image-preview:large, max-video-preview:-1\" \/>\n<link rel=\"canonical\" href=\"https:\/\/jornaltimoneiro.com.br\/index.php\/2015\/08\/21\/comiccon-rs-movimenta-ulbra\/\" \/>\n<meta property=\"og:locale\" content=\"pt_BR\" \/>\n<meta property=\"og:type\" content=\"article\" \/>\n<meta property=\"og:title\" content=\"ComicCon RS movimenta Ulbra - O Timoneiro Jornal Canoas RS\" \/>\n<meta property=\"og:description\" content=\"Entre os dias 22 e 23 de agosto, s\u00e1bado e domingo, respectivamente, ocorrer\u00e1 a quinta edi\u00e7\u00e3o da ComicCon RS, a principal conven\u00e7\u00e3o de quadrinhos e cultura POP do Rio Grande do Sul, no Campus da Ulbra. O evento \u00e9 realizado pela Produtora Multiverso. Com amplo espa\u00e7o para a realiza\u00e7\u00e3o de pain\u00e9is, debates, exposi\u00e7\u00f5es, sess\u00f5es de [&hellip;]\" \/>\n<meta property=\"og:url\" content=\"https:\/\/jornaltimoneiro.com.br\/index.php\/2015\/08\/21\/comiccon-rs-movimenta-ulbra\/\" \/>\n<meta property=\"og:site_name\" content=\"O Timoneiro Jornal Canoas RS\" \/>\n<meta property=\"article:publisher\" content=\"https:\/\/www.facebook.com\/jornaltimoneiro\" \/>\n<meta property=\"article:published_time\" content=\"2015-08-21T14:16:53+00:00\" \/>\n<meta property=\"og:image\" content=\"http:\/\/otimoneiro.com.br\/wp-content\/uploads\/2015\/08\/ComicCON-RS-2014-1024x718.jpg\" \/>\n<meta name=\"author\" content=\"Reda\u00e7\u00e3o\" \/>\n<meta name=\"twitter:card\" content=\"summary_large_image\" \/>\n<meta name=\"twitter:creator\" content=\"@_OTimoneiro\" \/>\n<meta name=\"twitter:site\" content=\"@_OTimoneiro\" \/>\n<meta name=\"twitter:label1\" content=\"Escrito por\" \/>\n\t<meta name=\"twitter:data1\" content=\"Reda\u00e7\u00e3o\" \/>\n\t<meta name=\"twitter:label2\" content=\"Est. tempo de leitura\" \/>\n\t<meta name=\"twitter:data2\" content=\"2 minutos\" \/>\n<script type=\"application\/ld+json\" class=\"yoast-schema-graph\">{\"@context\":\"https:\/\/schema.org\",\"@graph\":[{\"@type\":\"Article\",\"@id\":\"https:\/\/jornaltimoneiro.com.br\/index.php\/2015\/08\/21\/comiccon-rs-movimenta-ulbra\/#article\",\"isPartOf\":{\"@id\":\"https:\/\/jornaltimoneiro.com.br\/index.php\/2015\/08\/21\/comiccon-rs-movimenta-ulbra\/\"},\"author\":{\"name\":\"Reda\u00e7\u00e3o\",\"@id\":\"https:\/\/jornaltimoneiro.com.br\/#\/schema\/person\/620efd1d8244466117482be494360b08\"},\"headline\":\"ComicCon RS movimenta Ulbra\",\"datePublished\":\"2015-08-21T14:16:53+00:00\",\"dateModified\":\"2015-08-21T14:16:53+00:00\",\"mainEntityOfPage\":{\"@id\":\"https:\/\/jornaltimoneiro.com.br\/index.php\/2015\/08\/21\/comiccon-rs-movimenta-ulbra\/\"},\"wordCount\":358,\"commentCount\":0,\"publisher\":{\"@id\":\"https:\/\/jornaltimoneiro.com.br\/#organization\"},\"articleSection\":[\"Destaques\",\"Geral\"],\"inLanguage\":\"pt-BR\",\"potentialAction\":[{\"@type\":\"CommentAction\",\"name\":\"Comment\",\"target\":[\"https:\/\/jornaltimoneiro.com.br\/index.php\/2015\/08\/21\/comiccon-rs-movimenta-ulbra\/#respond\"]}]},{\"@type\":\"WebPage\",\"@id\":\"https:\/\/jornaltimoneiro.com.br\/index.php\/2015\/08\/21\/comiccon-rs-movimenta-ulbra\/\",\"url\":\"https:\/\/jornaltimoneiro.com.br\/index.php\/2015\/08\/21\/comiccon-rs-movimenta-ulbra\/\",\"name\":\"ComicCon RS movimenta Ulbra - O Timoneiro Jornal Canoas RS\",\"isPartOf\":{\"@id\":\"https:\/\/jornaltimoneiro.com.br\/#website\"},\"datePublished\":\"2015-08-21T14:16:53+00:00\",\"dateModified\":\"2015-08-21T14:16:53+00:00\",\"breadcrumb\":{\"@id\":\"https:\/\/jornaltimoneiro.com.br\/index.php\/2015\/08\/21\/comiccon-rs-movimenta-ulbra\/#breadcrumb\"},\"inLanguage\":\"pt-BR\",\"potentialAction\":[{\"@type\":\"ReadAction\",\"target\":[\"https:\/\/jornaltimoneiro.com.br\/index.php\/2015\/08\/21\/comiccon-rs-movimenta-ulbra\/\"]}]},{\"@type\":\"BreadcrumbList\",\"@id\":\"https:\/\/jornaltimoneiro.com.br\/index.php\/2015\/08\/21\/comiccon-rs-movimenta-ulbra\/#breadcrumb\",\"itemListElement\":[{\"@type\":\"ListItem\",\"position\":1,\"name\":\"In\u00edcio\",\"item\":\"https:\/\/jornaltimoneiro.com.br\/\"},{\"@type\":\"ListItem\",\"position\":2,\"name\":\"ComicCon RS movimenta Ulbra\"}]},{\"@type\":\"WebSite\",\"@id\":\"https:\/\/jornaltimoneiro.com.br\/#website\",\"url\":\"https:\/\/jornaltimoneiro.com.br\/\",\"name\":\"Jornal Timoneiro Canoas RS\",\"description\":\"Jornal O Timoneiro, o verdadeiro jornal de Canoas\",\"publisher\":{\"@id\":\"https:\/\/jornaltimoneiro.com.br\/#organization\"},\"potentialAction\":[{\"@type\":\"SearchAction\",\"target\":{\"@type\":\"EntryPoint\",\"urlTemplate\":\"https:\/\/jornaltimoneiro.com.br\/?s={search_term_string}\"},\"query-input\":\"required name=search_term_string\"}],\"inLanguage\":\"pt-BR\"},{\"@type\":\"Organization\",\"@id\":\"https:\/\/jornaltimoneiro.com.br\/#organization\",\"name\":\"Jornal Timoneiro Canoas RS\",\"url\":\"https:\/\/jornaltimoneiro.com.br\/\",\"logo\":{\"@type\":\"ImageObject\",\"inLanguage\":\"pt-BR\",\"@id\":\"https:\/\/jornaltimoneiro.com.br\/#\/schema\/logo\/image\/\",\"url\":\"https:\/\/jornaltimoneiro.com.br\/wp-content\/uploads\/2023\/03\/logonovo.png\",\"contentUrl\":\"https:\/\/jornaltimoneiro.com.br\/wp-content\/uploads\/2023\/03\/logonovo.png\",\"width\":\"469\",\"height\":\"171\",\"caption\":\"Jornal Timoneiro Canoas RS\"},\"image\":{\"@id\":\"https:\/\/jornaltimoneiro.com.br\/#\/schema\/logo\/image\/\"},\"sameAs\":[\"https:\/\/www.facebook.com\/jornaltimoneiro\",\"https:\/\/twitter.com\/_OTimoneiro\",\"https:\/\/www.instagram.com\/jornaltimoneirocanoas\/\",\"https:\/\/www.youtube.com\/@jornalotimoneiro7927\"]},{\"@type\":\"Person\",\"@id\":\"https:\/\/jornaltimoneiro.com.br\/#\/schema\/person\/620efd1d8244466117482be494360b08\",\"name\":\"Reda\u00e7\u00e3o\",\"image\":{\"@type\":\"ImageObject\",\"inLanguage\":\"pt-BR\",\"@id\":\"https:\/\/jornaltimoneiro.com.br\/#\/schema\/person\/image\/\",\"url\":\"https:\/\/secure.gravatar.com\/avatar\/2f04e1b304682a8d9db336c7acd77f08?s=96&d=mm&r=g\",\"contentUrl\":\"https:\/\/secure.gravatar.com\/avatar\/2f04e1b304682a8d9db336c7acd77f08?s=96&d=mm&r=g\",\"caption\":\"Reda\u00e7\u00e3o\"},\"url\":\"https:\/\/jornaltimoneiro.com.br\/index.php\/author\/timoneirocanoas\/\"}]}<\/script>\n<!-- \/ Yoast SEO plugin. -->","yoast_head_json":{"title":"ComicCon RS movimenta Ulbra - O Timoneiro Jornal Canoas RS","robots":{"index":"index","follow":"follow","max-snippet":"max-snippet:-1","max-image-preview":"max-image-preview:large","max-video-preview":"max-video-preview:-1"},"canonical":"https:\/\/jornaltimoneiro.com.br\/index.php\/2015\/08\/21\/comiccon-rs-movimenta-ulbra\/","og_locale":"pt_BR","og_type":"article","og_title":"ComicCon RS movimenta Ulbra - O Timoneiro Jornal Canoas RS","og_description":"Entre os dias 22 e 23 de agosto, s\u00e1bado e domingo, respectivamente, ocorrer\u00e1 a quinta edi\u00e7\u00e3o da ComicCon RS, a principal conven\u00e7\u00e3o de quadrinhos e cultura POP do Rio Grande do Sul, no Campus da Ulbra. O evento \u00e9 realizado pela Produtora Multiverso. Com amplo espa\u00e7o para a realiza\u00e7\u00e3o de pain\u00e9is, debates, exposi\u00e7\u00f5es, sess\u00f5es de [&hellip;]","og_url":"https:\/\/jornaltimoneiro.com.br\/index.php\/2015\/08\/21\/comiccon-rs-movimenta-ulbra\/","og_site_name":"O Timoneiro Jornal Canoas RS","article_publisher":"https:\/\/www.facebook.com\/jornaltimoneiro","article_published_time":"2015-08-21T14:16:53+00:00","og_image":[{"url":"http:\/\/otimoneiro.com.br\/wp-content\/uploads\/2015\/08\/ComicCON-RS-2014-1024x718.jpg"}],"author":"Reda\u00e7\u00e3o","twitter_card":"summary_large_image","twitter_creator":"@_OTimoneiro","twitter_site":"@_OTimoneiro","twitter_misc":{"Escrito por":"Reda\u00e7\u00e3o","Est. tempo de leitura":"2 minutos"},"schema":{"@context":"https:\/\/schema.org","@graph":[{"@type":"Article","@id":"https:\/\/jornaltimoneiro.com.br\/index.php\/2015\/08\/21\/comiccon-rs-movimenta-ulbra\/#article","isPartOf":{"@id":"https:\/\/jornaltimoneiro.com.br\/index.php\/2015\/08\/21\/comiccon-rs-movimenta-ulbra\/"},"author":{"name":"Reda\u00e7\u00e3o","@id":"https:\/\/jornaltimoneiro.com.br\/#\/schema\/person\/620efd1d8244466117482be494360b08"},"headline":"ComicCon RS movimenta Ulbra","datePublished":"2015-08-21T14:16:53+00:00","dateModified":"2015-08-21T14:16:53+00:00","mainEntityOfPage":{"@id":"https:\/\/jornaltimoneiro.com.br\/index.php\/2015\/08\/21\/comiccon-rs-movimenta-ulbra\/"},"wordCount":358,"commentCount":0,"publisher":{"@id":"https:\/\/jornaltimoneiro.com.br\/#organization"},"articleSection":["Destaques","Geral"],"inLanguage":"pt-BR","potentialAction":[{"@type":"CommentAction","name":"Comment","target":["https:\/\/jornaltimoneiro.com.br\/index.php\/2015\/08\/21\/comiccon-rs-movimenta-ulbra\/#respond"]}]},{"@type":"WebPage","@id":"https:\/\/jornaltimoneiro.com.br\/index.php\/2015\/08\/21\/comiccon-rs-movimenta-ulbra\/","url":"https:\/\/jornaltimoneiro.com.br\/index.php\/2015\/08\/21\/comiccon-rs-movimenta-ulbra\/","name":"ComicCon RS movimenta Ulbra - O Timoneiro Jornal Canoas RS","isPartOf":{"@id":"https:\/\/jornaltimoneiro.com.br\/#website"},"datePublished":"2015-08-21T14:16:53+00:00","dateModified":"2015-08-21T14:16:53+00:00","breadcrumb":{"@id":"https:\/\/jornaltimoneiro.com.br\/index.php\/2015\/08\/21\/comiccon-rs-movimenta-ulbra\/#breadcrumb"},"inLanguage":"pt-BR","potentialAction":[{"@type":"ReadAction","target":["https:\/\/jornaltimoneiro.com.br\/index.php\/2015\/08\/21\/comiccon-rs-movimenta-ulbra\/"]}]},{"@type":"BreadcrumbList","@id":"https:\/\/jornaltimoneiro.com.br\/index.php\/2015\/08\/21\/comiccon-rs-movimenta-ulbra\/#breadcrumb","itemListElement":[{"@type":"ListItem","position":1,"name":"In\u00edcio","item":"https:\/\/jornaltimoneiro.com.br\/"},{"@type":"ListItem","position":2,"name":"ComicCon RS movimenta Ulbra"}]},{"@type":"WebSite","@id":"https:\/\/jornaltimoneiro.com.br\/#website","url":"https:\/\/jornaltimoneiro.com.br\/","name":"Jornal Timoneiro Canoas RS","description":"Jornal O Timoneiro, o verdadeiro jornal de Canoas","publisher":{"@id":"https:\/\/jornaltimoneiro.com.br\/#organization"},"potentialAction":[{"@type":"SearchAction","target":{"@type":"EntryPoint","urlTemplate":"https:\/\/jornaltimoneiro.com.br\/?s={search_term_string}"},"query-input":"required name=search_term_string"}],"inLanguage":"pt-BR"},{"@type":"Organization","@id":"https:\/\/jornaltimoneiro.com.br\/#organization","name":"Jornal Timoneiro Canoas RS","url":"https:\/\/jornaltimoneiro.com.br\/","logo":{"@type":"ImageObject","inLanguage":"pt-BR","@id":"https:\/\/jornaltimoneiro.com.br\/#\/schema\/logo\/image\/","url":"https:\/\/jornaltimoneiro.com.br\/wp-content\/uploads\/2023\/03\/logonovo.png","contentUrl":"https:\/\/jornaltimoneiro.com.br\/wp-content\/uploads\/2023\/03\/logonovo.png","width":"469","height":"171","caption":"Jornal Timoneiro Canoas RS"},"image":{"@id":"https:\/\/jornaltimoneiro.com.br\/#\/schema\/logo\/image\/"},"sameAs":["https:\/\/www.facebook.com\/jornaltimoneiro","https:\/\/twitter.com\/_OTimoneiro","https:\/\/www.instagram.com\/jornaltimoneirocanoas\/","https:\/\/www.youtube.com\/@jornalotimoneiro7927"]},{"@type":"Person","@id":"https:\/\/jornaltimoneiro.com.br\/#\/schema\/person\/620efd1d8244466117482be494360b08","name":"Reda\u00e7\u00e3o","image":{"@type":"ImageObject","inLanguage":"pt-BR","@id":"https:\/\/jornaltimoneiro.com.br\/#\/schema\/person\/image\/","url":"https:\/\/secure.gravatar.com\/avatar\/2f04e1b304682a8d9db336c7acd77f08?s=96&d=mm&r=g","contentUrl":"https:\/\/secure.gravatar.com\/avatar\/2f04e1b304682a8d9db336c7acd77f08?s=96&d=mm&r=g","caption":"Reda\u00e7\u00e3o"},"url":"https:\/\/jornaltimoneiro.com.br\/index.php\/author\/timoneirocanoas\/"}]}},"_links":{"self":[{"href":"https:\/\/jornaltimoneiro.com.br\/index.php\/wp-json\/wp\/v2\/posts\/934"}],"collection":[{"href":"https:\/\/jornaltimoneiro.com.br\/index.php\/wp-json\/wp\/v2\/posts"}],"about":[{"href":"https:\/\/jornaltimoneiro.com.br\/index.php\/wp-json\/wp\/v2\/types\/post"}],"author":[{"embeddable":true,"href":"https:\/\/jornaltimoneiro.com.br\/index.php\/wp-json\/wp\/v2\/users\/1"}],"replies":[{"embeddable":true,"href":"https:\/\/jornaltimoneiro.com.br\/index.php\/wp-json\/wp\/v2\/comments?post=934"}],"version-history":[{"count":0,"href":"https:\/\/jornaltimoneiro.com.br\/index.php\/wp-json\/wp\/v2\/posts\/934\/revisions"}],"wp:attachment":[{"href":"https:\/\/jornaltimoneiro.com.br\/index.php\/wp-json\/wp\/v2\/media?parent=934"}],"wp:term":[{"taxonomy":"category","embeddable":true,"href":"https:\/\/jornaltimoneiro.com.br\/index.php\/wp-json\/wp\/v2\/categories?post=934"},{"taxonomy":"post_tag","embeddable":true,"href":"https:\/\/jornaltimoneiro.com.br\/index.php\/wp-json\/wp\/v2\/tags?post=934"}],"curies":[{"name":"wp","href":"https:\/\/api.w.org\/{rel}","templated":true}]}}