{"id":899,"date":"2015-08-14T09:08:16","date_gmt":"2015-08-14T12:08:16","guid":{"rendered":"http:\/\/otimoneiro.com.br\/?p=899"},"modified":"2015-08-14T09:08:16","modified_gmt":"2015-08-14T12:08:16","slug":"arquivos-da-camara-de-nova-santa-rita-queimados-em-incendio","status":"publish","type":"post","link":"https:\/\/jornaltimoneiro.com.br\/index.php\/2015\/08\/14\/arquivos-da-camara-de-nova-santa-rita-queimados-em-incendio\/","title":{"rendered":"Arquivos da C\u00e2mara de Nova Santa Rita queimados em inc\u00eandio"},"content":{"rendered":"<div id=\"attachment_922\" style=\"width: 310px\" class=\"wp-caption alignleft\"><a href=\"http:\/\/otimoneiro.com.br\/wp-content\/uploads\/2015\/08\/11854076_1482424745404521_1483819724_n.jpg\"><img decoding=\"async\" aria-describedby=\"caption-attachment-922\" class=\"size-medium wp-image-922\" src=\"http:\/\/otimoneiro.com.br\/wp-content\/uploads\/2015\/08\/11854076_1482424745404521_1483819724_n-300x169.jpg\" alt=\"C\u00e2mara dos Vereadores de Nova Santa Rita pegou fogo no s\u00e1bado, 8. Foto: Assessoria Vereador Danilo Barbudo (Solidariedade)\" width=\"300\" height=\"169\" \/><\/a><p id=\"caption-attachment-922\" class=\"wp-caption-text\">C\u00e2mara dos Vereadores de Nova Santa Rita pegou fogo no s\u00e1bado, 8. Foto: Assessoria Vereador Danilo Barbudo (Solidariedade)<\/p><\/div>\n<p style=\"text-align: justify;\">Com motivo ainda desconhecido, mas com in\u00edcio por volta das 21 horas de s\u00e1bado, 8, um inc\u00eandio destruiu boa parte da sede do Legislativo de Nova Santa Rita. O fogo extraviou documentos que estavam no Gabinete do Presidente, Guilherme Mota (PMDB), na recep\u00e7\u00e3o e pelo menos no Plen\u00e1rio e no Protocolo. Tamb\u00e9m estragou aparelhos como ar-condicionado, computadores, eletr\u00f4nicos em geral e m\u00f3veis. O pr\u00e9dio possu\u00eda Plano de Preven\u00e7\u00e3o Contra Inc\u00eandio (PPCI).<br \/>\nA estrutura, na av. Santa Rita, no centro da cidade, foi ocupada em fevereiro deste ano. T\u00e3o nova que os gabinetes dos 11 parlamentares n\u00e3o estavam conclu\u00eddos e, por conta disso e da porta corta-fogo, n\u00e3o foi atingido. Evitando tamb\u00e9m a extens\u00e3o das chamas para a cozinha e o arquivo morto. A documenta\u00e7\u00e3o, no entanto, \u00e9 salva diariamente das 7 horas at\u00e9 as 19 horas em um backup (c\u00f3pia de dados de um dispositivo para outro) que fica dispon\u00edvel na internet.<br \/>\nA cidade n\u00e3o possui guarni\u00e7\u00e3o do Corpo de Bombeiros. Em fun\u00e7\u00e3o disso, dois carros foram enviados, deixando Canoas sem desassistida. O primeiro levou cerca de vinte minutos para concluir o trajeto, acompanhada de outra, que levou cerca de meia hora para ir de encontro com as labaredas. Em aproximadamente 2h30min o fogo finalmente era controlado. A per\u00edcia ainda trabalha no local para descobrir qual foi o ponto de in\u00edcio do fogo.<br \/>\nA C\u00e2mara de Vereadores encontrou asilo no Executivo, alojada provisoriamente nas depend\u00eancias da Prefeitura administrada por Margarete Ferreti (PT). A estrutura de 11 vereadores, 12 servidores, mais assessores continuar\u00e1 com sess\u00f5es \u00e0s ter\u00e7as-feiras no audit\u00f3rio da cidade, na rua H\u00e9lio Fraga, centro de Nova Santa Rita.<\/p>\n","protected":false},"excerpt":{"rendered":"<p>Cidade vizinha ainda n\u00e3o possui guarni\u00e7\u00e3o do Corpo de Bombeiros<\/p>\n","protected":false},"author":1,"featured_media":922,"comment_status":"open","ping_status":"open","sticky":false,"template":"","format":"standard","meta":{"amp_status":"","footnotes":""},"categories":[25,19,22],"tags":[],"class_list":["post-899","post","type-post","status-publish","format-standard","has-post-thumbnail","hentry","category-comunidade","category-destaques","category-noticias"],"yoast_head":"<!-- This site is optimized with the Yoast SEO plugin v20.5 - https:\/\/yoast.com\/wordpress\/plugins\/seo\/ -->\n<title>Arquivos da C\u00e2mara de Nova Santa Rita queimados em inc\u00eandio - O Timoneiro Jornal Canoas RS<\/title>\n<meta name=\"robots\" content=\"index, follow, max-snippet:-1, max-image-preview:large, max-video-preview:-1\" \/>\n<link rel=\"canonical\" href=\"https:\/\/jornaltimoneiro.com.br\/index.php\/2015\/08\/14\/arquivos-da-camara-de-nova-santa-rita-queimados-em-incendio\/\" \/>\n<meta property=\"og:locale\" content=\"pt_BR\" \/>\n<meta property=\"og:type\" content=\"article\" \/>\n<meta property=\"og:title\" content=\"Arquivos da C\u00e2mara de Nova Santa Rita queimados em inc\u00eandio - O Timoneiro Jornal Canoas RS\" \/>\n<meta property=\"og:description\" content=\"Cidade vizinha ainda n\u00e3o possui guarni\u00e7\u00e3o do Corpo de Bombeiros\" \/>\n<meta property=\"og:url\" content=\"https:\/\/jornaltimoneiro.com.br\/index.php\/2015\/08\/14\/arquivos-da-camara-de-nova-santa-rita-queimados-em-incendio\/\" \/>\n<meta property=\"og:site_name\" content=\"O Timoneiro Jornal Canoas RS\" \/>\n<meta property=\"article:publisher\" content=\"https:\/\/www.facebook.com\/jornaltimoneiro\" \/>\n<meta property=\"article:published_time\" content=\"2015-08-14T12:08:16+00:00\" \/>\n<meta name=\"author\" content=\"Reda\u00e7\u00e3o\" \/>\n<meta name=\"twitter:card\" content=\"summary_large_image\" \/>\n<meta name=\"twitter:creator\" content=\"@_OTimoneiro\" \/>\n<meta name=\"twitter:site\" content=\"@_OTimoneiro\" \/>\n<meta name=\"twitter:label1\" content=\"Escrito por\" \/>\n\t<meta name=\"twitter:data1\" content=\"Reda\u00e7\u00e3o\" \/>\n\t<meta name=\"twitter:label2\" content=\"Est. tempo de leitura\" \/>\n\t<meta name=\"twitter:data2\" content=\"2 minutos\" \/>\n<script type=\"application\/ld+json\" class=\"yoast-schema-graph\">{\"@context\":\"https:\/\/schema.org\",\"@graph\":[{\"@type\":\"Article\",\"@id\":\"https:\/\/jornaltimoneiro.com.br\/index.php\/2015\/08\/14\/arquivos-da-camara-de-nova-santa-rita-queimados-em-incendio\/#article\",\"isPartOf\":{\"@id\":\"https:\/\/jornaltimoneiro.com.br\/index.php\/2015\/08\/14\/arquivos-da-camara-de-nova-santa-rita-queimados-em-incendio\/\"},\"author\":{\"name\":\"Reda\u00e7\u00e3o\",\"@id\":\"https:\/\/jornaltimoneiro.com.br\/#\/schema\/person\/620efd1d8244466117482be494360b08\"},\"headline\":\"Arquivos da C\u00e2mara de Nova Santa Rita queimados em inc\u00eandio\",\"datePublished\":\"2015-08-14T12:08:16+00:00\",\"dateModified\":\"2015-08-14T12:08:16+00:00\",\"mainEntityOfPage\":{\"@id\":\"https:\/\/jornaltimoneiro.com.br\/index.php\/2015\/08\/14\/arquivos-da-camara-de-nova-santa-rita-queimados-em-incendio\/\"},\"wordCount\":332,\"commentCount\":0,\"publisher\":{\"@id\":\"https:\/\/jornaltimoneiro.com.br\/#organization\"},\"articleSection\":[\"Comunidade\",\"Destaques\",\"Not\u00edcias\"],\"inLanguage\":\"pt-BR\",\"potentialAction\":[{\"@type\":\"CommentAction\",\"name\":\"Comment\",\"target\":[\"https:\/\/jornaltimoneiro.com.br\/index.php\/2015\/08\/14\/arquivos-da-camara-de-nova-santa-rita-queimados-em-incendio\/#respond\"]}]},{\"@type\":\"WebPage\",\"@id\":\"https:\/\/jornaltimoneiro.com.br\/index.php\/2015\/08\/14\/arquivos-da-camara-de-nova-santa-rita-queimados-em-incendio\/\",\"url\":\"https:\/\/jornaltimoneiro.com.br\/index.php\/2015\/08\/14\/arquivos-da-camara-de-nova-santa-rita-queimados-em-incendio\/\",\"name\":\"Arquivos da C\u00e2mara de Nova Santa Rita queimados em inc\u00eandio - O Timoneiro Jornal Canoas RS\",\"isPartOf\":{\"@id\":\"https:\/\/jornaltimoneiro.com.br\/#website\"},\"datePublished\":\"2015-08-14T12:08:16+00:00\",\"dateModified\":\"2015-08-14T12:08:16+00:00\",\"breadcrumb\":{\"@id\":\"https:\/\/jornaltimoneiro.com.br\/index.php\/2015\/08\/14\/arquivos-da-camara-de-nova-santa-rita-queimados-em-incendio\/#breadcrumb\"},\"inLanguage\":\"pt-BR\",\"potentialAction\":[{\"@type\":\"ReadAction\",\"target\":[\"https:\/\/jornaltimoneiro.com.br\/index.php\/2015\/08\/14\/arquivos-da-camara-de-nova-santa-rita-queimados-em-incendio\/\"]}]},{\"@type\":\"BreadcrumbList\",\"@id\":\"https:\/\/jornaltimoneiro.com.br\/index.php\/2015\/08\/14\/arquivos-da-camara-de-nova-santa-rita-queimados-em-incendio\/#breadcrumb\",\"itemListElement\":[{\"@type\":\"ListItem\",\"position\":1,\"name\":\"In\u00edcio\",\"item\":\"https:\/\/jornaltimoneiro.com.br\/\"},{\"@type\":\"ListItem\",\"position\":2,\"name\":\"Arquivos da C\u00e2mara de Nova Santa Rita queimados em inc\u00eandio\"}]},{\"@type\":\"WebSite\",\"@id\":\"https:\/\/jornaltimoneiro.com.br\/#website\",\"url\":\"https:\/\/jornaltimoneiro.com.br\/\",\"name\":\"Jornal Timoneiro Canoas RS\",\"description\":\"Jornal O Timoneiro, o verdadeiro jornal de Canoas\",\"publisher\":{\"@id\":\"https:\/\/jornaltimoneiro.com.br\/#organization\"},\"potentialAction\":[{\"@type\":\"SearchAction\",\"target\":{\"@type\":\"EntryPoint\",\"urlTemplate\":\"https:\/\/jornaltimoneiro.com.br\/?s={search_term_string}\"},\"query-input\":\"required name=search_term_string\"}],\"inLanguage\":\"pt-BR\"},{\"@type\":\"Organization\",\"@id\":\"https:\/\/jornaltimoneiro.com.br\/#organization\",\"name\":\"Jornal Timoneiro Canoas RS\",\"url\":\"https:\/\/jornaltimoneiro.com.br\/\",\"logo\":{\"@type\":\"ImageObject\",\"inLanguage\":\"pt-BR\",\"@id\":\"https:\/\/jornaltimoneiro.com.br\/#\/schema\/logo\/image\/\",\"url\":\"https:\/\/jornaltimoneiro.com.br\/wp-content\/uploads\/2023\/03\/logonovo.png\",\"contentUrl\":\"https:\/\/jornaltimoneiro.com.br\/wp-content\/uploads\/2023\/03\/logonovo.png\",\"width\":\"469\",\"height\":\"171\",\"caption\":\"Jornal Timoneiro Canoas RS\"},\"image\":{\"@id\":\"https:\/\/jornaltimoneiro.com.br\/#\/schema\/logo\/image\/\"},\"sameAs\":[\"https:\/\/www.facebook.com\/jornaltimoneiro\",\"https:\/\/twitter.com\/_OTimoneiro\",\"https:\/\/www.instagram.com\/jornaltimoneirocanoas\/\",\"https:\/\/www.youtube.com\/@jornalotimoneiro7927\"]},{\"@type\":\"Person\",\"@id\":\"https:\/\/jornaltimoneiro.com.br\/#\/schema\/person\/620efd1d8244466117482be494360b08\",\"name\":\"Reda\u00e7\u00e3o\",\"image\":{\"@type\":\"ImageObject\",\"inLanguage\":\"pt-BR\",\"@id\":\"https:\/\/jornaltimoneiro.com.br\/#\/schema\/person\/image\/\",\"url\":\"https:\/\/secure.gravatar.com\/avatar\/2f04e1b304682a8d9db336c7acd77f08?s=96&d=mm&r=g\",\"contentUrl\":\"https:\/\/secure.gravatar.com\/avatar\/2f04e1b304682a8d9db336c7acd77f08?s=96&d=mm&r=g\",\"caption\":\"Reda\u00e7\u00e3o\"},\"url\":\"https:\/\/jornaltimoneiro.com.br\/index.php\/author\/timoneirocanoas\/\"}]}<\/script>\n<!-- \/ Yoast SEO plugin. -->","yoast_head_json":{"title":"Arquivos da C\u00e2mara de Nova Santa Rita queimados em inc\u00eandio - O Timoneiro Jornal Canoas RS","robots":{"index":"index","follow":"follow","max-snippet":"max-snippet:-1","max-image-preview":"max-image-preview:large","max-video-preview":"max-video-preview:-1"},"canonical":"https:\/\/jornaltimoneiro.com.br\/index.php\/2015\/08\/14\/arquivos-da-camara-de-nova-santa-rita-queimados-em-incendio\/","og_locale":"pt_BR","og_type":"article","og_title":"Arquivos da C\u00e2mara de Nova Santa Rita queimados em inc\u00eandio - O Timoneiro Jornal Canoas RS","og_description":"Cidade vizinha ainda n\u00e3o possui guarni\u00e7\u00e3o do Corpo de Bombeiros","og_url":"https:\/\/jornaltimoneiro.com.br\/index.php\/2015\/08\/14\/arquivos-da-camara-de-nova-santa-rita-queimados-em-incendio\/","og_site_name":"O Timoneiro Jornal Canoas RS","article_publisher":"https:\/\/www.facebook.com\/jornaltimoneiro","article_published_time":"2015-08-14T12:08:16+00:00","author":"Reda\u00e7\u00e3o","twitter_card":"summary_large_image","twitter_creator":"@_OTimoneiro","twitter_site":"@_OTimoneiro","twitter_misc":{"Escrito por":"Reda\u00e7\u00e3o","Est. tempo de leitura":"2 minutos"},"schema":{"@context":"https:\/\/schema.org","@graph":[{"@type":"Article","@id":"https:\/\/jornaltimoneiro.com.br\/index.php\/2015\/08\/14\/arquivos-da-camara-de-nova-santa-rita-queimados-em-incendio\/#article","isPartOf":{"@id":"https:\/\/jornaltimoneiro.com.br\/index.php\/2015\/08\/14\/arquivos-da-camara-de-nova-santa-rita-queimados-em-incendio\/"},"author":{"name":"Reda\u00e7\u00e3o","@id":"https:\/\/jornaltimoneiro.com.br\/#\/schema\/person\/620efd1d8244466117482be494360b08"},"headline":"Arquivos da C\u00e2mara de Nova Santa Rita queimados em inc\u00eandio","datePublished":"2015-08-14T12:08:16+00:00","dateModified":"2015-08-14T12:08:16+00:00","mainEntityOfPage":{"@id":"https:\/\/jornaltimoneiro.com.br\/index.php\/2015\/08\/14\/arquivos-da-camara-de-nova-santa-rita-queimados-em-incendio\/"},"wordCount":332,"commentCount":0,"publisher":{"@id":"https:\/\/jornaltimoneiro.com.br\/#organization"},"articleSection":["Comunidade","Destaques","Not\u00edcias"],"inLanguage":"pt-BR","potentialAction":[{"@type":"CommentAction","name":"Comment","target":["https:\/\/jornaltimoneiro.com.br\/index.php\/2015\/08\/14\/arquivos-da-camara-de-nova-santa-rita-queimados-em-incendio\/#respond"]}]},{"@type":"WebPage","@id":"https:\/\/jornaltimoneiro.com.br\/index.php\/2015\/08\/14\/arquivos-da-camara-de-nova-santa-rita-queimados-em-incendio\/","url":"https:\/\/jornaltimoneiro.com.br\/index.php\/2015\/08\/14\/arquivos-da-camara-de-nova-santa-rita-queimados-em-incendio\/","name":"Arquivos da C\u00e2mara de Nova Santa Rita queimados em inc\u00eandio - O Timoneiro Jornal Canoas RS","isPartOf":{"@id":"https:\/\/jornaltimoneiro.com.br\/#website"},"datePublished":"2015-08-14T12:08:16+00:00","dateModified":"2015-08-14T12:08:16+00:00","breadcrumb":{"@id":"https:\/\/jornaltimoneiro.com.br\/index.php\/2015\/08\/14\/arquivos-da-camara-de-nova-santa-rita-queimados-em-incendio\/#breadcrumb"},"inLanguage":"pt-BR","potentialAction":[{"@type":"ReadAction","target":["https:\/\/jornaltimoneiro.com.br\/index.php\/2015\/08\/14\/arquivos-da-camara-de-nova-santa-rita-queimados-em-incendio\/"]}]},{"@type":"BreadcrumbList","@id":"https:\/\/jornaltimoneiro.com.br\/index.php\/2015\/08\/14\/arquivos-da-camara-de-nova-santa-rita-queimados-em-incendio\/#breadcrumb","itemListElement":[{"@type":"ListItem","position":1,"name":"In\u00edcio","item":"https:\/\/jornaltimoneiro.com.br\/"},{"@type":"ListItem","position":2,"name":"Arquivos da C\u00e2mara de Nova Santa Rita queimados em inc\u00eandio"}]},{"@type":"WebSite","@id":"https:\/\/jornaltimoneiro.com.br\/#website","url":"https:\/\/jornaltimoneiro.com.br\/","name":"Jornal Timoneiro Canoas RS","description":"Jornal O Timoneiro, o verdadeiro jornal de Canoas","publisher":{"@id":"https:\/\/jornaltimoneiro.com.br\/#organization"},"potentialAction":[{"@type":"SearchAction","target":{"@type":"EntryPoint","urlTemplate":"https:\/\/jornaltimoneiro.com.br\/?s={search_term_string}"},"query-input":"required name=search_term_string"}],"inLanguage":"pt-BR"},{"@type":"Organization","@id":"https:\/\/jornaltimoneiro.com.br\/#organization","name":"Jornal Timoneiro Canoas RS","url":"https:\/\/jornaltimoneiro.com.br\/","logo":{"@type":"ImageObject","inLanguage":"pt-BR","@id":"https:\/\/jornaltimoneiro.com.br\/#\/schema\/logo\/image\/","url":"https:\/\/jornaltimoneiro.com.br\/wp-content\/uploads\/2023\/03\/logonovo.png","contentUrl":"https:\/\/jornaltimoneiro.com.br\/wp-content\/uploads\/2023\/03\/logonovo.png","width":"469","height":"171","caption":"Jornal Timoneiro Canoas RS"},"image":{"@id":"https:\/\/jornaltimoneiro.com.br\/#\/schema\/logo\/image\/"},"sameAs":["https:\/\/www.facebook.com\/jornaltimoneiro","https:\/\/twitter.com\/_OTimoneiro","https:\/\/www.instagram.com\/jornaltimoneirocanoas\/","https:\/\/www.youtube.com\/@jornalotimoneiro7927"]},{"@type":"Person","@id":"https:\/\/jornaltimoneiro.com.br\/#\/schema\/person\/620efd1d8244466117482be494360b08","name":"Reda\u00e7\u00e3o","image":{"@type":"ImageObject","inLanguage":"pt-BR","@id":"https:\/\/jornaltimoneiro.com.br\/#\/schema\/person\/image\/","url":"https:\/\/secure.gravatar.com\/avatar\/2f04e1b304682a8d9db336c7acd77f08?s=96&d=mm&r=g","contentUrl":"https:\/\/secure.gravatar.com\/avatar\/2f04e1b304682a8d9db336c7acd77f08?s=96&d=mm&r=g","caption":"Reda\u00e7\u00e3o"},"url":"https:\/\/jornaltimoneiro.com.br\/index.php\/author\/timoneirocanoas\/"}]}},"_links":{"self":[{"href":"https:\/\/jornaltimoneiro.com.br\/index.php\/wp-json\/wp\/v2\/posts\/899"}],"collection":[{"href":"https:\/\/jornaltimoneiro.com.br\/index.php\/wp-json\/wp\/v2\/posts"}],"about":[{"href":"https:\/\/jornaltimoneiro.com.br\/index.php\/wp-json\/wp\/v2\/types\/post"}],"author":[{"embeddable":true,"href":"https:\/\/jornaltimoneiro.com.br\/index.php\/wp-json\/wp\/v2\/users\/1"}],"replies":[{"embeddable":true,"href":"https:\/\/jornaltimoneiro.com.br\/index.php\/wp-json\/wp\/v2\/comments?post=899"}],"version-history":[{"count":0,"href":"https:\/\/jornaltimoneiro.com.br\/index.php\/wp-json\/wp\/v2\/posts\/899\/revisions"}],"wp:featuredmedia":[{"embeddable":true,"href":"https:\/\/jornaltimoneiro.com.br\/index.php\/wp-json\/"}],"wp:attachment":[{"href":"https:\/\/jornaltimoneiro.com.br\/index.php\/wp-json\/wp\/v2\/media?parent=899"}],"wp:term":[{"taxonomy":"category","embeddable":true,"href":"https:\/\/jornaltimoneiro.com.br\/index.php\/wp-json\/wp\/v2\/categories?post=899"},{"taxonomy":"post_tag","embeddable":true,"href":"https:\/\/jornaltimoneiro.com.br\/index.php\/wp-json\/wp\/v2\/tags?post=899"}],"curies":[{"name":"wp","href":"https:\/\/api.w.org\/{rel}","templated":true}]}}