{"id":895,"date":"2015-08-14T09:06:50","date_gmt":"2015-08-14T12:06:50","guid":{"rendered":"http:\/\/otimoneiro.com.br\/?p=895"},"modified":"2015-08-14T09:06:50","modified_gmt":"2015-08-14T12:06:50","slug":"projeto-de-iniciativa-popular-pela-internet-e-aprovado","status":"publish","type":"post","link":"https:\/\/jornaltimoneiro.com.br\/index.php\/2015\/08\/14\/projeto-de-iniciativa-popular-pela-internet-e-aprovado\/","title":{"rendered":"Projeto de Iniciativa Popular pela internet \u00e9 aprovado"},"content":{"rendered":"<p style=\"text-align: justify;\">Qualquer cidad\u00e3o canoense que possui T\u00edtulo de Eleitor e um endere\u00e7o de e-mail poder\u00e1 criar um Projeto de Lei no Legislativo Canoense. Se a proposta atingir votos suficientes, o autor poder\u00e1 defender a ideia. A proposta de emenda \u00e0 Lei Org\u00e2nica do Munic\u00edpio foi aprovada em segundo turno na sess\u00e3o de ter\u00e7a-feira, 4.<br \/>\nSe voc\u00ea n\u00e3o se sente representado pelo vereador que votou no \u00faltimo pleito (2012), possui como alternativa criar um Projeto de Lei de iniciativa popular. Para aperfei\u00e7oar isso, uma emenda \u00e0 LOM, de autoria do presidente do Legislativo, Paulo Ritter (PT), foi aprovada em Plen\u00e1rio visando implantar a apresenta\u00e7\u00e3o deste projeto via internet.<br \/>\nSegundo Ritter, Canoas \u00e9 a primeira Casa Legislativa do Brasil a adotar o projeto de iniciativa popular via web. Para ele, a possibilidade de compartilhamento pelas redes sociais ampliar\u00e1 ainda mais a participa\u00e7\u00e3o popular, sobretudo de jovens, na vida pol\u00edtica do munic\u00edpio. A iniciativa \u00e9 a reapresenta\u00e7\u00e3o de um projeto, elaborado em 2013.<\/p>\n<p style=\"text-align: justify;\">Como funciona<br \/>\nAquele que quiser apresentar um projeto precisa primeiro estar cadastrado no endere\u00e7o www.camaracanoas.rs.gov.br. Qualquer cidad\u00e3o pode votar nos projetos, mas precisa possuir T\u00edtulo de Eleitor, telefone e endere\u00e7o de e-mail cadastrados. A sugest\u00e3o precisa atingir um m\u00ednimo de votos necess\u00e1rios para tramitar no Plen\u00e1rio, onde o pr\u00f3prio proponente ter\u00e1 a oportunidade de defender sua proposta na tribuna.<br \/>\nA proposi\u00e7\u00e3o deve abordar assuntos de interesse da comunidade canoense e n\u00e3o podem gerar despesas ou exigir alguma a\u00e7\u00e3o do Executivo, segundo a Lei Org\u00e2nica Municipal (LOM). Deve, tamb\u00e9m, estar acompanhada de justificativa que esclare\u00e7a a relev\u00e2ncia da proposta. O projeto ent\u00e3o ter\u00e1 encaminhamento para a Procuradoria da C\u00e2mara, respons\u00e1vel por emitir parecer sobre a viabilidade jur\u00eddica da proposta. Se o texto atender aos requisitos, ele ser\u00e1 formatado e disponibilizado para acesso p\u00fablico e vota\u00e7\u00e3o online no site. O autor pode divulg\u00e1-lo nas redes sociais, convidar a comunidade para votar.<br \/>\nQuando os votos totais corresponderem a 5% do n\u00famero de eleitores das \u00faltimas elei\u00e7\u00f5es, ele ser\u00e1 protocolado. No \u00faltimo pleito, 2014, foram 238.833 aptos para vota\u00e7\u00e3o, 207.448 (86.86%) compareceram aos col\u00e9gios eleitorais e 31.385 (13.14%) se abstiveram. Com a margem prevista de 5% de votos, a proposta enviada pela internet precisa de 11.942 votos para chegar \u00e0 Procuradoria.<\/p>\n","protected":false},"excerpt":{"rendered":"<p>De autoria do presidente da Casa, Paulo Ritter (PT), projeto visa incentivar participa\u00e7\u00e3o popular<\/p>\n","protected":false},"author":1,"featured_media":0,"comment_status":"open","ping_status":"open","sticky":false,"template":"","format":"standard","meta":{"amp_status":"","footnotes":""},"categories":[19,22,20],"tags":[],"class_list":["post-895","post","type-post","status-publish","format-standard","hentry","category-destaques","category-noticias","category-politica-noticias"],"yoast_head":"<!-- This site is optimized with the Yoast SEO plugin v20.5 - https:\/\/yoast.com\/wordpress\/plugins\/seo\/ -->\n<title>Projeto de Iniciativa Popular pela internet \u00e9 aprovado - O Timoneiro Jornal Canoas RS<\/title>\n<meta name=\"robots\" content=\"index, follow, max-snippet:-1, max-image-preview:large, max-video-preview:-1\" \/>\n<link rel=\"canonical\" href=\"https:\/\/jornaltimoneiro.com.br\/index.php\/2015\/08\/14\/projeto-de-iniciativa-popular-pela-internet-e-aprovado\/\" \/>\n<meta property=\"og:locale\" content=\"pt_BR\" \/>\n<meta property=\"og:type\" content=\"article\" \/>\n<meta property=\"og:title\" content=\"Projeto de Iniciativa Popular pela internet \u00e9 aprovado - O Timoneiro Jornal Canoas RS\" \/>\n<meta property=\"og:description\" content=\"De autoria do presidente da Casa, Paulo Ritter (PT), projeto visa incentivar participa\u00e7\u00e3o popular\" \/>\n<meta property=\"og:url\" content=\"https:\/\/jornaltimoneiro.com.br\/index.php\/2015\/08\/14\/projeto-de-iniciativa-popular-pela-internet-e-aprovado\/\" \/>\n<meta property=\"og:site_name\" content=\"O Timoneiro Jornal Canoas RS\" \/>\n<meta property=\"article:publisher\" content=\"https:\/\/www.facebook.com\/jornaltimoneiro\" \/>\n<meta property=\"article:published_time\" content=\"2015-08-14T12:06:50+00:00\" \/>\n<meta name=\"author\" content=\"Reda\u00e7\u00e3o\" \/>\n<meta name=\"twitter:card\" content=\"summary_large_image\" \/>\n<meta name=\"twitter:creator\" content=\"@_OTimoneiro\" \/>\n<meta name=\"twitter:site\" content=\"@_OTimoneiro\" \/>\n<meta name=\"twitter:label1\" content=\"Escrito por\" \/>\n\t<meta name=\"twitter:data1\" content=\"Reda\u00e7\u00e3o\" \/>\n\t<meta name=\"twitter:label2\" content=\"Est. tempo de leitura\" \/>\n\t<meta name=\"twitter:data2\" content=\"2 minutos\" \/>\n<script type=\"application\/ld+json\" class=\"yoast-schema-graph\">{\"@context\":\"https:\/\/schema.org\",\"@graph\":[{\"@type\":\"Article\",\"@id\":\"https:\/\/jornaltimoneiro.com.br\/index.php\/2015\/08\/14\/projeto-de-iniciativa-popular-pela-internet-e-aprovado\/#article\",\"isPartOf\":{\"@id\":\"https:\/\/jornaltimoneiro.com.br\/index.php\/2015\/08\/14\/projeto-de-iniciativa-popular-pela-internet-e-aprovado\/\"},\"author\":{\"name\":\"Reda\u00e7\u00e3o\",\"@id\":\"https:\/\/jornaltimoneiro.com.br\/#\/schema\/person\/620efd1d8244466117482be494360b08\"},\"headline\":\"Projeto de Iniciativa Popular pela internet \u00e9 aprovado\",\"datePublished\":\"2015-08-14T12:06:50+00:00\",\"dateModified\":\"2015-08-14T12:06:50+00:00\",\"mainEntityOfPage\":{\"@id\":\"https:\/\/jornaltimoneiro.com.br\/index.php\/2015\/08\/14\/projeto-de-iniciativa-popular-pela-internet-e-aprovado\/\"},\"wordCount\":402,\"commentCount\":0,\"publisher\":{\"@id\":\"https:\/\/jornaltimoneiro.com.br\/#organization\"},\"articleSection\":[\"Destaques\",\"Not\u00edcias\",\"Pol\u00edtica\"],\"inLanguage\":\"pt-BR\",\"potentialAction\":[{\"@type\":\"CommentAction\",\"name\":\"Comment\",\"target\":[\"https:\/\/jornaltimoneiro.com.br\/index.php\/2015\/08\/14\/projeto-de-iniciativa-popular-pela-internet-e-aprovado\/#respond\"]}]},{\"@type\":\"WebPage\",\"@id\":\"https:\/\/jornaltimoneiro.com.br\/index.php\/2015\/08\/14\/projeto-de-iniciativa-popular-pela-internet-e-aprovado\/\",\"url\":\"https:\/\/jornaltimoneiro.com.br\/index.php\/2015\/08\/14\/projeto-de-iniciativa-popular-pela-internet-e-aprovado\/\",\"name\":\"Projeto de Iniciativa Popular pela internet \u00e9 aprovado - O Timoneiro Jornal Canoas RS\",\"isPartOf\":{\"@id\":\"https:\/\/jornaltimoneiro.com.br\/#website\"},\"datePublished\":\"2015-08-14T12:06:50+00:00\",\"dateModified\":\"2015-08-14T12:06:50+00:00\",\"breadcrumb\":{\"@id\":\"https:\/\/jornaltimoneiro.com.br\/index.php\/2015\/08\/14\/projeto-de-iniciativa-popular-pela-internet-e-aprovado\/#breadcrumb\"},\"inLanguage\":\"pt-BR\",\"potentialAction\":[{\"@type\":\"ReadAction\",\"target\":[\"https:\/\/jornaltimoneiro.com.br\/index.php\/2015\/08\/14\/projeto-de-iniciativa-popular-pela-internet-e-aprovado\/\"]}]},{\"@type\":\"BreadcrumbList\",\"@id\":\"https:\/\/jornaltimoneiro.com.br\/index.php\/2015\/08\/14\/projeto-de-iniciativa-popular-pela-internet-e-aprovado\/#breadcrumb\",\"itemListElement\":[{\"@type\":\"ListItem\",\"position\":1,\"name\":\"In\u00edcio\",\"item\":\"https:\/\/jornaltimoneiro.com.br\/\"},{\"@type\":\"ListItem\",\"position\":2,\"name\":\"Projeto de Iniciativa Popular pela internet \u00e9 aprovado\"}]},{\"@type\":\"WebSite\",\"@id\":\"https:\/\/jornaltimoneiro.com.br\/#website\",\"url\":\"https:\/\/jornaltimoneiro.com.br\/\",\"name\":\"Jornal Timoneiro Canoas RS\",\"description\":\"Jornal O Timoneiro, o verdadeiro jornal de Canoas\",\"publisher\":{\"@id\":\"https:\/\/jornaltimoneiro.com.br\/#organization\"},\"potentialAction\":[{\"@type\":\"SearchAction\",\"target\":{\"@type\":\"EntryPoint\",\"urlTemplate\":\"https:\/\/jornaltimoneiro.com.br\/?s={search_term_string}\"},\"query-input\":\"required name=search_term_string\"}],\"inLanguage\":\"pt-BR\"},{\"@type\":\"Organization\",\"@id\":\"https:\/\/jornaltimoneiro.com.br\/#organization\",\"name\":\"Jornal Timoneiro Canoas RS\",\"url\":\"https:\/\/jornaltimoneiro.com.br\/\",\"logo\":{\"@type\":\"ImageObject\",\"inLanguage\":\"pt-BR\",\"@id\":\"https:\/\/jornaltimoneiro.com.br\/#\/schema\/logo\/image\/\",\"url\":\"https:\/\/jornaltimoneiro.com.br\/wp-content\/uploads\/2023\/03\/logonovo.png\",\"contentUrl\":\"https:\/\/jornaltimoneiro.com.br\/wp-content\/uploads\/2023\/03\/logonovo.png\",\"width\":\"469\",\"height\":\"171\",\"caption\":\"Jornal Timoneiro Canoas RS\"},\"image\":{\"@id\":\"https:\/\/jornaltimoneiro.com.br\/#\/schema\/logo\/image\/\"},\"sameAs\":[\"https:\/\/www.facebook.com\/jornaltimoneiro\",\"https:\/\/twitter.com\/_OTimoneiro\",\"https:\/\/www.instagram.com\/jornaltimoneirocanoas\/\",\"https:\/\/www.youtube.com\/@jornalotimoneiro7927\"]},{\"@type\":\"Person\",\"@id\":\"https:\/\/jornaltimoneiro.com.br\/#\/schema\/person\/620efd1d8244466117482be494360b08\",\"name\":\"Reda\u00e7\u00e3o\",\"image\":{\"@type\":\"ImageObject\",\"inLanguage\":\"pt-BR\",\"@id\":\"https:\/\/jornaltimoneiro.com.br\/#\/schema\/person\/image\/\",\"url\":\"https:\/\/secure.gravatar.com\/avatar\/2f04e1b304682a8d9db336c7acd77f08?s=96&d=mm&r=g\",\"contentUrl\":\"https:\/\/secure.gravatar.com\/avatar\/2f04e1b304682a8d9db336c7acd77f08?s=96&d=mm&r=g\",\"caption\":\"Reda\u00e7\u00e3o\"},\"url\":\"https:\/\/jornaltimoneiro.com.br\/index.php\/author\/timoneirocanoas\/\"}]}<\/script>\n<!-- \/ Yoast SEO plugin. -->","yoast_head_json":{"title":"Projeto de Iniciativa Popular pela internet \u00e9 aprovado - O Timoneiro Jornal Canoas RS","robots":{"index":"index","follow":"follow","max-snippet":"max-snippet:-1","max-image-preview":"max-image-preview:large","max-video-preview":"max-video-preview:-1"},"canonical":"https:\/\/jornaltimoneiro.com.br\/index.php\/2015\/08\/14\/projeto-de-iniciativa-popular-pela-internet-e-aprovado\/","og_locale":"pt_BR","og_type":"article","og_title":"Projeto de Iniciativa Popular pela internet \u00e9 aprovado - O Timoneiro Jornal Canoas RS","og_description":"De autoria do presidente da Casa, Paulo Ritter (PT), projeto visa incentivar participa\u00e7\u00e3o popular","og_url":"https:\/\/jornaltimoneiro.com.br\/index.php\/2015\/08\/14\/projeto-de-iniciativa-popular-pela-internet-e-aprovado\/","og_site_name":"O Timoneiro Jornal Canoas RS","article_publisher":"https:\/\/www.facebook.com\/jornaltimoneiro","article_published_time":"2015-08-14T12:06:50+00:00","author":"Reda\u00e7\u00e3o","twitter_card":"summary_large_image","twitter_creator":"@_OTimoneiro","twitter_site":"@_OTimoneiro","twitter_misc":{"Escrito por":"Reda\u00e7\u00e3o","Est. tempo de leitura":"2 minutos"},"schema":{"@context":"https:\/\/schema.org","@graph":[{"@type":"Article","@id":"https:\/\/jornaltimoneiro.com.br\/index.php\/2015\/08\/14\/projeto-de-iniciativa-popular-pela-internet-e-aprovado\/#article","isPartOf":{"@id":"https:\/\/jornaltimoneiro.com.br\/index.php\/2015\/08\/14\/projeto-de-iniciativa-popular-pela-internet-e-aprovado\/"},"author":{"name":"Reda\u00e7\u00e3o","@id":"https:\/\/jornaltimoneiro.com.br\/#\/schema\/person\/620efd1d8244466117482be494360b08"},"headline":"Projeto de Iniciativa Popular pela internet \u00e9 aprovado","datePublished":"2015-08-14T12:06:50+00:00","dateModified":"2015-08-14T12:06:50+00:00","mainEntityOfPage":{"@id":"https:\/\/jornaltimoneiro.com.br\/index.php\/2015\/08\/14\/projeto-de-iniciativa-popular-pela-internet-e-aprovado\/"},"wordCount":402,"commentCount":0,"publisher":{"@id":"https:\/\/jornaltimoneiro.com.br\/#organization"},"articleSection":["Destaques","Not\u00edcias","Pol\u00edtica"],"inLanguage":"pt-BR","potentialAction":[{"@type":"CommentAction","name":"Comment","target":["https:\/\/jornaltimoneiro.com.br\/index.php\/2015\/08\/14\/projeto-de-iniciativa-popular-pela-internet-e-aprovado\/#respond"]}]},{"@type":"WebPage","@id":"https:\/\/jornaltimoneiro.com.br\/index.php\/2015\/08\/14\/projeto-de-iniciativa-popular-pela-internet-e-aprovado\/","url":"https:\/\/jornaltimoneiro.com.br\/index.php\/2015\/08\/14\/projeto-de-iniciativa-popular-pela-internet-e-aprovado\/","name":"Projeto de Iniciativa Popular pela internet \u00e9 aprovado - O Timoneiro Jornal Canoas RS","isPartOf":{"@id":"https:\/\/jornaltimoneiro.com.br\/#website"},"datePublished":"2015-08-14T12:06:50+00:00","dateModified":"2015-08-14T12:06:50+00:00","breadcrumb":{"@id":"https:\/\/jornaltimoneiro.com.br\/index.php\/2015\/08\/14\/projeto-de-iniciativa-popular-pela-internet-e-aprovado\/#breadcrumb"},"inLanguage":"pt-BR","potentialAction":[{"@type":"ReadAction","target":["https:\/\/jornaltimoneiro.com.br\/index.php\/2015\/08\/14\/projeto-de-iniciativa-popular-pela-internet-e-aprovado\/"]}]},{"@type":"BreadcrumbList","@id":"https:\/\/jornaltimoneiro.com.br\/index.php\/2015\/08\/14\/projeto-de-iniciativa-popular-pela-internet-e-aprovado\/#breadcrumb","itemListElement":[{"@type":"ListItem","position":1,"name":"In\u00edcio","item":"https:\/\/jornaltimoneiro.com.br\/"},{"@type":"ListItem","position":2,"name":"Projeto de Iniciativa Popular pela internet \u00e9 aprovado"}]},{"@type":"WebSite","@id":"https:\/\/jornaltimoneiro.com.br\/#website","url":"https:\/\/jornaltimoneiro.com.br\/","name":"Jornal Timoneiro Canoas RS","description":"Jornal O Timoneiro, o verdadeiro jornal de Canoas","publisher":{"@id":"https:\/\/jornaltimoneiro.com.br\/#organization"},"potentialAction":[{"@type":"SearchAction","target":{"@type":"EntryPoint","urlTemplate":"https:\/\/jornaltimoneiro.com.br\/?s={search_term_string}"},"query-input":"required name=search_term_string"}],"inLanguage":"pt-BR"},{"@type":"Organization","@id":"https:\/\/jornaltimoneiro.com.br\/#organization","name":"Jornal Timoneiro Canoas RS","url":"https:\/\/jornaltimoneiro.com.br\/","logo":{"@type":"ImageObject","inLanguage":"pt-BR","@id":"https:\/\/jornaltimoneiro.com.br\/#\/schema\/logo\/image\/","url":"https:\/\/jornaltimoneiro.com.br\/wp-content\/uploads\/2023\/03\/logonovo.png","contentUrl":"https:\/\/jornaltimoneiro.com.br\/wp-content\/uploads\/2023\/03\/logonovo.png","width":"469","height":"171","caption":"Jornal Timoneiro Canoas RS"},"image":{"@id":"https:\/\/jornaltimoneiro.com.br\/#\/schema\/logo\/image\/"},"sameAs":["https:\/\/www.facebook.com\/jornaltimoneiro","https:\/\/twitter.com\/_OTimoneiro","https:\/\/www.instagram.com\/jornaltimoneirocanoas\/","https:\/\/www.youtube.com\/@jornalotimoneiro7927"]},{"@type":"Person","@id":"https:\/\/jornaltimoneiro.com.br\/#\/schema\/person\/620efd1d8244466117482be494360b08","name":"Reda\u00e7\u00e3o","image":{"@type":"ImageObject","inLanguage":"pt-BR","@id":"https:\/\/jornaltimoneiro.com.br\/#\/schema\/person\/image\/","url":"https:\/\/secure.gravatar.com\/avatar\/2f04e1b304682a8d9db336c7acd77f08?s=96&d=mm&r=g","contentUrl":"https:\/\/secure.gravatar.com\/avatar\/2f04e1b304682a8d9db336c7acd77f08?s=96&d=mm&r=g","caption":"Reda\u00e7\u00e3o"},"url":"https:\/\/jornaltimoneiro.com.br\/index.php\/author\/timoneirocanoas\/"}]}},"_links":{"self":[{"href":"https:\/\/jornaltimoneiro.com.br\/index.php\/wp-json\/wp\/v2\/posts\/895"}],"collection":[{"href":"https:\/\/jornaltimoneiro.com.br\/index.php\/wp-json\/wp\/v2\/posts"}],"about":[{"href":"https:\/\/jornaltimoneiro.com.br\/index.php\/wp-json\/wp\/v2\/types\/post"}],"author":[{"embeddable":true,"href":"https:\/\/jornaltimoneiro.com.br\/index.php\/wp-json\/wp\/v2\/users\/1"}],"replies":[{"embeddable":true,"href":"https:\/\/jornaltimoneiro.com.br\/index.php\/wp-json\/wp\/v2\/comments?post=895"}],"version-history":[{"count":0,"href":"https:\/\/jornaltimoneiro.com.br\/index.php\/wp-json\/wp\/v2\/posts\/895\/revisions"}],"wp:attachment":[{"href":"https:\/\/jornaltimoneiro.com.br\/index.php\/wp-json\/wp\/v2\/media?parent=895"}],"wp:term":[{"taxonomy":"category","embeddable":true,"href":"https:\/\/jornaltimoneiro.com.br\/index.php\/wp-json\/wp\/v2\/categories?post=895"},{"taxonomy":"post_tag","embeddable":true,"href":"https:\/\/jornaltimoneiro.com.br\/index.php\/wp-json\/wp\/v2\/tags?post=895"}],"curies":[{"name":"wp","href":"https:\/\/api.w.org\/{rel}","templated":true}]}}