{"id":886,"date":"2015-08-11T13:30:21","date_gmt":"2015-08-11T16:30:21","guid":{"rendered":"http:\/\/otimoneiro.com.br\/?p=886"},"modified":"2015-08-11T13:30:21","modified_gmt":"2015-08-11T16:30:21","slug":"aberta-licitacao-para-novos-154-taxis-circularem-no-municipio","status":"publish","type":"post","link":"https:\/\/jornaltimoneiro.com.br\/index.php\/2015\/08\/11\/aberta-licitacao-para-novos-154-taxis-circularem-no-municipio\/","title":{"rendered":"Aberta licita\u00e7\u00e3o para novos 154 t\u00e1xis circularem no munic\u00edpio"},"content":{"rendered":"<p style=\"text-align: justify;\">Um Edital foi apresentado durante a reuni\u00e3o de secretariado do Prefeito de Canoas, Jairo Jorge (PT), anunciado pelo secret\u00e1rio municipal de Planejamento e Gest\u00e3o, F\u00e1bio Cannas. \u201cSer\u00e1 um processo com total tranquilidade, com 45 dias para apresenta\u00e7\u00e3o das propostas\u201d, salienta Cannas. Oswaldo Steffen, secret\u00e1rio municipal de Transportes e Mobilidade, um dos respons\u00e1veis pela licita\u00e7\u00e3o, salientou que o processo foi longo. \u201cFoi uma longa caminhada que se iniciou com a nova Lei dos T\u00e1xis, em 2014. Houve um longo processo de debate com os taxistas\u201d. O lan\u00e7amento foi acompanhado pelo presidente do Sindicato dos Taxistas (Sinditaxi), S\u00e9rgio Ant\u00f4nio de Oliveira, pelo presidente da Associa\u00e7\u00e3o dos Taxistas de Canoas (ATC), Antonio Carlos David, e seu vice, Carlos Lima.<\/p>\n<p style=\"text-align: justify;\">Ser\u00e3o 154 novas autoriza\u00e7\u00f5es para a presta\u00e7\u00e3o e explora\u00e7\u00e3o do servi\u00e7o de t\u00e1xi convencional e especial adaptado. A licita\u00e7\u00e3o se dar\u00e1 por meio de concorr\u00eancia p\u00fablica, com crit\u00e9rio de julgamento do tipo \u201cmelhor t\u00e9cnica\u201d, com a classifica\u00e7\u00e3o dos concorrentes de acordo com uma pontua\u00e7\u00e3o. Os interessados ter\u00e3o um prazo de 45 dias, at\u00e9 25 de setembro, para apresenta\u00e7\u00e3o de propostas. O edital est\u00e1 dispon\u00edvel desde ter\u00e7a-feira, 11, no site www.canoas.rs.gov.br, na se\u00e7\u00e3o \u201cPublica\u00e7\u00f5es Legais\u201d (modalidade \u201cConcorr\u00eancia P\u00fablica).<\/p>\n<p style=\"text-align: justify;\">A classifica\u00e7\u00e3o dos concorrentes ser\u00e1 atrav\u00e9s de uma pontua\u00e7\u00e3o, seguindo crit\u00e9rios t\u00e9cnicos. Ser\u00e3o 10 itens de pontua\u00e7\u00e3o, que incluem o ano de fabrica\u00e7\u00e3o do ve\u00edculo, a pot\u00eancia do motor, a seguran\u00e7a (tipo de air bag e de freios), o tipo de ar-condicionado, a capacidade do porta-malas e o sistema de pagamento com cart\u00e3o de cr\u00e9dito, entre outros. Um diferencial de Canoas em rela\u00e7\u00e3o a outras licita\u00e7\u00f5es semelhantes no pa\u00eds \u00e9 o item que valoriza a pontua\u00e7\u00e3o de acordo com a experi\u00eancia do condutor ou da empresa concorrente. Quem vencer a concorr\u00eancia ter\u00e1 um prazo de 120 dias para a apresenta\u00e7\u00e3o do(s) ve\u00edculo(s). A concess\u00e3o, de acordo com lei municipal, \u00e9 por 35 anos.<\/p>\n<p style=\"text-align: justify;\"><strong>Prefixos<\/strong><\/p>\n<p style=\"text-align: justify;\">Com a altera\u00e7\u00e3o, a frota que atualmente \u00e9 de 169 t\u00e1xis, chegar\u00e1 a 323, de acordo com o Censo 2010 do Instituto Brasileiro de Geografia e Estat\u00edstica (IBGE). A Prefeitura explica que para pessoas f\u00edsicas, ser\u00e3o destinados 93 prefixos: 89 para ve\u00edculos convencionais e quatro para ve\u00edculos adaptados para o transporte de pessoas com defici\u00eancia. Segundo o artigo 3\u00ba da Lei, \u201cSer\u00e1 outorgada apenas uma autoriza\u00e7\u00e3o por pessoa f\u00edsica e, no m\u00e1ximo, 20% (vinte por cento) da frota municipal para pessoa jur\u00eddica\u201d.<\/p>\n<p style=\"text-align: justify;\">Para empresas, a concorr\u00eancia abrir\u00e1 55 vagas para t\u00e1xis convencionais e seis t\u00e1xis adaptados. No caso das pessoas jur\u00eddicas, a disponibiliza\u00e7\u00e3o dos prefixos ser\u00e1 atrav\u00e9s de lotes: ser\u00e3o 11 com cinco ve\u00edculos convencionais cada e tr\u00eas com dois ve\u00edculos adaptados cada, explica a atual administra\u00e7\u00e3o.<\/p>\n<p style=\"text-align: justify;\">Ser\u00e3o 3% da frota destinada a ve\u00edculos adaptados para deficientes. \u201cA tarifa a ser aplicada pelos t\u00e1xis adaptados n\u00e3o ter\u00e1\u201d, diz o texto. Ser\u00e3o autorizados tr\u00eas motoristas, no m\u00e1ximo, por ve\u00edculo, que atuar\u00e3o em regime de colabora\u00e7\u00e3o, emprego ou qualquer outra forma permitida em lei, com autoriza\u00e7\u00e3o renovada anualmente.<\/p>\n<p style=\"text-align: justify;\">\n","protected":false},"excerpt":{"rendered":"<p>Um ve\u00edculo para cada mil habitantes. Assim determina a nova Lei dos T\u00e1xis (Lei n\u00ba 5.843) de 26 de junho de 2014. A nova legisla\u00e7\u00e3o, integrada por 47 artigos e 13 p\u00e1ginas, visa normatizar os servi\u00e7os de transporte individual de passageiros de Canoas. Serve para determinar regras sobre autoriza\u00e7\u00f5es, tarifas, vida \u00fatil dos ve\u00edculos e penalidades pelo n\u00e3o cumprimento de suas disposi\u00e7\u00f5es. O projeto, que chegou a C\u00e2mara dos Vereadores em 10 de junho do ano passado, foi aprovado com unanimidade.<\/p>\n","protected":false},"author":1,"featured_media":0,"comment_status":"open","ping_status":"open","sticky":false,"template":"","format":"standard","meta":{"amp_status":"","footnotes":""},"categories":[25,19,22],"tags":[],"class_list":["post-886","post","type-post","status-publish","format-standard","hentry","category-comunidade","category-destaques","category-noticias"],"yoast_head":"<!-- This site is optimized with the Yoast SEO plugin v20.5 - https:\/\/yoast.com\/wordpress\/plugins\/seo\/ -->\n<title>Aberta licita\u00e7\u00e3o para novos 154 t\u00e1xis circularem no munic\u00edpio - O Timoneiro Jornal Canoas RS<\/title>\n<meta name=\"robots\" content=\"index, follow, max-snippet:-1, max-image-preview:large, max-video-preview:-1\" \/>\n<link rel=\"canonical\" href=\"https:\/\/jornaltimoneiro.com.br\/index.php\/2015\/08\/11\/aberta-licitacao-para-novos-154-taxis-circularem-no-municipio\/\" \/>\n<meta property=\"og:locale\" content=\"pt_BR\" \/>\n<meta property=\"og:type\" content=\"article\" \/>\n<meta property=\"og:title\" content=\"Aberta licita\u00e7\u00e3o para novos 154 t\u00e1xis circularem no munic\u00edpio - O Timoneiro Jornal Canoas RS\" \/>\n<meta property=\"og:description\" content=\"Um ve\u00edculo para cada mil habitantes. Assim determina a nova Lei dos T\u00e1xis (Lei n\u00ba 5.843) de 26 de junho de 2014. A nova legisla\u00e7\u00e3o, integrada por 47 artigos e 13 p\u00e1ginas, visa normatizar os servi\u00e7os de transporte individual de passageiros de Canoas. Serve para determinar regras sobre autoriza\u00e7\u00f5es, tarifas, vida \u00fatil dos ve\u00edculos e penalidades pelo n\u00e3o cumprimento de suas disposi\u00e7\u00f5es. O projeto, que chegou a C\u00e2mara dos Vereadores em 10 de junho do ano passado, foi aprovado com unanimidade.\" \/>\n<meta property=\"og:url\" content=\"https:\/\/jornaltimoneiro.com.br\/index.php\/2015\/08\/11\/aberta-licitacao-para-novos-154-taxis-circularem-no-municipio\/\" \/>\n<meta property=\"og:site_name\" content=\"O Timoneiro Jornal Canoas RS\" \/>\n<meta property=\"article:publisher\" content=\"https:\/\/www.facebook.com\/jornaltimoneiro\" \/>\n<meta property=\"article:published_time\" content=\"2015-08-11T16:30:21+00:00\" \/>\n<meta name=\"author\" content=\"Reda\u00e7\u00e3o\" \/>\n<meta name=\"twitter:card\" content=\"summary_large_image\" \/>\n<meta name=\"twitter:creator\" content=\"@_OTimoneiro\" \/>\n<meta name=\"twitter:site\" content=\"@_OTimoneiro\" \/>\n<meta name=\"twitter:label1\" content=\"Escrito por\" \/>\n\t<meta name=\"twitter:data1\" content=\"Reda\u00e7\u00e3o\" \/>\n\t<meta name=\"twitter:label2\" content=\"Est. tempo de leitura\" \/>\n\t<meta name=\"twitter:data2\" content=\"3 minutos\" \/>\n<script type=\"application\/ld+json\" class=\"yoast-schema-graph\">{\"@context\":\"https:\/\/schema.org\",\"@graph\":[{\"@type\":\"Article\",\"@id\":\"https:\/\/jornaltimoneiro.com.br\/index.php\/2015\/08\/11\/aberta-licitacao-para-novos-154-taxis-circularem-no-municipio\/#article\",\"isPartOf\":{\"@id\":\"https:\/\/jornaltimoneiro.com.br\/index.php\/2015\/08\/11\/aberta-licitacao-para-novos-154-taxis-circularem-no-municipio\/\"},\"author\":{\"name\":\"Reda\u00e7\u00e3o\",\"@id\":\"https:\/\/jornaltimoneiro.com.br\/#\/schema\/person\/620efd1d8244466117482be494360b08\"},\"headline\":\"Aberta licita\u00e7\u00e3o para novos 154 t\u00e1xis circularem no munic\u00edpio\",\"datePublished\":\"2015-08-11T16:30:21+00:00\",\"dateModified\":\"2015-08-11T16:30:21+00:00\",\"mainEntityOfPage\":{\"@id\":\"https:\/\/jornaltimoneiro.com.br\/index.php\/2015\/08\/11\/aberta-licitacao-para-novos-154-taxis-circularem-no-municipio\/\"},\"wordCount\":568,\"commentCount\":0,\"publisher\":{\"@id\":\"https:\/\/jornaltimoneiro.com.br\/#organization\"},\"articleSection\":[\"Comunidade\",\"Destaques\",\"Not\u00edcias\"],\"inLanguage\":\"pt-BR\",\"potentialAction\":[{\"@type\":\"CommentAction\",\"name\":\"Comment\",\"target\":[\"https:\/\/jornaltimoneiro.com.br\/index.php\/2015\/08\/11\/aberta-licitacao-para-novos-154-taxis-circularem-no-municipio\/#respond\"]}]},{\"@type\":\"WebPage\",\"@id\":\"https:\/\/jornaltimoneiro.com.br\/index.php\/2015\/08\/11\/aberta-licitacao-para-novos-154-taxis-circularem-no-municipio\/\",\"url\":\"https:\/\/jornaltimoneiro.com.br\/index.php\/2015\/08\/11\/aberta-licitacao-para-novos-154-taxis-circularem-no-municipio\/\",\"name\":\"Aberta licita\u00e7\u00e3o para novos 154 t\u00e1xis circularem no munic\u00edpio - O Timoneiro Jornal Canoas RS\",\"isPartOf\":{\"@id\":\"https:\/\/jornaltimoneiro.com.br\/#website\"},\"datePublished\":\"2015-08-11T16:30:21+00:00\",\"dateModified\":\"2015-08-11T16:30:21+00:00\",\"breadcrumb\":{\"@id\":\"https:\/\/jornaltimoneiro.com.br\/index.php\/2015\/08\/11\/aberta-licitacao-para-novos-154-taxis-circularem-no-municipio\/#breadcrumb\"},\"inLanguage\":\"pt-BR\",\"potentialAction\":[{\"@type\":\"ReadAction\",\"target\":[\"https:\/\/jornaltimoneiro.com.br\/index.php\/2015\/08\/11\/aberta-licitacao-para-novos-154-taxis-circularem-no-municipio\/\"]}]},{\"@type\":\"BreadcrumbList\",\"@id\":\"https:\/\/jornaltimoneiro.com.br\/index.php\/2015\/08\/11\/aberta-licitacao-para-novos-154-taxis-circularem-no-municipio\/#breadcrumb\",\"itemListElement\":[{\"@type\":\"ListItem\",\"position\":1,\"name\":\"In\u00edcio\",\"item\":\"https:\/\/jornaltimoneiro.com.br\/\"},{\"@type\":\"ListItem\",\"position\":2,\"name\":\"Aberta licita\u00e7\u00e3o para novos 154 t\u00e1xis circularem no munic\u00edpio\"}]},{\"@type\":\"WebSite\",\"@id\":\"https:\/\/jornaltimoneiro.com.br\/#website\",\"url\":\"https:\/\/jornaltimoneiro.com.br\/\",\"name\":\"Jornal Timoneiro Canoas RS\",\"description\":\"Jornal O Timoneiro, o verdadeiro jornal de Canoas\",\"publisher\":{\"@id\":\"https:\/\/jornaltimoneiro.com.br\/#organization\"},\"potentialAction\":[{\"@type\":\"SearchAction\",\"target\":{\"@type\":\"EntryPoint\",\"urlTemplate\":\"https:\/\/jornaltimoneiro.com.br\/?s={search_term_string}\"},\"query-input\":\"required name=search_term_string\"}],\"inLanguage\":\"pt-BR\"},{\"@type\":\"Organization\",\"@id\":\"https:\/\/jornaltimoneiro.com.br\/#organization\",\"name\":\"Jornal Timoneiro Canoas RS\",\"url\":\"https:\/\/jornaltimoneiro.com.br\/\",\"logo\":{\"@type\":\"ImageObject\",\"inLanguage\":\"pt-BR\",\"@id\":\"https:\/\/jornaltimoneiro.com.br\/#\/schema\/logo\/image\/\",\"url\":\"https:\/\/jornaltimoneiro.com.br\/wp-content\/uploads\/2023\/03\/logonovo.png\",\"contentUrl\":\"https:\/\/jornaltimoneiro.com.br\/wp-content\/uploads\/2023\/03\/logonovo.png\",\"width\":\"469\",\"height\":\"171\",\"caption\":\"Jornal Timoneiro Canoas RS\"},\"image\":{\"@id\":\"https:\/\/jornaltimoneiro.com.br\/#\/schema\/logo\/image\/\"},\"sameAs\":[\"https:\/\/www.facebook.com\/jornaltimoneiro\",\"https:\/\/twitter.com\/_OTimoneiro\",\"https:\/\/www.instagram.com\/jornaltimoneirocanoas\/\",\"https:\/\/www.youtube.com\/@jornalotimoneiro7927\"]},{\"@type\":\"Person\",\"@id\":\"https:\/\/jornaltimoneiro.com.br\/#\/schema\/person\/620efd1d8244466117482be494360b08\",\"name\":\"Reda\u00e7\u00e3o\",\"image\":{\"@type\":\"ImageObject\",\"inLanguage\":\"pt-BR\",\"@id\":\"https:\/\/jornaltimoneiro.com.br\/#\/schema\/person\/image\/\",\"url\":\"https:\/\/secure.gravatar.com\/avatar\/2f04e1b304682a8d9db336c7acd77f08?s=96&d=mm&r=g\",\"contentUrl\":\"https:\/\/secure.gravatar.com\/avatar\/2f04e1b304682a8d9db336c7acd77f08?s=96&d=mm&r=g\",\"caption\":\"Reda\u00e7\u00e3o\"},\"url\":\"https:\/\/jornaltimoneiro.com.br\/index.php\/author\/timoneirocanoas\/\"}]}<\/script>\n<!-- \/ Yoast SEO plugin. -->","yoast_head_json":{"title":"Aberta licita\u00e7\u00e3o para novos 154 t\u00e1xis circularem no munic\u00edpio - O Timoneiro Jornal Canoas RS","robots":{"index":"index","follow":"follow","max-snippet":"max-snippet:-1","max-image-preview":"max-image-preview:large","max-video-preview":"max-video-preview:-1"},"canonical":"https:\/\/jornaltimoneiro.com.br\/index.php\/2015\/08\/11\/aberta-licitacao-para-novos-154-taxis-circularem-no-municipio\/","og_locale":"pt_BR","og_type":"article","og_title":"Aberta licita\u00e7\u00e3o para novos 154 t\u00e1xis circularem no munic\u00edpio - O Timoneiro Jornal Canoas RS","og_description":"Um ve\u00edculo para cada mil habitantes. Assim determina a nova Lei dos T\u00e1xis (Lei n\u00ba 5.843) de 26 de junho de 2014. A nova legisla\u00e7\u00e3o, integrada por 47 artigos e 13 p\u00e1ginas, visa normatizar os servi\u00e7os de transporte individual de passageiros de Canoas. Serve para determinar regras sobre autoriza\u00e7\u00f5es, tarifas, vida \u00fatil dos ve\u00edculos e penalidades pelo n\u00e3o cumprimento de suas disposi\u00e7\u00f5es. O projeto, que chegou a C\u00e2mara dos Vereadores em 10 de junho do ano passado, foi aprovado com unanimidade.","og_url":"https:\/\/jornaltimoneiro.com.br\/index.php\/2015\/08\/11\/aberta-licitacao-para-novos-154-taxis-circularem-no-municipio\/","og_site_name":"O Timoneiro Jornal Canoas RS","article_publisher":"https:\/\/www.facebook.com\/jornaltimoneiro","article_published_time":"2015-08-11T16:30:21+00:00","author":"Reda\u00e7\u00e3o","twitter_card":"summary_large_image","twitter_creator":"@_OTimoneiro","twitter_site":"@_OTimoneiro","twitter_misc":{"Escrito por":"Reda\u00e7\u00e3o","Est. tempo de leitura":"3 minutos"},"schema":{"@context":"https:\/\/schema.org","@graph":[{"@type":"Article","@id":"https:\/\/jornaltimoneiro.com.br\/index.php\/2015\/08\/11\/aberta-licitacao-para-novos-154-taxis-circularem-no-municipio\/#article","isPartOf":{"@id":"https:\/\/jornaltimoneiro.com.br\/index.php\/2015\/08\/11\/aberta-licitacao-para-novos-154-taxis-circularem-no-municipio\/"},"author":{"name":"Reda\u00e7\u00e3o","@id":"https:\/\/jornaltimoneiro.com.br\/#\/schema\/person\/620efd1d8244466117482be494360b08"},"headline":"Aberta licita\u00e7\u00e3o para novos 154 t\u00e1xis circularem no munic\u00edpio","datePublished":"2015-08-11T16:30:21+00:00","dateModified":"2015-08-11T16:30:21+00:00","mainEntityOfPage":{"@id":"https:\/\/jornaltimoneiro.com.br\/index.php\/2015\/08\/11\/aberta-licitacao-para-novos-154-taxis-circularem-no-municipio\/"},"wordCount":568,"commentCount":0,"publisher":{"@id":"https:\/\/jornaltimoneiro.com.br\/#organization"},"articleSection":["Comunidade","Destaques","Not\u00edcias"],"inLanguage":"pt-BR","potentialAction":[{"@type":"CommentAction","name":"Comment","target":["https:\/\/jornaltimoneiro.com.br\/index.php\/2015\/08\/11\/aberta-licitacao-para-novos-154-taxis-circularem-no-municipio\/#respond"]}]},{"@type":"WebPage","@id":"https:\/\/jornaltimoneiro.com.br\/index.php\/2015\/08\/11\/aberta-licitacao-para-novos-154-taxis-circularem-no-municipio\/","url":"https:\/\/jornaltimoneiro.com.br\/index.php\/2015\/08\/11\/aberta-licitacao-para-novos-154-taxis-circularem-no-municipio\/","name":"Aberta licita\u00e7\u00e3o para novos 154 t\u00e1xis circularem no munic\u00edpio - O Timoneiro Jornal Canoas RS","isPartOf":{"@id":"https:\/\/jornaltimoneiro.com.br\/#website"},"datePublished":"2015-08-11T16:30:21+00:00","dateModified":"2015-08-11T16:30:21+00:00","breadcrumb":{"@id":"https:\/\/jornaltimoneiro.com.br\/index.php\/2015\/08\/11\/aberta-licitacao-para-novos-154-taxis-circularem-no-municipio\/#breadcrumb"},"inLanguage":"pt-BR","potentialAction":[{"@type":"ReadAction","target":["https:\/\/jornaltimoneiro.com.br\/index.php\/2015\/08\/11\/aberta-licitacao-para-novos-154-taxis-circularem-no-municipio\/"]}]},{"@type":"BreadcrumbList","@id":"https:\/\/jornaltimoneiro.com.br\/index.php\/2015\/08\/11\/aberta-licitacao-para-novos-154-taxis-circularem-no-municipio\/#breadcrumb","itemListElement":[{"@type":"ListItem","position":1,"name":"In\u00edcio","item":"https:\/\/jornaltimoneiro.com.br\/"},{"@type":"ListItem","position":2,"name":"Aberta licita\u00e7\u00e3o para novos 154 t\u00e1xis circularem no munic\u00edpio"}]},{"@type":"WebSite","@id":"https:\/\/jornaltimoneiro.com.br\/#website","url":"https:\/\/jornaltimoneiro.com.br\/","name":"Jornal Timoneiro Canoas RS","description":"Jornal O Timoneiro, o verdadeiro jornal de Canoas","publisher":{"@id":"https:\/\/jornaltimoneiro.com.br\/#organization"},"potentialAction":[{"@type":"SearchAction","target":{"@type":"EntryPoint","urlTemplate":"https:\/\/jornaltimoneiro.com.br\/?s={search_term_string}"},"query-input":"required name=search_term_string"}],"inLanguage":"pt-BR"},{"@type":"Organization","@id":"https:\/\/jornaltimoneiro.com.br\/#organization","name":"Jornal Timoneiro Canoas RS","url":"https:\/\/jornaltimoneiro.com.br\/","logo":{"@type":"ImageObject","inLanguage":"pt-BR","@id":"https:\/\/jornaltimoneiro.com.br\/#\/schema\/logo\/image\/","url":"https:\/\/jornaltimoneiro.com.br\/wp-content\/uploads\/2023\/03\/logonovo.png","contentUrl":"https:\/\/jornaltimoneiro.com.br\/wp-content\/uploads\/2023\/03\/logonovo.png","width":"469","height":"171","caption":"Jornal Timoneiro Canoas RS"},"image":{"@id":"https:\/\/jornaltimoneiro.com.br\/#\/schema\/logo\/image\/"},"sameAs":["https:\/\/www.facebook.com\/jornaltimoneiro","https:\/\/twitter.com\/_OTimoneiro","https:\/\/www.instagram.com\/jornaltimoneirocanoas\/","https:\/\/www.youtube.com\/@jornalotimoneiro7927"]},{"@type":"Person","@id":"https:\/\/jornaltimoneiro.com.br\/#\/schema\/person\/620efd1d8244466117482be494360b08","name":"Reda\u00e7\u00e3o","image":{"@type":"ImageObject","inLanguage":"pt-BR","@id":"https:\/\/jornaltimoneiro.com.br\/#\/schema\/person\/image\/","url":"https:\/\/secure.gravatar.com\/avatar\/2f04e1b304682a8d9db336c7acd77f08?s=96&d=mm&r=g","contentUrl":"https:\/\/secure.gravatar.com\/avatar\/2f04e1b304682a8d9db336c7acd77f08?s=96&d=mm&r=g","caption":"Reda\u00e7\u00e3o"},"url":"https:\/\/jornaltimoneiro.com.br\/index.php\/author\/timoneirocanoas\/"}]}},"_links":{"self":[{"href":"https:\/\/jornaltimoneiro.com.br\/index.php\/wp-json\/wp\/v2\/posts\/886"}],"collection":[{"href":"https:\/\/jornaltimoneiro.com.br\/index.php\/wp-json\/wp\/v2\/posts"}],"about":[{"href":"https:\/\/jornaltimoneiro.com.br\/index.php\/wp-json\/wp\/v2\/types\/post"}],"author":[{"embeddable":true,"href":"https:\/\/jornaltimoneiro.com.br\/index.php\/wp-json\/wp\/v2\/users\/1"}],"replies":[{"embeddable":true,"href":"https:\/\/jornaltimoneiro.com.br\/index.php\/wp-json\/wp\/v2\/comments?post=886"}],"version-history":[{"count":0,"href":"https:\/\/jornaltimoneiro.com.br\/index.php\/wp-json\/wp\/v2\/posts\/886\/revisions"}],"wp:attachment":[{"href":"https:\/\/jornaltimoneiro.com.br\/index.php\/wp-json\/wp\/v2\/media?parent=886"}],"wp:term":[{"taxonomy":"category","embeddable":true,"href":"https:\/\/jornaltimoneiro.com.br\/index.php\/wp-json\/wp\/v2\/categories?post=886"},{"taxonomy":"post_tag","embeddable":true,"href":"https:\/\/jornaltimoneiro.com.br\/index.php\/wp-json\/wp\/v2\/tags?post=886"}],"curies":[{"name":"wp","href":"https:\/\/api.w.org\/{rel}","templated":true}]}}