{"id":864,"date":"2015-08-07T09:04:36","date_gmt":"2015-08-07T12:04:36","guid":{"rendered":"http:\/\/otimoneiro.com.br\/?p=864"},"modified":"2015-08-07T09:04:36","modified_gmt":"2015-08-07T12:04:36","slug":"nova-santa-rita-vereadores-denunciam-destruicao-de-patrimonio-cultural","status":"publish","type":"post","link":"https:\/\/jornaltimoneiro.com.br\/index.php\/2015\/08\/07\/nova-santa-rita-vereadores-denunciam-destruicao-de-patrimonio-cultural\/","title":{"rendered":"Nova Santa Rita: Vereadores denunciam destrui\u00e7\u00e3o de patrim\u00f4nio cultural"},"content":{"rendered":"<div id=\"attachment_865\" style=\"width: 720px\" class=\"wp-caption aligncenter\"><a href=\"http:\/\/otimoneiro.com.br\/wp-content\/uploads\/2015\/08\/Base-corroida-Galp\u00e3o-3.jpg\"><img decoding=\"async\" aria-describedby=\"caption-attachment-865\" class=\"wp-image-865 \" src=\"http:\/\/otimoneiro.com.br\/wp-content\/uploads\/2015\/08\/Base-corroida-Galp\u00e3o-3-1024x684.jpg\" alt=\"Foto: Divulga\u00e7\u00e3o Prefeitura de Nova Santa Rita\" width=\"710\" height=\"475\" \/><\/a><p id=\"caption-attachment-865\" class=\"wp-caption-text\">Foto: Divulga\u00e7\u00e3o Prefeitura de Nova Santa Rita<\/p><\/div>\n<p style=\"text-align: justify;\">O galp\u00e3o Olmiro Brand\u00e3o foi demolido pela Prefeitura Municipal de Nova Santa Rita. Os vereadores Danilo Barbudo (Solidariedade) e Renato Machado (PP), questionam a iniciativa. \u201c\u00c9 um galp\u00e3o de bastante tempo onde periodicamente tem que ser feito reformas e assim era feito anteriormente. Encaminhamos pedidos ent\u00e3o (em 2013) para o Corpo de Bombeiros para saber a situa\u00e7\u00e3o, onde detectamos extintores vazios, n\u00e3o tinha projeto PPCI, e isso \u00e9 documentado, tenho em m\u00e3os documentos que provam isso\u201d, destaca Renato.<br \/>\nSegundo eles, uma escola tamb\u00e9m fora prejudicada pelo que chamaram de onda de demoli\u00e7\u00f5es. \u201cEra um arquivo do munic\u00edpio com documentos dos servidores\u201d, destacou. Segundo o parlamentar, \u201cdocumentos, arm\u00e1rios, tudo o que tinha dentro desse arquivo foi colocado as margens da escola fazenda num a\u00e7ude da Prefeitura\u201d. O minist\u00e9rio p\u00fablico investiga o caso. \u201cN\u00f3s j\u00e1 obtivemos o primeiro passo, onde o promotor acatou o nosso pedido\u201d, conclui.<\/p>\n<p style=\"text-align: justify;\"><strong>O que diz a Prefeitura<\/strong><\/p>\n<div id=\"attachment_866\" style=\"width: 165px\" class=\"wp-caption alignright\"><a href=\"http:\/\/otimoneiro.com.br\/wp-content\/uploads\/2015\/08\/Base-corroida-Galp\u00e3o.jpg\"><img decoding=\"async\" aria-describedby=\"caption-attachment-866\" class=\" wp-image-866\" src=\"http:\/\/otimoneiro.com.br\/wp-content\/uploads\/2015\/08\/Base-corroida-Galp\u00e3o-201x300.jpg\" alt=\"Foto: Divulga\u00e7\u00e3o Prefeitura de Nova Santa Rita\" width=\"155\" height=\"231\" \/><\/a><p id=\"caption-attachment-866\" class=\"wp-caption-text\">Foto: Divulga\u00e7\u00e3o Prefeitura de Nova Santa Rita<\/p><\/div>\n<p style=\"text-align: justify;\">A Prefeitura informou que ambos vereadores compunham a comiss\u00e3o de Obras \u00e0 \u00e9poca que foi encaminhado o pedido de desconstru\u00e7\u00e3o do galp\u00e3o. Informou, tamb\u00e9m, que os res\u00edduos \u201cguardados e est\u00e3o sendo utilizados pela Secretaria de Obras\u201d. Afirmou que o novo projeto de um galp\u00e3o de eventos foi discutido com a comunidade e aprovado pela Associa\u00e7\u00e3o de Tradicionalistas de Nova Santa Rita no dia 8 de julho.<br \/>\nSobre o pr\u00e9dio da antiga escola da d\u00e9cada de 50, constru\u00edda em madeira ao lado da antiga Prefeitura, informou que a mesma encontrava-se \u201ctotalmente destru\u00eddo, sem qualquer condi\u00e7\u00e3o de restaura\u00e7\u00e3o, conforme avalia\u00e7\u00e3o t\u00e9cnica, e por isso, foi desconstru\u00eddo e o local est\u00e1 em processo de revitaliza\u00e7\u00e3o\u201d.<\/p>\n","protected":false},"excerpt":{"rendered":"<p>O galp\u00e3o Olmiro Brand\u00e3o foi demolido pela Prefeitura Municipal de Nova Santa Rita. Os vereadores Danilo Barbudo (Solidariedade) e Renato Machado (PP), questionam a iniciativa. \u201c\u00c9 um galp\u00e3o de bastante tempo onde periodicamente tem que ser feito reformas e assim era feito anteriormente. Encaminhamos pedidos ent\u00e3o (em 2013) para o Corpo de Bombeiros para saber [&hellip;]<\/p>\n","protected":false},"author":1,"featured_media":865,"comment_status":"open","ping_status":"open","sticky":false,"template":"","format":"standard","meta":{"amp_status":"","footnotes":""},"categories":[25,19,22],"tags":[],"class_list":["post-864","post","type-post","status-publish","format-standard","has-post-thumbnail","hentry","category-comunidade","category-destaques","category-noticias"],"yoast_head":"<!-- This site is optimized with the Yoast SEO plugin v20.5 - https:\/\/yoast.com\/wordpress\/plugins\/seo\/ -->\n<title>Nova Santa Rita: Vereadores denunciam destrui\u00e7\u00e3o de patrim\u00f4nio cultural - O Timoneiro Jornal Canoas RS<\/title>\n<meta name=\"robots\" content=\"index, follow, max-snippet:-1, max-image-preview:large, max-video-preview:-1\" \/>\n<link rel=\"canonical\" href=\"https:\/\/jornaltimoneiro.com.br\/index.php\/2015\/08\/07\/nova-santa-rita-vereadores-denunciam-destruicao-de-patrimonio-cultural\/\" \/>\n<meta property=\"og:locale\" content=\"pt_BR\" \/>\n<meta property=\"og:type\" content=\"article\" \/>\n<meta property=\"og:title\" content=\"Nova Santa Rita: Vereadores denunciam destrui\u00e7\u00e3o de patrim\u00f4nio cultural - O Timoneiro Jornal Canoas RS\" \/>\n<meta property=\"og:description\" content=\"O galp\u00e3o Olmiro Brand\u00e3o foi demolido pela Prefeitura Municipal de Nova Santa Rita. Os vereadores Danilo Barbudo (Solidariedade) e Renato Machado (PP), questionam a iniciativa. \u201c\u00c9 um galp\u00e3o de bastante tempo onde periodicamente tem que ser feito reformas e assim era feito anteriormente. Encaminhamos pedidos ent\u00e3o (em 2013) para o Corpo de Bombeiros para saber [&hellip;]\" \/>\n<meta property=\"og:url\" content=\"https:\/\/jornaltimoneiro.com.br\/index.php\/2015\/08\/07\/nova-santa-rita-vereadores-denunciam-destruicao-de-patrimonio-cultural\/\" \/>\n<meta property=\"og:site_name\" content=\"O Timoneiro Jornal Canoas RS\" \/>\n<meta property=\"article:publisher\" content=\"https:\/\/www.facebook.com\/jornaltimoneiro\" \/>\n<meta property=\"article:published_time\" content=\"2015-08-07T12:04:36+00:00\" \/>\n<meta name=\"author\" content=\"Reda\u00e7\u00e3o\" \/>\n<meta name=\"twitter:card\" content=\"summary_large_image\" \/>\n<meta name=\"twitter:creator\" content=\"@_OTimoneiro\" \/>\n<meta name=\"twitter:site\" content=\"@_OTimoneiro\" \/>\n<meta name=\"twitter:label1\" content=\"Escrito por\" \/>\n\t<meta name=\"twitter:data1\" content=\"Reda\u00e7\u00e3o\" \/>\n\t<meta name=\"twitter:label2\" content=\"Est. tempo de leitura\" \/>\n\t<meta name=\"twitter:data2\" content=\"2 minutos\" \/>\n<script type=\"application\/ld+json\" class=\"yoast-schema-graph\">{\"@context\":\"https:\/\/schema.org\",\"@graph\":[{\"@type\":\"Article\",\"@id\":\"https:\/\/jornaltimoneiro.com.br\/index.php\/2015\/08\/07\/nova-santa-rita-vereadores-denunciam-destruicao-de-patrimonio-cultural\/#article\",\"isPartOf\":{\"@id\":\"https:\/\/jornaltimoneiro.com.br\/index.php\/2015\/08\/07\/nova-santa-rita-vereadores-denunciam-destruicao-de-patrimonio-cultural\/\"},\"author\":{\"name\":\"Reda\u00e7\u00e3o\",\"@id\":\"https:\/\/jornaltimoneiro.com.br\/#\/schema\/person\/620efd1d8244466117482be494360b08\"},\"headline\":\"Nova Santa Rita: Vereadores denunciam destrui\u00e7\u00e3o de patrim\u00f4nio cultural\",\"datePublished\":\"2015-08-07T12:04:36+00:00\",\"dateModified\":\"2015-08-07T12:04:36+00:00\",\"mainEntityOfPage\":{\"@id\":\"https:\/\/jornaltimoneiro.com.br\/index.php\/2015\/08\/07\/nova-santa-rita-vereadores-denunciam-destruicao-de-patrimonio-cultural\/\"},\"wordCount\":330,\"commentCount\":0,\"publisher\":{\"@id\":\"https:\/\/jornaltimoneiro.com.br\/#organization\"},\"articleSection\":[\"Comunidade\",\"Destaques\",\"Not\u00edcias\"],\"inLanguage\":\"pt-BR\",\"potentialAction\":[{\"@type\":\"CommentAction\",\"name\":\"Comment\",\"target\":[\"https:\/\/jornaltimoneiro.com.br\/index.php\/2015\/08\/07\/nova-santa-rita-vereadores-denunciam-destruicao-de-patrimonio-cultural\/#respond\"]}]},{\"@type\":\"WebPage\",\"@id\":\"https:\/\/jornaltimoneiro.com.br\/index.php\/2015\/08\/07\/nova-santa-rita-vereadores-denunciam-destruicao-de-patrimonio-cultural\/\",\"url\":\"https:\/\/jornaltimoneiro.com.br\/index.php\/2015\/08\/07\/nova-santa-rita-vereadores-denunciam-destruicao-de-patrimonio-cultural\/\",\"name\":\"Nova Santa Rita: Vereadores denunciam destrui\u00e7\u00e3o de patrim\u00f4nio cultural - O Timoneiro Jornal Canoas RS\",\"isPartOf\":{\"@id\":\"https:\/\/jornaltimoneiro.com.br\/#website\"},\"datePublished\":\"2015-08-07T12:04:36+00:00\",\"dateModified\":\"2015-08-07T12:04:36+00:00\",\"breadcrumb\":{\"@id\":\"https:\/\/jornaltimoneiro.com.br\/index.php\/2015\/08\/07\/nova-santa-rita-vereadores-denunciam-destruicao-de-patrimonio-cultural\/#breadcrumb\"},\"inLanguage\":\"pt-BR\",\"potentialAction\":[{\"@type\":\"ReadAction\",\"target\":[\"https:\/\/jornaltimoneiro.com.br\/index.php\/2015\/08\/07\/nova-santa-rita-vereadores-denunciam-destruicao-de-patrimonio-cultural\/\"]}]},{\"@type\":\"BreadcrumbList\",\"@id\":\"https:\/\/jornaltimoneiro.com.br\/index.php\/2015\/08\/07\/nova-santa-rita-vereadores-denunciam-destruicao-de-patrimonio-cultural\/#breadcrumb\",\"itemListElement\":[{\"@type\":\"ListItem\",\"position\":1,\"name\":\"In\u00edcio\",\"item\":\"https:\/\/jornaltimoneiro.com.br\/\"},{\"@type\":\"ListItem\",\"position\":2,\"name\":\"Nova Santa Rita: Vereadores denunciam destrui\u00e7\u00e3o de patrim\u00f4nio cultural\"}]},{\"@type\":\"WebSite\",\"@id\":\"https:\/\/jornaltimoneiro.com.br\/#website\",\"url\":\"https:\/\/jornaltimoneiro.com.br\/\",\"name\":\"Jornal Timoneiro Canoas RS\",\"description\":\"Jornal O Timoneiro, o verdadeiro jornal de Canoas\",\"publisher\":{\"@id\":\"https:\/\/jornaltimoneiro.com.br\/#organization\"},\"potentialAction\":[{\"@type\":\"SearchAction\",\"target\":{\"@type\":\"EntryPoint\",\"urlTemplate\":\"https:\/\/jornaltimoneiro.com.br\/?s={search_term_string}\"},\"query-input\":\"required name=search_term_string\"}],\"inLanguage\":\"pt-BR\"},{\"@type\":\"Organization\",\"@id\":\"https:\/\/jornaltimoneiro.com.br\/#organization\",\"name\":\"Jornal Timoneiro Canoas RS\",\"url\":\"https:\/\/jornaltimoneiro.com.br\/\",\"logo\":{\"@type\":\"ImageObject\",\"inLanguage\":\"pt-BR\",\"@id\":\"https:\/\/jornaltimoneiro.com.br\/#\/schema\/logo\/image\/\",\"url\":\"https:\/\/jornaltimoneiro.com.br\/wp-content\/uploads\/2023\/03\/logonovo.png\",\"contentUrl\":\"https:\/\/jornaltimoneiro.com.br\/wp-content\/uploads\/2023\/03\/logonovo.png\",\"width\":\"469\",\"height\":\"171\",\"caption\":\"Jornal Timoneiro Canoas RS\"},\"image\":{\"@id\":\"https:\/\/jornaltimoneiro.com.br\/#\/schema\/logo\/image\/\"},\"sameAs\":[\"https:\/\/www.facebook.com\/jornaltimoneiro\",\"https:\/\/twitter.com\/_OTimoneiro\",\"https:\/\/www.instagram.com\/jornaltimoneirocanoas\/\",\"https:\/\/www.youtube.com\/@jornalotimoneiro7927\"]},{\"@type\":\"Person\",\"@id\":\"https:\/\/jornaltimoneiro.com.br\/#\/schema\/person\/620efd1d8244466117482be494360b08\",\"name\":\"Reda\u00e7\u00e3o\",\"image\":{\"@type\":\"ImageObject\",\"inLanguage\":\"pt-BR\",\"@id\":\"https:\/\/jornaltimoneiro.com.br\/#\/schema\/person\/image\/\",\"url\":\"https:\/\/secure.gravatar.com\/avatar\/2f04e1b304682a8d9db336c7acd77f08?s=96&d=mm&r=g\",\"contentUrl\":\"https:\/\/secure.gravatar.com\/avatar\/2f04e1b304682a8d9db336c7acd77f08?s=96&d=mm&r=g\",\"caption\":\"Reda\u00e7\u00e3o\"},\"url\":\"https:\/\/jornaltimoneiro.com.br\/index.php\/author\/timoneirocanoas\/\"}]}<\/script>\n<!-- \/ Yoast SEO plugin. -->","yoast_head_json":{"title":"Nova Santa Rita: Vereadores denunciam destrui\u00e7\u00e3o de patrim\u00f4nio cultural - O Timoneiro Jornal Canoas RS","robots":{"index":"index","follow":"follow","max-snippet":"max-snippet:-1","max-image-preview":"max-image-preview:large","max-video-preview":"max-video-preview:-1"},"canonical":"https:\/\/jornaltimoneiro.com.br\/index.php\/2015\/08\/07\/nova-santa-rita-vereadores-denunciam-destruicao-de-patrimonio-cultural\/","og_locale":"pt_BR","og_type":"article","og_title":"Nova Santa Rita: Vereadores denunciam destrui\u00e7\u00e3o de patrim\u00f4nio cultural - O Timoneiro Jornal Canoas RS","og_description":"O galp\u00e3o Olmiro Brand\u00e3o foi demolido pela Prefeitura Municipal de Nova Santa Rita. Os vereadores Danilo Barbudo (Solidariedade) e Renato Machado (PP), questionam a iniciativa. \u201c\u00c9 um galp\u00e3o de bastante tempo onde periodicamente tem que ser feito reformas e assim era feito anteriormente. Encaminhamos pedidos ent\u00e3o (em 2013) para o Corpo de Bombeiros para saber [&hellip;]","og_url":"https:\/\/jornaltimoneiro.com.br\/index.php\/2015\/08\/07\/nova-santa-rita-vereadores-denunciam-destruicao-de-patrimonio-cultural\/","og_site_name":"O Timoneiro Jornal Canoas RS","article_publisher":"https:\/\/www.facebook.com\/jornaltimoneiro","article_published_time":"2015-08-07T12:04:36+00:00","author":"Reda\u00e7\u00e3o","twitter_card":"summary_large_image","twitter_creator":"@_OTimoneiro","twitter_site":"@_OTimoneiro","twitter_misc":{"Escrito por":"Reda\u00e7\u00e3o","Est. tempo de leitura":"2 minutos"},"schema":{"@context":"https:\/\/schema.org","@graph":[{"@type":"Article","@id":"https:\/\/jornaltimoneiro.com.br\/index.php\/2015\/08\/07\/nova-santa-rita-vereadores-denunciam-destruicao-de-patrimonio-cultural\/#article","isPartOf":{"@id":"https:\/\/jornaltimoneiro.com.br\/index.php\/2015\/08\/07\/nova-santa-rita-vereadores-denunciam-destruicao-de-patrimonio-cultural\/"},"author":{"name":"Reda\u00e7\u00e3o","@id":"https:\/\/jornaltimoneiro.com.br\/#\/schema\/person\/620efd1d8244466117482be494360b08"},"headline":"Nova Santa Rita: Vereadores denunciam destrui\u00e7\u00e3o de patrim\u00f4nio cultural","datePublished":"2015-08-07T12:04:36+00:00","dateModified":"2015-08-07T12:04:36+00:00","mainEntityOfPage":{"@id":"https:\/\/jornaltimoneiro.com.br\/index.php\/2015\/08\/07\/nova-santa-rita-vereadores-denunciam-destruicao-de-patrimonio-cultural\/"},"wordCount":330,"commentCount":0,"publisher":{"@id":"https:\/\/jornaltimoneiro.com.br\/#organization"},"articleSection":["Comunidade","Destaques","Not\u00edcias"],"inLanguage":"pt-BR","potentialAction":[{"@type":"CommentAction","name":"Comment","target":["https:\/\/jornaltimoneiro.com.br\/index.php\/2015\/08\/07\/nova-santa-rita-vereadores-denunciam-destruicao-de-patrimonio-cultural\/#respond"]}]},{"@type":"WebPage","@id":"https:\/\/jornaltimoneiro.com.br\/index.php\/2015\/08\/07\/nova-santa-rita-vereadores-denunciam-destruicao-de-patrimonio-cultural\/","url":"https:\/\/jornaltimoneiro.com.br\/index.php\/2015\/08\/07\/nova-santa-rita-vereadores-denunciam-destruicao-de-patrimonio-cultural\/","name":"Nova Santa Rita: Vereadores denunciam destrui\u00e7\u00e3o de patrim\u00f4nio cultural - O Timoneiro Jornal Canoas RS","isPartOf":{"@id":"https:\/\/jornaltimoneiro.com.br\/#website"},"datePublished":"2015-08-07T12:04:36+00:00","dateModified":"2015-08-07T12:04:36+00:00","breadcrumb":{"@id":"https:\/\/jornaltimoneiro.com.br\/index.php\/2015\/08\/07\/nova-santa-rita-vereadores-denunciam-destruicao-de-patrimonio-cultural\/#breadcrumb"},"inLanguage":"pt-BR","potentialAction":[{"@type":"ReadAction","target":["https:\/\/jornaltimoneiro.com.br\/index.php\/2015\/08\/07\/nova-santa-rita-vereadores-denunciam-destruicao-de-patrimonio-cultural\/"]}]},{"@type":"BreadcrumbList","@id":"https:\/\/jornaltimoneiro.com.br\/index.php\/2015\/08\/07\/nova-santa-rita-vereadores-denunciam-destruicao-de-patrimonio-cultural\/#breadcrumb","itemListElement":[{"@type":"ListItem","position":1,"name":"In\u00edcio","item":"https:\/\/jornaltimoneiro.com.br\/"},{"@type":"ListItem","position":2,"name":"Nova Santa Rita: Vereadores denunciam destrui\u00e7\u00e3o de patrim\u00f4nio cultural"}]},{"@type":"WebSite","@id":"https:\/\/jornaltimoneiro.com.br\/#website","url":"https:\/\/jornaltimoneiro.com.br\/","name":"Jornal Timoneiro Canoas RS","description":"Jornal O Timoneiro, o verdadeiro jornal de Canoas","publisher":{"@id":"https:\/\/jornaltimoneiro.com.br\/#organization"},"potentialAction":[{"@type":"SearchAction","target":{"@type":"EntryPoint","urlTemplate":"https:\/\/jornaltimoneiro.com.br\/?s={search_term_string}"},"query-input":"required name=search_term_string"}],"inLanguage":"pt-BR"},{"@type":"Organization","@id":"https:\/\/jornaltimoneiro.com.br\/#organization","name":"Jornal Timoneiro Canoas RS","url":"https:\/\/jornaltimoneiro.com.br\/","logo":{"@type":"ImageObject","inLanguage":"pt-BR","@id":"https:\/\/jornaltimoneiro.com.br\/#\/schema\/logo\/image\/","url":"https:\/\/jornaltimoneiro.com.br\/wp-content\/uploads\/2023\/03\/logonovo.png","contentUrl":"https:\/\/jornaltimoneiro.com.br\/wp-content\/uploads\/2023\/03\/logonovo.png","width":"469","height":"171","caption":"Jornal Timoneiro Canoas RS"},"image":{"@id":"https:\/\/jornaltimoneiro.com.br\/#\/schema\/logo\/image\/"},"sameAs":["https:\/\/www.facebook.com\/jornaltimoneiro","https:\/\/twitter.com\/_OTimoneiro","https:\/\/www.instagram.com\/jornaltimoneirocanoas\/","https:\/\/www.youtube.com\/@jornalotimoneiro7927"]},{"@type":"Person","@id":"https:\/\/jornaltimoneiro.com.br\/#\/schema\/person\/620efd1d8244466117482be494360b08","name":"Reda\u00e7\u00e3o","image":{"@type":"ImageObject","inLanguage":"pt-BR","@id":"https:\/\/jornaltimoneiro.com.br\/#\/schema\/person\/image\/","url":"https:\/\/secure.gravatar.com\/avatar\/2f04e1b304682a8d9db336c7acd77f08?s=96&d=mm&r=g","contentUrl":"https:\/\/secure.gravatar.com\/avatar\/2f04e1b304682a8d9db336c7acd77f08?s=96&d=mm&r=g","caption":"Reda\u00e7\u00e3o"},"url":"https:\/\/jornaltimoneiro.com.br\/index.php\/author\/timoneirocanoas\/"}]}},"_links":{"self":[{"href":"https:\/\/jornaltimoneiro.com.br\/index.php\/wp-json\/wp\/v2\/posts\/864"}],"collection":[{"href":"https:\/\/jornaltimoneiro.com.br\/index.php\/wp-json\/wp\/v2\/posts"}],"about":[{"href":"https:\/\/jornaltimoneiro.com.br\/index.php\/wp-json\/wp\/v2\/types\/post"}],"author":[{"embeddable":true,"href":"https:\/\/jornaltimoneiro.com.br\/index.php\/wp-json\/wp\/v2\/users\/1"}],"replies":[{"embeddable":true,"href":"https:\/\/jornaltimoneiro.com.br\/index.php\/wp-json\/wp\/v2\/comments?post=864"}],"version-history":[{"count":0,"href":"https:\/\/jornaltimoneiro.com.br\/index.php\/wp-json\/wp\/v2\/posts\/864\/revisions"}],"wp:featuredmedia":[{"embeddable":true,"href":"https:\/\/jornaltimoneiro.com.br\/index.php\/wp-json\/"}],"wp:attachment":[{"href":"https:\/\/jornaltimoneiro.com.br\/index.php\/wp-json\/wp\/v2\/media?parent=864"}],"wp:term":[{"taxonomy":"category","embeddable":true,"href":"https:\/\/jornaltimoneiro.com.br\/index.php\/wp-json\/wp\/v2\/categories?post=864"},{"taxonomy":"post_tag","embeddable":true,"href":"https:\/\/jornaltimoneiro.com.br\/index.php\/wp-json\/wp\/v2\/tags?post=864"}],"curies":[{"name":"wp","href":"https:\/\/api.w.org\/{rel}","templated":true}]}}