{"id":8568,"date":"2017-08-24T16:52:39","date_gmt":"2017-08-24T19:52:39","guid":{"rendered":"http:\/\/otimoneiro.com.br\/?p=8568"},"modified":"2017-08-24T16:52:39","modified_gmt":"2017-08-24T19:52:39","slug":"vagas-de-emprego-exclusivas-para-pessoas-com-deficiencia-sao-disponibilizadas-no-calcadao","status":"publish","type":"post","link":"https:\/\/jornaltimoneiro.com.br\/index.php\/2017\/08\/24\/vagas-de-emprego-exclusivas-para-pessoas-com-deficiencia-sao-disponibilizadas-no-calcadao\/","title":{"rendered":"Vagas de emprego exclusivas para pessoas com defici\u00eancia s\u00e3o disponibilizadas no Cal\u00e7ad\u00e3o"},"content":{"rendered":"<p>Na manh\u00e3 desta quinta-feira, 24, a Secretaria Municipal de Desenvolvimento Econ\u00f4mico de Canoas (SMDE), atrav\u00e9s da Diretoria de Emprego, Trabalho, Renda e Forma\u00e7\u00e3o Profissional, levou para o Cal\u00e7ad\u00e3o do Centro da cidade o Banco de Oportunidades, com vagas de emprego exclusivas para pessoas com defici\u00eancia. A a\u00e7\u00e3o faz parte da programa\u00e7\u00e3o da XX Semana da Pessoa com Defici\u00eancia.<\/p>\n<p>De acordo com a diretora da SMDE, Carmen Marim, foi feito o contato com algumas empresas parceiras para que pudessem estar presentes na a\u00e7\u00e3o. Representantes da Vicasa, da Sogal e da Global Service preencheram cadastros e receberam curr\u00edculos de interessados nas 19 vagas oferecidas. \u201cAl\u00e9m desta a\u00e7\u00e3o especial, quem se cadastrar no Banco de Oportunidades pelo site da Prefeitura tamb\u00e9m poder\u00e1 concorrer a outras vagas disponibilizadas para pessoas com defici\u00eancia\u201d, explica Carmen.<\/p>\n<p>O jovem Xader Jos\u00e9 Saraiva, de 19 anos, cadastrou o seu curr\u00edculo na esperan\u00e7a de conseguir a sua primeira vaga de emprego. Cadeirante, encontrou na banca montada no cal\u00e7ad\u00e3o um caminho mais acess\u00edvel para ingressar no mercado de trabalho. \u201cCadastrei meu curr\u00edculo para auxiliar de RH e, apesar de nunca ter trabalhado, estou confiante para as pr\u00f3ximas etapas do processo de sele\u00e7\u00e3o\u201d, relata Xader.<\/p>\n<p>A deficiente auditiva Cleusa Ruas procurou o estande especial do Banco de Oportunidades em busca de uma complementa\u00e7\u00e3o de renda. \u201cTrabalho como auxiliar administrativa na parte da manh\u00e3. Como tenho o turno da tarde livre, busco um emprego para aumentar a minha fonte de renda\u201d, revela.<\/p>\n<p>Para acessar as vagas dispon\u00edveis, <a href=\"https:\/\/sistemas.canoas.rs.gov.br\/bancodeoportunidades\/\">clique aqui<\/a>.<\/p>\n","protected":false},"excerpt":{"rendered":"<p>Na manh\u00e3 desta quinta-feira, 24, a Secretaria Municipal de Desenvolvimento Econ\u00f4mico de Canoas (SMDE), atrav\u00e9s da Diretoria de Emprego, Trabalho, Renda e Forma\u00e7\u00e3o Profissional, levou para o Cal\u00e7ad\u00e3o do Centro da cidade o Banco de Oportunidades, com vagas de emprego exclusivas para pessoas com defici\u00eancia. A a\u00e7\u00e3o faz parte da programa\u00e7\u00e3o da XX Semana da [&hellip;]<\/p>\n","protected":false},"author":1,"featured_media":8569,"comment_status":"closed","ping_status":"open","sticky":false,"template":"","format":"standard","meta":{"amp_status":"","footnotes":""},"categories":[23],"tags":[],"class_list":["post-8568","post","type-post","status-publish","format-standard","has-post-thumbnail","hentry","category-geral"],"yoast_head":"<!-- This site is optimized with the Yoast SEO plugin v20.5 - https:\/\/yoast.com\/wordpress\/plugins\/seo\/ -->\n<title>Vagas de emprego exclusivas para pessoas com defici\u00eancia s\u00e3o disponibilizadas no Cal\u00e7ad\u00e3o - O Timoneiro Jornal Canoas RS<\/title>\n<meta name=\"robots\" content=\"index, follow, max-snippet:-1, max-image-preview:large, max-video-preview:-1\" \/>\n<link rel=\"canonical\" href=\"https:\/\/jornaltimoneiro.com.br\/index.php\/2017\/08\/24\/vagas-de-emprego-exclusivas-para-pessoas-com-deficiencia-sao-disponibilizadas-no-calcadao\/\" \/>\n<meta property=\"og:locale\" content=\"pt_BR\" \/>\n<meta property=\"og:type\" content=\"article\" \/>\n<meta property=\"og:title\" content=\"Vagas de emprego exclusivas para pessoas com defici\u00eancia s\u00e3o disponibilizadas no Cal\u00e7ad\u00e3o - O Timoneiro Jornal Canoas RS\" \/>\n<meta property=\"og:description\" content=\"Na manh\u00e3 desta quinta-feira, 24, a Secretaria Municipal de Desenvolvimento Econ\u00f4mico de Canoas (SMDE), atrav\u00e9s da Diretoria de Emprego, Trabalho, Renda e Forma\u00e7\u00e3o Profissional, levou para o Cal\u00e7ad\u00e3o do Centro da cidade o Banco de Oportunidades, com vagas de emprego exclusivas para pessoas com defici\u00eancia. A a\u00e7\u00e3o faz parte da programa\u00e7\u00e3o da XX Semana da [&hellip;]\" \/>\n<meta property=\"og:url\" content=\"https:\/\/jornaltimoneiro.com.br\/index.php\/2017\/08\/24\/vagas-de-emprego-exclusivas-para-pessoas-com-deficiencia-sao-disponibilizadas-no-calcadao\/\" \/>\n<meta property=\"og:site_name\" content=\"O Timoneiro Jornal Canoas RS\" \/>\n<meta property=\"article:publisher\" content=\"https:\/\/www.facebook.com\/jornaltimoneiro\" \/>\n<meta property=\"article:published_time\" content=\"2017-08-24T19:52:39+00:00\" \/>\n<meta name=\"author\" content=\"Reda\u00e7\u00e3o\" \/>\n<meta name=\"twitter:card\" content=\"summary_large_image\" \/>\n<meta name=\"twitter:creator\" content=\"@_OTimoneiro\" \/>\n<meta name=\"twitter:site\" content=\"@_OTimoneiro\" \/>\n<meta name=\"twitter:label1\" content=\"Escrito por\" \/>\n\t<meta name=\"twitter:data1\" content=\"Reda\u00e7\u00e3o\" \/>\n\t<meta name=\"twitter:label2\" content=\"Est. tempo de leitura\" \/>\n\t<meta name=\"twitter:data2\" content=\"1 minuto\" \/>\n<script type=\"application\/ld+json\" class=\"yoast-schema-graph\">{\"@context\":\"https:\/\/schema.org\",\"@graph\":[{\"@type\":\"Article\",\"@id\":\"https:\/\/jornaltimoneiro.com.br\/index.php\/2017\/08\/24\/vagas-de-emprego-exclusivas-para-pessoas-com-deficiencia-sao-disponibilizadas-no-calcadao\/#article\",\"isPartOf\":{\"@id\":\"https:\/\/jornaltimoneiro.com.br\/index.php\/2017\/08\/24\/vagas-de-emprego-exclusivas-para-pessoas-com-deficiencia-sao-disponibilizadas-no-calcadao\/\"},\"author\":{\"name\":\"Reda\u00e7\u00e3o\",\"@id\":\"https:\/\/jornaltimoneiro.com.br\/#\/schema\/person\/620efd1d8244466117482be494360b08\"},\"headline\":\"Vagas de emprego exclusivas para pessoas com defici\u00eancia s\u00e3o disponibilizadas no Cal\u00e7ad\u00e3o\",\"datePublished\":\"2017-08-24T19:52:39+00:00\",\"dateModified\":\"2017-08-24T19:52:39+00:00\",\"mainEntityOfPage\":{\"@id\":\"https:\/\/jornaltimoneiro.com.br\/index.php\/2017\/08\/24\/vagas-de-emprego-exclusivas-para-pessoas-com-deficiencia-sao-disponibilizadas-no-calcadao\/\"},\"wordCount\":285,\"publisher\":{\"@id\":\"https:\/\/jornaltimoneiro.com.br\/#organization\"},\"articleSection\":[\"Geral\"],\"inLanguage\":\"pt-BR\"},{\"@type\":\"WebPage\",\"@id\":\"https:\/\/jornaltimoneiro.com.br\/index.php\/2017\/08\/24\/vagas-de-emprego-exclusivas-para-pessoas-com-deficiencia-sao-disponibilizadas-no-calcadao\/\",\"url\":\"https:\/\/jornaltimoneiro.com.br\/index.php\/2017\/08\/24\/vagas-de-emprego-exclusivas-para-pessoas-com-deficiencia-sao-disponibilizadas-no-calcadao\/\",\"name\":\"Vagas de emprego exclusivas para pessoas com defici\u00eancia s\u00e3o disponibilizadas no Cal\u00e7ad\u00e3o - O Timoneiro Jornal Canoas RS\",\"isPartOf\":{\"@id\":\"https:\/\/jornaltimoneiro.com.br\/#website\"},\"datePublished\":\"2017-08-24T19:52:39+00:00\",\"dateModified\":\"2017-08-24T19:52:39+00:00\",\"breadcrumb\":{\"@id\":\"https:\/\/jornaltimoneiro.com.br\/index.php\/2017\/08\/24\/vagas-de-emprego-exclusivas-para-pessoas-com-deficiencia-sao-disponibilizadas-no-calcadao\/#breadcrumb\"},\"inLanguage\":\"pt-BR\",\"potentialAction\":[{\"@type\":\"ReadAction\",\"target\":[\"https:\/\/jornaltimoneiro.com.br\/index.php\/2017\/08\/24\/vagas-de-emprego-exclusivas-para-pessoas-com-deficiencia-sao-disponibilizadas-no-calcadao\/\"]}]},{\"@type\":\"BreadcrumbList\",\"@id\":\"https:\/\/jornaltimoneiro.com.br\/index.php\/2017\/08\/24\/vagas-de-emprego-exclusivas-para-pessoas-com-deficiencia-sao-disponibilizadas-no-calcadao\/#breadcrumb\",\"itemListElement\":[{\"@type\":\"ListItem\",\"position\":1,\"name\":\"In\u00edcio\",\"item\":\"https:\/\/jornaltimoneiro.com.br\/\"},{\"@type\":\"ListItem\",\"position\":2,\"name\":\"Vagas de emprego exclusivas para pessoas com defici\u00eancia s\u00e3o disponibilizadas no Cal\u00e7ad\u00e3o\"}]},{\"@type\":\"WebSite\",\"@id\":\"https:\/\/jornaltimoneiro.com.br\/#website\",\"url\":\"https:\/\/jornaltimoneiro.com.br\/\",\"name\":\"Jornal Timoneiro Canoas RS\",\"description\":\"Jornal O Timoneiro, o verdadeiro jornal de Canoas\",\"publisher\":{\"@id\":\"https:\/\/jornaltimoneiro.com.br\/#organization\"},\"potentialAction\":[{\"@type\":\"SearchAction\",\"target\":{\"@type\":\"EntryPoint\",\"urlTemplate\":\"https:\/\/jornaltimoneiro.com.br\/?s={search_term_string}\"},\"query-input\":\"required name=search_term_string\"}],\"inLanguage\":\"pt-BR\"},{\"@type\":\"Organization\",\"@id\":\"https:\/\/jornaltimoneiro.com.br\/#organization\",\"name\":\"Jornal Timoneiro Canoas RS\",\"url\":\"https:\/\/jornaltimoneiro.com.br\/\",\"logo\":{\"@type\":\"ImageObject\",\"inLanguage\":\"pt-BR\",\"@id\":\"https:\/\/jornaltimoneiro.com.br\/#\/schema\/logo\/image\/\",\"url\":\"https:\/\/jornaltimoneiro.com.br\/wp-content\/uploads\/2023\/03\/logonovo.png\",\"contentUrl\":\"https:\/\/jornaltimoneiro.com.br\/wp-content\/uploads\/2023\/03\/logonovo.png\",\"width\":\"469\",\"height\":\"171\",\"caption\":\"Jornal Timoneiro Canoas RS\"},\"image\":{\"@id\":\"https:\/\/jornaltimoneiro.com.br\/#\/schema\/logo\/image\/\"},\"sameAs\":[\"https:\/\/www.facebook.com\/jornaltimoneiro\",\"https:\/\/twitter.com\/_OTimoneiro\",\"https:\/\/www.instagram.com\/jornaltimoneirocanoas\/\",\"https:\/\/www.youtube.com\/@jornalotimoneiro7927\"]},{\"@type\":\"Person\",\"@id\":\"https:\/\/jornaltimoneiro.com.br\/#\/schema\/person\/620efd1d8244466117482be494360b08\",\"name\":\"Reda\u00e7\u00e3o\",\"image\":{\"@type\":\"ImageObject\",\"inLanguage\":\"pt-BR\",\"@id\":\"https:\/\/jornaltimoneiro.com.br\/#\/schema\/person\/image\/\",\"url\":\"https:\/\/secure.gravatar.com\/avatar\/2f04e1b304682a8d9db336c7acd77f08?s=96&d=mm&r=g\",\"contentUrl\":\"https:\/\/secure.gravatar.com\/avatar\/2f04e1b304682a8d9db336c7acd77f08?s=96&d=mm&r=g\",\"caption\":\"Reda\u00e7\u00e3o\"},\"url\":\"https:\/\/jornaltimoneiro.com.br\/index.php\/author\/timoneirocanoas\/\"}]}<\/script>\n<!-- \/ Yoast SEO plugin. -->","yoast_head_json":{"title":"Vagas de emprego exclusivas para pessoas com defici\u00eancia s\u00e3o disponibilizadas no Cal\u00e7ad\u00e3o - O Timoneiro Jornal Canoas RS","robots":{"index":"index","follow":"follow","max-snippet":"max-snippet:-1","max-image-preview":"max-image-preview:large","max-video-preview":"max-video-preview:-1"},"canonical":"https:\/\/jornaltimoneiro.com.br\/index.php\/2017\/08\/24\/vagas-de-emprego-exclusivas-para-pessoas-com-deficiencia-sao-disponibilizadas-no-calcadao\/","og_locale":"pt_BR","og_type":"article","og_title":"Vagas de emprego exclusivas para pessoas com defici\u00eancia s\u00e3o disponibilizadas no Cal\u00e7ad\u00e3o - O Timoneiro Jornal Canoas RS","og_description":"Na manh\u00e3 desta quinta-feira, 24, a Secretaria Municipal de Desenvolvimento Econ\u00f4mico de Canoas (SMDE), atrav\u00e9s da Diretoria de Emprego, Trabalho, Renda e Forma\u00e7\u00e3o Profissional, levou para o Cal\u00e7ad\u00e3o do Centro da cidade o Banco de Oportunidades, com vagas de emprego exclusivas para pessoas com defici\u00eancia. A a\u00e7\u00e3o faz parte da programa\u00e7\u00e3o da XX Semana da [&hellip;]","og_url":"https:\/\/jornaltimoneiro.com.br\/index.php\/2017\/08\/24\/vagas-de-emprego-exclusivas-para-pessoas-com-deficiencia-sao-disponibilizadas-no-calcadao\/","og_site_name":"O Timoneiro Jornal Canoas RS","article_publisher":"https:\/\/www.facebook.com\/jornaltimoneiro","article_published_time":"2017-08-24T19:52:39+00:00","author":"Reda\u00e7\u00e3o","twitter_card":"summary_large_image","twitter_creator":"@_OTimoneiro","twitter_site":"@_OTimoneiro","twitter_misc":{"Escrito por":"Reda\u00e7\u00e3o","Est. tempo de leitura":"1 minuto"},"schema":{"@context":"https:\/\/schema.org","@graph":[{"@type":"Article","@id":"https:\/\/jornaltimoneiro.com.br\/index.php\/2017\/08\/24\/vagas-de-emprego-exclusivas-para-pessoas-com-deficiencia-sao-disponibilizadas-no-calcadao\/#article","isPartOf":{"@id":"https:\/\/jornaltimoneiro.com.br\/index.php\/2017\/08\/24\/vagas-de-emprego-exclusivas-para-pessoas-com-deficiencia-sao-disponibilizadas-no-calcadao\/"},"author":{"name":"Reda\u00e7\u00e3o","@id":"https:\/\/jornaltimoneiro.com.br\/#\/schema\/person\/620efd1d8244466117482be494360b08"},"headline":"Vagas de emprego exclusivas para pessoas com defici\u00eancia s\u00e3o disponibilizadas no Cal\u00e7ad\u00e3o","datePublished":"2017-08-24T19:52:39+00:00","dateModified":"2017-08-24T19:52:39+00:00","mainEntityOfPage":{"@id":"https:\/\/jornaltimoneiro.com.br\/index.php\/2017\/08\/24\/vagas-de-emprego-exclusivas-para-pessoas-com-deficiencia-sao-disponibilizadas-no-calcadao\/"},"wordCount":285,"publisher":{"@id":"https:\/\/jornaltimoneiro.com.br\/#organization"},"articleSection":["Geral"],"inLanguage":"pt-BR"},{"@type":"WebPage","@id":"https:\/\/jornaltimoneiro.com.br\/index.php\/2017\/08\/24\/vagas-de-emprego-exclusivas-para-pessoas-com-deficiencia-sao-disponibilizadas-no-calcadao\/","url":"https:\/\/jornaltimoneiro.com.br\/index.php\/2017\/08\/24\/vagas-de-emprego-exclusivas-para-pessoas-com-deficiencia-sao-disponibilizadas-no-calcadao\/","name":"Vagas de emprego exclusivas para pessoas com defici\u00eancia s\u00e3o disponibilizadas no Cal\u00e7ad\u00e3o - O Timoneiro Jornal Canoas RS","isPartOf":{"@id":"https:\/\/jornaltimoneiro.com.br\/#website"},"datePublished":"2017-08-24T19:52:39+00:00","dateModified":"2017-08-24T19:52:39+00:00","breadcrumb":{"@id":"https:\/\/jornaltimoneiro.com.br\/index.php\/2017\/08\/24\/vagas-de-emprego-exclusivas-para-pessoas-com-deficiencia-sao-disponibilizadas-no-calcadao\/#breadcrumb"},"inLanguage":"pt-BR","potentialAction":[{"@type":"ReadAction","target":["https:\/\/jornaltimoneiro.com.br\/index.php\/2017\/08\/24\/vagas-de-emprego-exclusivas-para-pessoas-com-deficiencia-sao-disponibilizadas-no-calcadao\/"]}]},{"@type":"BreadcrumbList","@id":"https:\/\/jornaltimoneiro.com.br\/index.php\/2017\/08\/24\/vagas-de-emprego-exclusivas-para-pessoas-com-deficiencia-sao-disponibilizadas-no-calcadao\/#breadcrumb","itemListElement":[{"@type":"ListItem","position":1,"name":"In\u00edcio","item":"https:\/\/jornaltimoneiro.com.br\/"},{"@type":"ListItem","position":2,"name":"Vagas de emprego exclusivas para pessoas com defici\u00eancia s\u00e3o disponibilizadas no Cal\u00e7ad\u00e3o"}]},{"@type":"WebSite","@id":"https:\/\/jornaltimoneiro.com.br\/#website","url":"https:\/\/jornaltimoneiro.com.br\/","name":"Jornal Timoneiro Canoas RS","description":"Jornal O Timoneiro, o verdadeiro jornal de Canoas","publisher":{"@id":"https:\/\/jornaltimoneiro.com.br\/#organization"},"potentialAction":[{"@type":"SearchAction","target":{"@type":"EntryPoint","urlTemplate":"https:\/\/jornaltimoneiro.com.br\/?s={search_term_string}"},"query-input":"required name=search_term_string"}],"inLanguage":"pt-BR"},{"@type":"Organization","@id":"https:\/\/jornaltimoneiro.com.br\/#organization","name":"Jornal Timoneiro Canoas RS","url":"https:\/\/jornaltimoneiro.com.br\/","logo":{"@type":"ImageObject","inLanguage":"pt-BR","@id":"https:\/\/jornaltimoneiro.com.br\/#\/schema\/logo\/image\/","url":"https:\/\/jornaltimoneiro.com.br\/wp-content\/uploads\/2023\/03\/logonovo.png","contentUrl":"https:\/\/jornaltimoneiro.com.br\/wp-content\/uploads\/2023\/03\/logonovo.png","width":"469","height":"171","caption":"Jornal Timoneiro Canoas RS"},"image":{"@id":"https:\/\/jornaltimoneiro.com.br\/#\/schema\/logo\/image\/"},"sameAs":["https:\/\/www.facebook.com\/jornaltimoneiro","https:\/\/twitter.com\/_OTimoneiro","https:\/\/www.instagram.com\/jornaltimoneirocanoas\/","https:\/\/www.youtube.com\/@jornalotimoneiro7927"]},{"@type":"Person","@id":"https:\/\/jornaltimoneiro.com.br\/#\/schema\/person\/620efd1d8244466117482be494360b08","name":"Reda\u00e7\u00e3o","image":{"@type":"ImageObject","inLanguage":"pt-BR","@id":"https:\/\/jornaltimoneiro.com.br\/#\/schema\/person\/image\/","url":"https:\/\/secure.gravatar.com\/avatar\/2f04e1b304682a8d9db336c7acd77f08?s=96&d=mm&r=g","contentUrl":"https:\/\/secure.gravatar.com\/avatar\/2f04e1b304682a8d9db336c7acd77f08?s=96&d=mm&r=g","caption":"Reda\u00e7\u00e3o"},"url":"https:\/\/jornaltimoneiro.com.br\/index.php\/author\/timoneirocanoas\/"}]}},"_links":{"self":[{"href":"https:\/\/jornaltimoneiro.com.br\/index.php\/wp-json\/wp\/v2\/posts\/8568"}],"collection":[{"href":"https:\/\/jornaltimoneiro.com.br\/index.php\/wp-json\/wp\/v2\/posts"}],"about":[{"href":"https:\/\/jornaltimoneiro.com.br\/index.php\/wp-json\/wp\/v2\/types\/post"}],"author":[{"embeddable":true,"href":"https:\/\/jornaltimoneiro.com.br\/index.php\/wp-json\/wp\/v2\/users\/1"}],"replies":[{"embeddable":true,"href":"https:\/\/jornaltimoneiro.com.br\/index.php\/wp-json\/wp\/v2\/comments?post=8568"}],"version-history":[{"count":0,"href":"https:\/\/jornaltimoneiro.com.br\/index.php\/wp-json\/wp\/v2\/posts\/8568\/revisions"}],"wp:featuredmedia":[{"embeddable":true,"href":"https:\/\/jornaltimoneiro.com.br\/index.php\/wp-json\/"}],"wp:attachment":[{"href":"https:\/\/jornaltimoneiro.com.br\/index.php\/wp-json\/wp\/v2\/media?parent=8568"}],"wp:term":[{"taxonomy":"category","embeddable":true,"href":"https:\/\/jornaltimoneiro.com.br\/index.php\/wp-json\/wp\/v2\/categories?post=8568"},{"taxonomy":"post_tag","embeddable":true,"href":"https:\/\/jornaltimoneiro.com.br\/index.php\/wp-json\/wp\/v2\/tags?post=8568"}],"curies":[{"name":"wp","href":"https:\/\/api.w.org\/{rel}","templated":true}]}}