{"id":8506,"date":"2017-08-18T12:05:46","date_gmt":"2017-08-18T15:05:46","guid":{"rendered":"http:\/\/otimoneiro.com.br\/?p=8506"},"modified":"2017-08-18T12:05:46","modified_gmt":"2017-08-18T15:05:46","slug":"aluguel-solidario-2-canabarro-trois-filho","status":"publish","type":"post","link":"https:\/\/jornaltimoneiro.com.br\/index.php\/2017\/08\/18\/aluguel-solidario-2-canabarro-trois-filho\/","title":{"rendered":"Aluguel Solid\u00e1rio 2 &#8211; Canabarro Tr\u00f3is filho"},"content":{"rendered":"<p>A Economia \u00e9, talvez, a ci\u00eancia mais inexata porque o \u201colho grande\u201d se intromete. A ambi\u00e7\u00e3o desmedida, geradora de fortunas imensamente maiores que as necessidades, \u00e9 pecado de lesa-humanidade por que ergue muros, de um lado quem tem demais, de outro quem tem quase nada e se submete ou sucumbe.<\/p>\n<p>A casa onde morar, s\u00f3 ou com a fam\u00edlia, descansar o esqueleto da luta pela sobreviv\u00eancia, nesta terra de pol\u00edticos de olhos enormes&#8230; A salinha onde abrir um negocinho, uma firminha. Um lugar maior, onde abrir uma lojinha, um barzinho que seja espa\u00e7o de conviv\u00eancia, de bate-papo fraternal. Aqui abrimos um par\u00eantese (fora do di\u00e1logo n\u00e3o h\u00e1 salva\u00e7\u00e3o; e o bar \u00e9 teatro preferido para nossas trocas de conhecimento, informa\u00e7\u00e3o e afeto). Fechado o par\u00eantese, vamos em frente. Os \u201cs\u00e1bios\u201d da ci\u00eancia mais errada assumam a obriga\u00e7\u00e3o de criar uma nova forma de rela\u00e7\u00e3o locador-locat\u00e1rio no ramo de im\u00f3veis. Vejam, por a\u00ed, quantos espa\u00e7os est\u00e3o desocupados, por absoluta incapacidade financeira de poss\u00edveis locat\u00f3rios. Temos, ent\u00e3o, duplo preju\u00edzo: uns n\u00e3o podem morar, abrir neg\u00f3cios, atividades produtivas; outros nada ganham durante tempos que, somados, s\u00e3o anos e anos.<\/p>\n<p>Os \u201cg\u00eanios\u201d da Economia n\u00e3o viram isso? \u00c9 sua obriga\u00e7\u00e3o criar f\u00f3rmulas de felicidade coletiva. Um contrato de meio-termo, que atenda \u00e0 necessidade da harmonia social. Estou com o saco cheio de \u201cAluga-se\u201d nas janelas, muros, portas. Quantas iniciativas de trabalho frustradas, quanta diverg\u00eancia entre locador e locat\u00e1rio&#8230; O preju\u00edzo m\u00fatuo deveria ser erradicado, se a ambi\u00e7\u00e3o fosse contida. \u00c9 mais \u201cecon\u00f4mico\u201d alugar por largo prazo ou toda a vida, a pre\u00e7os acess\u00edveis, do que ficar com im\u00f3veis in\u00fateis.<\/p>\n<h6><span style=\"text-decoration: underline;\">Bagagem<\/span><\/h6>\n<p>\u201cRoupa suja se lava em casa \/ se for privada. \/ Mas, se o povo a paga, e bem, \/ a gente lava na cal\u00e7ada, \/ para que tenhamos conhecimento \/ de como somos roubados, \/ conduzidos como jumentos, \/ por minoria de safados\u201d (O Timoneiro, 31 mar\u00e7o 2000).<\/p>\n","protected":false},"excerpt":{"rendered":"<p>A Economia \u00e9, talvez, a ci\u00eancia mais inexata porque o \u201colho grande\u201d se intromete. A ambi\u00e7\u00e3o desmedida, geradora de fortunas imensamente maiores que as necessidades, \u00e9 pecado de lesa-humanidade por que ergue muros, de um lado quem tem demais, de outro quem tem quase nada e se submete ou sucumbe. A casa onde morar, s\u00f3 [&hellip;]<\/p>\n","protected":false},"author":1,"featured_media":0,"comment_status":"closed","ping_status":"open","sticky":false,"template":"","format":"standard","meta":{"amp_status":"","footnotes":""},"categories":[21],"tags":[],"class_list":["post-8506","post","type-post","status-publish","format-standard","hentry","category-opiniao"],"yoast_head":"<!-- This site is optimized with the Yoast SEO plugin v20.5 - https:\/\/yoast.com\/wordpress\/plugins\/seo\/ -->\n<title>Aluguel Solid\u00e1rio 2 - Canabarro Tr\u00f3is filho - O Timoneiro Jornal Canoas RS<\/title>\n<meta name=\"robots\" content=\"index, follow, max-snippet:-1, max-image-preview:large, max-video-preview:-1\" \/>\n<link rel=\"canonical\" href=\"https:\/\/jornaltimoneiro.com.br\/index.php\/2017\/08\/18\/aluguel-solidario-2-canabarro-trois-filho\/\" \/>\n<meta property=\"og:locale\" content=\"pt_BR\" \/>\n<meta property=\"og:type\" content=\"article\" \/>\n<meta property=\"og:title\" content=\"Aluguel Solid\u00e1rio 2 - Canabarro Tr\u00f3is filho - O Timoneiro Jornal Canoas RS\" \/>\n<meta property=\"og:description\" content=\"A Economia \u00e9, talvez, a ci\u00eancia mais inexata porque o \u201colho grande\u201d se intromete. A ambi\u00e7\u00e3o desmedida, geradora de fortunas imensamente maiores que as necessidades, \u00e9 pecado de lesa-humanidade por que ergue muros, de um lado quem tem demais, de outro quem tem quase nada e se submete ou sucumbe. A casa onde morar, s\u00f3 [&hellip;]\" \/>\n<meta property=\"og:url\" content=\"https:\/\/jornaltimoneiro.com.br\/index.php\/2017\/08\/18\/aluguel-solidario-2-canabarro-trois-filho\/\" \/>\n<meta property=\"og:site_name\" content=\"O Timoneiro Jornal Canoas RS\" \/>\n<meta property=\"article:publisher\" content=\"https:\/\/www.facebook.com\/jornaltimoneiro\" \/>\n<meta property=\"article:published_time\" content=\"2017-08-18T15:05:46+00:00\" \/>\n<meta name=\"author\" content=\"Reda\u00e7\u00e3o\" \/>\n<meta name=\"twitter:card\" content=\"summary_large_image\" \/>\n<meta name=\"twitter:creator\" content=\"@_OTimoneiro\" \/>\n<meta name=\"twitter:site\" content=\"@_OTimoneiro\" \/>\n<meta name=\"twitter:label1\" content=\"Escrito por\" \/>\n\t<meta name=\"twitter:data1\" content=\"Reda\u00e7\u00e3o\" \/>\n\t<meta name=\"twitter:label2\" content=\"Est. tempo de leitura\" \/>\n\t<meta name=\"twitter:data2\" content=\"2 minutos\" \/>\n<script type=\"application\/ld+json\" class=\"yoast-schema-graph\">{\"@context\":\"https:\/\/schema.org\",\"@graph\":[{\"@type\":\"Article\",\"@id\":\"https:\/\/jornaltimoneiro.com.br\/index.php\/2017\/08\/18\/aluguel-solidario-2-canabarro-trois-filho\/#article\",\"isPartOf\":{\"@id\":\"https:\/\/jornaltimoneiro.com.br\/index.php\/2017\/08\/18\/aluguel-solidario-2-canabarro-trois-filho\/\"},\"author\":{\"name\":\"Reda\u00e7\u00e3o\",\"@id\":\"https:\/\/jornaltimoneiro.com.br\/#\/schema\/person\/620efd1d8244466117482be494360b08\"},\"headline\":\"Aluguel Solid\u00e1rio 2 &#8211; Canabarro Tr\u00f3is filho\",\"datePublished\":\"2017-08-18T15:05:46+00:00\",\"dateModified\":\"2017-08-18T15:05:46+00:00\",\"mainEntityOfPage\":{\"@id\":\"https:\/\/jornaltimoneiro.com.br\/index.php\/2017\/08\/18\/aluguel-solidario-2-canabarro-trois-filho\/\"},\"wordCount\":352,\"publisher\":{\"@id\":\"https:\/\/jornaltimoneiro.com.br\/#organization\"},\"articleSection\":[\"Opini\u00e3o\"],\"inLanguage\":\"pt-BR\"},{\"@type\":\"WebPage\",\"@id\":\"https:\/\/jornaltimoneiro.com.br\/index.php\/2017\/08\/18\/aluguel-solidario-2-canabarro-trois-filho\/\",\"url\":\"https:\/\/jornaltimoneiro.com.br\/index.php\/2017\/08\/18\/aluguel-solidario-2-canabarro-trois-filho\/\",\"name\":\"Aluguel Solid\u00e1rio 2 - Canabarro Tr\u00f3is filho - O Timoneiro Jornal Canoas RS\",\"isPartOf\":{\"@id\":\"https:\/\/jornaltimoneiro.com.br\/#website\"},\"datePublished\":\"2017-08-18T15:05:46+00:00\",\"dateModified\":\"2017-08-18T15:05:46+00:00\",\"breadcrumb\":{\"@id\":\"https:\/\/jornaltimoneiro.com.br\/index.php\/2017\/08\/18\/aluguel-solidario-2-canabarro-trois-filho\/#breadcrumb\"},\"inLanguage\":\"pt-BR\",\"potentialAction\":[{\"@type\":\"ReadAction\",\"target\":[\"https:\/\/jornaltimoneiro.com.br\/index.php\/2017\/08\/18\/aluguel-solidario-2-canabarro-trois-filho\/\"]}]},{\"@type\":\"BreadcrumbList\",\"@id\":\"https:\/\/jornaltimoneiro.com.br\/index.php\/2017\/08\/18\/aluguel-solidario-2-canabarro-trois-filho\/#breadcrumb\",\"itemListElement\":[{\"@type\":\"ListItem\",\"position\":1,\"name\":\"In\u00edcio\",\"item\":\"https:\/\/jornaltimoneiro.com.br\/\"},{\"@type\":\"ListItem\",\"position\":2,\"name\":\"Aluguel Solid\u00e1rio 2 &#8211; Canabarro Tr\u00f3is filho\"}]},{\"@type\":\"WebSite\",\"@id\":\"https:\/\/jornaltimoneiro.com.br\/#website\",\"url\":\"https:\/\/jornaltimoneiro.com.br\/\",\"name\":\"Jornal Timoneiro Canoas RS\",\"description\":\"Jornal O Timoneiro, o verdadeiro jornal de Canoas\",\"publisher\":{\"@id\":\"https:\/\/jornaltimoneiro.com.br\/#organization\"},\"potentialAction\":[{\"@type\":\"SearchAction\",\"target\":{\"@type\":\"EntryPoint\",\"urlTemplate\":\"https:\/\/jornaltimoneiro.com.br\/?s={search_term_string}\"},\"query-input\":\"required name=search_term_string\"}],\"inLanguage\":\"pt-BR\"},{\"@type\":\"Organization\",\"@id\":\"https:\/\/jornaltimoneiro.com.br\/#organization\",\"name\":\"Jornal Timoneiro Canoas RS\",\"url\":\"https:\/\/jornaltimoneiro.com.br\/\",\"logo\":{\"@type\":\"ImageObject\",\"inLanguage\":\"pt-BR\",\"@id\":\"https:\/\/jornaltimoneiro.com.br\/#\/schema\/logo\/image\/\",\"url\":\"https:\/\/jornaltimoneiro.com.br\/wp-content\/uploads\/2023\/03\/logonovo.png\",\"contentUrl\":\"https:\/\/jornaltimoneiro.com.br\/wp-content\/uploads\/2023\/03\/logonovo.png\",\"width\":\"469\",\"height\":\"171\",\"caption\":\"Jornal Timoneiro Canoas RS\"},\"image\":{\"@id\":\"https:\/\/jornaltimoneiro.com.br\/#\/schema\/logo\/image\/\"},\"sameAs\":[\"https:\/\/www.facebook.com\/jornaltimoneiro\",\"https:\/\/twitter.com\/_OTimoneiro\",\"https:\/\/www.instagram.com\/jornaltimoneirocanoas\/\",\"https:\/\/www.youtube.com\/@jornalotimoneiro7927\"]},{\"@type\":\"Person\",\"@id\":\"https:\/\/jornaltimoneiro.com.br\/#\/schema\/person\/620efd1d8244466117482be494360b08\",\"name\":\"Reda\u00e7\u00e3o\",\"image\":{\"@type\":\"ImageObject\",\"inLanguage\":\"pt-BR\",\"@id\":\"https:\/\/jornaltimoneiro.com.br\/#\/schema\/person\/image\/\",\"url\":\"https:\/\/secure.gravatar.com\/avatar\/2f04e1b304682a8d9db336c7acd77f08?s=96&d=mm&r=g\",\"contentUrl\":\"https:\/\/secure.gravatar.com\/avatar\/2f04e1b304682a8d9db336c7acd77f08?s=96&d=mm&r=g\",\"caption\":\"Reda\u00e7\u00e3o\"},\"url\":\"https:\/\/jornaltimoneiro.com.br\/index.php\/author\/timoneirocanoas\/\"}]}<\/script>\n<!-- \/ Yoast SEO plugin. -->","yoast_head_json":{"title":"Aluguel Solid\u00e1rio 2 - Canabarro Tr\u00f3is filho - O Timoneiro Jornal Canoas RS","robots":{"index":"index","follow":"follow","max-snippet":"max-snippet:-1","max-image-preview":"max-image-preview:large","max-video-preview":"max-video-preview:-1"},"canonical":"https:\/\/jornaltimoneiro.com.br\/index.php\/2017\/08\/18\/aluguel-solidario-2-canabarro-trois-filho\/","og_locale":"pt_BR","og_type":"article","og_title":"Aluguel Solid\u00e1rio 2 - Canabarro Tr\u00f3is filho - O Timoneiro Jornal Canoas RS","og_description":"A Economia \u00e9, talvez, a ci\u00eancia mais inexata porque o \u201colho grande\u201d se intromete. A ambi\u00e7\u00e3o desmedida, geradora de fortunas imensamente maiores que as necessidades, \u00e9 pecado de lesa-humanidade por que ergue muros, de um lado quem tem demais, de outro quem tem quase nada e se submete ou sucumbe. A casa onde morar, s\u00f3 [&hellip;]","og_url":"https:\/\/jornaltimoneiro.com.br\/index.php\/2017\/08\/18\/aluguel-solidario-2-canabarro-trois-filho\/","og_site_name":"O Timoneiro Jornal Canoas RS","article_publisher":"https:\/\/www.facebook.com\/jornaltimoneiro","article_published_time":"2017-08-18T15:05:46+00:00","author":"Reda\u00e7\u00e3o","twitter_card":"summary_large_image","twitter_creator":"@_OTimoneiro","twitter_site":"@_OTimoneiro","twitter_misc":{"Escrito por":"Reda\u00e7\u00e3o","Est. tempo de leitura":"2 minutos"},"schema":{"@context":"https:\/\/schema.org","@graph":[{"@type":"Article","@id":"https:\/\/jornaltimoneiro.com.br\/index.php\/2017\/08\/18\/aluguel-solidario-2-canabarro-trois-filho\/#article","isPartOf":{"@id":"https:\/\/jornaltimoneiro.com.br\/index.php\/2017\/08\/18\/aluguel-solidario-2-canabarro-trois-filho\/"},"author":{"name":"Reda\u00e7\u00e3o","@id":"https:\/\/jornaltimoneiro.com.br\/#\/schema\/person\/620efd1d8244466117482be494360b08"},"headline":"Aluguel Solid\u00e1rio 2 &#8211; Canabarro Tr\u00f3is filho","datePublished":"2017-08-18T15:05:46+00:00","dateModified":"2017-08-18T15:05:46+00:00","mainEntityOfPage":{"@id":"https:\/\/jornaltimoneiro.com.br\/index.php\/2017\/08\/18\/aluguel-solidario-2-canabarro-trois-filho\/"},"wordCount":352,"publisher":{"@id":"https:\/\/jornaltimoneiro.com.br\/#organization"},"articleSection":["Opini\u00e3o"],"inLanguage":"pt-BR"},{"@type":"WebPage","@id":"https:\/\/jornaltimoneiro.com.br\/index.php\/2017\/08\/18\/aluguel-solidario-2-canabarro-trois-filho\/","url":"https:\/\/jornaltimoneiro.com.br\/index.php\/2017\/08\/18\/aluguel-solidario-2-canabarro-trois-filho\/","name":"Aluguel Solid\u00e1rio 2 - Canabarro Tr\u00f3is filho - O Timoneiro Jornal Canoas RS","isPartOf":{"@id":"https:\/\/jornaltimoneiro.com.br\/#website"},"datePublished":"2017-08-18T15:05:46+00:00","dateModified":"2017-08-18T15:05:46+00:00","breadcrumb":{"@id":"https:\/\/jornaltimoneiro.com.br\/index.php\/2017\/08\/18\/aluguel-solidario-2-canabarro-trois-filho\/#breadcrumb"},"inLanguage":"pt-BR","potentialAction":[{"@type":"ReadAction","target":["https:\/\/jornaltimoneiro.com.br\/index.php\/2017\/08\/18\/aluguel-solidario-2-canabarro-trois-filho\/"]}]},{"@type":"BreadcrumbList","@id":"https:\/\/jornaltimoneiro.com.br\/index.php\/2017\/08\/18\/aluguel-solidario-2-canabarro-trois-filho\/#breadcrumb","itemListElement":[{"@type":"ListItem","position":1,"name":"In\u00edcio","item":"https:\/\/jornaltimoneiro.com.br\/"},{"@type":"ListItem","position":2,"name":"Aluguel Solid\u00e1rio 2 &#8211; Canabarro Tr\u00f3is filho"}]},{"@type":"WebSite","@id":"https:\/\/jornaltimoneiro.com.br\/#website","url":"https:\/\/jornaltimoneiro.com.br\/","name":"Jornal Timoneiro Canoas RS","description":"Jornal O Timoneiro, o verdadeiro jornal de Canoas","publisher":{"@id":"https:\/\/jornaltimoneiro.com.br\/#organization"},"potentialAction":[{"@type":"SearchAction","target":{"@type":"EntryPoint","urlTemplate":"https:\/\/jornaltimoneiro.com.br\/?s={search_term_string}"},"query-input":"required name=search_term_string"}],"inLanguage":"pt-BR"},{"@type":"Organization","@id":"https:\/\/jornaltimoneiro.com.br\/#organization","name":"Jornal Timoneiro Canoas RS","url":"https:\/\/jornaltimoneiro.com.br\/","logo":{"@type":"ImageObject","inLanguage":"pt-BR","@id":"https:\/\/jornaltimoneiro.com.br\/#\/schema\/logo\/image\/","url":"https:\/\/jornaltimoneiro.com.br\/wp-content\/uploads\/2023\/03\/logonovo.png","contentUrl":"https:\/\/jornaltimoneiro.com.br\/wp-content\/uploads\/2023\/03\/logonovo.png","width":"469","height":"171","caption":"Jornal Timoneiro Canoas RS"},"image":{"@id":"https:\/\/jornaltimoneiro.com.br\/#\/schema\/logo\/image\/"},"sameAs":["https:\/\/www.facebook.com\/jornaltimoneiro","https:\/\/twitter.com\/_OTimoneiro","https:\/\/www.instagram.com\/jornaltimoneirocanoas\/","https:\/\/www.youtube.com\/@jornalotimoneiro7927"]},{"@type":"Person","@id":"https:\/\/jornaltimoneiro.com.br\/#\/schema\/person\/620efd1d8244466117482be494360b08","name":"Reda\u00e7\u00e3o","image":{"@type":"ImageObject","inLanguage":"pt-BR","@id":"https:\/\/jornaltimoneiro.com.br\/#\/schema\/person\/image\/","url":"https:\/\/secure.gravatar.com\/avatar\/2f04e1b304682a8d9db336c7acd77f08?s=96&d=mm&r=g","contentUrl":"https:\/\/secure.gravatar.com\/avatar\/2f04e1b304682a8d9db336c7acd77f08?s=96&d=mm&r=g","caption":"Reda\u00e7\u00e3o"},"url":"https:\/\/jornaltimoneiro.com.br\/index.php\/author\/timoneirocanoas\/"}]}},"_links":{"self":[{"href":"https:\/\/jornaltimoneiro.com.br\/index.php\/wp-json\/wp\/v2\/posts\/8506"}],"collection":[{"href":"https:\/\/jornaltimoneiro.com.br\/index.php\/wp-json\/wp\/v2\/posts"}],"about":[{"href":"https:\/\/jornaltimoneiro.com.br\/index.php\/wp-json\/wp\/v2\/types\/post"}],"author":[{"embeddable":true,"href":"https:\/\/jornaltimoneiro.com.br\/index.php\/wp-json\/wp\/v2\/users\/1"}],"replies":[{"embeddable":true,"href":"https:\/\/jornaltimoneiro.com.br\/index.php\/wp-json\/wp\/v2\/comments?post=8506"}],"version-history":[{"count":0,"href":"https:\/\/jornaltimoneiro.com.br\/index.php\/wp-json\/wp\/v2\/posts\/8506\/revisions"}],"wp:attachment":[{"href":"https:\/\/jornaltimoneiro.com.br\/index.php\/wp-json\/wp\/v2\/media?parent=8506"}],"wp:term":[{"taxonomy":"category","embeddable":true,"href":"https:\/\/jornaltimoneiro.com.br\/index.php\/wp-json\/wp\/v2\/categories?post=8506"},{"taxonomy":"post_tag","embeddable":true,"href":"https:\/\/jornaltimoneiro.com.br\/index.php\/wp-json\/wp\/v2\/tags?post=8506"}],"curies":[{"name":"wp","href":"https:\/\/api.w.org\/{rel}","templated":true}]}}