{"id":8438,"date":"2017-08-15T17:14:38","date_gmt":"2017-08-15T20:14:38","guid":{"rendered":"http:\/\/otimoneiro.com.br\/?p=8438"},"modified":"2017-08-15T17:14:38","modified_gmt":"2017-08-15T20:14:38","slug":"regiao-do-canoas-shopping-ganha-semaforo-para-pedestres","status":"publish","type":"post","link":"https:\/\/jornaltimoneiro.com.br\/index.php\/2017\/08\/15\/regiao-do-canoas-shopping-ganha-semaforo-para-pedestres\/","title":{"rendered":"Regi\u00e3o do Canoas Shopping ganha sem\u00e1foro para pedestres"},"content":{"rendered":"<p>A Secretaria Municipal de Transportes e Mobilidade (SMTM) finalizou nessa segunda-feira, 14, uma s\u00e9rie de altera\u00e7\u00f5es na circula\u00e7\u00e3o de tr\u00e2nsito na regi\u00e3o do Canoas\u00a0Shopping, na Avenida Guilherme Schell. As medidas t\u00eam como objetivo aumentar a seguran\u00e7a dos pedestres na regi\u00e3o e melhorar a fluidez do tr\u00e2nsito no local, especialmente nos hor\u00e1rios de maior movimento.<\/p>\n<p>Entre as altera\u00e7\u00f5es est\u00e3o o remanejo das faixas de pedestres da Avenida Guilherme Schell para que o acesso na passagem de n\u00edvel ocorra no local correto. Foi implantado sem\u00e1foro para pedestres em ambos os lados do cruzamento &#8211; antes somente um lado possu\u00eda o equipamento. A SMTM tamb\u00e9m recuou a posi\u00e7\u00e3o do sem\u00e1foro para n\u00e3o ficar afastado da nova reten\u00e7\u00e3o, atendendo assim normas legais.<\/p>\n<p>A partir de agora, o sem\u00e1foro para pedestres \u00e9 acionado por botoeira para n\u00e3o imobilizar os ve\u00edculos sem necessidade. Quem estiver no local e necessitar fazer o cruzamento, deve acionar o bot\u00e3o e aguardar o sinal verde.<\/p>\n<p>&nbsp;<\/p>\n","protected":false},"excerpt":{"rendered":"<p>A Secretaria Municipal de Transportes e Mobilidade (SMTM) finalizou nessa segunda-feira, 14, uma s\u00e9rie de altera\u00e7\u00f5es na circula\u00e7\u00e3o de tr\u00e2nsito na regi\u00e3o do Canoas\u00a0Shopping, na Avenida Guilherme Schell. As medidas t\u00eam como objetivo aumentar a seguran\u00e7a dos pedestres na regi\u00e3o e melhorar a fluidez do tr\u00e2nsito no local, especialmente nos hor\u00e1rios de maior movimento. Entre [&hellip;]<\/p>\n","protected":false},"author":1,"featured_media":8440,"comment_status":"closed","ping_status":"open","sticky":false,"template":"","format":"standard","meta":{"amp_status":"","footnotes":""},"categories":[57],"tags":[],"class_list":["post-8438","post","type-post","status-publish","format-standard","has-post-thumbnail","hentry","category-transito"],"yoast_head":"<!-- This site is optimized with the Yoast SEO plugin v20.5 - https:\/\/yoast.com\/wordpress\/plugins\/seo\/ -->\n<title>Regi\u00e3o do Canoas Shopping ganha sem\u00e1foro para pedestres - O Timoneiro Jornal Canoas RS<\/title>\n<meta name=\"robots\" content=\"index, follow, max-snippet:-1, max-image-preview:large, max-video-preview:-1\" \/>\n<link rel=\"canonical\" href=\"https:\/\/jornaltimoneiro.com.br\/index.php\/2017\/08\/15\/regiao-do-canoas-shopping-ganha-semaforo-para-pedestres\/\" \/>\n<meta property=\"og:locale\" content=\"pt_BR\" \/>\n<meta property=\"og:type\" content=\"article\" \/>\n<meta property=\"og:title\" content=\"Regi\u00e3o do Canoas Shopping ganha sem\u00e1foro para pedestres - O Timoneiro Jornal Canoas RS\" \/>\n<meta property=\"og:description\" content=\"A Secretaria Municipal de Transportes e Mobilidade (SMTM) finalizou nessa segunda-feira, 14, uma s\u00e9rie de altera\u00e7\u00f5es na circula\u00e7\u00e3o de tr\u00e2nsito na regi\u00e3o do Canoas\u00a0Shopping, na Avenida Guilherme Schell. As medidas t\u00eam como objetivo aumentar a seguran\u00e7a dos pedestres na regi\u00e3o e melhorar a fluidez do tr\u00e2nsito no local, especialmente nos hor\u00e1rios de maior movimento. Entre [&hellip;]\" \/>\n<meta property=\"og:url\" content=\"https:\/\/jornaltimoneiro.com.br\/index.php\/2017\/08\/15\/regiao-do-canoas-shopping-ganha-semaforo-para-pedestres\/\" \/>\n<meta property=\"og:site_name\" content=\"O Timoneiro Jornal Canoas RS\" \/>\n<meta property=\"article:publisher\" content=\"https:\/\/www.facebook.com\/jornaltimoneiro\" \/>\n<meta property=\"article:published_time\" content=\"2017-08-15T20:14:38+00:00\" \/>\n<meta name=\"author\" content=\"Reda\u00e7\u00e3o\" \/>\n<meta name=\"twitter:card\" content=\"summary_large_image\" \/>\n<meta name=\"twitter:creator\" content=\"@_OTimoneiro\" \/>\n<meta name=\"twitter:site\" content=\"@_OTimoneiro\" \/>\n<meta name=\"twitter:label1\" content=\"Escrito por\" \/>\n\t<meta name=\"twitter:data1\" content=\"Reda\u00e7\u00e3o\" \/>\n\t<meta name=\"twitter:label2\" content=\"Est. tempo de leitura\" \/>\n\t<meta name=\"twitter:data2\" content=\"1 minuto\" \/>\n<script type=\"application\/ld+json\" class=\"yoast-schema-graph\">{\"@context\":\"https:\/\/schema.org\",\"@graph\":[{\"@type\":\"Article\",\"@id\":\"https:\/\/jornaltimoneiro.com.br\/index.php\/2017\/08\/15\/regiao-do-canoas-shopping-ganha-semaforo-para-pedestres\/#article\",\"isPartOf\":{\"@id\":\"https:\/\/jornaltimoneiro.com.br\/index.php\/2017\/08\/15\/regiao-do-canoas-shopping-ganha-semaforo-para-pedestres\/\"},\"author\":{\"name\":\"Reda\u00e7\u00e3o\",\"@id\":\"https:\/\/jornaltimoneiro.com.br\/#\/schema\/person\/620efd1d8244466117482be494360b08\"},\"headline\":\"Regi\u00e3o do Canoas Shopping ganha sem\u00e1foro para pedestres\",\"datePublished\":\"2017-08-15T20:14:38+00:00\",\"dateModified\":\"2017-08-15T20:14:38+00:00\",\"mainEntityOfPage\":{\"@id\":\"https:\/\/jornaltimoneiro.com.br\/index.php\/2017\/08\/15\/regiao-do-canoas-shopping-ganha-semaforo-para-pedestres\/\"},\"wordCount\":189,\"publisher\":{\"@id\":\"https:\/\/jornaltimoneiro.com.br\/#organization\"},\"articleSection\":[\"Tr\u00e2nsito\"],\"inLanguage\":\"pt-BR\"},{\"@type\":\"WebPage\",\"@id\":\"https:\/\/jornaltimoneiro.com.br\/index.php\/2017\/08\/15\/regiao-do-canoas-shopping-ganha-semaforo-para-pedestres\/\",\"url\":\"https:\/\/jornaltimoneiro.com.br\/index.php\/2017\/08\/15\/regiao-do-canoas-shopping-ganha-semaforo-para-pedestres\/\",\"name\":\"Regi\u00e3o do Canoas Shopping ganha sem\u00e1foro para pedestres - O Timoneiro Jornal Canoas RS\",\"isPartOf\":{\"@id\":\"https:\/\/jornaltimoneiro.com.br\/#website\"},\"datePublished\":\"2017-08-15T20:14:38+00:00\",\"dateModified\":\"2017-08-15T20:14:38+00:00\",\"breadcrumb\":{\"@id\":\"https:\/\/jornaltimoneiro.com.br\/index.php\/2017\/08\/15\/regiao-do-canoas-shopping-ganha-semaforo-para-pedestres\/#breadcrumb\"},\"inLanguage\":\"pt-BR\",\"potentialAction\":[{\"@type\":\"ReadAction\",\"target\":[\"https:\/\/jornaltimoneiro.com.br\/index.php\/2017\/08\/15\/regiao-do-canoas-shopping-ganha-semaforo-para-pedestres\/\"]}]},{\"@type\":\"BreadcrumbList\",\"@id\":\"https:\/\/jornaltimoneiro.com.br\/index.php\/2017\/08\/15\/regiao-do-canoas-shopping-ganha-semaforo-para-pedestres\/#breadcrumb\",\"itemListElement\":[{\"@type\":\"ListItem\",\"position\":1,\"name\":\"In\u00edcio\",\"item\":\"https:\/\/jornaltimoneiro.com.br\/\"},{\"@type\":\"ListItem\",\"position\":2,\"name\":\"Regi\u00e3o do Canoas Shopping ganha sem\u00e1foro para pedestres\"}]},{\"@type\":\"WebSite\",\"@id\":\"https:\/\/jornaltimoneiro.com.br\/#website\",\"url\":\"https:\/\/jornaltimoneiro.com.br\/\",\"name\":\"Jornal Timoneiro Canoas RS\",\"description\":\"Jornal O Timoneiro, o verdadeiro jornal de Canoas\",\"publisher\":{\"@id\":\"https:\/\/jornaltimoneiro.com.br\/#organization\"},\"potentialAction\":[{\"@type\":\"SearchAction\",\"target\":{\"@type\":\"EntryPoint\",\"urlTemplate\":\"https:\/\/jornaltimoneiro.com.br\/?s={search_term_string}\"},\"query-input\":\"required name=search_term_string\"}],\"inLanguage\":\"pt-BR\"},{\"@type\":\"Organization\",\"@id\":\"https:\/\/jornaltimoneiro.com.br\/#organization\",\"name\":\"Jornal Timoneiro Canoas RS\",\"url\":\"https:\/\/jornaltimoneiro.com.br\/\",\"logo\":{\"@type\":\"ImageObject\",\"inLanguage\":\"pt-BR\",\"@id\":\"https:\/\/jornaltimoneiro.com.br\/#\/schema\/logo\/image\/\",\"url\":\"https:\/\/jornaltimoneiro.com.br\/wp-content\/uploads\/2023\/03\/logonovo.png\",\"contentUrl\":\"https:\/\/jornaltimoneiro.com.br\/wp-content\/uploads\/2023\/03\/logonovo.png\",\"width\":\"469\",\"height\":\"171\",\"caption\":\"Jornal Timoneiro Canoas RS\"},\"image\":{\"@id\":\"https:\/\/jornaltimoneiro.com.br\/#\/schema\/logo\/image\/\"},\"sameAs\":[\"https:\/\/www.facebook.com\/jornaltimoneiro\",\"https:\/\/twitter.com\/_OTimoneiro\",\"https:\/\/www.instagram.com\/jornaltimoneirocanoas\/\",\"https:\/\/www.youtube.com\/@jornalotimoneiro7927\"]},{\"@type\":\"Person\",\"@id\":\"https:\/\/jornaltimoneiro.com.br\/#\/schema\/person\/620efd1d8244466117482be494360b08\",\"name\":\"Reda\u00e7\u00e3o\",\"image\":{\"@type\":\"ImageObject\",\"inLanguage\":\"pt-BR\",\"@id\":\"https:\/\/jornaltimoneiro.com.br\/#\/schema\/person\/image\/\",\"url\":\"https:\/\/secure.gravatar.com\/avatar\/2f04e1b304682a8d9db336c7acd77f08?s=96&d=mm&r=g\",\"contentUrl\":\"https:\/\/secure.gravatar.com\/avatar\/2f04e1b304682a8d9db336c7acd77f08?s=96&d=mm&r=g\",\"caption\":\"Reda\u00e7\u00e3o\"},\"url\":\"https:\/\/jornaltimoneiro.com.br\/index.php\/author\/timoneirocanoas\/\"}]}<\/script>\n<!-- \/ Yoast SEO plugin. -->","yoast_head_json":{"title":"Regi\u00e3o do Canoas Shopping ganha sem\u00e1foro para pedestres - O Timoneiro Jornal Canoas RS","robots":{"index":"index","follow":"follow","max-snippet":"max-snippet:-1","max-image-preview":"max-image-preview:large","max-video-preview":"max-video-preview:-1"},"canonical":"https:\/\/jornaltimoneiro.com.br\/index.php\/2017\/08\/15\/regiao-do-canoas-shopping-ganha-semaforo-para-pedestres\/","og_locale":"pt_BR","og_type":"article","og_title":"Regi\u00e3o do Canoas Shopping ganha sem\u00e1foro para pedestres - O Timoneiro Jornal Canoas RS","og_description":"A Secretaria Municipal de Transportes e Mobilidade (SMTM) finalizou nessa segunda-feira, 14, uma s\u00e9rie de altera\u00e7\u00f5es na circula\u00e7\u00e3o de tr\u00e2nsito na regi\u00e3o do Canoas\u00a0Shopping, na Avenida Guilherme Schell. As medidas t\u00eam como objetivo aumentar a seguran\u00e7a dos pedestres na regi\u00e3o e melhorar a fluidez do tr\u00e2nsito no local, especialmente nos hor\u00e1rios de maior movimento. Entre [&hellip;]","og_url":"https:\/\/jornaltimoneiro.com.br\/index.php\/2017\/08\/15\/regiao-do-canoas-shopping-ganha-semaforo-para-pedestres\/","og_site_name":"O Timoneiro Jornal Canoas RS","article_publisher":"https:\/\/www.facebook.com\/jornaltimoneiro","article_published_time":"2017-08-15T20:14:38+00:00","author":"Reda\u00e7\u00e3o","twitter_card":"summary_large_image","twitter_creator":"@_OTimoneiro","twitter_site":"@_OTimoneiro","twitter_misc":{"Escrito por":"Reda\u00e7\u00e3o","Est. tempo de leitura":"1 minuto"},"schema":{"@context":"https:\/\/schema.org","@graph":[{"@type":"Article","@id":"https:\/\/jornaltimoneiro.com.br\/index.php\/2017\/08\/15\/regiao-do-canoas-shopping-ganha-semaforo-para-pedestres\/#article","isPartOf":{"@id":"https:\/\/jornaltimoneiro.com.br\/index.php\/2017\/08\/15\/regiao-do-canoas-shopping-ganha-semaforo-para-pedestres\/"},"author":{"name":"Reda\u00e7\u00e3o","@id":"https:\/\/jornaltimoneiro.com.br\/#\/schema\/person\/620efd1d8244466117482be494360b08"},"headline":"Regi\u00e3o do Canoas Shopping ganha sem\u00e1foro para pedestres","datePublished":"2017-08-15T20:14:38+00:00","dateModified":"2017-08-15T20:14:38+00:00","mainEntityOfPage":{"@id":"https:\/\/jornaltimoneiro.com.br\/index.php\/2017\/08\/15\/regiao-do-canoas-shopping-ganha-semaforo-para-pedestres\/"},"wordCount":189,"publisher":{"@id":"https:\/\/jornaltimoneiro.com.br\/#organization"},"articleSection":["Tr\u00e2nsito"],"inLanguage":"pt-BR"},{"@type":"WebPage","@id":"https:\/\/jornaltimoneiro.com.br\/index.php\/2017\/08\/15\/regiao-do-canoas-shopping-ganha-semaforo-para-pedestres\/","url":"https:\/\/jornaltimoneiro.com.br\/index.php\/2017\/08\/15\/regiao-do-canoas-shopping-ganha-semaforo-para-pedestres\/","name":"Regi\u00e3o do Canoas Shopping ganha sem\u00e1foro para pedestres - O Timoneiro Jornal Canoas RS","isPartOf":{"@id":"https:\/\/jornaltimoneiro.com.br\/#website"},"datePublished":"2017-08-15T20:14:38+00:00","dateModified":"2017-08-15T20:14:38+00:00","breadcrumb":{"@id":"https:\/\/jornaltimoneiro.com.br\/index.php\/2017\/08\/15\/regiao-do-canoas-shopping-ganha-semaforo-para-pedestres\/#breadcrumb"},"inLanguage":"pt-BR","potentialAction":[{"@type":"ReadAction","target":["https:\/\/jornaltimoneiro.com.br\/index.php\/2017\/08\/15\/regiao-do-canoas-shopping-ganha-semaforo-para-pedestres\/"]}]},{"@type":"BreadcrumbList","@id":"https:\/\/jornaltimoneiro.com.br\/index.php\/2017\/08\/15\/regiao-do-canoas-shopping-ganha-semaforo-para-pedestres\/#breadcrumb","itemListElement":[{"@type":"ListItem","position":1,"name":"In\u00edcio","item":"https:\/\/jornaltimoneiro.com.br\/"},{"@type":"ListItem","position":2,"name":"Regi\u00e3o do Canoas Shopping ganha sem\u00e1foro para pedestres"}]},{"@type":"WebSite","@id":"https:\/\/jornaltimoneiro.com.br\/#website","url":"https:\/\/jornaltimoneiro.com.br\/","name":"Jornal Timoneiro Canoas RS","description":"Jornal O Timoneiro, o verdadeiro jornal de Canoas","publisher":{"@id":"https:\/\/jornaltimoneiro.com.br\/#organization"},"potentialAction":[{"@type":"SearchAction","target":{"@type":"EntryPoint","urlTemplate":"https:\/\/jornaltimoneiro.com.br\/?s={search_term_string}"},"query-input":"required name=search_term_string"}],"inLanguage":"pt-BR"},{"@type":"Organization","@id":"https:\/\/jornaltimoneiro.com.br\/#organization","name":"Jornal Timoneiro Canoas RS","url":"https:\/\/jornaltimoneiro.com.br\/","logo":{"@type":"ImageObject","inLanguage":"pt-BR","@id":"https:\/\/jornaltimoneiro.com.br\/#\/schema\/logo\/image\/","url":"https:\/\/jornaltimoneiro.com.br\/wp-content\/uploads\/2023\/03\/logonovo.png","contentUrl":"https:\/\/jornaltimoneiro.com.br\/wp-content\/uploads\/2023\/03\/logonovo.png","width":"469","height":"171","caption":"Jornal Timoneiro Canoas RS"},"image":{"@id":"https:\/\/jornaltimoneiro.com.br\/#\/schema\/logo\/image\/"},"sameAs":["https:\/\/www.facebook.com\/jornaltimoneiro","https:\/\/twitter.com\/_OTimoneiro","https:\/\/www.instagram.com\/jornaltimoneirocanoas\/","https:\/\/www.youtube.com\/@jornalotimoneiro7927"]},{"@type":"Person","@id":"https:\/\/jornaltimoneiro.com.br\/#\/schema\/person\/620efd1d8244466117482be494360b08","name":"Reda\u00e7\u00e3o","image":{"@type":"ImageObject","inLanguage":"pt-BR","@id":"https:\/\/jornaltimoneiro.com.br\/#\/schema\/person\/image\/","url":"https:\/\/secure.gravatar.com\/avatar\/2f04e1b304682a8d9db336c7acd77f08?s=96&d=mm&r=g","contentUrl":"https:\/\/secure.gravatar.com\/avatar\/2f04e1b304682a8d9db336c7acd77f08?s=96&d=mm&r=g","caption":"Reda\u00e7\u00e3o"},"url":"https:\/\/jornaltimoneiro.com.br\/index.php\/author\/timoneirocanoas\/"}]}},"_links":{"self":[{"href":"https:\/\/jornaltimoneiro.com.br\/index.php\/wp-json\/wp\/v2\/posts\/8438"}],"collection":[{"href":"https:\/\/jornaltimoneiro.com.br\/index.php\/wp-json\/wp\/v2\/posts"}],"about":[{"href":"https:\/\/jornaltimoneiro.com.br\/index.php\/wp-json\/wp\/v2\/types\/post"}],"author":[{"embeddable":true,"href":"https:\/\/jornaltimoneiro.com.br\/index.php\/wp-json\/wp\/v2\/users\/1"}],"replies":[{"embeddable":true,"href":"https:\/\/jornaltimoneiro.com.br\/index.php\/wp-json\/wp\/v2\/comments?post=8438"}],"version-history":[{"count":0,"href":"https:\/\/jornaltimoneiro.com.br\/index.php\/wp-json\/wp\/v2\/posts\/8438\/revisions"}],"wp:featuredmedia":[{"embeddable":true,"href":"https:\/\/jornaltimoneiro.com.br\/index.php\/wp-json\/"}],"wp:attachment":[{"href":"https:\/\/jornaltimoneiro.com.br\/index.php\/wp-json\/wp\/v2\/media?parent=8438"}],"wp:term":[{"taxonomy":"category","embeddable":true,"href":"https:\/\/jornaltimoneiro.com.br\/index.php\/wp-json\/wp\/v2\/categories?post=8438"},{"taxonomy":"post_tag","embeddable":true,"href":"https:\/\/jornaltimoneiro.com.br\/index.php\/wp-json\/wp\/v2\/tags?post=8438"}],"curies":[{"name":"wp","href":"https:\/\/api.w.org\/{rel}","templated":true}]}}