{"id":8397,"date":"2017-08-11T14:55:01","date_gmt":"2017-08-11T17:55:01","guid":{"rendered":"http:\/\/otimoneiro.com.br\/?p=8397"},"modified":"2017-08-11T14:55:01","modified_gmt":"2017-08-11T17:55:01","slug":"rede-sustentabilidade-tem-novos-porta-vozes-em-canoas","status":"publish","type":"post","link":"https:\/\/jornaltimoneiro.com.br\/index.php\/2017\/08\/11\/rede-sustentabilidade-tem-novos-porta-vozes-em-canoas\/","title":{"rendered":"Rede Sustentabilidade tem novos porta-vozes em Canoas"},"content":{"rendered":"<p>O partido Rede Sustentabilidade realizou, no domingo, 6 de agosto, sua confer\u00eancia municipal para escolha da nova executiva partid\u00e1ria. Christine Cadore e Rog\u00e9rio Ceratti s\u00e3o os novos porta-vozes do partido. Na ocasi\u00e3o, foi definida a nova comiss\u00e3o executiva do diret\u00f3rio municipal, denominado na Rede como Elo municipal. Al\u00e9m disso, foram escolhidos os coordenadores dos elos tem\u00e1ticos da agremia\u00e7\u00e3o. Para divulgar as novas a\u00e7\u00f5es, visitaram a reda\u00e7\u00e3o de O Timoneiro a porta-voz Christine Cadore, o porta-voz Rog\u00e9rio Ceratti, a coordenadora do Elo da Diversidade \u00c9tnica Racial, Fernanda Amaro, o coordenador do Elo da Pessoa Idosa, Adalberto Pinheiro, e o vogal da coordenadoria de organiza\u00e7\u00e3o, Ricardo Uequed.<\/p>\n<h6>Projetos<\/h6>\n<p>Adalberto Pinheiro conta que j\u00e1 iniciou um trabalho interessante para pessoas idosas. &#8220;Queremos incentivar a leitura e o conhecimento. Estamos definindo a\u00e7\u00f5es junto a associa\u00e7\u00f5es de bairros. Al\u00e9m disso, j\u00e1 est\u00e3o ocorrendo palestras sobre assunto ambientais&#8221;, afirma Pinheiro. Fernanda Amaro relata que est\u00e1 sendo planejado um F\u00f3rum junto \u00e0 sociedade para avaliar que assuntos ser\u00e3o trabalhados no segundo semestre de 2017. &#8220;Vamos trazer para o movimento atividades mais focadas dentro dos bairros&#8221;, completa Fernanda. De acordo com o porta-voz do partido, Rog\u00e9rio Ceratti, a rela\u00e7\u00e3o com os bairros \u00e9 planejada: &#8220;Os elos tem\u00e1ticos s\u00e3o especificamente para essa aproxima\u00e7\u00e3o. Queremos construir um debate em toda a cidade, integrar o partido com a comunidade&#8221;, afirma.<\/p>\n<h6>Semin\u00e1rio<\/h6>\n<p>J\u00e1 est\u00e1 marcado para a ter\u00e7a-feira, 15, um semin\u00e1rio de defesa pessoal e uma palestra sobre a Lei Maria da Penha. &#8220;Vamos trabalhar junto com as mulheres essas quest\u00f5es. Acho que vai ser uma evento bacana para aproximar a sociedade a esse assunto&#8221;, afirma Christine Cadore. O semin\u00e1rio ser\u00e1 ministrado pelo Sensei Marcelo Opelt Xavier, Kodansha, com aula te\u00f3rica e exerc\u00edcios que demonstrem como a mulher pode se defender de uma poss\u00edvel agress\u00e3o f\u00edsica. As inscri\u00e7\u00f5es est\u00e3o abertas at\u00e9 a segunda-feira, 14, e podem ser realizadas atrav\u00e9s da doa\u00e7\u00e3o de 1 kg de alimento n\u00e3o perec\u00edvel, que ser\u00e3o doados para uma institui\u00e7\u00e3o de caridade. As atividades ocorrem na Sede da Rede Canoas, na rua Tiradentes, 17 &#8211; Sala 4.<\/p>\n","protected":false},"excerpt":{"rendered":"<p>O partido Rede Sustentabilidade realizou, no domingo, 6 de agosto, sua confer\u00eancia municipal para escolha da nova executiva partid\u00e1ria. Christine Cadore e Rog\u00e9rio Ceratti s\u00e3o os novos porta-vozes do partido. Na ocasi\u00e3o, foi definida a nova comiss\u00e3o executiva do diret\u00f3rio municipal, denominado na Rede como Elo municipal. Al\u00e9m disso, foram escolhidos os coordenadores dos elos [&hellip;]<\/p>\n","protected":false},"author":1,"featured_media":8398,"comment_status":"closed","ping_status":"open","sticky":false,"template":"","format":"standard","meta":{"amp_status":"","footnotes":""},"categories":[20],"tags":[],"class_list":["post-8397","post","type-post","status-publish","format-standard","has-post-thumbnail","hentry","category-politica-noticias"],"yoast_head":"<!-- This site is optimized with the Yoast SEO plugin v20.5 - https:\/\/yoast.com\/wordpress\/plugins\/seo\/ -->\n<title>Rede Sustentabilidade tem novos porta-vozes em Canoas - O Timoneiro Jornal Canoas RS<\/title>\n<meta name=\"robots\" content=\"index, follow, max-snippet:-1, max-image-preview:large, max-video-preview:-1\" \/>\n<link rel=\"canonical\" href=\"https:\/\/jornaltimoneiro.com.br\/index.php\/2017\/08\/11\/rede-sustentabilidade-tem-novos-porta-vozes-em-canoas\/\" \/>\n<meta property=\"og:locale\" content=\"pt_BR\" \/>\n<meta property=\"og:type\" content=\"article\" \/>\n<meta property=\"og:title\" content=\"Rede Sustentabilidade tem novos porta-vozes em Canoas - O Timoneiro Jornal Canoas RS\" \/>\n<meta property=\"og:description\" content=\"O partido Rede Sustentabilidade realizou, no domingo, 6 de agosto, sua confer\u00eancia municipal para escolha da nova executiva partid\u00e1ria. Christine Cadore e Rog\u00e9rio Ceratti s\u00e3o os novos porta-vozes do partido. Na ocasi\u00e3o, foi definida a nova comiss\u00e3o executiva do diret\u00f3rio municipal, denominado na Rede como Elo municipal. Al\u00e9m disso, foram escolhidos os coordenadores dos elos [&hellip;]\" \/>\n<meta property=\"og:url\" content=\"https:\/\/jornaltimoneiro.com.br\/index.php\/2017\/08\/11\/rede-sustentabilidade-tem-novos-porta-vozes-em-canoas\/\" \/>\n<meta property=\"og:site_name\" content=\"O Timoneiro Jornal Canoas RS\" \/>\n<meta property=\"article:publisher\" content=\"https:\/\/www.facebook.com\/jornaltimoneiro\" \/>\n<meta property=\"article:published_time\" content=\"2017-08-11T17:55:01+00:00\" \/>\n<meta name=\"author\" content=\"Reda\u00e7\u00e3o\" \/>\n<meta name=\"twitter:card\" content=\"summary_large_image\" \/>\n<meta name=\"twitter:creator\" content=\"@_OTimoneiro\" \/>\n<meta name=\"twitter:site\" content=\"@_OTimoneiro\" \/>\n<meta name=\"twitter:label1\" content=\"Escrito por\" \/>\n\t<meta name=\"twitter:data1\" content=\"Reda\u00e7\u00e3o\" \/>\n\t<meta name=\"twitter:label2\" content=\"Est. tempo de leitura\" \/>\n\t<meta name=\"twitter:data2\" content=\"2 minutos\" \/>\n<script type=\"application\/ld+json\" class=\"yoast-schema-graph\">{\"@context\":\"https:\/\/schema.org\",\"@graph\":[{\"@type\":\"Article\",\"@id\":\"https:\/\/jornaltimoneiro.com.br\/index.php\/2017\/08\/11\/rede-sustentabilidade-tem-novos-porta-vozes-em-canoas\/#article\",\"isPartOf\":{\"@id\":\"https:\/\/jornaltimoneiro.com.br\/index.php\/2017\/08\/11\/rede-sustentabilidade-tem-novos-porta-vozes-em-canoas\/\"},\"author\":{\"name\":\"Reda\u00e7\u00e3o\",\"@id\":\"https:\/\/jornaltimoneiro.com.br\/#\/schema\/person\/620efd1d8244466117482be494360b08\"},\"headline\":\"Rede Sustentabilidade tem novos porta-vozes em Canoas\",\"datePublished\":\"2017-08-11T17:55:01+00:00\",\"dateModified\":\"2017-08-11T17:55:01+00:00\",\"mainEntityOfPage\":{\"@id\":\"https:\/\/jornaltimoneiro.com.br\/index.php\/2017\/08\/11\/rede-sustentabilidade-tem-novos-porta-vozes-em-canoas\/\"},\"wordCount\":380,\"publisher\":{\"@id\":\"https:\/\/jornaltimoneiro.com.br\/#organization\"},\"articleSection\":[\"Pol\u00edtica\"],\"inLanguage\":\"pt-BR\"},{\"@type\":\"WebPage\",\"@id\":\"https:\/\/jornaltimoneiro.com.br\/index.php\/2017\/08\/11\/rede-sustentabilidade-tem-novos-porta-vozes-em-canoas\/\",\"url\":\"https:\/\/jornaltimoneiro.com.br\/index.php\/2017\/08\/11\/rede-sustentabilidade-tem-novos-porta-vozes-em-canoas\/\",\"name\":\"Rede Sustentabilidade tem novos porta-vozes em Canoas - O Timoneiro Jornal Canoas RS\",\"isPartOf\":{\"@id\":\"https:\/\/jornaltimoneiro.com.br\/#website\"},\"datePublished\":\"2017-08-11T17:55:01+00:00\",\"dateModified\":\"2017-08-11T17:55:01+00:00\",\"breadcrumb\":{\"@id\":\"https:\/\/jornaltimoneiro.com.br\/index.php\/2017\/08\/11\/rede-sustentabilidade-tem-novos-porta-vozes-em-canoas\/#breadcrumb\"},\"inLanguage\":\"pt-BR\",\"potentialAction\":[{\"@type\":\"ReadAction\",\"target\":[\"https:\/\/jornaltimoneiro.com.br\/index.php\/2017\/08\/11\/rede-sustentabilidade-tem-novos-porta-vozes-em-canoas\/\"]}]},{\"@type\":\"BreadcrumbList\",\"@id\":\"https:\/\/jornaltimoneiro.com.br\/index.php\/2017\/08\/11\/rede-sustentabilidade-tem-novos-porta-vozes-em-canoas\/#breadcrumb\",\"itemListElement\":[{\"@type\":\"ListItem\",\"position\":1,\"name\":\"In\u00edcio\",\"item\":\"https:\/\/jornaltimoneiro.com.br\/\"},{\"@type\":\"ListItem\",\"position\":2,\"name\":\"Rede Sustentabilidade tem novos porta-vozes em Canoas\"}]},{\"@type\":\"WebSite\",\"@id\":\"https:\/\/jornaltimoneiro.com.br\/#website\",\"url\":\"https:\/\/jornaltimoneiro.com.br\/\",\"name\":\"Jornal Timoneiro Canoas RS\",\"description\":\"Jornal O Timoneiro, o verdadeiro jornal de Canoas\",\"publisher\":{\"@id\":\"https:\/\/jornaltimoneiro.com.br\/#organization\"},\"potentialAction\":[{\"@type\":\"SearchAction\",\"target\":{\"@type\":\"EntryPoint\",\"urlTemplate\":\"https:\/\/jornaltimoneiro.com.br\/?s={search_term_string}\"},\"query-input\":\"required name=search_term_string\"}],\"inLanguage\":\"pt-BR\"},{\"@type\":\"Organization\",\"@id\":\"https:\/\/jornaltimoneiro.com.br\/#organization\",\"name\":\"Jornal Timoneiro Canoas RS\",\"url\":\"https:\/\/jornaltimoneiro.com.br\/\",\"logo\":{\"@type\":\"ImageObject\",\"inLanguage\":\"pt-BR\",\"@id\":\"https:\/\/jornaltimoneiro.com.br\/#\/schema\/logo\/image\/\",\"url\":\"https:\/\/jornaltimoneiro.com.br\/wp-content\/uploads\/2023\/03\/logonovo.png\",\"contentUrl\":\"https:\/\/jornaltimoneiro.com.br\/wp-content\/uploads\/2023\/03\/logonovo.png\",\"width\":\"469\",\"height\":\"171\",\"caption\":\"Jornal Timoneiro Canoas RS\"},\"image\":{\"@id\":\"https:\/\/jornaltimoneiro.com.br\/#\/schema\/logo\/image\/\"},\"sameAs\":[\"https:\/\/www.facebook.com\/jornaltimoneiro\",\"https:\/\/twitter.com\/_OTimoneiro\",\"https:\/\/www.instagram.com\/jornaltimoneirocanoas\/\",\"https:\/\/www.youtube.com\/@jornalotimoneiro7927\"]},{\"@type\":\"Person\",\"@id\":\"https:\/\/jornaltimoneiro.com.br\/#\/schema\/person\/620efd1d8244466117482be494360b08\",\"name\":\"Reda\u00e7\u00e3o\",\"image\":{\"@type\":\"ImageObject\",\"inLanguage\":\"pt-BR\",\"@id\":\"https:\/\/jornaltimoneiro.com.br\/#\/schema\/person\/image\/\",\"url\":\"https:\/\/secure.gravatar.com\/avatar\/2f04e1b304682a8d9db336c7acd77f08?s=96&d=mm&r=g\",\"contentUrl\":\"https:\/\/secure.gravatar.com\/avatar\/2f04e1b304682a8d9db336c7acd77f08?s=96&d=mm&r=g\",\"caption\":\"Reda\u00e7\u00e3o\"},\"url\":\"https:\/\/jornaltimoneiro.com.br\/index.php\/author\/timoneirocanoas\/\"}]}<\/script>\n<!-- \/ Yoast SEO plugin. -->","yoast_head_json":{"title":"Rede Sustentabilidade tem novos porta-vozes em Canoas - O Timoneiro Jornal Canoas RS","robots":{"index":"index","follow":"follow","max-snippet":"max-snippet:-1","max-image-preview":"max-image-preview:large","max-video-preview":"max-video-preview:-1"},"canonical":"https:\/\/jornaltimoneiro.com.br\/index.php\/2017\/08\/11\/rede-sustentabilidade-tem-novos-porta-vozes-em-canoas\/","og_locale":"pt_BR","og_type":"article","og_title":"Rede Sustentabilidade tem novos porta-vozes em Canoas - O Timoneiro Jornal Canoas RS","og_description":"O partido Rede Sustentabilidade realizou, no domingo, 6 de agosto, sua confer\u00eancia municipal para escolha da nova executiva partid\u00e1ria. Christine Cadore e Rog\u00e9rio Ceratti s\u00e3o os novos porta-vozes do partido. Na ocasi\u00e3o, foi definida a nova comiss\u00e3o executiva do diret\u00f3rio municipal, denominado na Rede como Elo municipal. Al\u00e9m disso, foram escolhidos os coordenadores dos elos [&hellip;]","og_url":"https:\/\/jornaltimoneiro.com.br\/index.php\/2017\/08\/11\/rede-sustentabilidade-tem-novos-porta-vozes-em-canoas\/","og_site_name":"O Timoneiro Jornal Canoas RS","article_publisher":"https:\/\/www.facebook.com\/jornaltimoneiro","article_published_time":"2017-08-11T17:55:01+00:00","author":"Reda\u00e7\u00e3o","twitter_card":"summary_large_image","twitter_creator":"@_OTimoneiro","twitter_site":"@_OTimoneiro","twitter_misc":{"Escrito por":"Reda\u00e7\u00e3o","Est. tempo de leitura":"2 minutos"},"schema":{"@context":"https:\/\/schema.org","@graph":[{"@type":"Article","@id":"https:\/\/jornaltimoneiro.com.br\/index.php\/2017\/08\/11\/rede-sustentabilidade-tem-novos-porta-vozes-em-canoas\/#article","isPartOf":{"@id":"https:\/\/jornaltimoneiro.com.br\/index.php\/2017\/08\/11\/rede-sustentabilidade-tem-novos-porta-vozes-em-canoas\/"},"author":{"name":"Reda\u00e7\u00e3o","@id":"https:\/\/jornaltimoneiro.com.br\/#\/schema\/person\/620efd1d8244466117482be494360b08"},"headline":"Rede Sustentabilidade tem novos porta-vozes em Canoas","datePublished":"2017-08-11T17:55:01+00:00","dateModified":"2017-08-11T17:55:01+00:00","mainEntityOfPage":{"@id":"https:\/\/jornaltimoneiro.com.br\/index.php\/2017\/08\/11\/rede-sustentabilidade-tem-novos-porta-vozes-em-canoas\/"},"wordCount":380,"publisher":{"@id":"https:\/\/jornaltimoneiro.com.br\/#organization"},"articleSection":["Pol\u00edtica"],"inLanguage":"pt-BR"},{"@type":"WebPage","@id":"https:\/\/jornaltimoneiro.com.br\/index.php\/2017\/08\/11\/rede-sustentabilidade-tem-novos-porta-vozes-em-canoas\/","url":"https:\/\/jornaltimoneiro.com.br\/index.php\/2017\/08\/11\/rede-sustentabilidade-tem-novos-porta-vozes-em-canoas\/","name":"Rede Sustentabilidade tem novos porta-vozes em Canoas - O Timoneiro Jornal Canoas RS","isPartOf":{"@id":"https:\/\/jornaltimoneiro.com.br\/#website"},"datePublished":"2017-08-11T17:55:01+00:00","dateModified":"2017-08-11T17:55:01+00:00","breadcrumb":{"@id":"https:\/\/jornaltimoneiro.com.br\/index.php\/2017\/08\/11\/rede-sustentabilidade-tem-novos-porta-vozes-em-canoas\/#breadcrumb"},"inLanguage":"pt-BR","potentialAction":[{"@type":"ReadAction","target":["https:\/\/jornaltimoneiro.com.br\/index.php\/2017\/08\/11\/rede-sustentabilidade-tem-novos-porta-vozes-em-canoas\/"]}]},{"@type":"BreadcrumbList","@id":"https:\/\/jornaltimoneiro.com.br\/index.php\/2017\/08\/11\/rede-sustentabilidade-tem-novos-porta-vozes-em-canoas\/#breadcrumb","itemListElement":[{"@type":"ListItem","position":1,"name":"In\u00edcio","item":"https:\/\/jornaltimoneiro.com.br\/"},{"@type":"ListItem","position":2,"name":"Rede Sustentabilidade tem novos porta-vozes em Canoas"}]},{"@type":"WebSite","@id":"https:\/\/jornaltimoneiro.com.br\/#website","url":"https:\/\/jornaltimoneiro.com.br\/","name":"Jornal Timoneiro Canoas RS","description":"Jornal O Timoneiro, o verdadeiro jornal de Canoas","publisher":{"@id":"https:\/\/jornaltimoneiro.com.br\/#organization"},"potentialAction":[{"@type":"SearchAction","target":{"@type":"EntryPoint","urlTemplate":"https:\/\/jornaltimoneiro.com.br\/?s={search_term_string}"},"query-input":"required name=search_term_string"}],"inLanguage":"pt-BR"},{"@type":"Organization","@id":"https:\/\/jornaltimoneiro.com.br\/#organization","name":"Jornal Timoneiro Canoas RS","url":"https:\/\/jornaltimoneiro.com.br\/","logo":{"@type":"ImageObject","inLanguage":"pt-BR","@id":"https:\/\/jornaltimoneiro.com.br\/#\/schema\/logo\/image\/","url":"https:\/\/jornaltimoneiro.com.br\/wp-content\/uploads\/2023\/03\/logonovo.png","contentUrl":"https:\/\/jornaltimoneiro.com.br\/wp-content\/uploads\/2023\/03\/logonovo.png","width":"469","height":"171","caption":"Jornal Timoneiro Canoas RS"},"image":{"@id":"https:\/\/jornaltimoneiro.com.br\/#\/schema\/logo\/image\/"},"sameAs":["https:\/\/www.facebook.com\/jornaltimoneiro","https:\/\/twitter.com\/_OTimoneiro","https:\/\/www.instagram.com\/jornaltimoneirocanoas\/","https:\/\/www.youtube.com\/@jornalotimoneiro7927"]},{"@type":"Person","@id":"https:\/\/jornaltimoneiro.com.br\/#\/schema\/person\/620efd1d8244466117482be494360b08","name":"Reda\u00e7\u00e3o","image":{"@type":"ImageObject","inLanguage":"pt-BR","@id":"https:\/\/jornaltimoneiro.com.br\/#\/schema\/person\/image\/","url":"https:\/\/secure.gravatar.com\/avatar\/2f04e1b304682a8d9db336c7acd77f08?s=96&d=mm&r=g","contentUrl":"https:\/\/secure.gravatar.com\/avatar\/2f04e1b304682a8d9db336c7acd77f08?s=96&d=mm&r=g","caption":"Reda\u00e7\u00e3o"},"url":"https:\/\/jornaltimoneiro.com.br\/index.php\/author\/timoneirocanoas\/"}]}},"_links":{"self":[{"href":"https:\/\/jornaltimoneiro.com.br\/index.php\/wp-json\/wp\/v2\/posts\/8397"}],"collection":[{"href":"https:\/\/jornaltimoneiro.com.br\/index.php\/wp-json\/wp\/v2\/posts"}],"about":[{"href":"https:\/\/jornaltimoneiro.com.br\/index.php\/wp-json\/wp\/v2\/types\/post"}],"author":[{"embeddable":true,"href":"https:\/\/jornaltimoneiro.com.br\/index.php\/wp-json\/wp\/v2\/users\/1"}],"replies":[{"embeddable":true,"href":"https:\/\/jornaltimoneiro.com.br\/index.php\/wp-json\/wp\/v2\/comments?post=8397"}],"version-history":[{"count":0,"href":"https:\/\/jornaltimoneiro.com.br\/index.php\/wp-json\/wp\/v2\/posts\/8397\/revisions"}],"wp:featuredmedia":[{"embeddable":true,"href":"https:\/\/jornaltimoneiro.com.br\/index.php\/wp-json\/"}],"wp:attachment":[{"href":"https:\/\/jornaltimoneiro.com.br\/index.php\/wp-json\/wp\/v2\/media?parent=8397"}],"wp:term":[{"taxonomy":"category","embeddable":true,"href":"https:\/\/jornaltimoneiro.com.br\/index.php\/wp-json\/wp\/v2\/categories?post=8397"},{"taxonomy":"post_tag","embeddable":true,"href":"https:\/\/jornaltimoneiro.com.br\/index.php\/wp-json\/wp\/v2\/tags?post=8397"}],"curies":[{"name":"wp","href":"https:\/\/api.w.org\/{rel}","templated":true}]}}