{"id":8297,"date":"2017-07-28T12:01:26","date_gmt":"2017-07-28T15:01:26","guid":{"rendered":"http:\/\/otimoneiro.com.br\/?p=8297"},"modified":"2017-07-28T12:01:26","modified_gmt":"2017-07-28T15:01:26","slug":"prefeitura-encerra-contratos-com-associacoes-alvos-de-denuncias","status":"publish","type":"post","link":"https:\/\/jornaltimoneiro.com.br\/index.php\/2017\/07\/28\/prefeitura-encerra-contratos-com-associacoes-alvos-de-denuncias\/","title":{"rendered":"Prefeitura encerra contratos com associa\u00e7\u00f5es alvos de den\u00fancias"},"content":{"rendered":"<p>Em 2 de abril de 2015, O Timoneiro denunciava que pessoas sem experi\u00eancia nem qualifica\u00e7\u00e3o eram contratadas para atender os alunos da Escola Municipal de Educa\u00e7\u00e3o Infantil Irma Chies Stefani, no Pitangueiras, em Canoas. Esta era apenas uma das irregularidades que foram apontadas em uma s\u00e9rie de reportagens sobre a gest\u00e3o compartilhada entre Prefeitura Municipal de Canoas e duas associa\u00e7\u00f5es, a Assocepim e o Instituto Anjos e Marmanjos, em um total de 10 escolas.<\/p>\n<p>Passados pouco mais de dois anos das den\u00fancias deste jornal, a Prefeitura rompeu com as associa\u00e7\u00f5es ap\u00f3s realizar uma sindic\u00e2ncia interna e comprovar que tudo o que foi denunciado era verdade. Os riscos de descontinuidade das aulas dos alunos e da perda do emprego dos profissionais contratados pelas entidades deixou comunidades escolares em p\u00e2nico e a Prefeitura finaliza contrata\u00e7\u00f5es de emerg\u00eancia para manter o servi\u00e7o at\u00e9 o final do ano. Relembre, agora, as den\u00fancias de O Timoneiro comprovadas pela sindic\u00e2ncia.<\/p>\n<h6>Sindic\u00e2ncia<\/h6>\n<p>O Timoneiro teve acesso \u00e0 informa\u00e7\u00f5es da Comiss\u00e3o Especial Permanente de Sindic\u00e2ncia n4, aberta em 27 de mar\u00e7o de 2017, por determina\u00e7\u00e3o do prefeito Luiz Carlos Busato, ap\u00f3s o governo receber, no dia 11 de janeiro, uma comiss\u00e3o de pais de alunos e ex-funcion\u00e1rios das associa\u00e7\u00f5es, quando diversas den\u00fancias foram feitas. A Sindic\u00e2ncia concluiu que \u201chouve irregularidades no processo licitat\u00f3rio quanto \u00e0s planilhas de custos do Instituto Anjos e Marmanjos (&#8230;) o que poderia ser motivo de impugna\u00e7\u00e3o do processo&#8230;\u201d. Al\u00e9m disso, encontrou irregularidades nos atestados de capacidade t\u00e9cnica das associa\u00e7\u00f5es e, outro item grave tamb\u00e9m denunciado por O Timoneiro, um poss\u00edvel favorecimento, pois um servidor da Educa\u00e7\u00e3o envolvido no processo era vice-presidente da Assocepim, o que explicaria as den\u00fancias feitas de que as associa\u00e7\u00f5es eram avisadas antes das fiscaliza\u00e7\u00f5es da Secretaria de Educa\u00e7\u00e3o.<\/p>\n<h6>Profissionais sem qualifica\u00e7\u00e3o<\/h6>\n<p>A primeira den\u00fancia foi de que os profissionais que cuidariam dos alunos eram contratados de qualquer jeito, sem a m\u00ednima exig\u00eancia de experi\u00eancia e preparo. O Timoneiro trouxe relatos sobre como eram contratados, com chamamentos em paradas de \u00f4nibus e entrevistas que se limitavam a \u201cVoc\u00ea gosta de crian\u00e7a?\u201d. A sindic\u00e2ncia ouviu diversos profissionais contratados pelas associa\u00e7\u00f5es e comprovou que boa parte pelo menos n\u00e3o atendia nem ao que fora contratado com o munic\u00edpio nem com que a legisla\u00e7\u00e3o exige, encontrando erros tanto por parte das institui\u00e7\u00f5es quanto por parte da Prefeitura, recomendando a atual administra\u00e7\u00e3o que tomasse medidas a fim de assegurar a qualidade no atendimento escolar.<\/p>\n<p>No documento da apura\u00e7\u00e3o oficial consta ainda que as \u201cauxiliares de creche contratadas s\u00f3 tinham o Ensino M\u00e9dio e com nenhuma forma\u00e7\u00e3o na \u00e1rea da educa\u00e7\u00e3o\u201d. Os casos de maus tratos, segundo a sindic\u00e2ncia, se deram na maioria das vezes com estas auxiliares que, como conclui o texto, \u201cpode representar a falta de conhecimento na \u00e1rea educacional\u201d.<\/p>\n<h6>Maus tratos<\/h6>\n<p>Em 11 de dezembro de 2015, O Timoneiro publicou den\u00fancias de pais de alunos da EMEI Julieta Villamil Balestro, no bairro Igara, de que crian\u00e7as estariam sendo agredidas f\u00edsica e psicologicamente por uma educadora. Ap\u00f3s as den\u00fancias, a profissional foi apenas deslocada para outra escola, n\u00e3o sendo demitida. A sindic\u00e2ncia ouviu testemunhas e analisou atas internas da Secretaria de Educa\u00e7\u00e3o e concluiu que os fatos eram at\u00e9 maiores do que o inicialmente suposto: \u201cAinda que sejam fatos relatados por m\u00e3es e at\u00e9 por profissionais, estas tais pr\u00e1ticas n\u00e3o podem ser desconsideradas, pois n\u00e3o se tratam de ocorr\u00eancias isoladas, mas de fatos recorrentes em todas as escolas de acordo com as c\u00f3pias das atas que est\u00e3o adensadas neste processo\u201d.<\/p>\n<h6>Problemas administrativos e estruturais<\/h6>\n<p>As pessoas ouvidas relataram e comprovaram diversas irregularidades j\u00e1 denunciadas h\u00e1 dois anos por O Timoneiro, como a falta de profissionais \u2013 serventes trabalhando na cozinha, por exemplo \u2013 atraso nos pagamentos de sal\u00e1rios, crian\u00e7as sentadas no ch\u00e3o sem tapete durante atividades, dentre outros problemas de gest\u00e3o.<\/p>\n<p>As constru\u00e7\u00f5es inacabadas das escolas \u2013 situa\u00e7\u00e3o tamb\u00e9m denunciada na primeira mat\u00e9ria de O Timoneiro \u2013 e a falta de reparos e conserva\u00e7\u00e3o por parte das associa\u00e7\u00f5es tamb\u00e9m foi apontado pela sindic\u00e2ncia como um grave problema encontrado. Problemas nas redes de \u00e1gua e el\u00e9trica foram abundantemente encontrados. Tamb\u00e9m havia \u201cmenor n\u00famero de mesas, cadeirinhas e caminhas do que o n\u00famero de crian\u00e7as matriculadas\u201d.<\/p>\n<h6>Fim dos contratos<\/h6>\n<p>A Sindic\u00e2ncia recomendou ao prefeito a n\u00e3o continuidade dos contratos com as entidades Assocepim e Instituto Anjos e Marmanjos por constatar diversas irregularidades na gest\u00e3o compartilhada entre elas e a Prefeitura. Para n\u00e3o ter descontinuidade dos servi\u00e7os, a Prefeitura abriu licita\u00e7\u00e3o para contrata\u00e7\u00e3o emergencial at\u00e9 o final do ano.<\/p>\n<h6>Prefeito garante pagamento aos funcion\u00e1rios<\/h6>\n<p>A semana foi de muito protesto, reclama\u00e7\u00e3o e den\u00fancias com a decis\u00e3o da Prefeitura de trocar as ger\u00eancias das dez escolas com o modelo de gest\u00e3o compartilhada. Por parte dos profissionais das associa\u00e7\u00f5es, o medo de perder o emprego e, por parte de alguns pais, o medo de que seus filhos fiquem sem aula ou sofram com as mudan\u00e7as.<\/p>\n<p>Questionado por O Timoneiro, o prefeito Luiz Carlos Busato foi taxativo em rela\u00e7\u00e3o aos dois temas. \u201cEu garanto que os profissionais receber\u00e3o seus sal\u00e1rios e a orienta\u00e7\u00e3o da administra\u00e7\u00e3o \u00e0s novas gestoras \u00e9 de que mantenham os profissionais que s\u00e3o qualificados e que tenham a aprova\u00e7\u00e3o dos pais. Evidentemente, os maus profissionais e n\u00e3o qualificados precisam ser trocados pelo bem dos alunos e da educa\u00e7\u00e3o. Al\u00e9m disso, n\u00e3o temos inger\u00eancia, pois \u00e9 uma atribui\u00e7\u00e3o das associa\u00e7\u00f5es, mas recomendamos a manuten\u00e7\u00e3o dos bons profissionais pelo v\u00ednculo que j\u00e1 t\u00eam com as crian\u00e7as\u201d, salienta.<\/p>\n<p>A Prefeitura salientou, em nota, que os profissionais e os alunos dever\u00e3o ir \u00e0s escolas normalmente na segunda-feira, dia 31, garantindo o rein\u00edcio das aulas em toda a rede municipal de Educa\u00e7\u00e3o Infantil.<\/p>\n<h6>Tr\u00eas entidades far\u00e3o a gest\u00e3o de dez escolas<\/h6>\n<p>At\u00e9 o fim do ano letivo, tr\u00eas entidades far\u00e3o a gest\u00e3o compartilhada de modo emergencial de dez escolas de Educa\u00e7\u00e3o Infantil do munic\u00edpio. Das onze que se candidataram no chamamento p\u00fablico 429\/2017, oito foram desclassificadas, uma desistiu e sa\u00edram vencedoras as associa\u00e7\u00f5es Pin\u00f3quio e V\u00f3 Maria.<\/p>\n","protected":false},"excerpt":{"rendered":"<p>Em 2 de abril de 2015, O Timoneiro denunciava que pessoas sem experi\u00eancia nem qualifica\u00e7\u00e3o eram contratadas para atender os alunos da Escola Municipal de Educa\u00e7\u00e3o Infantil Irma Chies Stefani, no Pitangueiras, em Canoas. Esta era apenas uma das irregularidades que foram apontadas em uma s\u00e9rie de reportagens sobre a gest\u00e3o compartilhada entre Prefeitura Municipal [&hellip;]<\/p>\n","protected":false},"author":1,"featured_media":8298,"comment_status":"closed","ping_status":"open","sticky":false,"template":"","format":"standard","meta":{"amp_status":"","footnotes":""},"categories":[23],"tags":[],"class_list":["post-8297","post","type-post","status-publish","format-standard","has-post-thumbnail","hentry","category-geral"],"yoast_head":"<!-- This site is optimized with the Yoast SEO plugin v20.5 - https:\/\/yoast.com\/wordpress\/plugins\/seo\/ -->\n<title>Prefeitura encerra contratos com associa\u00e7\u00f5es alvos de den\u00fancias - O Timoneiro Jornal Canoas RS<\/title>\n<meta name=\"robots\" content=\"index, follow, max-snippet:-1, max-image-preview:large, max-video-preview:-1\" \/>\n<link rel=\"canonical\" href=\"https:\/\/jornaltimoneiro.com.br\/index.php\/2017\/07\/28\/prefeitura-encerra-contratos-com-associacoes-alvos-de-denuncias\/\" \/>\n<meta property=\"og:locale\" content=\"pt_BR\" \/>\n<meta property=\"og:type\" content=\"article\" \/>\n<meta property=\"og:title\" content=\"Prefeitura encerra contratos com associa\u00e7\u00f5es alvos de den\u00fancias\" \/>\n<meta property=\"og:description\" content=\"Em 2 de abril de 2015, O Timoneiro denunciava que pessoas sem experi\u00eancia nem qualifica\u00e7\u00e3o eram contratadas para atender os alunos da Escola Municipal de Educa\u00e7\u00e3o Infantil Irma Chies Stefani, no Pitangueiras, em Canoas.\" \/>\n<meta property=\"og:url\" content=\"https:\/\/jornaltimoneiro.com.br\/index.php\/2017\/07\/28\/prefeitura-encerra-contratos-com-associacoes-alvos-de-denuncias\/\" \/>\n<meta property=\"og:site_name\" content=\"O Timoneiro Jornal Canoas RS\" \/>\n<meta property=\"article:publisher\" content=\"https:\/\/www.facebook.com\/jornaltimoneiro\" \/>\n<meta property=\"article:published_time\" content=\"2017-07-28T15:01:26+00:00\" \/>\n<meta name=\"author\" content=\"Reda\u00e7\u00e3o\" \/>\n<meta name=\"twitter:card\" content=\"summary_large_image\" \/>\n<meta name=\"twitter:creator\" content=\"@_OTimoneiro\" \/>\n<meta name=\"twitter:site\" content=\"@_OTimoneiro\" \/>\n<meta name=\"twitter:label1\" content=\"Escrito por\" \/>\n\t<meta name=\"twitter:data1\" content=\"Reda\u00e7\u00e3o\" \/>\n\t<meta name=\"twitter:label2\" content=\"Est. tempo de leitura\" \/>\n\t<meta name=\"twitter:data2\" content=\"6 minutos\" \/>\n<script type=\"application\/ld+json\" class=\"yoast-schema-graph\">{\"@context\":\"https:\/\/schema.org\",\"@graph\":[{\"@type\":\"Article\",\"@id\":\"https:\/\/jornaltimoneiro.com.br\/index.php\/2017\/07\/28\/prefeitura-encerra-contratos-com-associacoes-alvos-de-denuncias\/#article\",\"isPartOf\":{\"@id\":\"https:\/\/jornaltimoneiro.com.br\/index.php\/2017\/07\/28\/prefeitura-encerra-contratos-com-associacoes-alvos-de-denuncias\/\"},\"author\":{\"name\":\"Reda\u00e7\u00e3o\",\"@id\":\"https:\/\/jornaltimoneiro.com.br\/#\/schema\/person\/620efd1d8244466117482be494360b08\"},\"headline\":\"Prefeitura encerra contratos com associa\u00e7\u00f5es alvos de den\u00fancias\",\"datePublished\":\"2017-07-28T15:01:26+00:00\",\"dateModified\":\"2017-07-28T15:01:26+00:00\",\"mainEntityOfPage\":{\"@id\":\"https:\/\/jornaltimoneiro.com.br\/index.php\/2017\/07\/28\/prefeitura-encerra-contratos-com-associacoes-alvos-de-denuncias\/\"},\"wordCount\":1116,\"publisher\":{\"@id\":\"https:\/\/jornaltimoneiro.com.br\/#organization\"},\"articleSection\":[\"Geral\"],\"inLanguage\":\"pt-BR\"},{\"@type\":\"WebPage\",\"@id\":\"https:\/\/jornaltimoneiro.com.br\/index.php\/2017\/07\/28\/prefeitura-encerra-contratos-com-associacoes-alvos-de-denuncias\/\",\"url\":\"https:\/\/jornaltimoneiro.com.br\/index.php\/2017\/07\/28\/prefeitura-encerra-contratos-com-associacoes-alvos-de-denuncias\/\",\"name\":\"Prefeitura encerra contratos com associa\u00e7\u00f5es alvos de den\u00fancias - O Timoneiro Jornal Canoas RS\",\"isPartOf\":{\"@id\":\"https:\/\/jornaltimoneiro.com.br\/#website\"},\"datePublished\":\"2017-07-28T15:01:26+00:00\",\"dateModified\":\"2017-07-28T15:01:26+00:00\",\"breadcrumb\":{\"@id\":\"https:\/\/jornaltimoneiro.com.br\/index.php\/2017\/07\/28\/prefeitura-encerra-contratos-com-associacoes-alvos-de-denuncias\/#breadcrumb\"},\"inLanguage\":\"pt-BR\",\"potentialAction\":[{\"@type\":\"ReadAction\",\"target\":[\"https:\/\/jornaltimoneiro.com.br\/index.php\/2017\/07\/28\/prefeitura-encerra-contratos-com-associacoes-alvos-de-denuncias\/\"]}]},{\"@type\":\"BreadcrumbList\",\"@id\":\"https:\/\/jornaltimoneiro.com.br\/index.php\/2017\/07\/28\/prefeitura-encerra-contratos-com-associacoes-alvos-de-denuncias\/#breadcrumb\",\"itemListElement\":[{\"@type\":\"ListItem\",\"position\":1,\"name\":\"In\u00edcio\",\"item\":\"https:\/\/jornaltimoneiro.com.br\/\"},{\"@type\":\"ListItem\",\"position\":2,\"name\":\"Prefeitura encerra contratos com associa\u00e7\u00f5es alvos de den\u00fancias\"}]},{\"@type\":\"WebSite\",\"@id\":\"https:\/\/jornaltimoneiro.com.br\/#website\",\"url\":\"https:\/\/jornaltimoneiro.com.br\/\",\"name\":\"Jornal Timoneiro Canoas RS\",\"description\":\"Jornal O Timoneiro, o verdadeiro jornal de Canoas\",\"publisher\":{\"@id\":\"https:\/\/jornaltimoneiro.com.br\/#organization\"},\"potentialAction\":[{\"@type\":\"SearchAction\",\"target\":{\"@type\":\"EntryPoint\",\"urlTemplate\":\"https:\/\/jornaltimoneiro.com.br\/?s={search_term_string}\"},\"query-input\":\"required name=search_term_string\"}],\"inLanguage\":\"pt-BR\"},{\"@type\":\"Organization\",\"@id\":\"https:\/\/jornaltimoneiro.com.br\/#organization\",\"name\":\"Jornal Timoneiro Canoas RS\",\"url\":\"https:\/\/jornaltimoneiro.com.br\/\",\"logo\":{\"@type\":\"ImageObject\",\"inLanguage\":\"pt-BR\",\"@id\":\"https:\/\/jornaltimoneiro.com.br\/#\/schema\/logo\/image\/\",\"url\":\"https:\/\/jornaltimoneiro.com.br\/wp-content\/uploads\/2023\/03\/logonovo.png\",\"contentUrl\":\"https:\/\/jornaltimoneiro.com.br\/wp-content\/uploads\/2023\/03\/logonovo.png\",\"width\":\"469\",\"height\":\"171\",\"caption\":\"Jornal Timoneiro Canoas RS\"},\"image\":{\"@id\":\"https:\/\/jornaltimoneiro.com.br\/#\/schema\/logo\/image\/\"},\"sameAs\":[\"https:\/\/www.facebook.com\/jornaltimoneiro\",\"https:\/\/twitter.com\/_OTimoneiro\",\"https:\/\/www.instagram.com\/jornaltimoneirocanoas\/\",\"https:\/\/www.youtube.com\/@jornalotimoneiro7927\"]},{\"@type\":\"Person\",\"@id\":\"https:\/\/jornaltimoneiro.com.br\/#\/schema\/person\/620efd1d8244466117482be494360b08\",\"name\":\"Reda\u00e7\u00e3o\",\"image\":{\"@type\":\"ImageObject\",\"inLanguage\":\"pt-BR\",\"@id\":\"https:\/\/jornaltimoneiro.com.br\/#\/schema\/person\/image\/\",\"url\":\"https:\/\/secure.gravatar.com\/avatar\/2f04e1b304682a8d9db336c7acd77f08?s=96&d=mm&r=g\",\"contentUrl\":\"https:\/\/secure.gravatar.com\/avatar\/2f04e1b304682a8d9db336c7acd77f08?s=96&d=mm&r=g\",\"caption\":\"Reda\u00e7\u00e3o\"},\"url\":\"https:\/\/jornaltimoneiro.com.br\/index.php\/author\/timoneirocanoas\/\"}]}<\/script>\n<!-- \/ Yoast SEO plugin. -->","yoast_head_json":{"title":"Prefeitura encerra contratos com associa\u00e7\u00f5es alvos de den\u00fancias - O Timoneiro Jornal Canoas RS","robots":{"index":"index","follow":"follow","max-snippet":"max-snippet:-1","max-image-preview":"max-image-preview:large","max-video-preview":"max-video-preview:-1"},"canonical":"https:\/\/jornaltimoneiro.com.br\/index.php\/2017\/07\/28\/prefeitura-encerra-contratos-com-associacoes-alvos-de-denuncias\/","og_locale":"pt_BR","og_type":"article","og_title":"Prefeitura encerra contratos com associa\u00e7\u00f5es alvos de den\u00fancias","og_description":"Em 2 de abril de 2015, O Timoneiro denunciava que pessoas sem experi\u00eancia nem qualifica\u00e7\u00e3o eram contratadas para atender os alunos da Escola Municipal de Educa\u00e7\u00e3o Infantil Irma Chies Stefani, no Pitangueiras, em Canoas.","og_url":"https:\/\/jornaltimoneiro.com.br\/index.php\/2017\/07\/28\/prefeitura-encerra-contratos-com-associacoes-alvos-de-denuncias\/","og_site_name":"O Timoneiro Jornal Canoas RS","article_publisher":"https:\/\/www.facebook.com\/jornaltimoneiro","article_published_time":"2017-07-28T15:01:26+00:00","author":"Reda\u00e7\u00e3o","twitter_card":"summary_large_image","twitter_creator":"@_OTimoneiro","twitter_site":"@_OTimoneiro","twitter_misc":{"Escrito por":"Reda\u00e7\u00e3o","Est. tempo de leitura":"6 minutos"},"schema":{"@context":"https:\/\/schema.org","@graph":[{"@type":"Article","@id":"https:\/\/jornaltimoneiro.com.br\/index.php\/2017\/07\/28\/prefeitura-encerra-contratos-com-associacoes-alvos-de-denuncias\/#article","isPartOf":{"@id":"https:\/\/jornaltimoneiro.com.br\/index.php\/2017\/07\/28\/prefeitura-encerra-contratos-com-associacoes-alvos-de-denuncias\/"},"author":{"name":"Reda\u00e7\u00e3o","@id":"https:\/\/jornaltimoneiro.com.br\/#\/schema\/person\/620efd1d8244466117482be494360b08"},"headline":"Prefeitura encerra contratos com associa\u00e7\u00f5es alvos de den\u00fancias","datePublished":"2017-07-28T15:01:26+00:00","dateModified":"2017-07-28T15:01:26+00:00","mainEntityOfPage":{"@id":"https:\/\/jornaltimoneiro.com.br\/index.php\/2017\/07\/28\/prefeitura-encerra-contratos-com-associacoes-alvos-de-denuncias\/"},"wordCount":1116,"publisher":{"@id":"https:\/\/jornaltimoneiro.com.br\/#organization"},"articleSection":["Geral"],"inLanguage":"pt-BR"},{"@type":"WebPage","@id":"https:\/\/jornaltimoneiro.com.br\/index.php\/2017\/07\/28\/prefeitura-encerra-contratos-com-associacoes-alvos-de-denuncias\/","url":"https:\/\/jornaltimoneiro.com.br\/index.php\/2017\/07\/28\/prefeitura-encerra-contratos-com-associacoes-alvos-de-denuncias\/","name":"Prefeitura encerra contratos com associa\u00e7\u00f5es alvos de den\u00fancias - O Timoneiro Jornal Canoas RS","isPartOf":{"@id":"https:\/\/jornaltimoneiro.com.br\/#website"},"datePublished":"2017-07-28T15:01:26+00:00","dateModified":"2017-07-28T15:01:26+00:00","breadcrumb":{"@id":"https:\/\/jornaltimoneiro.com.br\/index.php\/2017\/07\/28\/prefeitura-encerra-contratos-com-associacoes-alvos-de-denuncias\/#breadcrumb"},"inLanguage":"pt-BR","potentialAction":[{"@type":"ReadAction","target":["https:\/\/jornaltimoneiro.com.br\/index.php\/2017\/07\/28\/prefeitura-encerra-contratos-com-associacoes-alvos-de-denuncias\/"]}]},{"@type":"BreadcrumbList","@id":"https:\/\/jornaltimoneiro.com.br\/index.php\/2017\/07\/28\/prefeitura-encerra-contratos-com-associacoes-alvos-de-denuncias\/#breadcrumb","itemListElement":[{"@type":"ListItem","position":1,"name":"In\u00edcio","item":"https:\/\/jornaltimoneiro.com.br\/"},{"@type":"ListItem","position":2,"name":"Prefeitura encerra contratos com associa\u00e7\u00f5es alvos de den\u00fancias"}]},{"@type":"WebSite","@id":"https:\/\/jornaltimoneiro.com.br\/#website","url":"https:\/\/jornaltimoneiro.com.br\/","name":"Jornal Timoneiro Canoas RS","description":"Jornal O Timoneiro, o verdadeiro jornal de Canoas","publisher":{"@id":"https:\/\/jornaltimoneiro.com.br\/#organization"},"potentialAction":[{"@type":"SearchAction","target":{"@type":"EntryPoint","urlTemplate":"https:\/\/jornaltimoneiro.com.br\/?s={search_term_string}"},"query-input":"required name=search_term_string"}],"inLanguage":"pt-BR"},{"@type":"Organization","@id":"https:\/\/jornaltimoneiro.com.br\/#organization","name":"Jornal Timoneiro Canoas RS","url":"https:\/\/jornaltimoneiro.com.br\/","logo":{"@type":"ImageObject","inLanguage":"pt-BR","@id":"https:\/\/jornaltimoneiro.com.br\/#\/schema\/logo\/image\/","url":"https:\/\/jornaltimoneiro.com.br\/wp-content\/uploads\/2023\/03\/logonovo.png","contentUrl":"https:\/\/jornaltimoneiro.com.br\/wp-content\/uploads\/2023\/03\/logonovo.png","width":"469","height":"171","caption":"Jornal Timoneiro Canoas RS"},"image":{"@id":"https:\/\/jornaltimoneiro.com.br\/#\/schema\/logo\/image\/"},"sameAs":["https:\/\/www.facebook.com\/jornaltimoneiro","https:\/\/twitter.com\/_OTimoneiro","https:\/\/www.instagram.com\/jornaltimoneirocanoas\/","https:\/\/www.youtube.com\/@jornalotimoneiro7927"]},{"@type":"Person","@id":"https:\/\/jornaltimoneiro.com.br\/#\/schema\/person\/620efd1d8244466117482be494360b08","name":"Reda\u00e7\u00e3o","image":{"@type":"ImageObject","inLanguage":"pt-BR","@id":"https:\/\/jornaltimoneiro.com.br\/#\/schema\/person\/image\/","url":"https:\/\/secure.gravatar.com\/avatar\/2f04e1b304682a8d9db336c7acd77f08?s=96&d=mm&r=g","contentUrl":"https:\/\/secure.gravatar.com\/avatar\/2f04e1b304682a8d9db336c7acd77f08?s=96&d=mm&r=g","caption":"Reda\u00e7\u00e3o"},"url":"https:\/\/jornaltimoneiro.com.br\/index.php\/author\/timoneirocanoas\/"}]}},"_links":{"self":[{"href":"https:\/\/jornaltimoneiro.com.br\/index.php\/wp-json\/wp\/v2\/posts\/8297"}],"collection":[{"href":"https:\/\/jornaltimoneiro.com.br\/index.php\/wp-json\/wp\/v2\/posts"}],"about":[{"href":"https:\/\/jornaltimoneiro.com.br\/index.php\/wp-json\/wp\/v2\/types\/post"}],"author":[{"embeddable":true,"href":"https:\/\/jornaltimoneiro.com.br\/index.php\/wp-json\/wp\/v2\/users\/1"}],"replies":[{"embeddable":true,"href":"https:\/\/jornaltimoneiro.com.br\/index.php\/wp-json\/wp\/v2\/comments?post=8297"}],"version-history":[{"count":0,"href":"https:\/\/jornaltimoneiro.com.br\/index.php\/wp-json\/wp\/v2\/posts\/8297\/revisions"}],"wp:featuredmedia":[{"embeddable":true,"href":"https:\/\/jornaltimoneiro.com.br\/index.php\/wp-json\/"}],"wp:attachment":[{"href":"https:\/\/jornaltimoneiro.com.br\/index.php\/wp-json\/wp\/v2\/media?parent=8297"}],"wp:term":[{"taxonomy":"category","embeddable":true,"href":"https:\/\/jornaltimoneiro.com.br\/index.php\/wp-json\/wp\/v2\/categories?post=8297"},{"taxonomy":"post_tag","embeddable":true,"href":"https:\/\/jornaltimoneiro.com.br\/index.php\/wp-json\/wp\/v2\/tags?post=8297"}],"curies":[{"name":"wp","href":"https:\/\/api.w.org\/{rel}","templated":true}]}}