{"id":7935,"date":"2017-06-22T20:07:07","date_gmt":"2017-06-22T23:07:07","guid":{"rendered":"http:\/\/otimoneiro.com.br\/?p=7935"},"modified":"2017-06-22T20:07:07","modified_gmt":"2017-06-22T23:07:07","slug":"camara-aprova-projeto-de-emenda-lei-organica-do-municipio","status":"publish","type":"post","link":"https:\/\/jornaltimoneiro.com.br\/index.php\/2017\/06\/22\/camara-aprova-projeto-de-emenda-lei-organica-do-municipio\/","title":{"rendered":"C\u00e2mara aprova projeto de emenda \u00e0 Lei Org\u00e2nica do Munic\u00edpio"},"content":{"rendered":"<p class=\"x_MsoNormal\">Nesta quinta-feira, 22, a C\u00e2mara aprovou, em primeiro turno, o projeto de emenda \u00e0 Lei Org\u00e2nica do Munic\u00edpio (LOM) 03\/2017, que altera a reda\u00e7\u00e3o do artigo 137 e revoga o artigo 66-A. A proposi\u00e7\u00e3o \u00e9 de autoria da Mesa Diretora da C\u00e2mara, subscrita pelos demais vereadores.<\/p>\n<p class=\"x_MsoNormal\">Segundo a nova reda\u00e7\u00e3o proposta, os projetos de lei sobre o plano plurianual (PPA), diretrizes or\u00e7ament\u00e1rias (LDO) e or\u00e7amento anual (LOA) ser\u00e3o enviados pelo prefeito ao Poder Legislativo nos seguintes prazos: PPA &#8211; at\u00e9 30 de junho do primeiro ano do mandato do prefeito; LDO &#8211; anualmente, at\u00e9 25 de agosto; LOA &#8211; at\u00e9 20 de outubro de cada ano. Os projetos dever\u00e3o ser encaminhados para san\u00e7\u00e3o nos seguintes prazos: PPA &#8211; at\u00e9 10 de agosto do primeiro ano do mandato do prefeito; LDO &#8211; at\u00e9 5 de outubro de cada ano; LOA \u2013 at\u00e9 30 de novembro de cada ano.<\/p>\n<p class=\"x_MsoNormal\">Em abril, havia sido aprovada emenda que j\u00e1 estabelecia novos prazos para o envio dos tr\u00eas projetos, mas novas altera\u00e7\u00f5es se mostraram necess\u00e1rias para adequar os prazos legais ao per\u00edodo necess\u00e1rio para os tr\u00e2mites do processo legislativo. O projeto tamb\u00e9m revoga o artigo 66-A, que previa a apresenta\u00e7\u00e3o do Plano de Metas da gest\u00e3o, no mesmo prazo definido para o PPA. O documento deveria conter as prioridades, a\u00e7\u00f5es estrat\u00e9gicas, indicadores de desempenho por \u00e1rea do programa de governo e as metas qualitativas e quantitativas para cada um dos setores da administra\u00e7\u00e3o p\u00fablica municipal.<\/p>\n<p class=\"x_MsoNormal\">A mat\u00e9ria passou pela an\u00e1lise de comiss\u00e3o especial formada pelos vereadores Eric Douglas (PTB) \u2013 presidente, Jos\u00e9 Carlos Patricio (PSD) \u2013 relator, Alexandre Gon\u00e7alves (PPS), Aloisio Bamberg (PCdoB), Canhoto (SD), C\u00e9sar Augusto (PRB), Cris Moraes (PV), Dario da Silveira (PDT), Emilio Neto (PT), Gilson Oliveira (PP) e Linck (PMDB).<\/p>\n<p class=\"x_MsoNormal\">O projeto recebeu o voto contr\u00e1rio dos vereadores da bancada do PT \u2013 Emilio Neto, Ivo Fiorotti, Maria Eunice e Paulinho de Od\u00e9 \u2013 C\u00e9sar Augusto (PRB) e Dario da Silveira (PDT).<\/p>\n<p class=\"x_MsoNormal\">\n","protected":false},"excerpt":{"rendered":"<p>Nesta quinta-feira, 22, a C\u00e2mara aprovou, em primeiro turno, o projeto de emenda \u00e0 Lei Org\u00e2nica do Munic\u00edpio (LOM) 03\/2017, que altera a reda\u00e7\u00e3o do artigo 137 e revoga o artigo 66-A. A proposi\u00e7\u00e3o \u00e9 de autoria da Mesa Diretora da C\u00e2mara, subscrita pelos demais vereadores. Segundo a nova reda\u00e7\u00e3o proposta, os projetos de lei [&hellip;]<\/p>\n","protected":false},"author":1,"featured_media":7933,"comment_status":"closed","ping_status":"open","sticky":false,"template":"","format":"standard","meta":{"amp_status":"","footnotes":""},"categories":[20],"tags":[],"class_list":["post-7935","post","type-post","status-publish","format-standard","has-post-thumbnail","hentry","category-politica-noticias"],"yoast_head":"<!-- This site is optimized with the Yoast SEO plugin v20.5 - https:\/\/yoast.com\/wordpress\/plugins\/seo\/ -->\n<title>C\u00e2mara aprova projeto de emenda \u00e0 Lei Org\u00e2nica do Munic\u00edpio - O Timoneiro Jornal Canoas RS<\/title>\n<meta name=\"robots\" content=\"index, follow, max-snippet:-1, max-image-preview:large, max-video-preview:-1\" \/>\n<link rel=\"canonical\" href=\"https:\/\/jornaltimoneiro.com.br\/index.php\/2017\/06\/22\/camara-aprova-projeto-de-emenda-lei-organica-do-municipio\/\" \/>\n<meta property=\"og:locale\" content=\"pt_BR\" \/>\n<meta property=\"og:type\" content=\"article\" \/>\n<meta property=\"og:title\" content=\"C\u00e2mara aprova projeto de emenda \u00e0 Lei Org\u00e2nica do Munic\u00edpio - O Timoneiro Jornal Canoas RS\" \/>\n<meta property=\"og:description\" content=\"Nesta quinta-feira, 22, a C\u00e2mara aprovou, em primeiro turno, o projeto de emenda \u00e0 Lei Org\u00e2nica do Munic\u00edpio (LOM) 03\/2017, que altera a reda\u00e7\u00e3o do artigo 137 e revoga o artigo 66-A. A proposi\u00e7\u00e3o \u00e9 de autoria da Mesa Diretora da C\u00e2mara, subscrita pelos demais vereadores. Segundo a nova reda\u00e7\u00e3o proposta, os projetos de lei [&hellip;]\" \/>\n<meta property=\"og:url\" content=\"https:\/\/jornaltimoneiro.com.br\/index.php\/2017\/06\/22\/camara-aprova-projeto-de-emenda-lei-organica-do-municipio\/\" \/>\n<meta property=\"og:site_name\" content=\"O Timoneiro Jornal Canoas RS\" \/>\n<meta property=\"article:publisher\" content=\"https:\/\/www.facebook.com\/jornaltimoneiro\" \/>\n<meta property=\"article:published_time\" content=\"2017-06-22T23:07:07+00:00\" \/>\n<meta name=\"author\" content=\"Reda\u00e7\u00e3o\" \/>\n<meta name=\"twitter:card\" content=\"summary_large_image\" \/>\n<meta name=\"twitter:creator\" content=\"@_OTimoneiro\" \/>\n<meta name=\"twitter:site\" content=\"@_OTimoneiro\" \/>\n<meta name=\"twitter:label1\" content=\"Escrito por\" \/>\n\t<meta name=\"twitter:data1\" content=\"Reda\u00e7\u00e3o\" \/>\n\t<meta name=\"twitter:label2\" content=\"Est. tempo de leitura\" \/>\n\t<meta name=\"twitter:data2\" content=\"2 minutos\" \/>\n<script type=\"application\/ld+json\" class=\"yoast-schema-graph\">{\"@context\":\"https:\/\/schema.org\",\"@graph\":[{\"@type\":\"Article\",\"@id\":\"https:\/\/jornaltimoneiro.com.br\/index.php\/2017\/06\/22\/camara-aprova-projeto-de-emenda-lei-organica-do-municipio\/#article\",\"isPartOf\":{\"@id\":\"https:\/\/jornaltimoneiro.com.br\/index.php\/2017\/06\/22\/camara-aprova-projeto-de-emenda-lei-organica-do-municipio\/\"},\"author\":{\"name\":\"Reda\u00e7\u00e3o\",\"@id\":\"https:\/\/jornaltimoneiro.com.br\/#\/schema\/person\/620efd1d8244466117482be494360b08\"},\"headline\":\"C\u00e2mara aprova projeto de emenda \u00e0 Lei Org\u00e2nica do Munic\u00edpio\",\"datePublished\":\"2017-06-22T23:07:07+00:00\",\"dateModified\":\"2017-06-22T23:07:07+00:00\",\"mainEntityOfPage\":{\"@id\":\"https:\/\/jornaltimoneiro.com.br\/index.php\/2017\/06\/22\/camara-aprova-projeto-de-emenda-lei-organica-do-municipio\/\"},\"wordCount\":350,\"publisher\":{\"@id\":\"https:\/\/jornaltimoneiro.com.br\/#organization\"},\"articleSection\":[\"Pol\u00edtica\"],\"inLanguage\":\"pt-BR\"},{\"@type\":\"WebPage\",\"@id\":\"https:\/\/jornaltimoneiro.com.br\/index.php\/2017\/06\/22\/camara-aprova-projeto-de-emenda-lei-organica-do-municipio\/\",\"url\":\"https:\/\/jornaltimoneiro.com.br\/index.php\/2017\/06\/22\/camara-aprova-projeto-de-emenda-lei-organica-do-municipio\/\",\"name\":\"C\u00e2mara aprova projeto de emenda \u00e0 Lei Org\u00e2nica do Munic\u00edpio - O Timoneiro Jornal Canoas RS\",\"isPartOf\":{\"@id\":\"https:\/\/jornaltimoneiro.com.br\/#website\"},\"datePublished\":\"2017-06-22T23:07:07+00:00\",\"dateModified\":\"2017-06-22T23:07:07+00:00\",\"breadcrumb\":{\"@id\":\"https:\/\/jornaltimoneiro.com.br\/index.php\/2017\/06\/22\/camara-aprova-projeto-de-emenda-lei-organica-do-municipio\/#breadcrumb\"},\"inLanguage\":\"pt-BR\",\"potentialAction\":[{\"@type\":\"ReadAction\",\"target\":[\"https:\/\/jornaltimoneiro.com.br\/index.php\/2017\/06\/22\/camara-aprova-projeto-de-emenda-lei-organica-do-municipio\/\"]}]},{\"@type\":\"BreadcrumbList\",\"@id\":\"https:\/\/jornaltimoneiro.com.br\/index.php\/2017\/06\/22\/camara-aprova-projeto-de-emenda-lei-organica-do-municipio\/#breadcrumb\",\"itemListElement\":[{\"@type\":\"ListItem\",\"position\":1,\"name\":\"In\u00edcio\",\"item\":\"https:\/\/jornaltimoneiro.com.br\/\"},{\"@type\":\"ListItem\",\"position\":2,\"name\":\"C\u00e2mara aprova projeto de emenda \u00e0 Lei Org\u00e2nica do Munic\u00edpio\"}]},{\"@type\":\"WebSite\",\"@id\":\"https:\/\/jornaltimoneiro.com.br\/#website\",\"url\":\"https:\/\/jornaltimoneiro.com.br\/\",\"name\":\"Jornal Timoneiro Canoas RS\",\"description\":\"Jornal O Timoneiro, o verdadeiro jornal de Canoas\",\"publisher\":{\"@id\":\"https:\/\/jornaltimoneiro.com.br\/#organization\"},\"potentialAction\":[{\"@type\":\"SearchAction\",\"target\":{\"@type\":\"EntryPoint\",\"urlTemplate\":\"https:\/\/jornaltimoneiro.com.br\/?s={search_term_string}\"},\"query-input\":\"required name=search_term_string\"}],\"inLanguage\":\"pt-BR\"},{\"@type\":\"Organization\",\"@id\":\"https:\/\/jornaltimoneiro.com.br\/#organization\",\"name\":\"Jornal Timoneiro Canoas RS\",\"url\":\"https:\/\/jornaltimoneiro.com.br\/\",\"logo\":{\"@type\":\"ImageObject\",\"inLanguage\":\"pt-BR\",\"@id\":\"https:\/\/jornaltimoneiro.com.br\/#\/schema\/logo\/image\/\",\"url\":\"https:\/\/jornaltimoneiro.com.br\/wp-content\/uploads\/2023\/03\/logonovo.png\",\"contentUrl\":\"https:\/\/jornaltimoneiro.com.br\/wp-content\/uploads\/2023\/03\/logonovo.png\",\"width\":\"469\",\"height\":\"171\",\"caption\":\"Jornal Timoneiro Canoas RS\"},\"image\":{\"@id\":\"https:\/\/jornaltimoneiro.com.br\/#\/schema\/logo\/image\/\"},\"sameAs\":[\"https:\/\/www.facebook.com\/jornaltimoneiro\",\"https:\/\/twitter.com\/_OTimoneiro\",\"https:\/\/www.instagram.com\/jornaltimoneirocanoas\/\",\"https:\/\/www.youtube.com\/@jornalotimoneiro7927\"]},{\"@type\":\"Person\",\"@id\":\"https:\/\/jornaltimoneiro.com.br\/#\/schema\/person\/620efd1d8244466117482be494360b08\",\"name\":\"Reda\u00e7\u00e3o\",\"image\":{\"@type\":\"ImageObject\",\"inLanguage\":\"pt-BR\",\"@id\":\"https:\/\/jornaltimoneiro.com.br\/#\/schema\/person\/image\/\",\"url\":\"https:\/\/secure.gravatar.com\/avatar\/2f04e1b304682a8d9db336c7acd77f08?s=96&d=mm&r=g\",\"contentUrl\":\"https:\/\/secure.gravatar.com\/avatar\/2f04e1b304682a8d9db336c7acd77f08?s=96&d=mm&r=g\",\"caption\":\"Reda\u00e7\u00e3o\"},\"url\":\"https:\/\/jornaltimoneiro.com.br\/index.php\/author\/timoneirocanoas\/\"}]}<\/script>\n<!-- \/ Yoast SEO plugin. -->","yoast_head_json":{"title":"C\u00e2mara aprova projeto de emenda \u00e0 Lei Org\u00e2nica do Munic\u00edpio - O Timoneiro Jornal Canoas RS","robots":{"index":"index","follow":"follow","max-snippet":"max-snippet:-1","max-image-preview":"max-image-preview:large","max-video-preview":"max-video-preview:-1"},"canonical":"https:\/\/jornaltimoneiro.com.br\/index.php\/2017\/06\/22\/camara-aprova-projeto-de-emenda-lei-organica-do-municipio\/","og_locale":"pt_BR","og_type":"article","og_title":"C\u00e2mara aprova projeto de emenda \u00e0 Lei Org\u00e2nica do Munic\u00edpio - O Timoneiro Jornal Canoas RS","og_description":"Nesta quinta-feira, 22, a C\u00e2mara aprovou, em primeiro turno, o projeto de emenda \u00e0 Lei Org\u00e2nica do Munic\u00edpio (LOM) 03\/2017, que altera a reda\u00e7\u00e3o do artigo 137 e revoga o artigo 66-A. A proposi\u00e7\u00e3o \u00e9 de autoria da Mesa Diretora da C\u00e2mara, subscrita pelos demais vereadores. Segundo a nova reda\u00e7\u00e3o proposta, os projetos de lei [&hellip;]","og_url":"https:\/\/jornaltimoneiro.com.br\/index.php\/2017\/06\/22\/camara-aprova-projeto-de-emenda-lei-organica-do-municipio\/","og_site_name":"O Timoneiro Jornal Canoas RS","article_publisher":"https:\/\/www.facebook.com\/jornaltimoneiro","article_published_time":"2017-06-22T23:07:07+00:00","author":"Reda\u00e7\u00e3o","twitter_card":"summary_large_image","twitter_creator":"@_OTimoneiro","twitter_site":"@_OTimoneiro","twitter_misc":{"Escrito por":"Reda\u00e7\u00e3o","Est. tempo de leitura":"2 minutos"},"schema":{"@context":"https:\/\/schema.org","@graph":[{"@type":"Article","@id":"https:\/\/jornaltimoneiro.com.br\/index.php\/2017\/06\/22\/camara-aprova-projeto-de-emenda-lei-organica-do-municipio\/#article","isPartOf":{"@id":"https:\/\/jornaltimoneiro.com.br\/index.php\/2017\/06\/22\/camara-aprova-projeto-de-emenda-lei-organica-do-municipio\/"},"author":{"name":"Reda\u00e7\u00e3o","@id":"https:\/\/jornaltimoneiro.com.br\/#\/schema\/person\/620efd1d8244466117482be494360b08"},"headline":"C\u00e2mara aprova projeto de emenda \u00e0 Lei Org\u00e2nica do Munic\u00edpio","datePublished":"2017-06-22T23:07:07+00:00","dateModified":"2017-06-22T23:07:07+00:00","mainEntityOfPage":{"@id":"https:\/\/jornaltimoneiro.com.br\/index.php\/2017\/06\/22\/camara-aprova-projeto-de-emenda-lei-organica-do-municipio\/"},"wordCount":350,"publisher":{"@id":"https:\/\/jornaltimoneiro.com.br\/#organization"},"articleSection":["Pol\u00edtica"],"inLanguage":"pt-BR"},{"@type":"WebPage","@id":"https:\/\/jornaltimoneiro.com.br\/index.php\/2017\/06\/22\/camara-aprova-projeto-de-emenda-lei-organica-do-municipio\/","url":"https:\/\/jornaltimoneiro.com.br\/index.php\/2017\/06\/22\/camara-aprova-projeto-de-emenda-lei-organica-do-municipio\/","name":"C\u00e2mara aprova projeto de emenda \u00e0 Lei Org\u00e2nica do Munic\u00edpio - O Timoneiro Jornal Canoas RS","isPartOf":{"@id":"https:\/\/jornaltimoneiro.com.br\/#website"},"datePublished":"2017-06-22T23:07:07+00:00","dateModified":"2017-06-22T23:07:07+00:00","breadcrumb":{"@id":"https:\/\/jornaltimoneiro.com.br\/index.php\/2017\/06\/22\/camara-aprova-projeto-de-emenda-lei-organica-do-municipio\/#breadcrumb"},"inLanguage":"pt-BR","potentialAction":[{"@type":"ReadAction","target":["https:\/\/jornaltimoneiro.com.br\/index.php\/2017\/06\/22\/camara-aprova-projeto-de-emenda-lei-organica-do-municipio\/"]}]},{"@type":"BreadcrumbList","@id":"https:\/\/jornaltimoneiro.com.br\/index.php\/2017\/06\/22\/camara-aprova-projeto-de-emenda-lei-organica-do-municipio\/#breadcrumb","itemListElement":[{"@type":"ListItem","position":1,"name":"In\u00edcio","item":"https:\/\/jornaltimoneiro.com.br\/"},{"@type":"ListItem","position":2,"name":"C\u00e2mara aprova projeto de emenda \u00e0 Lei Org\u00e2nica do Munic\u00edpio"}]},{"@type":"WebSite","@id":"https:\/\/jornaltimoneiro.com.br\/#website","url":"https:\/\/jornaltimoneiro.com.br\/","name":"Jornal Timoneiro Canoas RS","description":"Jornal O Timoneiro, o verdadeiro jornal de Canoas","publisher":{"@id":"https:\/\/jornaltimoneiro.com.br\/#organization"},"potentialAction":[{"@type":"SearchAction","target":{"@type":"EntryPoint","urlTemplate":"https:\/\/jornaltimoneiro.com.br\/?s={search_term_string}"},"query-input":"required name=search_term_string"}],"inLanguage":"pt-BR"},{"@type":"Organization","@id":"https:\/\/jornaltimoneiro.com.br\/#organization","name":"Jornal Timoneiro Canoas RS","url":"https:\/\/jornaltimoneiro.com.br\/","logo":{"@type":"ImageObject","inLanguage":"pt-BR","@id":"https:\/\/jornaltimoneiro.com.br\/#\/schema\/logo\/image\/","url":"https:\/\/jornaltimoneiro.com.br\/wp-content\/uploads\/2023\/03\/logonovo.png","contentUrl":"https:\/\/jornaltimoneiro.com.br\/wp-content\/uploads\/2023\/03\/logonovo.png","width":"469","height":"171","caption":"Jornal Timoneiro Canoas RS"},"image":{"@id":"https:\/\/jornaltimoneiro.com.br\/#\/schema\/logo\/image\/"},"sameAs":["https:\/\/www.facebook.com\/jornaltimoneiro","https:\/\/twitter.com\/_OTimoneiro","https:\/\/www.instagram.com\/jornaltimoneirocanoas\/","https:\/\/www.youtube.com\/@jornalotimoneiro7927"]},{"@type":"Person","@id":"https:\/\/jornaltimoneiro.com.br\/#\/schema\/person\/620efd1d8244466117482be494360b08","name":"Reda\u00e7\u00e3o","image":{"@type":"ImageObject","inLanguage":"pt-BR","@id":"https:\/\/jornaltimoneiro.com.br\/#\/schema\/person\/image\/","url":"https:\/\/secure.gravatar.com\/avatar\/2f04e1b304682a8d9db336c7acd77f08?s=96&d=mm&r=g","contentUrl":"https:\/\/secure.gravatar.com\/avatar\/2f04e1b304682a8d9db336c7acd77f08?s=96&d=mm&r=g","caption":"Reda\u00e7\u00e3o"},"url":"https:\/\/jornaltimoneiro.com.br\/index.php\/author\/timoneirocanoas\/"}]}},"_links":{"self":[{"href":"https:\/\/jornaltimoneiro.com.br\/index.php\/wp-json\/wp\/v2\/posts\/7935"}],"collection":[{"href":"https:\/\/jornaltimoneiro.com.br\/index.php\/wp-json\/wp\/v2\/posts"}],"about":[{"href":"https:\/\/jornaltimoneiro.com.br\/index.php\/wp-json\/wp\/v2\/types\/post"}],"author":[{"embeddable":true,"href":"https:\/\/jornaltimoneiro.com.br\/index.php\/wp-json\/wp\/v2\/users\/1"}],"replies":[{"embeddable":true,"href":"https:\/\/jornaltimoneiro.com.br\/index.php\/wp-json\/wp\/v2\/comments?post=7935"}],"version-history":[{"count":0,"href":"https:\/\/jornaltimoneiro.com.br\/index.php\/wp-json\/wp\/v2\/posts\/7935\/revisions"}],"wp:featuredmedia":[{"embeddable":true,"href":"https:\/\/jornaltimoneiro.com.br\/index.php\/wp-json\/"}],"wp:attachment":[{"href":"https:\/\/jornaltimoneiro.com.br\/index.php\/wp-json\/wp\/v2\/media?parent=7935"}],"wp:term":[{"taxonomy":"category","embeddable":true,"href":"https:\/\/jornaltimoneiro.com.br\/index.php\/wp-json\/wp\/v2\/categories?post=7935"},{"taxonomy":"post_tag","embeddable":true,"href":"https:\/\/jornaltimoneiro.com.br\/index.php\/wp-json\/wp\/v2\/tags?post=7935"}],"curies":[{"name":"wp","href":"https:\/\/api.w.org\/{rel}","templated":true}]}}