{"id":7859,"date":"2017-06-16T10:43:52","date_gmt":"2017-06-16T13:43:52","guid":{"rendered":"http:\/\/otimoneiro.com.br\/?p=7859"},"modified":"2017-06-16T10:43:52","modified_gmt":"2017-06-16T13:43:52","slug":"lasier-apoia-luta-dos-municipios-por-mais-receita","status":"publish","type":"post","link":"https:\/\/jornaltimoneiro.com.br\/index.php\/2017\/06\/16\/lasier-apoia-luta-dos-municipios-por-mais-receita\/","title":{"rendered":"Lasier apoia luta dos munic\u00edpios por mais receita"},"content":{"rendered":"<p>O senador Lasier Martins (PSD-RS) e o presidente da Confedera\u00e7\u00e3o Nacional dos Munic\u00edpios (CNM), Paulo Ziulkoski, participaram nesta ter\u00e7a-feira, 6, de audi\u00eancia com o presidente do Senado, Eun\u00edcio Oliveira (PMDB-CE), para agradecer o encaminhamento da derrubada do veto presidencial \u00e0 Lei 157\/2016, que reformulou o Imposto sobre Servi\u00e7os de Qualquer Natureza (ISS).<\/p>\n<p>Com a rejei\u00e7\u00e3o, a cobran\u00e7a do ISS ser\u00e1 feita no munic\u00edpio do domic\u00edlio dos clientes de cart\u00f5es de cr\u00e9dito e d\u00e9bito, leasing e de planos de sa\u00fade e n\u00e3o mais no munic\u00edpio sede das empresas que prestam esses servi\u00e7os. A derrubada do veto era uma das principais bandeiras da Marcha dos Munic\u00edpios deste ano, em Bras\u00edlia.<\/p>\n<p>\u201cA medida representa mais recursos para a maioria dos munic\u00edpios brasileiros, sobretudo os de pequeno porte. Ela vem em boa hora para as cidades do Rio Grande do Sul, que passam por grave crise financeira\u201d, destacou o senador Lasier, que votou pela derrubada do veto.<\/p>\n<p>Segundo Ziulkoski, os munic\u00edpios brasileiros esperam arrecadar mais de R$ 6 bilh\u00f5es, que ser\u00e3o distribu\u00eddos de forma equ\u00e2nime, impactando positivamente na economia e se fazendo justi\u00e7a tribut\u00e1ria.<\/p>\n","protected":false},"excerpt":{"rendered":"<p>O senador Lasier Martins (PSD-RS) e o presidente da Confedera\u00e7\u00e3o Nacional dos Munic\u00edpios (CNM), Paulo Ziulkoski, participaram nesta ter\u00e7a-feira, 6, de audi\u00eancia com o presidente do Senado, Eun\u00edcio Oliveira (PMDB-CE), para agradecer o encaminhamento da derrubada do veto presidencial \u00e0 Lei 157\/2016, que reformulou o Imposto sobre Servi\u00e7os de Qualquer Natureza (ISS). Com a rejei\u00e7\u00e3o, [&hellip;]<\/p>\n","protected":false},"author":1,"featured_media":7860,"comment_status":"closed","ping_status":"open","sticky":false,"template":"","format":"standard","meta":{"amp_status":"","footnotes":""},"categories":[20],"tags":[],"class_list":["post-7859","post","type-post","status-publish","format-standard","has-post-thumbnail","hentry","category-politica-noticias"],"yoast_head":"<!-- This site is optimized with the Yoast SEO plugin v20.5 - https:\/\/yoast.com\/wordpress\/plugins\/seo\/ -->\n<title>Lasier apoia luta dos munic\u00edpios por mais receita - O Timoneiro Jornal Canoas RS<\/title>\n<meta name=\"robots\" content=\"index, follow, max-snippet:-1, max-image-preview:large, max-video-preview:-1\" \/>\n<link rel=\"canonical\" href=\"https:\/\/jornaltimoneiro.com.br\/index.php\/2017\/06\/16\/lasier-apoia-luta-dos-municipios-por-mais-receita\/\" \/>\n<meta property=\"og:locale\" content=\"pt_BR\" \/>\n<meta property=\"og:type\" content=\"article\" \/>\n<meta property=\"og:title\" content=\"Lasier apoia luta dos munic\u00edpios por mais receita - O Timoneiro Jornal Canoas RS\" \/>\n<meta property=\"og:description\" content=\"O senador Lasier Martins (PSD-RS) e o presidente da Confedera\u00e7\u00e3o Nacional dos Munic\u00edpios (CNM), Paulo Ziulkoski, participaram nesta ter\u00e7a-feira, 6, de audi\u00eancia com o presidente do Senado, Eun\u00edcio Oliveira (PMDB-CE), para agradecer o encaminhamento da derrubada do veto presidencial \u00e0 Lei 157\/2016, que reformulou o Imposto sobre Servi\u00e7os de Qualquer Natureza (ISS). Com a rejei\u00e7\u00e3o, [&hellip;]\" \/>\n<meta property=\"og:url\" content=\"https:\/\/jornaltimoneiro.com.br\/index.php\/2017\/06\/16\/lasier-apoia-luta-dos-municipios-por-mais-receita\/\" \/>\n<meta property=\"og:site_name\" content=\"O Timoneiro Jornal Canoas RS\" \/>\n<meta property=\"article:publisher\" content=\"https:\/\/www.facebook.com\/jornaltimoneiro\" \/>\n<meta property=\"article:published_time\" content=\"2017-06-16T13:43:52+00:00\" \/>\n<meta name=\"author\" content=\"Reda\u00e7\u00e3o\" \/>\n<meta name=\"twitter:card\" content=\"summary_large_image\" \/>\n<meta name=\"twitter:creator\" content=\"@_OTimoneiro\" \/>\n<meta name=\"twitter:site\" content=\"@_OTimoneiro\" \/>\n<meta name=\"twitter:label1\" content=\"Escrito por\" \/>\n\t<meta name=\"twitter:data1\" content=\"Reda\u00e7\u00e3o\" \/>\n\t<meta name=\"twitter:label2\" content=\"Est. tempo de leitura\" \/>\n\t<meta name=\"twitter:data2\" content=\"1 minuto\" \/>\n<script type=\"application\/ld+json\" class=\"yoast-schema-graph\">{\"@context\":\"https:\/\/schema.org\",\"@graph\":[{\"@type\":\"Article\",\"@id\":\"https:\/\/jornaltimoneiro.com.br\/index.php\/2017\/06\/16\/lasier-apoia-luta-dos-municipios-por-mais-receita\/#article\",\"isPartOf\":{\"@id\":\"https:\/\/jornaltimoneiro.com.br\/index.php\/2017\/06\/16\/lasier-apoia-luta-dos-municipios-por-mais-receita\/\"},\"author\":{\"name\":\"Reda\u00e7\u00e3o\",\"@id\":\"https:\/\/jornaltimoneiro.com.br\/#\/schema\/person\/620efd1d8244466117482be494360b08\"},\"headline\":\"Lasier apoia luta dos munic\u00edpios por mais receita\",\"datePublished\":\"2017-06-16T13:43:52+00:00\",\"dateModified\":\"2017-06-16T13:43:52+00:00\",\"mainEntityOfPage\":{\"@id\":\"https:\/\/jornaltimoneiro.com.br\/index.php\/2017\/06\/16\/lasier-apoia-luta-dos-municipios-por-mais-receita\/\"},\"wordCount\":212,\"publisher\":{\"@id\":\"https:\/\/jornaltimoneiro.com.br\/#organization\"},\"articleSection\":[\"Pol\u00edtica\"],\"inLanguage\":\"pt-BR\"},{\"@type\":\"WebPage\",\"@id\":\"https:\/\/jornaltimoneiro.com.br\/index.php\/2017\/06\/16\/lasier-apoia-luta-dos-municipios-por-mais-receita\/\",\"url\":\"https:\/\/jornaltimoneiro.com.br\/index.php\/2017\/06\/16\/lasier-apoia-luta-dos-municipios-por-mais-receita\/\",\"name\":\"Lasier apoia luta dos munic\u00edpios por mais receita - O Timoneiro Jornal Canoas RS\",\"isPartOf\":{\"@id\":\"https:\/\/jornaltimoneiro.com.br\/#website\"},\"datePublished\":\"2017-06-16T13:43:52+00:00\",\"dateModified\":\"2017-06-16T13:43:52+00:00\",\"breadcrumb\":{\"@id\":\"https:\/\/jornaltimoneiro.com.br\/index.php\/2017\/06\/16\/lasier-apoia-luta-dos-municipios-por-mais-receita\/#breadcrumb\"},\"inLanguage\":\"pt-BR\",\"potentialAction\":[{\"@type\":\"ReadAction\",\"target\":[\"https:\/\/jornaltimoneiro.com.br\/index.php\/2017\/06\/16\/lasier-apoia-luta-dos-municipios-por-mais-receita\/\"]}]},{\"@type\":\"BreadcrumbList\",\"@id\":\"https:\/\/jornaltimoneiro.com.br\/index.php\/2017\/06\/16\/lasier-apoia-luta-dos-municipios-por-mais-receita\/#breadcrumb\",\"itemListElement\":[{\"@type\":\"ListItem\",\"position\":1,\"name\":\"In\u00edcio\",\"item\":\"https:\/\/jornaltimoneiro.com.br\/\"},{\"@type\":\"ListItem\",\"position\":2,\"name\":\"Lasier apoia luta dos munic\u00edpios por mais receita\"}]},{\"@type\":\"WebSite\",\"@id\":\"https:\/\/jornaltimoneiro.com.br\/#website\",\"url\":\"https:\/\/jornaltimoneiro.com.br\/\",\"name\":\"Jornal Timoneiro Canoas RS\",\"description\":\"Jornal O Timoneiro, o verdadeiro jornal de Canoas\",\"publisher\":{\"@id\":\"https:\/\/jornaltimoneiro.com.br\/#organization\"},\"potentialAction\":[{\"@type\":\"SearchAction\",\"target\":{\"@type\":\"EntryPoint\",\"urlTemplate\":\"https:\/\/jornaltimoneiro.com.br\/?s={search_term_string}\"},\"query-input\":\"required name=search_term_string\"}],\"inLanguage\":\"pt-BR\"},{\"@type\":\"Organization\",\"@id\":\"https:\/\/jornaltimoneiro.com.br\/#organization\",\"name\":\"Jornal Timoneiro Canoas RS\",\"url\":\"https:\/\/jornaltimoneiro.com.br\/\",\"logo\":{\"@type\":\"ImageObject\",\"inLanguage\":\"pt-BR\",\"@id\":\"https:\/\/jornaltimoneiro.com.br\/#\/schema\/logo\/image\/\",\"url\":\"https:\/\/jornaltimoneiro.com.br\/wp-content\/uploads\/2023\/03\/logonovo.png\",\"contentUrl\":\"https:\/\/jornaltimoneiro.com.br\/wp-content\/uploads\/2023\/03\/logonovo.png\",\"width\":\"469\",\"height\":\"171\",\"caption\":\"Jornal Timoneiro Canoas RS\"},\"image\":{\"@id\":\"https:\/\/jornaltimoneiro.com.br\/#\/schema\/logo\/image\/\"},\"sameAs\":[\"https:\/\/www.facebook.com\/jornaltimoneiro\",\"https:\/\/twitter.com\/_OTimoneiro\",\"https:\/\/www.instagram.com\/jornaltimoneirocanoas\/\",\"https:\/\/www.youtube.com\/@jornalotimoneiro7927\"]},{\"@type\":\"Person\",\"@id\":\"https:\/\/jornaltimoneiro.com.br\/#\/schema\/person\/620efd1d8244466117482be494360b08\",\"name\":\"Reda\u00e7\u00e3o\",\"image\":{\"@type\":\"ImageObject\",\"inLanguage\":\"pt-BR\",\"@id\":\"https:\/\/jornaltimoneiro.com.br\/#\/schema\/person\/image\/\",\"url\":\"https:\/\/secure.gravatar.com\/avatar\/2f04e1b304682a8d9db336c7acd77f08?s=96&d=mm&r=g\",\"contentUrl\":\"https:\/\/secure.gravatar.com\/avatar\/2f04e1b304682a8d9db336c7acd77f08?s=96&d=mm&r=g\",\"caption\":\"Reda\u00e7\u00e3o\"},\"url\":\"https:\/\/jornaltimoneiro.com.br\/index.php\/author\/timoneirocanoas\/\"}]}<\/script>\n<!-- \/ Yoast SEO plugin. -->","yoast_head_json":{"title":"Lasier apoia luta dos munic\u00edpios por mais receita - O Timoneiro Jornal Canoas RS","robots":{"index":"index","follow":"follow","max-snippet":"max-snippet:-1","max-image-preview":"max-image-preview:large","max-video-preview":"max-video-preview:-1"},"canonical":"https:\/\/jornaltimoneiro.com.br\/index.php\/2017\/06\/16\/lasier-apoia-luta-dos-municipios-por-mais-receita\/","og_locale":"pt_BR","og_type":"article","og_title":"Lasier apoia luta dos munic\u00edpios por mais receita - O Timoneiro Jornal Canoas RS","og_description":"O senador Lasier Martins (PSD-RS) e o presidente da Confedera\u00e7\u00e3o Nacional dos Munic\u00edpios (CNM), Paulo Ziulkoski, participaram nesta ter\u00e7a-feira, 6, de audi\u00eancia com o presidente do Senado, Eun\u00edcio Oliveira (PMDB-CE), para agradecer o encaminhamento da derrubada do veto presidencial \u00e0 Lei 157\/2016, que reformulou o Imposto sobre Servi\u00e7os de Qualquer Natureza (ISS). Com a rejei\u00e7\u00e3o, [&hellip;]","og_url":"https:\/\/jornaltimoneiro.com.br\/index.php\/2017\/06\/16\/lasier-apoia-luta-dos-municipios-por-mais-receita\/","og_site_name":"O Timoneiro Jornal Canoas RS","article_publisher":"https:\/\/www.facebook.com\/jornaltimoneiro","article_published_time":"2017-06-16T13:43:52+00:00","author":"Reda\u00e7\u00e3o","twitter_card":"summary_large_image","twitter_creator":"@_OTimoneiro","twitter_site":"@_OTimoneiro","twitter_misc":{"Escrito por":"Reda\u00e7\u00e3o","Est. tempo de leitura":"1 minuto"},"schema":{"@context":"https:\/\/schema.org","@graph":[{"@type":"Article","@id":"https:\/\/jornaltimoneiro.com.br\/index.php\/2017\/06\/16\/lasier-apoia-luta-dos-municipios-por-mais-receita\/#article","isPartOf":{"@id":"https:\/\/jornaltimoneiro.com.br\/index.php\/2017\/06\/16\/lasier-apoia-luta-dos-municipios-por-mais-receita\/"},"author":{"name":"Reda\u00e7\u00e3o","@id":"https:\/\/jornaltimoneiro.com.br\/#\/schema\/person\/620efd1d8244466117482be494360b08"},"headline":"Lasier apoia luta dos munic\u00edpios por mais receita","datePublished":"2017-06-16T13:43:52+00:00","dateModified":"2017-06-16T13:43:52+00:00","mainEntityOfPage":{"@id":"https:\/\/jornaltimoneiro.com.br\/index.php\/2017\/06\/16\/lasier-apoia-luta-dos-municipios-por-mais-receita\/"},"wordCount":212,"publisher":{"@id":"https:\/\/jornaltimoneiro.com.br\/#organization"},"articleSection":["Pol\u00edtica"],"inLanguage":"pt-BR"},{"@type":"WebPage","@id":"https:\/\/jornaltimoneiro.com.br\/index.php\/2017\/06\/16\/lasier-apoia-luta-dos-municipios-por-mais-receita\/","url":"https:\/\/jornaltimoneiro.com.br\/index.php\/2017\/06\/16\/lasier-apoia-luta-dos-municipios-por-mais-receita\/","name":"Lasier apoia luta dos munic\u00edpios por mais receita - O Timoneiro Jornal Canoas RS","isPartOf":{"@id":"https:\/\/jornaltimoneiro.com.br\/#website"},"datePublished":"2017-06-16T13:43:52+00:00","dateModified":"2017-06-16T13:43:52+00:00","breadcrumb":{"@id":"https:\/\/jornaltimoneiro.com.br\/index.php\/2017\/06\/16\/lasier-apoia-luta-dos-municipios-por-mais-receita\/#breadcrumb"},"inLanguage":"pt-BR","potentialAction":[{"@type":"ReadAction","target":["https:\/\/jornaltimoneiro.com.br\/index.php\/2017\/06\/16\/lasier-apoia-luta-dos-municipios-por-mais-receita\/"]}]},{"@type":"BreadcrumbList","@id":"https:\/\/jornaltimoneiro.com.br\/index.php\/2017\/06\/16\/lasier-apoia-luta-dos-municipios-por-mais-receita\/#breadcrumb","itemListElement":[{"@type":"ListItem","position":1,"name":"In\u00edcio","item":"https:\/\/jornaltimoneiro.com.br\/"},{"@type":"ListItem","position":2,"name":"Lasier apoia luta dos munic\u00edpios por mais receita"}]},{"@type":"WebSite","@id":"https:\/\/jornaltimoneiro.com.br\/#website","url":"https:\/\/jornaltimoneiro.com.br\/","name":"Jornal Timoneiro Canoas RS","description":"Jornal O Timoneiro, o verdadeiro jornal de Canoas","publisher":{"@id":"https:\/\/jornaltimoneiro.com.br\/#organization"},"potentialAction":[{"@type":"SearchAction","target":{"@type":"EntryPoint","urlTemplate":"https:\/\/jornaltimoneiro.com.br\/?s={search_term_string}"},"query-input":"required name=search_term_string"}],"inLanguage":"pt-BR"},{"@type":"Organization","@id":"https:\/\/jornaltimoneiro.com.br\/#organization","name":"Jornal Timoneiro Canoas RS","url":"https:\/\/jornaltimoneiro.com.br\/","logo":{"@type":"ImageObject","inLanguage":"pt-BR","@id":"https:\/\/jornaltimoneiro.com.br\/#\/schema\/logo\/image\/","url":"https:\/\/jornaltimoneiro.com.br\/wp-content\/uploads\/2023\/03\/logonovo.png","contentUrl":"https:\/\/jornaltimoneiro.com.br\/wp-content\/uploads\/2023\/03\/logonovo.png","width":"469","height":"171","caption":"Jornal Timoneiro Canoas RS"},"image":{"@id":"https:\/\/jornaltimoneiro.com.br\/#\/schema\/logo\/image\/"},"sameAs":["https:\/\/www.facebook.com\/jornaltimoneiro","https:\/\/twitter.com\/_OTimoneiro","https:\/\/www.instagram.com\/jornaltimoneirocanoas\/","https:\/\/www.youtube.com\/@jornalotimoneiro7927"]},{"@type":"Person","@id":"https:\/\/jornaltimoneiro.com.br\/#\/schema\/person\/620efd1d8244466117482be494360b08","name":"Reda\u00e7\u00e3o","image":{"@type":"ImageObject","inLanguage":"pt-BR","@id":"https:\/\/jornaltimoneiro.com.br\/#\/schema\/person\/image\/","url":"https:\/\/secure.gravatar.com\/avatar\/2f04e1b304682a8d9db336c7acd77f08?s=96&d=mm&r=g","contentUrl":"https:\/\/secure.gravatar.com\/avatar\/2f04e1b304682a8d9db336c7acd77f08?s=96&d=mm&r=g","caption":"Reda\u00e7\u00e3o"},"url":"https:\/\/jornaltimoneiro.com.br\/index.php\/author\/timoneirocanoas\/"}]}},"_links":{"self":[{"href":"https:\/\/jornaltimoneiro.com.br\/index.php\/wp-json\/wp\/v2\/posts\/7859"}],"collection":[{"href":"https:\/\/jornaltimoneiro.com.br\/index.php\/wp-json\/wp\/v2\/posts"}],"about":[{"href":"https:\/\/jornaltimoneiro.com.br\/index.php\/wp-json\/wp\/v2\/types\/post"}],"author":[{"embeddable":true,"href":"https:\/\/jornaltimoneiro.com.br\/index.php\/wp-json\/wp\/v2\/users\/1"}],"replies":[{"embeddable":true,"href":"https:\/\/jornaltimoneiro.com.br\/index.php\/wp-json\/wp\/v2\/comments?post=7859"}],"version-history":[{"count":0,"href":"https:\/\/jornaltimoneiro.com.br\/index.php\/wp-json\/wp\/v2\/posts\/7859\/revisions"}],"wp:featuredmedia":[{"embeddable":true,"href":"https:\/\/jornaltimoneiro.com.br\/index.php\/wp-json\/"}],"wp:attachment":[{"href":"https:\/\/jornaltimoneiro.com.br\/index.php\/wp-json\/wp\/v2\/media?parent=7859"}],"wp:term":[{"taxonomy":"category","embeddable":true,"href":"https:\/\/jornaltimoneiro.com.br\/index.php\/wp-json\/wp\/v2\/categories?post=7859"},{"taxonomy":"post_tag","embeddable":true,"href":"https:\/\/jornaltimoneiro.com.br\/index.php\/wp-json\/wp\/v2\/tags?post=7859"}],"curies":[{"name":"wp","href":"https:\/\/api.w.org\/{rel}","templated":true}]}}