{"id":767,"date":"2015-07-29T17:47:38","date_gmt":"2015-07-29T20:47:38","guid":{"rendered":"http:\/\/otimoneiro.com.br\/?p=767"},"modified":"2015-07-29T17:47:38","modified_gmt":"2015-07-29T20:47:38","slug":"fornecimento-de-agua-tambem-nao-podera-ser-cortado-nos-finais-de-semana","status":"publish","type":"post","link":"https:\/\/jornaltimoneiro.com.br\/index.php\/2015\/07\/29\/fornecimento-de-agua-tambem-nao-podera-ser-cortado-nos-finais-de-semana\/","title":{"rendered":"Fornecimento de \u00e1gua tamb\u00e9m n\u00e3o poder\u00e1 ser cortado nos finais de semana"},"content":{"rendered":"<div id=\"attachment_768\" style=\"width: 310px\" class=\"wp-caption alignleft\"><a href=\"http:\/\/otimoneiro.com.br\/wp-content\/uploads\/2015\/07\/IMG_9291.jpg\"><img decoding=\"async\" aria-describedby=\"caption-attachment-768\" class=\"size-medium wp-image-768\" src=\"http:\/\/otimoneiro.com.br\/wp-content\/uploads\/2015\/07\/IMG_9291-300x200.jpg\" alt=\"Vereador Francisco da Mensagem em uso da tribuna. Foto:  C\u00e2mara dos Vereadores\" width=\"300\" height=\"200\" \/><\/a><p id=\"caption-attachment-768\" class=\"wp-caption-text\">Vereador Francisco da Mensagem em uso da tribuna. Foto: C\u00e2mara dos Vereadores<\/p><\/div>\n<p style=\"text-align: justify;\">Na sess\u00e3o de ter\u00e7a-feira, 28, o Projeto de Lei (PL 09\/2015) que pro\u00edbe o corte no abastecimento de \u00e1gua do meio dia de sexta-feira \u00e0s 8 horas da segunda-feira subsequente e do meio dia do dia \u00fatil que anteceder feriados \u2013 sejam eles nacional, estadual ou municipal e ponto facultativo municipal \u2013 \u00e0s horas do primeiro dia \u00fatil subsequente.<\/p>\n<p style=\"text-align: justify;\">Segundo Francisco, na justificativa do projeto, a interrup\u00e7\u00e3o do fornecimento de servi\u00e7os essenciais como \u00e1gua e energia el\u00e9trica em v\u00e9speras de feriados, nas sextas-feiras, nos finais de semana e nos feriados contraria o disposto no caput do Art. 42 do C\u00f3digo de Defesa do Consumidor que diz: \u201cNa cobran\u00e7a de d\u00e9bitos, o consumidor inadimplente n\u00e3o ser\u00e1 exposto a rid\u00edculo, nem ser\u00e1 submetido a qualquer tipo de constrangimento ou amea\u00e7a.<\/p>\n<p style=\"text-align: justify;\">\u201cPar\u00e1grafo \u00fanico. O consumidor cobrado em quantia indevida tem direito \u00e0 repeti\u00e7\u00e3o do ind\u00e9bito, por valor igual ao dobro do que pagou em excesso, acrescido de corre\u00e7\u00e3o monet\u00e1ria e juros legais, salvo hip\u00f3tese de engano justific\u00e1vel\u201d.<\/p>\n<p style=\"text-align: justify;\">Novamente, o per\u00edodo em que os bancos e lot\u00e9ricas se encontram fechados foi o argumento do parlamentar. \u201cNos finais de semana, as ag\u00eancias banc\u00e1rias e as pr\u00f3prias concession\u00e1rias encontram-se fechadas. Nas v\u00e9speras de alguns feriados, o hor\u00e1rio de expediente \u00e9 reduzido, o que impede que o consumidor, ao constatar a efetiva suspens\u00e3o do servi\u00e7o, quite a d\u00edvida e resolva seu problema imediatamente\u201d, destaca. Segundo o texto, em caso de corte do abastecimento, a empresa dever\u00e1 cientificar o cliente que haver\u00e1 a interrup\u00e7\u00e3o, com cinco dias \u00fateis de anteced\u00eancia.<\/p>\n<p style=\"text-align: justify;\">Francisco tamb\u00e9m \u00e9 autor da Lei que pro\u00edbe o corte da energia el\u00e9trica nos mesos moldes.<\/p>\n<p><a href=\"http:\/\/otimoneiro.com.br\/energia-eletrica-nao-podera-ser-cortada-em-finais-de-semana-e-feriados\/\">Energia El\u00e9trica n\u00e3o poder\u00e1 ser cortada em finais de semana e feriados<\/a><\/p>\n","protected":false},"excerpt":{"rendered":"<p>De autoria do vereador Francisco da Mensagem (PSB), projeto de lei pro\u00edbe a suspens\u00e3o do fornecimento de \u00e1gua e luz no munic\u00edpio em feriados ou finais de semana.<\/p>\n","protected":false},"author":1,"featured_media":768,"comment_status":"open","ping_status":"open","sticky":false,"template":"","format":"standard","meta":{"amp_status":"","footnotes":""},"categories":[25,19,22],"tags":[],"class_list":["post-767","post","type-post","status-publish","format-standard","has-post-thumbnail","hentry","category-comunidade","category-destaques","category-noticias"],"yoast_head":"<!-- This site is optimized with the Yoast SEO plugin v20.5 - https:\/\/yoast.com\/wordpress\/plugins\/seo\/ -->\n<title>Fornecimento de \u00e1gua tamb\u00e9m n\u00e3o poder\u00e1 ser cortado nos finais de semana - O Timoneiro Jornal Canoas RS<\/title>\n<meta name=\"robots\" content=\"index, follow, max-snippet:-1, max-image-preview:large, max-video-preview:-1\" \/>\n<link rel=\"canonical\" href=\"https:\/\/jornaltimoneiro.com.br\/index.php\/2015\/07\/29\/fornecimento-de-agua-tambem-nao-podera-ser-cortado-nos-finais-de-semana\/\" \/>\n<meta property=\"og:locale\" content=\"pt_BR\" \/>\n<meta property=\"og:type\" content=\"article\" \/>\n<meta property=\"og:title\" content=\"Fornecimento de \u00e1gua tamb\u00e9m n\u00e3o poder\u00e1 ser cortado nos finais de semana - O Timoneiro Jornal Canoas RS\" \/>\n<meta property=\"og:description\" content=\"De autoria do vereador Francisco da Mensagem (PSB), projeto de lei pro\u00edbe a suspens\u00e3o do fornecimento de \u00e1gua e luz no munic\u00edpio em feriados ou finais de semana.\" \/>\n<meta property=\"og:url\" content=\"https:\/\/jornaltimoneiro.com.br\/index.php\/2015\/07\/29\/fornecimento-de-agua-tambem-nao-podera-ser-cortado-nos-finais-de-semana\/\" \/>\n<meta property=\"og:site_name\" content=\"O Timoneiro Jornal Canoas RS\" \/>\n<meta property=\"article:publisher\" content=\"https:\/\/www.facebook.com\/jornaltimoneiro\" \/>\n<meta property=\"article:published_time\" content=\"2015-07-29T20:47:38+00:00\" \/>\n<meta name=\"author\" content=\"Reda\u00e7\u00e3o\" \/>\n<meta name=\"twitter:card\" content=\"summary_large_image\" \/>\n<meta name=\"twitter:creator\" content=\"@_OTimoneiro\" \/>\n<meta name=\"twitter:site\" content=\"@_OTimoneiro\" \/>\n<meta name=\"twitter:label1\" content=\"Escrito por\" \/>\n\t<meta name=\"twitter:data1\" content=\"Reda\u00e7\u00e3o\" \/>\n\t<meta name=\"twitter:label2\" content=\"Est. tempo de leitura\" \/>\n\t<meta name=\"twitter:data2\" content=\"2 minutos\" \/>\n<script type=\"application\/ld+json\" class=\"yoast-schema-graph\">{\"@context\":\"https:\/\/schema.org\",\"@graph\":[{\"@type\":\"Article\",\"@id\":\"https:\/\/jornaltimoneiro.com.br\/index.php\/2015\/07\/29\/fornecimento-de-agua-tambem-nao-podera-ser-cortado-nos-finais-de-semana\/#article\",\"isPartOf\":{\"@id\":\"https:\/\/jornaltimoneiro.com.br\/index.php\/2015\/07\/29\/fornecimento-de-agua-tambem-nao-podera-ser-cortado-nos-finais-de-semana\/\"},\"author\":{\"name\":\"Reda\u00e7\u00e3o\",\"@id\":\"https:\/\/jornaltimoneiro.com.br\/#\/schema\/person\/620efd1d8244466117482be494360b08\"},\"headline\":\"Fornecimento de \u00e1gua tamb\u00e9m n\u00e3o poder\u00e1 ser cortado nos finais de semana\",\"datePublished\":\"2015-07-29T20:47:38+00:00\",\"dateModified\":\"2015-07-29T20:47:38+00:00\",\"mainEntityOfPage\":{\"@id\":\"https:\/\/jornaltimoneiro.com.br\/index.php\/2015\/07\/29\/fornecimento-de-agua-tambem-nao-podera-ser-cortado-nos-finais-de-semana\/\"},\"wordCount\":343,\"commentCount\":0,\"publisher\":{\"@id\":\"https:\/\/jornaltimoneiro.com.br\/#organization\"},\"articleSection\":[\"Comunidade\",\"Destaques\",\"Not\u00edcias\"],\"inLanguage\":\"pt-BR\",\"potentialAction\":[{\"@type\":\"CommentAction\",\"name\":\"Comment\",\"target\":[\"https:\/\/jornaltimoneiro.com.br\/index.php\/2015\/07\/29\/fornecimento-de-agua-tambem-nao-podera-ser-cortado-nos-finais-de-semana\/#respond\"]}]},{\"@type\":\"WebPage\",\"@id\":\"https:\/\/jornaltimoneiro.com.br\/index.php\/2015\/07\/29\/fornecimento-de-agua-tambem-nao-podera-ser-cortado-nos-finais-de-semana\/\",\"url\":\"https:\/\/jornaltimoneiro.com.br\/index.php\/2015\/07\/29\/fornecimento-de-agua-tambem-nao-podera-ser-cortado-nos-finais-de-semana\/\",\"name\":\"Fornecimento de \u00e1gua tamb\u00e9m n\u00e3o poder\u00e1 ser cortado nos finais de semana - O Timoneiro Jornal Canoas RS\",\"isPartOf\":{\"@id\":\"https:\/\/jornaltimoneiro.com.br\/#website\"},\"datePublished\":\"2015-07-29T20:47:38+00:00\",\"dateModified\":\"2015-07-29T20:47:38+00:00\",\"breadcrumb\":{\"@id\":\"https:\/\/jornaltimoneiro.com.br\/index.php\/2015\/07\/29\/fornecimento-de-agua-tambem-nao-podera-ser-cortado-nos-finais-de-semana\/#breadcrumb\"},\"inLanguage\":\"pt-BR\",\"potentialAction\":[{\"@type\":\"ReadAction\",\"target\":[\"https:\/\/jornaltimoneiro.com.br\/index.php\/2015\/07\/29\/fornecimento-de-agua-tambem-nao-podera-ser-cortado-nos-finais-de-semana\/\"]}]},{\"@type\":\"BreadcrumbList\",\"@id\":\"https:\/\/jornaltimoneiro.com.br\/index.php\/2015\/07\/29\/fornecimento-de-agua-tambem-nao-podera-ser-cortado-nos-finais-de-semana\/#breadcrumb\",\"itemListElement\":[{\"@type\":\"ListItem\",\"position\":1,\"name\":\"In\u00edcio\",\"item\":\"https:\/\/jornaltimoneiro.com.br\/\"},{\"@type\":\"ListItem\",\"position\":2,\"name\":\"Fornecimento de \u00e1gua tamb\u00e9m n\u00e3o poder\u00e1 ser cortado nos finais de semana\"}]},{\"@type\":\"WebSite\",\"@id\":\"https:\/\/jornaltimoneiro.com.br\/#website\",\"url\":\"https:\/\/jornaltimoneiro.com.br\/\",\"name\":\"Jornal Timoneiro Canoas RS\",\"description\":\"Jornal O Timoneiro, o verdadeiro jornal de Canoas\",\"publisher\":{\"@id\":\"https:\/\/jornaltimoneiro.com.br\/#organization\"},\"potentialAction\":[{\"@type\":\"SearchAction\",\"target\":{\"@type\":\"EntryPoint\",\"urlTemplate\":\"https:\/\/jornaltimoneiro.com.br\/?s={search_term_string}\"},\"query-input\":\"required name=search_term_string\"}],\"inLanguage\":\"pt-BR\"},{\"@type\":\"Organization\",\"@id\":\"https:\/\/jornaltimoneiro.com.br\/#organization\",\"name\":\"Jornal Timoneiro Canoas RS\",\"url\":\"https:\/\/jornaltimoneiro.com.br\/\",\"logo\":{\"@type\":\"ImageObject\",\"inLanguage\":\"pt-BR\",\"@id\":\"https:\/\/jornaltimoneiro.com.br\/#\/schema\/logo\/image\/\",\"url\":\"https:\/\/jornaltimoneiro.com.br\/wp-content\/uploads\/2023\/03\/logonovo.png\",\"contentUrl\":\"https:\/\/jornaltimoneiro.com.br\/wp-content\/uploads\/2023\/03\/logonovo.png\",\"width\":\"469\",\"height\":\"171\",\"caption\":\"Jornal Timoneiro Canoas RS\"},\"image\":{\"@id\":\"https:\/\/jornaltimoneiro.com.br\/#\/schema\/logo\/image\/\"},\"sameAs\":[\"https:\/\/www.facebook.com\/jornaltimoneiro\",\"https:\/\/twitter.com\/_OTimoneiro\",\"https:\/\/www.instagram.com\/jornaltimoneirocanoas\/\",\"https:\/\/www.youtube.com\/@jornalotimoneiro7927\"]},{\"@type\":\"Person\",\"@id\":\"https:\/\/jornaltimoneiro.com.br\/#\/schema\/person\/620efd1d8244466117482be494360b08\",\"name\":\"Reda\u00e7\u00e3o\",\"image\":{\"@type\":\"ImageObject\",\"inLanguage\":\"pt-BR\",\"@id\":\"https:\/\/jornaltimoneiro.com.br\/#\/schema\/person\/image\/\",\"url\":\"https:\/\/secure.gravatar.com\/avatar\/2f04e1b304682a8d9db336c7acd77f08?s=96&d=mm&r=g\",\"contentUrl\":\"https:\/\/secure.gravatar.com\/avatar\/2f04e1b304682a8d9db336c7acd77f08?s=96&d=mm&r=g\",\"caption\":\"Reda\u00e7\u00e3o\"},\"url\":\"https:\/\/jornaltimoneiro.com.br\/index.php\/author\/timoneirocanoas\/\"}]}<\/script>\n<!-- \/ Yoast SEO plugin. -->","yoast_head_json":{"title":"Fornecimento de \u00e1gua tamb\u00e9m n\u00e3o poder\u00e1 ser cortado nos finais de semana - O Timoneiro Jornal Canoas RS","robots":{"index":"index","follow":"follow","max-snippet":"max-snippet:-1","max-image-preview":"max-image-preview:large","max-video-preview":"max-video-preview:-1"},"canonical":"https:\/\/jornaltimoneiro.com.br\/index.php\/2015\/07\/29\/fornecimento-de-agua-tambem-nao-podera-ser-cortado-nos-finais-de-semana\/","og_locale":"pt_BR","og_type":"article","og_title":"Fornecimento de \u00e1gua tamb\u00e9m n\u00e3o poder\u00e1 ser cortado nos finais de semana - O Timoneiro Jornal Canoas RS","og_description":"De autoria do vereador Francisco da Mensagem (PSB), projeto de lei pro\u00edbe a suspens\u00e3o do fornecimento de \u00e1gua e luz no munic\u00edpio em feriados ou finais de semana.","og_url":"https:\/\/jornaltimoneiro.com.br\/index.php\/2015\/07\/29\/fornecimento-de-agua-tambem-nao-podera-ser-cortado-nos-finais-de-semana\/","og_site_name":"O Timoneiro Jornal Canoas RS","article_publisher":"https:\/\/www.facebook.com\/jornaltimoneiro","article_published_time":"2015-07-29T20:47:38+00:00","author":"Reda\u00e7\u00e3o","twitter_card":"summary_large_image","twitter_creator":"@_OTimoneiro","twitter_site":"@_OTimoneiro","twitter_misc":{"Escrito por":"Reda\u00e7\u00e3o","Est. tempo de leitura":"2 minutos"},"schema":{"@context":"https:\/\/schema.org","@graph":[{"@type":"Article","@id":"https:\/\/jornaltimoneiro.com.br\/index.php\/2015\/07\/29\/fornecimento-de-agua-tambem-nao-podera-ser-cortado-nos-finais-de-semana\/#article","isPartOf":{"@id":"https:\/\/jornaltimoneiro.com.br\/index.php\/2015\/07\/29\/fornecimento-de-agua-tambem-nao-podera-ser-cortado-nos-finais-de-semana\/"},"author":{"name":"Reda\u00e7\u00e3o","@id":"https:\/\/jornaltimoneiro.com.br\/#\/schema\/person\/620efd1d8244466117482be494360b08"},"headline":"Fornecimento de \u00e1gua tamb\u00e9m n\u00e3o poder\u00e1 ser cortado nos finais de semana","datePublished":"2015-07-29T20:47:38+00:00","dateModified":"2015-07-29T20:47:38+00:00","mainEntityOfPage":{"@id":"https:\/\/jornaltimoneiro.com.br\/index.php\/2015\/07\/29\/fornecimento-de-agua-tambem-nao-podera-ser-cortado-nos-finais-de-semana\/"},"wordCount":343,"commentCount":0,"publisher":{"@id":"https:\/\/jornaltimoneiro.com.br\/#organization"},"articleSection":["Comunidade","Destaques","Not\u00edcias"],"inLanguage":"pt-BR","potentialAction":[{"@type":"CommentAction","name":"Comment","target":["https:\/\/jornaltimoneiro.com.br\/index.php\/2015\/07\/29\/fornecimento-de-agua-tambem-nao-podera-ser-cortado-nos-finais-de-semana\/#respond"]}]},{"@type":"WebPage","@id":"https:\/\/jornaltimoneiro.com.br\/index.php\/2015\/07\/29\/fornecimento-de-agua-tambem-nao-podera-ser-cortado-nos-finais-de-semana\/","url":"https:\/\/jornaltimoneiro.com.br\/index.php\/2015\/07\/29\/fornecimento-de-agua-tambem-nao-podera-ser-cortado-nos-finais-de-semana\/","name":"Fornecimento de \u00e1gua tamb\u00e9m n\u00e3o poder\u00e1 ser cortado nos finais de semana - O Timoneiro Jornal Canoas RS","isPartOf":{"@id":"https:\/\/jornaltimoneiro.com.br\/#website"},"datePublished":"2015-07-29T20:47:38+00:00","dateModified":"2015-07-29T20:47:38+00:00","breadcrumb":{"@id":"https:\/\/jornaltimoneiro.com.br\/index.php\/2015\/07\/29\/fornecimento-de-agua-tambem-nao-podera-ser-cortado-nos-finais-de-semana\/#breadcrumb"},"inLanguage":"pt-BR","potentialAction":[{"@type":"ReadAction","target":["https:\/\/jornaltimoneiro.com.br\/index.php\/2015\/07\/29\/fornecimento-de-agua-tambem-nao-podera-ser-cortado-nos-finais-de-semana\/"]}]},{"@type":"BreadcrumbList","@id":"https:\/\/jornaltimoneiro.com.br\/index.php\/2015\/07\/29\/fornecimento-de-agua-tambem-nao-podera-ser-cortado-nos-finais-de-semana\/#breadcrumb","itemListElement":[{"@type":"ListItem","position":1,"name":"In\u00edcio","item":"https:\/\/jornaltimoneiro.com.br\/"},{"@type":"ListItem","position":2,"name":"Fornecimento de \u00e1gua tamb\u00e9m n\u00e3o poder\u00e1 ser cortado nos finais de semana"}]},{"@type":"WebSite","@id":"https:\/\/jornaltimoneiro.com.br\/#website","url":"https:\/\/jornaltimoneiro.com.br\/","name":"Jornal Timoneiro Canoas RS","description":"Jornal O Timoneiro, o verdadeiro jornal de Canoas","publisher":{"@id":"https:\/\/jornaltimoneiro.com.br\/#organization"},"potentialAction":[{"@type":"SearchAction","target":{"@type":"EntryPoint","urlTemplate":"https:\/\/jornaltimoneiro.com.br\/?s={search_term_string}"},"query-input":"required name=search_term_string"}],"inLanguage":"pt-BR"},{"@type":"Organization","@id":"https:\/\/jornaltimoneiro.com.br\/#organization","name":"Jornal Timoneiro Canoas RS","url":"https:\/\/jornaltimoneiro.com.br\/","logo":{"@type":"ImageObject","inLanguage":"pt-BR","@id":"https:\/\/jornaltimoneiro.com.br\/#\/schema\/logo\/image\/","url":"https:\/\/jornaltimoneiro.com.br\/wp-content\/uploads\/2023\/03\/logonovo.png","contentUrl":"https:\/\/jornaltimoneiro.com.br\/wp-content\/uploads\/2023\/03\/logonovo.png","width":"469","height":"171","caption":"Jornal Timoneiro Canoas RS"},"image":{"@id":"https:\/\/jornaltimoneiro.com.br\/#\/schema\/logo\/image\/"},"sameAs":["https:\/\/www.facebook.com\/jornaltimoneiro","https:\/\/twitter.com\/_OTimoneiro","https:\/\/www.instagram.com\/jornaltimoneirocanoas\/","https:\/\/www.youtube.com\/@jornalotimoneiro7927"]},{"@type":"Person","@id":"https:\/\/jornaltimoneiro.com.br\/#\/schema\/person\/620efd1d8244466117482be494360b08","name":"Reda\u00e7\u00e3o","image":{"@type":"ImageObject","inLanguage":"pt-BR","@id":"https:\/\/jornaltimoneiro.com.br\/#\/schema\/person\/image\/","url":"https:\/\/secure.gravatar.com\/avatar\/2f04e1b304682a8d9db336c7acd77f08?s=96&d=mm&r=g","contentUrl":"https:\/\/secure.gravatar.com\/avatar\/2f04e1b304682a8d9db336c7acd77f08?s=96&d=mm&r=g","caption":"Reda\u00e7\u00e3o"},"url":"https:\/\/jornaltimoneiro.com.br\/index.php\/author\/timoneirocanoas\/"}]}},"_links":{"self":[{"href":"https:\/\/jornaltimoneiro.com.br\/index.php\/wp-json\/wp\/v2\/posts\/767"}],"collection":[{"href":"https:\/\/jornaltimoneiro.com.br\/index.php\/wp-json\/wp\/v2\/posts"}],"about":[{"href":"https:\/\/jornaltimoneiro.com.br\/index.php\/wp-json\/wp\/v2\/types\/post"}],"author":[{"embeddable":true,"href":"https:\/\/jornaltimoneiro.com.br\/index.php\/wp-json\/wp\/v2\/users\/1"}],"replies":[{"embeddable":true,"href":"https:\/\/jornaltimoneiro.com.br\/index.php\/wp-json\/wp\/v2\/comments?post=767"}],"version-history":[{"count":0,"href":"https:\/\/jornaltimoneiro.com.br\/index.php\/wp-json\/wp\/v2\/posts\/767\/revisions"}],"wp:featuredmedia":[{"embeddable":true,"href":"https:\/\/jornaltimoneiro.com.br\/index.php\/wp-json\/"}],"wp:attachment":[{"href":"https:\/\/jornaltimoneiro.com.br\/index.php\/wp-json\/wp\/v2\/media?parent=767"}],"wp:term":[{"taxonomy":"category","embeddable":true,"href":"https:\/\/jornaltimoneiro.com.br\/index.php\/wp-json\/wp\/v2\/categories?post=767"},{"taxonomy":"post_tag","embeddable":true,"href":"https:\/\/jornaltimoneiro.com.br\/index.php\/wp-json\/wp\/v2\/tags?post=767"}],"curies":[{"name":"wp","href":"https:\/\/api.w.org\/{rel}","templated":true}]}}