{"id":7645,"date":"2017-05-29T17:51:59","date_gmt":"2017-05-29T20:51:59","guid":{"rendered":"http:\/\/otimoneiro.com.br\/?p=7645"},"modified":"2017-05-29T17:51:59","modified_gmt":"2017-05-29T20:51:59","slug":"projeto-arte-da-palavra-traz-o-poeta-jose-inacio-vieira-de-melo-canoas","status":"publish","type":"post","link":"https:\/\/jornaltimoneiro.com.br\/index.php\/2017\/05\/29\/projeto-arte-da-palavra-traz-o-poeta-jose-inacio-vieira-de-melo-canoas\/","title":{"rendered":"Projeto Arte da Palavra traz o poeta Jos\u00e9 In\u00e1cio Vieira de Melo a Canoas"},"content":{"rendered":"<div id=\"attachment_7646\" style=\"width: 694px\" class=\"wp-caption aligncenter\"><a href=\"http:\/\/otimoneiro.com.br\/wp-content\/uploads\/2017\/05\/poeta.jpg\"><img decoding=\"async\" aria-describedby=\"caption-attachment-7646\" class=\"wp-image-7646 size-large\" src=\"http:\/\/otimoneiro.com.br\/wp-content\/uploads\/2017\/05\/poeta-684x1024.jpg\" alt=\"poeta\" width=\"684\" height=\"1024\" \/><\/a><p id=\"caption-attachment-7646\" class=\"wp-caption-text\">Jos\u00e9 In\u00e1cio Vieira de Melo<\/p><\/div>\n<p>O projeto Arte da Palavra, desenvolvido pelo Arte Sesc \u2013 Cultura por toda parte, promove diversas a\u00e7\u00f5es culturais educativas em Canoas no m\u00eas de junho. Com o objetivo de contribuir com a forma\u00e7\u00e3o de novos leitores e valorizar obras liter\u00e1rias brasileiras, a programa\u00e7\u00e3o ocorre entre os dias 5 e 27 de junho, em diversos locais do munic\u00edpio e tamb\u00e9m no Sesc (Av. Guilherme Schell, 5340).<br \/>\nEntre os destaques na programa\u00e7\u00e3o est\u00e1 a Oficina Criativa com Alfredo G. Garcia (PA); Debate com os escritores Marcos Peres, do Paran\u00e1, e Sidney Rocha, Pernambuco; a conta\u00e7\u00e3o de hist\u00f3rias e sarau com o poeta Jos\u00e9 In\u00e1cio Vieira de Melo, da Bahia. Algumas das atividades t\u00eam vagas limitadas e necessitam de inscri\u00e7\u00e3o.<\/p>\n<h3>Confira abaixo o cronograma completo de atividades<\/h3>\n<h4>Programa\u00e7\u00e3o:<\/h4>\n<p>Circuito de Cria\u00e7\u00e3o Liter\u00e1ria \u2013 Composto por oficinas liter\u00e1rias de diferentes tem\u00e1ticas, que objetiva exercitar a pr\u00e1tica da escrita liter\u00e1ria nas suas diferentes manifesta\u00e7\u00f5es, mas tamb\u00e9m criar leitores com maior bagagem liter\u00e1ria:<\/p>\n<p>Oficina Criativa com Alfredo G. Garcia (PA)<br \/>\nData: De 05 a 09\/06<br \/>\nLocal: Sala Multiuso do Sesc (Av. Guilherme Schell, 5340)<br \/>\nHor\u00e1rio: 8 \u00e0s 12 horas<br \/>\nInscri\u00e7\u00f5es atrav\u00e9s do e-mail agendamentocanoas@sesc-rs.com.br de 01 a 31 de Maio. Ap\u00f3s a pr\u00e9-confirma\u00e7\u00e3o por e-mail, prazo de 5 dias para pagamento no Servi\u00e7o de Atendimento ao Cliente do Sesc Canoas.<br \/>\nValor: R$ 20,00 (vagas limitadas)<\/p>\n<p>Circuito de Autores \u2013 Circuito nacional de escritores, voltado para a valoriza\u00e7\u00e3o e divulga\u00e7\u00e3o de autores nas diferentes comunidades liter\u00e1rias:<\/p>\n<p>Debate com os escritores Marcos Peres (PR) e Sidney Rocha (PE)<br \/>\nData: 20\/06<br \/>\nMediador: Amanda da Silva Oliveira<br \/>\nLocal 1: Centro de Artes e Esportes Unificado &#8211; CEU (End: Pra\u00e7a C\u00c9U, Rua Montenegro, 1057 \u2013 Canoas\/RS)<br \/>\nHor\u00e1rio: 9h30min<br \/>\nLocal 2: Teatro do Sesc Canoas (Av. Guilherme Schell, 5340)<br \/>\nHor\u00e1rio: 20 horas<\/p>\n<p>Circuito de Oralidades \u2013 Circuito nacional de apresenta\u00e7\u00f5es em que a oralidade \u00e9 privilegiada, voltado para contadores de hist\u00f3rias, saraus e apresenta\u00e7\u00f5es que mesclam poesia com outras manifesta\u00e7\u00f5es art\u00edsticas:<\/p>\n<p>Apresenta\u00e7\u00e3o do poeta Jos\u00e9 In\u00e1cio Vieira de Melo (BA)<br \/>\nData: 27\/06<br \/>\nLocal 1: Espa\u00e7o Sesc na 33\u00aa Feira do Livro de Canoas (Pra\u00e7a da Bandeira\/Centro\/Canoas)<br \/>\nHor\u00e1rio: 14 horas<br \/>\nLocal 2: Teatro do Sesc Canoas (Av. Guilherme Schell, 5340)<br \/>\nHor\u00e1rio: 20 horas<\/p>\n<p>Mais informa\u00e7\u00f5es podem ser obtidas pelo (51) 3464-6909, no site www.sesc-rs.com.br\/canoas e na p\u00e1gina www.facebook.com\/sesccanoas.<\/p>\n","protected":false},"excerpt":{"rendered":"<p>O projeto Arte da Palavra, desenvolvido pelo Arte Sesc \u2013 Cultura por toda parte, promove diversas a\u00e7\u00f5es culturais educativas em Canoas no m\u00eas de junho. Com o objetivo de contribuir com a forma\u00e7\u00e3o de novos leitores e valorizar obras liter\u00e1rias brasileiras, a programa\u00e7\u00e3o ocorre entre os dias 5 e 27 de junho, em diversos locais [&hellip;]<\/p>\n","protected":false},"author":1,"featured_media":7646,"comment_status":"open","ping_status":"open","sticky":false,"template":"","format":"standard","meta":{"amp_status":"","footnotes":""},"categories":[76,19,23,22],"tags":[],"class_list":["post-7645","post","type-post","status-publish","format-standard","has-post-thumbnail","hentry","category-cultura","category-destaques","category-geral","category-noticias"],"yoast_head":"<!-- This site is optimized with the Yoast SEO plugin v20.5 - https:\/\/yoast.com\/wordpress\/plugins\/seo\/ -->\n<title>Projeto Arte da Palavra traz o poeta Jos\u00e9 In\u00e1cio Vieira de Melo a Canoas - O Timoneiro Jornal Canoas RS<\/title>\n<meta name=\"robots\" content=\"index, follow, max-snippet:-1, max-image-preview:large, max-video-preview:-1\" \/>\n<link rel=\"canonical\" href=\"https:\/\/jornaltimoneiro.com.br\/index.php\/2017\/05\/29\/projeto-arte-da-palavra-traz-o-poeta-jose-inacio-vieira-de-melo-canoas\/\" \/>\n<meta property=\"og:locale\" content=\"pt_BR\" \/>\n<meta property=\"og:type\" content=\"article\" \/>\n<meta property=\"og:title\" content=\"Projeto Arte da Palavra traz o poeta Jos\u00e9 In\u00e1cio Vieira de Melo a Canoas - O Timoneiro Jornal Canoas RS\" \/>\n<meta property=\"og:description\" content=\"O projeto Arte da Palavra, desenvolvido pelo Arte Sesc \u2013 Cultura por toda parte, promove diversas a\u00e7\u00f5es culturais educativas em Canoas no m\u00eas de junho. Com o objetivo de contribuir com a forma\u00e7\u00e3o de novos leitores e valorizar obras liter\u00e1rias brasileiras, a programa\u00e7\u00e3o ocorre entre os dias 5 e 27 de junho, em diversos locais [&hellip;]\" \/>\n<meta property=\"og:url\" content=\"https:\/\/jornaltimoneiro.com.br\/index.php\/2017\/05\/29\/projeto-arte-da-palavra-traz-o-poeta-jose-inacio-vieira-de-melo-canoas\/\" \/>\n<meta property=\"og:site_name\" content=\"O Timoneiro Jornal Canoas RS\" \/>\n<meta property=\"article:publisher\" content=\"https:\/\/www.facebook.com\/jornaltimoneiro\" \/>\n<meta property=\"article:published_time\" content=\"2017-05-29T20:51:59+00:00\" \/>\n<meta name=\"author\" content=\"Reda\u00e7\u00e3o\" \/>\n<meta name=\"twitter:card\" content=\"summary_large_image\" \/>\n<meta name=\"twitter:creator\" content=\"@_OTimoneiro\" \/>\n<meta name=\"twitter:site\" content=\"@_OTimoneiro\" \/>\n<meta name=\"twitter:label1\" content=\"Escrito por\" \/>\n\t<meta name=\"twitter:data1\" content=\"Reda\u00e7\u00e3o\" \/>\n\t<meta name=\"twitter:label2\" content=\"Est. tempo de leitura\" \/>\n\t<meta name=\"twitter:data2\" content=\"2 minutos\" \/>\n<script type=\"application\/ld+json\" class=\"yoast-schema-graph\">{\"@context\":\"https:\/\/schema.org\",\"@graph\":[{\"@type\":\"Article\",\"@id\":\"https:\/\/jornaltimoneiro.com.br\/index.php\/2017\/05\/29\/projeto-arte-da-palavra-traz-o-poeta-jose-inacio-vieira-de-melo-canoas\/#article\",\"isPartOf\":{\"@id\":\"https:\/\/jornaltimoneiro.com.br\/index.php\/2017\/05\/29\/projeto-arte-da-palavra-traz-o-poeta-jose-inacio-vieira-de-melo-canoas\/\"},\"author\":{\"name\":\"Reda\u00e7\u00e3o\",\"@id\":\"https:\/\/jornaltimoneiro.com.br\/#\/schema\/person\/620efd1d8244466117482be494360b08\"},\"headline\":\"Projeto Arte da Palavra traz o poeta Jos\u00e9 In\u00e1cio Vieira de Melo a Canoas\",\"datePublished\":\"2017-05-29T20:51:59+00:00\",\"dateModified\":\"2017-05-29T20:51:59+00:00\",\"mainEntityOfPage\":{\"@id\":\"https:\/\/jornaltimoneiro.com.br\/index.php\/2017\/05\/29\/projeto-arte-da-palavra-traz-o-poeta-jose-inacio-vieira-de-melo-canoas\/\"},\"wordCount\":435,\"commentCount\":0,\"publisher\":{\"@id\":\"https:\/\/jornaltimoneiro.com.br\/#organization\"},\"articleSection\":[\"Cultura\",\"Destaques\",\"Geral\",\"Not\u00edcias\"],\"inLanguage\":\"pt-BR\",\"potentialAction\":[{\"@type\":\"CommentAction\",\"name\":\"Comment\",\"target\":[\"https:\/\/jornaltimoneiro.com.br\/index.php\/2017\/05\/29\/projeto-arte-da-palavra-traz-o-poeta-jose-inacio-vieira-de-melo-canoas\/#respond\"]}]},{\"@type\":\"WebPage\",\"@id\":\"https:\/\/jornaltimoneiro.com.br\/index.php\/2017\/05\/29\/projeto-arte-da-palavra-traz-o-poeta-jose-inacio-vieira-de-melo-canoas\/\",\"url\":\"https:\/\/jornaltimoneiro.com.br\/index.php\/2017\/05\/29\/projeto-arte-da-palavra-traz-o-poeta-jose-inacio-vieira-de-melo-canoas\/\",\"name\":\"Projeto Arte da Palavra traz o poeta Jos\u00e9 In\u00e1cio Vieira de Melo a Canoas - O Timoneiro Jornal Canoas RS\",\"isPartOf\":{\"@id\":\"https:\/\/jornaltimoneiro.com.br\/#website\"},\"datePublished\":\"2017-05-29T20:51:59+00:00\",\"dateModified\":\"2017-05-29T20:51:59+00:00\",\"breadcrumb\":{\"@id\":\"https:\/\/jornaltimoneiro.com.br\/index.php\/2017\/05\/29\/projeto-arte-da-palavra-traz-o-poeta-jose-inacio-vieira-de-melo-canoas\/#breadcrumb\"},\"inLanguage\":\"pt-BR\",\"potentialAction\":[{\"@type\":\"ReadAction\",\"target\":[\"https:\/\/jornaltimoneiro.com.br\/index.php\/2017\/05\/29\/projeto-arte-da-palavra-traz-o-poeta-jose-inacio-vieira-de-melo-canoas\/\"]}]},{\"@type\":\"BreadcrumbList\",\"@id\":\"https:\/\/jornaltimoneiro.com.br\/index.php\/2017\/05\/29\/projeto-arte-da-palavra-traz-o-poeta-jose-inacio-vieira-de-melo-canoas\/#breadcrumb\",\"itemListElement\":[{\"@type\":\"ListItem\",\"position\":1,\"name\":\"In\u00edcio\",\"item\":\"https:\/\/jornaltimoneiro.com.br\/\"},{\"@type\":\"ListItem\",\"position\":2,\"name\":\"Projeto Arte da Palavra traz o poeta Jos\u00e9 In\u00e1cio Vieira de Melo a Canoas\"}]},{\"@type\":\"WebSite\",\"@id\":\"https:\/\/jornaltimoneiro.com.br\/#website\",\"url\":\"https:\/\/jornaltimoneiro.com.br\/\",\"name\":\"Jornal Timoneiro Canoas RS\",\"description\":\"Jornal O Timoneiro, o verdadeiro jornal de Canoas\",\"publisher\":{\"@id\":\"https:\/\/jornaltimoneiro.com.br\/#organization\"},\"potentialAction\":[{\"@type\":\"SearchAction\",\"target\":{\"@type\":\"EntryPoint\",\"urlTemplate\":\"https:\/\/jornaltimoneiro.com.br\/?s={search_term_string}\"},\"query-input\":\"required name=search_term_string\"}],\"inLanguage\":\"pt-BR\"},{\"@type\":\"Organization\",\"@id\":\"https:\/\/jornaltimoneiro.com.br\/#organization\",\"name\":\"Jornal Timoneiro Canoas RS\",\"url\":\"https:\/\/jornaltimoneiro.com.br\/\",\"logo\":{\"@type\":\"ImageObject\",\"inLanguage\":\"pt-BR\",\"@id\":\"https:\/\/jornaltimoneiro.com.br\/#\/schema\/logo\/image\/\",\"url\":\"https:\/\/jornaltimoneiro.com.br\/wp-content\/uploads\/2023\/03\/logonovo.png\",\"contentUrl\":\"https:\/\/jornaltimoneiro.com.br\/wp-content\/uploads\/2023\/03\/logonovo.png\",\"width\":\"469\",\"height\":\"171\",\"caption\":\"Jornal Timoneiro Canoas RS\"},\"image\":{\"@id\":\"https:\/\/jornaltimoneiro.com.br\/#\/schema\/logo\/image\/\"},\"sameAs\":[\"https:\/\/www.facebook.com\/jornaltimoneiro\",\"https:\/\/twitter.com\/_OTimoneiro\",\"https:\/\/www.instagram.com\/jornaltimoneirocanoas\/\",\"https:\/\/www.youtube.com\/@jornalotimoneiro7927\"]},{\"@type\":\"Person\",\"@id\":\"https:\/\/jornaltimoneiro.com.br\/#\/schema\/person\/620efd1d8244466117482be494360b08\",\"name\":\"Reda\u00e7\u00e3o\",\"image\":{\"@type\":\"ImageObject\",\"inLanguage\":\"pt-BR\",\"@id\":\"https:\/\/jornaltimoneiro.com.br\/#\/schema\/person\/image\/\",\"url\":\"https:\/\/secure.gravatar.com\/avatar\/2f04e1b304682a8d9db336c7acd77f08?s=96&d=mm&r=g\",\"contentUrl\":\"https:\/\/secure.gravatar.com\/avatar\/2f04e1b304682a8d9db336c7acd77f08?s=96&d=mm&r=g\",\"caption\":\"Reda\u00e7\u00e3o\"},\"url\":\"https:\/\/jornaltimoneiro.com.br\/index.php\/author\/timoneirocanoas\/\"}]}<\/script>\n<!-- \/ Yoast SEO plugin. -->","yoast_head_json":{"title":"Projeto Arte da Palavra traz o poeta Jos\u00e9 In\u00e1cio Vieira de Melo a Canoas - O Timoneiro Jornal Canoas RS","robots":{"index":"index","follow":"follow","max-snippet":"max-snippet:-1","max-image-preview":"max-image-preview:large","max-video-preview":"max-video-preview:-1"},"canonical":"https:\/\/jornaltimoneiro.com.br\/index.php\/2017\/05\/29\/projeto-arte-da-palavra-traz-o-poeta-jose-inacio-vieira-de-melo-canoas\/","og_locale":"pt_BR","og_type":"article","og_title":"Projeto Arte da Palavra traz o poeta Jos\u00e9 In\u00e1cio Vieira de Melo a Canoas - O Timoneiro Jornal Canoas RS","og_description":"O projeto Arte da Palavra, desenvolvido pelo Arte Sesc \u2013 Cultura por toda parte, promove diversas a\u00e7\u00f5es culturais educativas em Canoas no m\u00eas de junho. Com o objetivo de contribuir com a forma\u00e7\u00e3o de novos leitores e valorizar obras liter\u00e1rias brasileiras, a programa\u00e7\u00e3o ocorre entre os dias 5 e 27 de junho, em diversos locais [&hellip;]","og_url":"https:\/\/jornaltimoneiro.com.br\/index.php\/2017\/05\/29\/projeto-arte-da-palavra-traz-o-poeta-jose-inacio-vieira-de-melo-canoas\/","og_site_name":"O Timoneiro Jornal Canoas RS","article_publisher":"https:\/\/www.facebook.com\/jornaltimoneiro","article_published_time":"2017-05-29T20:51:59+00:00","author":"Reda\u00e7\u00e3o","twitter_card":"summary_large_image","twitter_creator":"@_OTimoneiro","twitter_site":"@_OTimoneiro","twitter_misc":{"Escrito por":"Reda\u00e7\u00e3o","Est. tempo de leitura":"2 minutos"},"schema":{"@context":"https:\/\/schema.org","@graph":[{"@type":"Article","@id":"https:\/\/jornaltimoneiro.com.br\/index.php\/2017\/05\/29\/projeto-arte-da-palavra-traz-o-poeta-jose-inacio-vieira-de-melo-canoas\/#article","isPartOf":{"@id":"https:\/\/jornaltimoneiro.com.br\/index.php\/2017\/05\/29\/projeto-arte-da-palavra-traz-o-poeta-jose-inacio-vieira-de-melo-canoas\/"},"author":{"name":"Reda\u00e7\u00e3o","@id":"https:\/\/jornaltimoneiro.com.br\/#\/schema\/person\/620efd1d8244466117482be494360b08"},"headline":"Projeto Arte da Palavra traz o poeta Jos\u00e9 In\u00e1cio Vieira de Melo a Canoas","datePublished":"2017-05-29T20:51:59+00:00","dateModified":"2017-05-29T20:51:59+00:00","mainEntityOfPage":{"@id":"https:\/\/jornaltimoneiro.com.br\/index.php\/2017\/05\/29\/projeto-arte-da-palavra-traz-o-poeta-jose-inacio-vieira-de-melo-canoas\/"},"wordCount":435,"commentCount":0,"publisher":{"@id":"https:\/\/jornaltimoneiro.com.br\/#organization"},"articleSection":["Cultura","Destaques","Geral","Not\u00edcias"],"inLanguage":"pt-BR","potentialAction":[{"@type":"CommentAction","name":"Comment","target":["https:\/\/jornaltimoneiro.com.br\/index.php\/2017\/05\/29\/projeto-arte-da-palavra-traz-o-poeta-jose-inacio-vieira-de-melo-canoas\/#respond"]}]},{"@type":"WebPage","@id":"https:\/\/jornaltimoneiro.com.br\/index.php\/2017\/05\/29\/projeto-arte-da-palavra-traz-o-poeta-jose-inacio-vieira-de-melo-canoas\/","url":"https:\/\/jornaltimoneiro.com.br\/index.php\/2017\/05\/29\/projeto-arte-da-palavra-traz-o-poeta-jose-inacio-vieira-de-melo-canoas\/","name":"Projeto Arte da Palavra traz o poeta Jos\u00e9 In\u00e1cio Vieira de Melo a Canoas - O Timoneiro Jornal Canoas RS","isPartOf":{"@id":"https:\/\/jornaltimoneiro.com.br\/#website"},"datePublished":"2017-05-29T20:51:59+00:00","dateModified":"2017-05-29T20:51:59+00:00","breadcrumb":{"@id":"https:\/\/jornaltimoneiro.com.br\/index.php\/2017\/05\/29\/projeto-arte-da-palavra-traz-o-poeta-jose-inacio-vieira-de-melo-canoas\/#breadcrumb"},"inLanguage":"pt-BR","potentialAction":[{"@type":"ReadAction","target":["https:\/\/jornaltimoneiro.com.br\/index.php\/2017\/05\/29\/projeto-arte-da-palavra-traz-o-poeta-jose-inacio-vieira-de-melo-canoas\/"]}]},{"@type":"BreadcrumbList","@id":"https:\/\/jornaltimoneiro.com.br\/index.php\/2017\/05\/29\/projeto-arte-da-palavra-traz-o-poeta-jose-inacio-vieira-de-melo-canoas\/#breadcrumb","itemListElement":[{"@type":"ListItem","position":1,"name":"In\u00edcio","item":"https:\/\/jornaltimoneiro.com.br\/"},{"@type":"ListItem","position":2,"name":"Projeto Arte da Palavra traz o poeta Jos\u00e9 In\u00e1cio Vieira de Melo a Canoas"}]},{"@type":"WebSite","@id":"https:\/\/jornaltimoneiro.com.br\/#website","url":"https:\/\/jornaltimoneiro.com.br\/","name":"Jornal Timoneiro Canoas RS","description":"Jornal O Timoneiro, o verdadeiro jornal de Canoas","publisher":{"@id":"https:\/\/jornaltimoneiro.com.br\/#organization"},"potentialAction":[{"@type":"SearchAction","target":{"@type":"EntryPoint","urlTemplate":"https:\/\/jornaltimoneiro.com.br\/?s={search_term_string}"},"query-input":"required name=search_term_string"}],"inLanguage":"pt-BR"},{"@type":"Organization","@id":"https:\/\/jornaltimoneiro.com.br\/#organization","name":"Jornal Timoneiro Canoas RS","url":"https:\/\/jornaltimoneiro.com.br\/","logo":{"@type":"ImageObject","inLanguage":"pt-BR","@id":"https:\/\/jornaltimoneiro.com.br\/#\/schema\/logo\/image\/","url":"https:\/\/jornaltimoneiro.com.br\/wp-content\/uploads\/2023\/03\/logonovo.png","contentUrl":"https:\/\/jornaltimoneiro.com.br\/wp-content\/uploads\/2023\/03\/logonovo.png","width":"469","height":"171","caption":"Jornal Timoneiro Canoas RS"},"image":{"@id":"https:\/\/jornaltimoneiro.com.br\/#\/schema\/logo\/image\/"},"sameAs":["https:\/\/www.facebook.com\/jornaltimoneiro","https:\/\/twitter.com\/_OTimoneiro","https:\/\/www.instagram.com\/jornaltimoneirocanoas\/","https:\/\/www.youtube.com\/@jornalotimoneiro7927"]},{"@type":"Person","@id":"https:\/\/jornaltimoneiro.com.br\/#\/schema\/person\/620efd1d8244466117482be494360b08","name":"Reda\u00e7\u00e3o","image":{"@type":"ImageObject","inLanguage":"pt-BR","@id":"https:\/\/jornaltimoneiro.com.br\/#\/schema\/person\/image\/","url":"https:\/\/secure.gravatar.com\/avatar\/2f04e1b304682a8d9db336c7acd77f08?s=96&d=mm&r=g","contentUrl":"https:\/\/secure.gravatar.com\/avatar\/2f04e1b304682a8d9db336c7acd77f08?s=96&d=mm&r=g","caption":"Reda\u00e7\u00e3o"},"url":"https:\/\/jornaltimoneiro.com.br\/index.php\/author\/timoneirocanoas\/"}]}},"_links":{"self":[{"href":"https:\/\/jornaltimoneiro.com.br\/index.php\/wp-json\/wp\/v2\/posts\/7645"}],"collection":[{"href":"https:\/\/jornaltimoneiro.com.br\/index.php\/wp-json\/wp\/v2\/posts"}],"about":[{"href":"https:\/\/jornaltimoneiro.com.br\/index.php\/wp-json\/wp\/v2\/types\/post"}],"author":[{"embeddable":true,"href":"https:\/\/jornaltimoneiro.com.br\/index.php\/wp-json\/wp\/v2\/users\/1"}],"replies":[{"embeddable":true,"href":"https:\/\/jornaltimoneiro.com.br\/index.php\/wp-json\/wp\/v2\/comments?post=7645"}],"version-history":[{"count":0,"href":"https:\/\/jornaltimoneiro.com.br\/index.php\/wp-json\/wp\/v2\/posts\/7645\/revisions"}],"wp:featuredmedia":[{"embeddable":true,"href":"https:\/\/jornaltimoneiro.com.br\/index.php\/wp-json\/"}],"wp:attachment":[{"href":"https:\/\/jornaltimoneiro.com.br\/index.php\/wp-json\/wp\/v2\/media?parent=7645"}],"wp:term":[{"taxonomy":"category","embeddable":true,"href":"https:\/\/jornaltimoneiro.com.br\/index.php\/wp-json\/wp\/v2\/categories?post=7645"},{"taxonomy":"post_tag","embeddable":true,"href":"https:\/\/jornaltimoneiro.com.br\/index.php\/wp-json\/wp\/v2\/tags?post=7645"}],"curies":[{"name":"wp","href":"https:\/\/api.w.org\/{rel}","templated":true}]}}