{"id":7640,"date":"2017-05-29T14:08:34","date_gmt":"2017-05-29T17:08:34","guid":{"rendered":"http:\/\/otimoneiro.com.br\/?p=7640"},"modified":"2017-05-29T14:08:34","modified_gmt":"2017-05-29T17:08:34","slug":"cidade-recebe-primeira-edicao-do-canoas-beer-festival","status":"publish","type":"post","link":"https:\/\/jornaltimoneiro.com.br\/index.php\/2017\/05\/29\/cidade-recebe-primeira-edicao-do-canoas-beer-festival\/","title":{"rendered":"Cidade recebe a primeira edi\u00e7\u00e3o do Canoas Beer Festival"},"content":{"rendered":"<p><a href=\"http:\/\/otimoneiro.com.br\/wp-content\/uploads\/2017\/05\/festival-ceva-artesanal.jpg\"><img decoding=\"async\" class=\"aligncenter size-large wp-image-7641\" src=\"http:\/\/otimoneiro.com.br\/wp-content\/uploads\/2017\/05\/festival-ceva-artesanal-1024x682.jpg\" alt=\"festival ceva artesanal\" width=\"1024\" height=\"682\" \/><\/a>A primeira edi\u00e7\u00e3o do\u00a0Canoas Beer\u00a0Festival\u00a0acontece dia\u00a010 de junho, s\u00e1bado, no novo espa\u00e7o do Parque Municipal Get\u00falio Vargas (Cap\u00e3o do Corvo). O festival contar\u00e1 com 12 cervejarias do Estado, cinco food trucks, tr\u00eas shows e diversas outras atra\u00e7\u00f5es. O evento ocorre das 13 \u00e0s 21 horas, com entrada gratuita. Organizado pela produtora\u00a0Matin\u00ea Cervejeira, respons\u00e1vel por grandes projetos como o Ceva no Total, o\u00a0Canoas Beer Festival\u00a0pretende difundir e propagar a cultura e a informa\u00e7\u00e3o sobre a cerveja artesanal, al\u00e9m de criar uma nova experi\u00eancia de lazer e entretenimento na agenda da cidade.<\/p>\n<p>Marcas premiadas como\u00a0Tupiniquim, Heilige, Baldhead e Solerun\u00a0confirmaram presen\u00e7a. As canoenses\u00a0Al Capone\u00a0e\u00a0Old Captain\u00a0tamb\u00e9m fazem parte do\u00a0<em>crew<\/em>\u00a0cervejeiro. De acordo com Diego Masiero, da Matin\u00ea Cervejeira, o grande objetivo \u00e9 ampliar a discuss\u00e3o e conhecimento sobre a cerveja artesanal:\u00a0 \u201cExistem mais de 130 estilos de cervejas, com sabores distintos e acentuados de acordo com os ingredientes e a forma como \u00e9 produzida. Nossa inten\u00e7\u00e3o \u00e9 criar a oportunidade de cada vez mais pessoas se aproximarem desta cultura da cerveja artesanal\u201d, comenta.<\/p>\n<p>Os shows do Canoas Beer Festival ficam por conta da porto-alegrense\u00a0Vera Loca\u00a0e de seu j\u00e1 famoso rock, o folk do\u00a0Cartas na Rua\u00a0e o reggae da banda canoense\u00a0Rudboyz.<\/p>\n<p>Outras atra\u00e7\u00f5es tamb\u00e9m esperam pelos visitantes, como o\u00a0Beer Pong, jogo cervejeiro que premiar\u00e1 o grande vencedor do dia com kits das cervejarias participantes. Food trucks estar\u00e3o presentes no evento promovendo muitas experi\u00eancias gastron\u00f4micas. A entrada \u00e9 gratuita e a programa\u00e7\u00e3o conta ainda com DJs para animar o p\u00fablico durante as 8 horas de evento.<\/p>\n<h3><strong>Line up cervejeiro<\/strong><\/h3>\n<p>Cervejaria Hunsr\u00fcck | Cervejaria Baldhead | Cervejaria Tupiniquim | Cervejaria FIL | Blauth Bier Cervejaria Artesanal | Cervejaria Heilige | Barba Cervejaria | Old Captain Cerveja Artesanal | Al Capone Cerveja Artesanal | Cervejaria Solerun | AlceBier | Cervejaria Schmitt.<\/p>\n<h3><strong>Food trucks:<\/strong><\/h3>\n<p>Confraria Kero Food Truck<br \/>\nBuenas Beer Fun Food<br \/>\nDu Cheff Street Food<br \/>\nPizzinha Truck<\/p>\n<h3><a href=\"http:\/\/otimoneiro.com.br\/wp-content\/uploads\/2017\/05\/ceva-artesanal.jpg\"><img decoding=\"async\" class=\"aligncenter size-large wp-image-7642\" src=\"http:\/\/otimoneiro.com.br\/wp-content\/uploads\/2017\/05\/ceva-artesanal-1024x682.jpg\" alt=\"ceva artesanal\" width=\"1024\" height=\"682\" \/><\/a><\/h3>\n","protected":false},"excerpt":{"rendered":"<p>A primeira edi\u00e7\u00e3o do\u00a0Canoas Beer\u00a0Festival\u00a0acontece dia\u00a010 de junho, s\u00e1bado, no novo espa\u00e7o do Parque Municipal Get\u00falio Vargas (Cap\u00e3o do Corvo). O festival contar\u00e1 com 12 cervejarias do Estado, cinco food trucks, tr\u00eas shows e diversas outras atra\u00e7\u00f5es. O evento ocorre das 13 \u00e0s 21 horas, com entrada gratuita. Organizado pela produtora\u00a0Matin\u00ea Cervejeira, respons\u00e1vel por grandes [&hellip;]<\/p>\n","protected":false},"author":1,"featured_media":7641,"comment_status":"open","ping_status":"open","sticky":false,"template":"","format":"standard","meta":{"amp_status":"","footnotes":""},"categories":[76,19,23,22],"tags":[],"class_list":["post-7640","post","type-post","status-publish","format-standard","has-post-thumbnail","hentry","category-cultura","category-destaques","category-geral","category-noticias"],"yoast_head":"<!-- This site is optimized with the Yoast SEO plugin v20.5 - https:\/\/yoast.com\/wordpress\/plugins\/seo\/ -->\n<title>Cidade recebe a primeira edi\u00e7\u00e3o do Canoas Beer Festival - O Timoneiro Jornal Canoas RS<\/title>\n<meta name=\"robots\" content=\"index, follow, max-snippet:-1, max-image-preview:large, max-video-preview:-1\" \/>\n<link rel=\"canonical\" href=\"https:\/\/jornaltimoneiro.com.br\/index.php\/2017\/05\/29\/cidade-recebe-primeira-edicao-do-canoas-beer-festival\/\" \/>\n<meta property=\"og:locale\" content=\"pt_BR\" \/>\n<meta property=\"og:type\" content=\"article\" \/>\n<meta property=\"og:title\" content=\"Cidade recebe a primeira edi\u00e7\u00e3o do Canoas Beer Festival - O Timoneiro Jornal Canoas RS\" \/>\n<meta property=\"og:description\" content=\"A primeira edi\u00e7\u00e3o do\u00a0Canoas Beer\u00a0Festival\u00a0acontece dia\u00a010 de junho, s\u00e1bado, no novo espa\u00e7o do Parque Municipal Get\u00falio Vargas (Cap\u00e3o do Corvo). O festival contar\u00e1 com 12 cervejarias do Estado, cinco food trucks, tr\u00eas shows e diversas outras atra\u00e7\u00f5es. O evento ocorre das 13 \u00e0s 21 horas, com entrada gratuita. Organizado pela produtora\u00a0Matin\u00ea Cervejeira, respons\u00e1vel por grandes [&hellip;]\" \/>\n<meta property=\"og:url\" content=\"https:\/\/jornaltimoneiro.com.br\/index.php\/2017\/05\/29\/cidade-recebe-primeira-edicao-do-canoas-beer-festival\/\" \/>\n<meta property=\"og:site_name\" content=\"O Timoneiro Jornal Canoas RS\" \/>\n<meta property=\"article:publisher\" content=\"https:\/\/www.facebook.com\/jornaltimoneiro\" \/>\n<meta property=\"article:published_time\" content=\"2017-05-29T17:08:34+00:00\" \/>\n<meta name=\"author\" content=\"Reda\u00e7\u00e3o\" \/>\n<meta name=\"twitter:card\" content=\"summary_large_image\" \/>\n<meta name=\"twitter:creator\" content=\"@_OTimoneiro\" \/>\n<meta name=\"twitter:site\" content=\"@_OTimoneiro\" \/>\n<meta name=\"twitter:label1\" content=\"Escrito por\" \/>\n\t<meta name=\"twitter:data1\" content=\"Reda\u00e7\u00e3o\" \/>\n\t<meta name=\"twitter:label2\" content=\"Est. tempo de leitura\" \/>\n\t<meta name=\"twitter:data2\" content=\"2 minutos\" \/>\n<script type=\"application\/ld+json\" class=\"yoast-schema-graph\">{\"@context\":\"https:\/\/schema.org\",\"@graph\":[{\"@type\":\"Article\",\"@id\":\"https:\/\/jornaltimoneiro.com.br\/index.php\/2017\/05\/29\/cidade-recebe-primeira-edicao-do-canoas-beer-festival\/#article\",\"isPartOf\":{\"@id\":\"https:\/\/jornaltimoneiro.com.br\/index.php\/2017\/05\/29\/cidade-recebe-primeira-edicao-do-canoas-beer-festival\/\"},\"author\":{\"name\":\"Reda\u00e7\u00e3o\",\"@id\":\"https:\/\/jornaltimoneiro.com.br\/#\/schema\/person\/620efd1d8244466117482be494360b08\"},\"headline\":\"Cidade recebe a primeira edi\u00e7\u00e3o do Canoas Beer Festival\",\"datePublished\":\"2017-05-29T17:08:34+00:00\",\"dateModified\":\"2017-05-29T17:08:34+00:00\",\"mainEntityOfPage\":{\"@id\":\"https:\/\/jornaltimoneiro.com.br\/index.php\/2017\/05\/29\/cidade-recebe-primeira-edicao-do-canoas-beer-festival\/\"},\"wordCount\":341,\"commentCount\":0,\"publisher\":{\"@id\":\"https:\/\/jornaltimoneiro.com.br\/#organization\"},\"articleSection\":[\"Cultura\",\"Destaques\",\"Geral\",\"Not\u00edcias\"],\"inLanguage\":\"pt-BR\",\"potentialAction\":[{\"@type\":\"CommentAction\",\"name\":\"Comment\",\"target\":[\"https:\/\/jornaltimoneiro.com.br\/index.php\/2017\/05\/29\/cidade-recebe-primeira-edicao-do-canoas-beer-festival\/#respond\"]}]},{\"@type\":\"WebPage\",\"@id\":\"https:\/\/jornaltimoneiro.com.br\/index.php\/2017\/05\/29\/cidade-recebe-primeira-edicao-do-canoas-beer-festival\/\",\"url\":\"https:\/\/jornaltimoneiro.com.br\/index.php\/2017\/05\/29\/cidade-recebe-primeira-edicao-do-canoas-beer-festival\/\",\"name\":\"Cidade recebe a primeira edi\u00e7\u00e3o do Canoas Beer Festival - O Timoneiro Jornal Canoas RS\",\"isPartOf\":{\"@id\":\"https:\/\/jornaltimoneiro.com.br\/#website\"},\"datePublished\":\"2017-05-29T17:08:34+00:00\",\"dateModified\":\"2017-05-29T17:08:34+00:00\",\"breadcrumb\":{\"@id\":\"https:\/\/jornaltimoneiro.com.br\/index.php\/2017\/05\/29\/cidade-recebe-primeira-edicao-do-canoas-beer-festival\/#breadcrumb\"},\"inLanguage\":\"pt-BR\",\"potentialAction\":[{\"@type\":\"ReadAction\",\"target\":[\"https:\/\/jornaltimoneiro.com.br\/index.php\/2017\/05\/29\/cidade-recebe-primeira-edicao-do-canoas-beer-festival\/\"]}]},{\"@type\":\"BreadcrumbList\",\"@id\":\"https:\/\/jornaltimoneiro.com.br\/index.php\/2017\/05\/29\/cidade-recebe-primeira-edicao-do-canoas-beer-festival\/#breadcrumb\",\"itemListElement\":[{\"@type\":\"ListItem\",\"position\":1,\"name\":\"In\u00edcio\",\"item\":\"https:\/\/jornaltimoneiro.com.br\/\"},{\"@type\":\"ListItem\",\"position\":2,\"name\":\"Cidade recebe a primeira edi\u00e7\u00e3o do Canoas Beer Festival\"}]},{\"@type\":\"WebSite\",\"@id\":\"https:\/\/jornaltimoneiro.com.br\/#website\",\"url\":\"https:\/\/jornaltimoneiro.com.br\/\",\"name\":\"Jornal Timoneiro Canoas RS\",\"description\":\"Jornal O Timoneiro, o verdadeiro jornal de Canoas\",\"publisher\":{\"@id\":\"https:\/\/jornaltimoneiro.com.br\/#organization\"},\"potentialAction\":[{\"@type\":\"SearchAction\",\"target\":{\"@type\":\"EntryPoint\",\"urlTemplate\":\"https:\/\/jornaltimoneiro.com.br\/?s={search_term_string}\"},\"query-input\":\"required name=search_term_string\"}],\"inLanguage\":\"pt-BR\"},{\"@type\":\"Organization\",\"@id\":\"https:\/\/jornaltimoneiro.com.br\/#organization\",\"name\":\"Jornal Timoneiro Canoas RS\",\"url\":\"https:\/\/jornaltimoneiro.com.br\/\",\"logo\":{\"@type\":\"ImageObject\",\"inLanguage\":\"pt-BR\",\"@id\":\"https:\/\/jornaltimoneiro.com.br\/#\/schema\/logo\/image\/\",\"url\":\"https:\/\/jornaltimoneiro.com.br\/wp-content\/uploads\/2023\/03\/logonovo.png\",\"contentUrl\":\"https:\/\/jornaltimoneiro.com.br\/wp-content\/uploads\/2023\/03\/logonovo.png\",\"width\":\"469\",\"height\":\"171\",\"caption\":\"Jornal Timoneiro Canoas RS\"},\"image\":{\"@id\":\"https:\/\/jornaltimoneiro.com.br\/#\/schema\/logo\/image\/\"},\"sameAs\":[\"https:\/\/www.facebook.com\/jornaltimoneiro\",\"https:\/\/twitter.com\/_OTimoneiro\",\"https:\/\/www.instagram.com\/jornaltimoneirocanoas\/\",\"https:\/\/www.youtube.com\/@jornalotimoneiro7927\"]},{\"@type\":\"Person\",\"@id\":\"https:\/\/jornaltimoneiro.com.br\/#\/schema\/person\/620efd1d8244466117482be494360b08\",\"name\":\"Reda\u00e7\u00e3o\",\"image\":{\"@type\":\"ImageObject\",\"inLanguage\":\"pt-BR\",\"@id\":\"https:\/\/jornaltimoneiro.com.br\/#\/schema\/person\/image\/\",\"url\":\"https:\/\/secure.gravatar.com\/avatar\/2f04e1b304682a8d9db336c7acd77f08?s=96&d=mm&r=g\",\"contentUrl\":\"https:\/\/secure.gravatar.com\/avatar\/2f04e1b304682a8d9db336c7acd77f08?s=96&d=mm&r=g\",\"caption\":\"Reda\u00e7\u00e3o\"},\"url\":\"https:\/\/jornaltimoneiro.com.br\/index.php\/author\/timoneirocanoas\/\"}]}<\/script>\n<!-- \/ Yoast SEO plugin. -->","yoast_head_json":{"title":"Cidade recebe a primeira edi\u00e7\u00e3o do Canoas Beer Festival - O Timoneiro Jornal Canoas RS","robots":{"index":"index","follow":"follow","max-snippet":"max-snippet:-1","max-image-preview":"max-image-preview:large","max-video-preview":"max-video-preview:-1"},"canonical":"https:\/\/jornaltimoneiro.com.br\/index.php\/2017\/05\/29\/cidade-recebe-primeira-edicao-do-canoas-beer-festival\/","og_locale":"pt_BR","og_type":"article","og_title":"Cidade recebe a primeira edi\u00e7\u00e3o do Canoas Beer Festival - O Timoneiro Jornal Canoas RS","og_description":"A primeira edi\u00e7\u00e3o do\u00a0Canoas Beer\u00a0Festival\u00a0acontece dia\u00a010 de junho, s\u00e1bado, no novo espa\u00e7o do Parque Municipal Get\u00falio Vargas (Cap\u00e3o do Corvo). O festival contar\u00e1 com 12 cervejarias do Estado, cinco food trucks, tr\u00eas shows e diversas outras atra\u00e7\u00f5es. O evento ocorre das 13 \u00e0s 21 horas, com entrada gratuita. Organizado pela produtora\u00a0Matin\u00ea Cervejeira, respons\u00e1vel por grandes [&hellip;]","og_url":"https:\/\/jornaltimoneiro.com.br\/index.php\/2017\/05\/29\/cidade-recebe-primeira-edicao-do-canoas-beer-festival\/","og_site_name":"O Timoneiro Jornal Canoas RS","article_publisher":"https:\/\/www.facebook.com\/jornaltimoneiro","article_published_time":"2017-05-29T17:08:34+00:00","author":"Reda\u00e7\u00e3o","twitter_card":"summary_large_image","twitter_creator":"@_OTimoneiro","twitter_site":"@_OTimoneiro","twitter_misc":{"Escrito por":"Reda\u00e7\u00e3o","Est. tempo de leitura":"2 minutos"},"schema":{"@context":"https:\/\/schema.org","@graph":[{"@type":"Article","@id":"https:\/\/jornaltimoneiro.com.br\/index.php\/2017\/05\/29\/cidade-recebe-primeira-edicao-do-canoas-beer-festival\/#article","isPartOf":{"@id":"https:\/\/jornaltimoneiro.com.br\/index.php\/2017\/05\/29\/cidade-recebe-primeira-edicao-do-canoas-beer-festival\/"},"author":{"name":"Reda\u00e7\u00e3o","@id":"https:\/\/jornaltimoneiro.com.br\/#\/schema\/person\/620efd1d8244466117482be494360b08"},"headline":"Cidade recebe a primeira edi\u00e7\u00e3o do Canoas Beer Festival","datePublished":"2017-05-29T17:08:34+00:00","dateModified":"2017-05-29T17:08:34+00:00","mainEntityOfPage":{"@id":"https:\/\/jornaltimoneiro.com.br\/index.php\/2017\/05\/29\/cidade-recebe-primeira-edicao-do-canoas-beer-festival\/"},"wordCount":341,"commentCount":0,"publisher":{"@id":"https:\/\/jornaltimoneiro.com.br\/#organization"},"articleSection":["Cultura","Destaques","Geral","Not\u00edcias"],"inLanguage":"pt-BR","potentialAction":[{"@type":"CommentAction","name":"Comment","target":["https:\/\/jornaltimoneiro.com.br\/index.php\/2017\/05\/29\/cidade-recebe-primeira-edicao-do-canoas-beer-festival\/#respond"]}]},{"@type":"WebPage","@id":"https:\/\/jornaltimoneiro.com.br\/index.php\/2017\/05\/29\/cidade-recebe-primeira-edicao-do-canoas-beer-festival\/","url":"https:\/\/jornaltimoneiro.com.br\/index.php\/2017\/05\/29\/cidade-recebe-primeira-edicao-do-canoas-beer-festival\/","name":"Cidade recebe a primeira edi\u00e7\u00e3o do Canoas Beer Festival - O Timoneiro Jornal Canoas RS","isPartOf":{"@id":"https:\/\/jornaltimoneiro.com.br\/#website"},"datePublished":"2017-05-29T17:08:34+00:00","dateModified":"2017-05-29T17:08:34+00:00","breadcrumb":{"@id":"https:\/\/jornaltimoneiro.com.br\/index.php\/2017\/05\/29\/cidade-recebe-primeira-edicao-do-canoas-beer-festival\/#breadcrumb"},"inLanguage":"pt-BR","potentialAction":[{"@type":"ReadAction","target":["https:\/\/jornaltimoneiro.com.br\/index.php\/2017\/05\/29\/cidade-recebe-primeira-edicao-do-canoas-beer-festival\/"]}]},{"@type":"BreadcrumbList","@id":"https:\/\/jornaltimoneiro.com.br\/index.php\/2017\/05\/29\/cidade-recebe-primeira-edicao-do-canoas-beer-festival\/#breadcrumb","itemListElement":[{"@type":"ListItem","position":1,"name":"In\u00edcio","item":"https:\/\/jornaltimoneiro.com.br\/"},{"@type":"ListItem","position":2,"name":"Cidade recebe a primeira edi\u00e7\u00e3o do Canoas Beer Festival"}]},{"@type":"WebSite","@id":"https:\/\/jornaltimoneiro.com.br\/#website","url":"https:\/\/jornaltimoneiro.com.br\/","name":"Jornal Timoneiro Canoas RS","description":"Jornal O Timoneiro, o verdadeiro jornal de Canoas","publisher":{"@id":"https:\/\/jornaltimoneiro.com.br\/#organization"},"potentialAction":[{"@type":"SearchAction","target":{"@type":"EntryPoint","urlTemplate":"https:\/\/jornaltimoneiro.com.br\/?s={search_term_string}"},"query-input":"required name=search_term_string"}],"inLanguage":"pt-BR"},{"@type":"Organization","@id":"https:\/\/jornaltimoneiro.com.br\/#organization","name":"Jornal Timoneiro Canoas RS","url":"https:\/\/jornaltimoneiro.com.br\/","logo":{"@type":"ImageObject","inLanguage":"pt-BR","@id":"https:\/\/jornaltimoneiro.com.br\/#\/schema\/logo\/image\/","url":"https:\/\/jornaltimoneiro.com.br\/wp-content\/uploads\/2023\/03\/logonovo.png","contentUrl":"https:\/\/jornaltimoneiro.com.br\/wp-content\/uploads\/2023\/03\/logonovo.png","width":"469","height":"171","caption":"Jornal Timoneiro Canoas RS"},"image":{"@id":"https:\/\/jornaltimoneiro.com.br\/#\/schema\/logo\/image\/"},"sameAs":["https:\/\/www.facebook.com\/jornaltimoneiro","https:\/\/twitter.com\/_OTimoneiro","https:\/\/www.instagram.com\/jornaltimoneirocanoas\/","https:\/\/www.youtube.com\/@jornalotimoneiro7927"]},{"@type":"Person","@id":"https:\/\/jornaltimoneiro.com.br\/#\/schema\/person\/620efd1d8244466117482be494360b08","name":"Reda\u00e7\u00e3o","image":{"@type":"ImageObject","inLanguage":"pt-BR","@id":"https:\/\/jornaltimoneiro.com.br\/#\/schema\/person\/image\/","url":"https:\/\/secure.gravatar.com\/avatar\/2f04e1b304682a8d9db336c7acd77f08?s=96&d=mm&r=g","contentUrl":"https:\/\/secure.gravatar.com\/avatar\/2f04e1b304682a8d9db336c7acd77f08?s=96&d=mm&r=g","caption":"Reda\u00e7\u00e3o"},"url":"https:\/\/jornaltimoneiro.com.br\/index.php\/author\/timoneirocanoas\/"}]}},"_links":{"self":[{"href":"https:\/\/jornaltimoneiro.com.br\/index.php\/wp-json\/wp\/v2\/posts\/7640"}],"collection":[{"href":"https:\/\/jornaltimoneiro.com.br\/index.php\/wp-json\/wp\/v2\/posts"}],"about":[{"href":"https:\/\/jornaltimoneiro.com.br\/index.php\/wp-json\/wp\/v2\/types\/post"}],"author":[{"embeddable":true,"href":"https:\/\/jornaltimoneiro.com.br\/index.php\/wp-json\/wp\/v2\/users\/1"}],"replies":[{"embeddable":true,"href":"https:\/\/jornaltimoneiro.com.br\/index.php\/wp-json\/wp\/v2\/comments?post=7640"}],"version-history":[{"count":0,"href":"https:\/\/jornaltimoneiro.com.br\/index.php\/wp-json\/wp\/v2\/posts\/7640\/revisions"}],"wp:featuredmedia":[{"embeddable":true,"href":"https:\/\/jornaltimoneiro.com.br\/index.php\/wp-json\/"}],"wp:attachment":[{"href":"https:\/\/jornaltimoneiro.com.br\/index.php\/wp-json\/wp\/v2\/media?parent=7640"}],"wp:term":[{"taxonomy":"category","embeddable":true,"href":"https:\/\/jornaltimoneiro.com.br\/index.php\/wp-json\/wp\/v2\/categories?post=7640"},{"taxonomy":"post_tag","embeddable":true,"href":"https:\/\/jornaltimoneiro.com.br\/index.php\/wp-json\/wp\/v2\/tags?post=7640"}],"curies":[{"name":"wp","href":"https:\/\/api.w.org\/{rel}","templated":true}]}}