{"id":7630,"date":"2017-05-26T11:31:08","date_gmt":"2017-05-26T14:31:08","guid":{"rendered":"http:\/\/otimoneiro.com.br\/?p=7630"},"modified":"2017-05-26T11:31:08","modified_gmt":"2017-05-26T14:31:08","slug":"secretario-promete-transferencia-de-companhia-da-bm","status":"publish","type":"post","link":"https:\/\/jornaltimoneiro.com.br\/index.php\/2017\/05\/26\/secretario-promete-transferencia-de-companhia-da-bm\/","title":{"rendered":"Secret\u00e1rio promete transfer\u00eancia de companhia da BM"},"content":{"rendered":"<p><a href=\"http:\/\/otimoneiro.com.br\/wp-content\/uploads\/2017\/05\/DSC0023.jpg\"><img decoding=\"async\" class=\"aligncenter size-large wp-image-7631\" src=\"http:\/\/otimoneiro.com.br\/wp-content\/uploads\/2017\/05\/DSC0023-1024x683.jpg\" alt=\"DSC0023\" width=\"1024\" height=\"683\" \/><\/a><\/p>\n<p>Foi promovida, nesta ter\u00e7a-feira, dia 23, na sede da Full Gauge Controls, reuni\u00e3o organizada pelo Sindilojas, onde foi discutida a transfer\u00eancia da 2\u00aa Companhia da Brigada Militar para a Av. J\u00falio de Castilhos, em frente \u00e0 Pra\u00e7a Dona Mocinha, no bairro Niter\u00f3i, em Canoas.<\/p>\n<p>Segundo o vice-presidente do Sindilojas, Itamar Tadeu Barboza da Silva, o interesse nesta transfer\u00eancia j\u00e1 existe h\u00e1 quase dois anos, mas apenas nos \u00faltimos cinco meses percebe-se uma movimenta\u00e7\u00e3o positiva para a efetiva\u00e7\u00e3o deste projeto. \u201cNa pr\u00f3xima reuni\u00e3o, esperamos contar com a presen\u00e7a do prefeito Busato, pois sabemos da inten\u00e7\u00e3o de apoio da prefeitura e com isso, aguardamos uma defini\u00e7\u00e3o,\u201d comenta Silva.<\/p>\n<p>Para o desenvolvimento da obra e efetiva\u00e7\u00e3o da transfer\u00eancia, ainda ser\u00e3o necess\u00e1rias medidas que envolvem desde a an\u00e1lise e aprova\u00e7\u00e3o do projeto, do planejamento, at\u00e9 a licita\u00e7\u00e3o e busca de recursos. Mas, o Secret\u00e1rio Municipal de Seguran\u00e7a, Ranolfo Vieira Junior, garantiu que a atual administra\u00e7\u00e3o manifesta o interesse e apoio para a transfer\u00eancia. \u201c \u00c9 clara a vontade pol\u00edtica.Quanto aos recursos, precisamos buscar e esperamos que em agosto do ano que vem, estejamos comemorando com a comunidade mais esta conquista,\u201d disse o secret\u00e1rio.<\/p>\n<p>O subcomandante da Brigada Militar de Canoas, major Rog\u00e9rio Ara\u00fajo, comenta que o antigo local est\u00e1 localizado em ponto de dif\u00edcil acesso para a comunidade e n\u00e3o oferece hoje, condi\u00e7\u00f5es adequadas para o trabalho. \u201cEssa transfer\u00eancia vai beneficiar a comunidade, que ter\u00e1 a Brigada em ponto mais acess\u00edvel, e tamb\u00e9m os policiais, que poder\u00e3o estar num espa\u00e7o mais amplo e ambiente adequado para a efetiva\u00e7\u00e3o do trabalho,\u201d garante o Major.<\/p>\n<p>\u201cO Bairro precisa desta transfer\u00eancia, pois o pr\u00e9dio da 2\u00aa Cia n\u00e3o se encontra nas condi\u00e7\u00f5es adequadas\u201d, afirmou o Presidente da C\u00e2mara de Vereadores, Juares Hoy. Ele ainda salientou, que tanto a comunidade quanto a capatazia, que vai receber um pr\u00e9dio melhor para exercer suas atividades, tamb\u00e9m merece.<\/p>\n","protected":false},"excerpt":{"rendered":"<p>Foi promovida, nesta ter\u00e7a-feira, dia 23, na sede da Full Gauge Controls, reuni\u00e3o organizada pelo Sindilojas, onde foi discutida a transfer\u00eancia da 2\u00aa Companhia da Brigada Militar para a Av. J\u00falio de Castilhos, em frente \u00e0 Pra\u00e7a Dona Mocinha, no bairro Niter\u00f3i, em Canoas. Segundo o vice-presidente do Sindilojas, Itamar Tadeu Barboza da Silva, o [&hellip;]<\/p>\n","protected":false},"author":1,"featured_media":7631,"comment_status":"open","ping_status":"open","sticky":false,"template":"","format":"standard","meta":{"amp_status":"","footnotes":""},"categories":[19,23,22],"tags":[],"class_list":["post-7630","post","type-post","status-publish","format-standard","has-post-thumbnail","hentry","category-destaques","category-geral","category-noticias"],"yoast_head":"<!-- This site is optimized with the Yoast SEO plugin v20.5 - https:\/\/yoast.com\/wordpress\/plugins\/seo\/ -->\n<title>Secret\u00e1rio promete transfer\u00eancia de companhia da BM - O Timoneiro Jornal Canoas RS<\/title>\n<meta name=\"robots\" content=\"index, follow, max-snippet:-1, max-image-preview:large, max-video-preview:-1\" \/>\n<link rel=\"canonical\" href=\"https:\/\/jornaltimoneiro.com.br\/index.php\/2017\/05\/26\/secretario-promete-transferencia-de-companhia-da-bm\/\" \/>\n<meta property=\"og:locale\" content=\"pt_BR\" \/>\n<meta property=\"og:type\" content=\"article\" \/>\n<meta property=\"og:title\" content=\"Secret\u00e1rio promete transfer\u00eancia de companhia da BM - O Timoneiro Jornal Canoas RS\" \/>\n<meta property=\"og:description\" content=\"Foi promovida, nesta ter\u00e7a-feira, dia 23, na sede da Full Gauge Controls, reuni\u00e3o organizada pelo Sindilojas, onde foi discutida a transfer\u00eancia da 2\u00aa Companhia da Brigada Militar para a Av. J\u00falio de Castilhos, em frente \u00e0 Pra\u00e7a Dona Mocinha, no bairro Niter\u00f3i, em Canoas. Segundo o vice-presidente do Sindilojas, Itamar Tadeu Barboza da Silva, o [&hellip;]\" \/>\n<meta property=\"og:url\" content=\"https:\/\/jornaltimoneiro.com.br\/index.php\/2017\/05\/26\/secretario-promete-transferencia-de-companhia-da-bm\/\" \/>\n<meta property=\"og:site_name\" content=\"O Timoneiro Jornal Canoas RS\" \/>\n<meta property=\"article:publisher\" content=\"https:\/\/www.facebook.com\/jornaltimoneiro\" \/>\n<meta property=\"article:published_time\" content=\"2017-05-26T14:31:08+00:00\" \/>\n<meta name=\"author\" content=\"Reda\u00e7\u00e3o\" \/>\n<meta name=\"twitter:card\" content=\"summary_large_image\" \/>\n<meta name=\"twitter:creator\" content=\"@_OTimoneiro\" \/>\n<meta name=\"twitter:site\" content=\"@_OTimoneiro\" \/>\n<meta name=\"twitter:label1\" content=\"Escrito por\" \/>\n\t<meta name=\"twitter:data1\" content=\"Reda\u00e7\u00e3o\" \/>\n\t<meta name=\"twitter:label2\" content=\"Est. tempo de leitura\" \/>\n\t<meta name=\"twitter:data2\" content=\"2 minutos\" \/>\n<script type=\"application\/ld+json\" class=\"yoast-schema-graph\">{\"@context\":\"https:\/\/schema.org\",\"@graph\":[{\"@type\":\"Article\",\"@id\":\"https:\/\/jornaltimoneiro.com.br\/index.php\/2017\/05\/26\/secretario-promete-transferencia-de-companhia-da-bm\/#article\",\"isPartOf\":{\"@id\":\"https:\/\/jornaltimoneiro.com.br\/index.php\/2017\/05\/26\/secretario-promete-transferencia-de-companhia-da-bm\/\"},\"author\":{\"name\":\"Reda\u00e7\u00e3o\",\"@id\":\"https:\/\/jornaltimoneiro.com.br\/#\/schema\/person\/620efd1d8244466117482be494360b08\"},\"headline\":\"Secret\u00e1rio promete transfer\u00eancia de companhia da BM\",\"datePublished\":\"2017-05-26T14:31:08+00:00\",\"dateModified\":\"2017-05-26T14:31:08+00:00\",\"mainEntityOfPage\":{\"@id\":\"https:\/\/jornaltimoneiro.com.br\/index.php\/2017\/05\/26\/secretario-promete-transferencia-de-companhia-da-bm\/\"},\"wordCount\":356,\"commentCount\":0,\"publisher\":{\"@id\":\"https:\/\/jornaltimoneiro.com.br\/#organization\"},\"articleSection\":[\"Destaques\",\"Geral\",\"Not\u00edcias\"],\"inLanguage\":\"pt-BR\",\"potentialAction\":[{\"@type\":\"CommentAction\",\"name\":\"Comment\",\"target\":[\"https:\/\/jornaltimoneiro.com.br\/index.php\/2017\/05\/26\/secretario-promete-transferencia-de-companhia-da-bm\/#respond\"]}]},{\"@type\":\"WebPage\",\"@id\":\"https:\/\/jornaltimoneiro.com.br\/index.php\/2017\/05\/26\/secretario-promete-transferencia-de-companhia-da-bm\/\",\"url\":\"https:\/\/jornaltimoneiro.com.br\/index.php\/2017\/05\/26\/secretario-promete-transferencia-de-companhia-da-bm\/\",\"name\":\"Secret\u00e1rio promete transfer\u00eancia de companhia da BM - O Timoneiro Jornal Canoas RS\",\"isPartOf\":{\"@id\":\"https:\/\/jornaltimoneiro.com.br\/#website\"},\"datePublished\":\"2017-05-26T14:31:08+00:00\",\"dateModified\":\"2017-05-26T14:31:08+00:00\",\"breadcrumb\":{\"@id\":\"https:\/\/jornaltimoneiro.com.br\/index.php\/2017\/05\/26\/secretario-promete-transferencia-de-companhia-da-bm\/#breadcrumb\"},\"inLanguage\":\"pt-BR\",\"potentialAction\":[{\"@type\":\"ReadAction\",\"target\":[\"https:\/\/jornaltimoneiro.com.br\/index.php\/2017\/05\/26\/secretario-promete-transferencia-de-companhia-da-bm\/\"]}]},{\"@type\":\"BreadcrumbList\",\"@id\":\"https:\/\/jornaltimoneiro.com.br\/index.php\/2017\/05\/26\/secretario-promete-transferencia-de-companhia-da-bm\/#breadcrumb\",\"itemListElement\":[{\"@type\":\"ListItem\",\"position\":1,\"name\":\"In\u00edcio\",\"item\":\"https:\/\/jornaltimoneiro.com.br\/\"},{\"@type\":\"ListItem\",\"position\":2,\"name\":\"Secret\u00e1rio promete transfer\u00eancia de companhia da BM\"}]},{\"@type\":\"WebSite\",\"@id\":\"https:\/\/jornaltimoneiro.com.br\/#website\",\"url\":\"https:\/\/jornaltimoneiro.com.br\/\",\"name\":\"Jornal Timoneiro Canoas RS\",\"description\":\"Jornal O Timoneiro, o verdadeiro jornal de Canoas\",\"publisher\":{\"@id\":\"https:\/\/jornaltimoneiro.com.br\/#organization\"},\"potentialAction\":[{\"@type\":\"SearchAction\",\"target\":{\"@type\":\"EntryPoint\",\"urlTemplate\":\"https:\/\/jornaltimoneiro.com.br\/?s={search_term_string}\"},\"query-input\":\"required name=search_term_string\"}],\"inLanguage\":\"pt-BR\"},{\"@type\":\"Organization\",\"@id\":\"https:\/\/jornaltimoneiro.com.br\/#organization\",\"name\":\"Jornal Timoneiro Canoas RS\",\"url\":\"https:\/\/jornaltimoneiro.com.br\/\",\"logo\":{\"@type\":\"ImageObject\",\"inLanguage\":\"pt-BR\",\"@id\":\"https:\/\/jornaltimoneiro.com.br\/#\/schema\/logo\/image\/\",\"url\":\"https:\/\/jornaltimoneiro.com.br\/wp-content\/uploads\/2023\/03\/logonovo.png\",\"contentUrl\":\"https:\/\/jornaltimoneiro.com.br\/wp-content\/uploads\/2023\/03\/logonovo.png\",\"width\":\"469\",\"height\":\"171\",\"caption\":\"Jornal Timoneiro Canoas RS\"},\"image\":{\"@id\":\"https:\/\/jornaltimoneiro.com.br\/#\/schema\/logo\/image\/\"},\"sameAs\":[\"https:\/\/www.facebook.com\/jornaltimoneiro\",\"https:\/\/twitter.com\/_OTimoneiro\",\"https:\/\/www.instagram.com\/jornaltimoneirocanoas\/\",\"https:\/\/www.youtube.com\/@jornalotimoneiro7927\"]},{\"@type\":\"Person\",\"@id\":\"https:\/\/jornaltimoneiro.com.br\/#\/schema\/person\/620efd1d8244466117482be494360b08\",\"name\":\"Reda\u00e7\u00e3o\",\"image\":{\"@type\":\"ImageObject\",\"inLanguage\":\"pt-BR\",\"@id\":\"https:\/\/jornaltimoneiro.com.br\/#\/schema\/person\/image\/\",\"url\":\"https:\/\/secure.gravatar.com\/avatar\/2f04e1b304682a8d9db336c7acd77f08?s=96&d=mm&r=g\",\"contentUrl\":\"https:\/\/secure.gravatar.com\/avatar\/2f04e1b304682a8d9db336c7acd77f08?s=96&d=mm&r=g\",\"caption\":\"Reda\u00e7\u00e3o\"},\"url\":\"https:\/\/jornaltimoneiro.com.br\/index.php\/author\/timoneirocanoas\/\"}]}<\/script>\n<!-- \/ Yoast SEO plugin. -->","yoast_head_json":{"title":"Secret\u00e1rio promete transfer\u00eancia de companhia da BM - O Timoneiro Jornal Canoas RS","robots":{"index":"index","follow":"follow","max-snippet":"max-snippet:-1","max-image-preview":"max-image-preview:large","max-video-preview":"max-video-preview:-1"},"canonical":"https:\/\/jornaltimoneiro.com.br\/index.php\/2017\/05\/26\/secretario-promete-transferencia-de-companhia-da-bm\/","og_locale":"pt_BR","og_type":"article","og_title":"Secret\u00e1rio promete transfer\u00eancia de companhia da BM - O Timoneiro Jornal Canoas RS","og_description":"Foi promovida, nesta ter\u00e7a-feira, dia 23, na sede da Full Gauge Controls, reuni\u00e3o organizada pelo Sindilojas, onde foi discutida a transfer\u00eancia da 2\u00aa Companhia da Brigada Militar para a Av. J\u00falio de Castilhos, em frente \u00e0 Pra\u00e7a Dona Mocinha, no bairro Niter\u00f3i, em Canoas. Segundo o vice-presidente do Sindilojas, Itamar Tadeu Barboza da Silva, o [&hellip;]","og_url":"https:\/\/jornaltimoneiro.com.br\/index.php\/2017\/05\/26\/secretario-promete-transferencia-de-companhia-da-bm\/","og_site_name":"O Timoneiro Jornal Canoas RS","article_publisher":"https:\/\/www.facebook.com\/jornaltimoneiro","article_published_time":"2017-05-26T14:31:08+00:00","author":"Reda\u00e7\u00e3o","twitter_card":"summary_large_image","twitter_creator":"@_OTimoneiro","twitter_site":"@_OTimoneiro","twitter_misc":{"Escrito por":"Reda\u00e7\u00e3o","Est. tempo de leitura":"2 minutos"},"schema":{"@context":"https:\/\/schema.org","@graph":[{"@type":"Article","@id":"https:\/\/jornaltimoneiro.com.br\/index.php\/2017\/05\/26\/secretario-promete-transferencia-de-companhia-da-bm\/#article","isPartOf":{"@id":"https:\/\/jornaltimoneiro.com.br\/index.php\/2017\/05\/26\/secretario-promete-transferencia-de-companhia-da-bm\/"},"author":{"name":"Reda\u00e7\u00e3o","@id":"https:\/\/jornaltimoneiro.com.br\/#\/schema\/person\/620efd1d8244466117482be494360b08"},"headline":"Secret\u00e1rio promete transfer\u00eancia de companhia da BM","datePublished":"2017-05-26T14:31:08+00:00","dateModified":"2017-05-26T14:31:08+00:00","mainEntityOfPage":{"@id":"https:\/\/jornaltimoneiro.com.br\/index.php\/2017\/05\/26\/secretario-promete-transferencia-de-companhia-da-bm\/"},"wordCount":356,"commentCount":0,"publisher":{"@id":"https:\/\/jornaltimoneiro.com.br\/#organization"},"articleSection":["Destaques","Geral","Not\u00edcias"],"inLanguage":"pt-BR","potentialAction":[{"@type":"CommentAction","name":"Comment","target":["https:\/\/jornaltimoneiro.com.br\/index.php\/2017\/05\/26\/secretario-promete-transferencia-de-companhia-da-bm\/#respond"]}]},{"@type":"WebPage","@id":"https:\/\/jornaltimoneiro.com.br\/index.php\/2017\/05\/26\/secretario-promete-transferencia-de-companhia-da-bm\/","url":"https:\/\/jornaltimoneiro.com.br\/index.php\/2017\/05\/26\/secretario-promete-transferencia-de-companhia-da-bm\/","name":"Secret\u00e1rio promete transfer\u00eancia de companhia da BM - O Timoneiro Jornal Canoas RS","isPartOf":{"@id":"https:\/\/jornaltimoneiro.com.br\/#website"},"datePublished":"2017-05-26T14:31:08+00:00","dateModified":"2017-05-26T14:31:08+00:00","breadcrumb":{"@id":"https:\/\/jornaltimoneiro.com.br\/index.php\/2017\/05\/26\/secretario-promete-transferencia-de-companhia-da-bm\/#breadcrumb"},"inLanguage":"pt-BR","potentialAction":[{"@type":"ReadAction","target":["https:\/\/jornaltimoneiro.com.br\/index.php\/2017\/05\/26\/secretario-promete-transferencia-de-companhia-da-bm\/"]}]},{"@type":"BreadcrumbList","@id":"https:\/\/jornaltimoneiro.com.br\/index.php\/2017\/05\/26\/secretario-promete-transferencia-de-companhia-da-bm\/#breadcrumb","itemListElement":[{"@type":"ListItem","position":1,"name":"In\u00edcio","item":"https:\/\/jornaltimoneiro.com.br\/"},{"@type":"ListItem","position":2,"name":"Secret\u00e1rio promete transfer\u00eancia de companhia da BM"}]},{"@type":"WebSite","@id":"https:\/\/jornaltimoneiro.com.br\/#website","url":"https:\/\/jornaltimoneiro.com.br\/","name":"Jornal Timoneiro Canoas RS","description":"Jornal O Timoneiro, o verdadeiro jornal de Canoas","publisher":{"@id":"https:\/\/jornaltimoneiro.com.br\/#organization"},"potentialAction":[{"@type":"SearchAction","target":{"@type":"EntryPoint","urlTemplate":"https:\/\/jornaltimoneiro.com.br\/?s={search_term_string}"},"query-input":"required name=search_term_string"}],"inLanguage":"pt-BR"},{"@type":"Organization","@id":"https:\/\/jornaltimoneiro.com.br\/#organization","name":"Jornal Timoneiro Canoas RS","url":"https:\/\/jornaltimoneiro.com.br\/","logo":{"@type":"ImageObject","inLanguage":"pt-BR","@id":"https:\/\/jornaltimoneiro.com.br\/#\/schema\/logo\/image\/","url":"https:\/\/jornaltimoneiro.com.br\/wp-content\/uploads\/2023\/03\/logonovo.png","contentUrl":"https:\/\/jornaltimoneiro.com.br\/wp-content\/uploads\/2023\/03\/logonovo.png","width":"469","height":"171","caption":"Jornal Timoneiro Canoas RS"},"image":{"@id":"https:\/\/jornaltimoneiro.com.br\/#\/schema\/logo\/image\/"},"sameAs":["https:\/\/www.facebook.com\/jornaltimoneiro","https:\/\/twitter.com\/_OTimoneiro","https:\/\/www.instagram.com\/jornaltimoneirocanoas\/","https:\/\/www.youtube.com\/@jornalotimoneiro7927"]},{"@type":"Person","@id":"https:\/\/jornaltimoneiro.com.br\/#\/schema\/person\/620efd1d8244466117482be494360b08","name":"Reda\u00e7\u00e3o","image":{"@type":"ImageObject","inLanguage":"pt-BR","@id":"https:\/\/jornaltimoneiro.com.br\/#\/schema\/person\/image\/","url":"https:\/\/secure.gravatar.com\/avatar\/2f04e1b304682a8d9db336c7acd77f08?s=96&d=mm&r=g","contentUrl":"https:\/\/secure.gravatar.com\/avatar\/2f04e1b304682a8d9db336c7acd77f08?s=96&d=mm&r=g","caption":"Reda\u00e7\u00e3o"},"url":"https:\/\/jornaltimoneiro.com.br\/index.php\/author\/timoneirocanoas\/"}]}},"_links":{"self":[{"href":"https:\/\/jornaltimoneiro.com.br\/index.php\/wp-json\/wp\/v2\/posts\/7630"}],"collection":[{"href":"https:\/\/jornaltimoneiro.com.br\/index.php\/wp-json\/wp\/v2\/posts"}],"about":[{"href":"https:\/\/jornaltimoneiro.com.br\/index.php\/wp-json\/wp\/v2\/types\/post"}],"author":[{"embeddable":true,"href":"https:\/\/jornaltimoneiro.com.br\/index.php\/wp-json\/wp\/v2\/users\/1"}],"replies":[{"embeddable":true,"href":"https:\/\/jornaltimoneiro.com.br\/index.php\/wp-json\/wp\/v2\/comments?post=7630"}],"version-history":[{"count":0,"href":"https:\/\/jornaltimoneiro.com.br\/index.php\/wp-json\/wp\/v2\/posts\/7630\/revisions"}],"wp:featuredmedia":[{"embeddable":true,"href":"https:\/\/jornaltimoneiro.com.br\/index.php\/wp-json\/"}],"wp:attachment":[{"href":"https:\/\/jornaltimoneiro.com.br\/index.php\/wp-json\/wp\/v2\/media?parent=7630"}],"wp:term":[{"taxonomy":"category","embeddable":true,"href":"https:\/\/jornaltimoneiro.com.br\/index.php\/wp-json\/wp\/v2\/categories?post=7630"},{"taxonomy":"post_tag","embeddable":true,"href":"https:\/\/jornaltimoneiro.com.br\/index.php\/wp-json\/wp\/v2\/tags?post=7630"}],"curies":[{"name":"wp","href":"https:\/\/api.w.org\/{rel}","templated":true}]}}