{"id":7618,"date":"2017-05-26T11:12:10","date_gmt":"2017-05-26T14:12:10","guid":{"rendered":"http:\/\/otimoneiro.com.br\/?p=7618"},"modified":"2017-05-26T11:12:10","modified_gmt":"2017-05-26T14:12:10","slug":"laura-machazesk-e-os-lacres-de-latinhas-que-podem-fazer-o-bem","status":"publish","type":"post","link":"https:\/\/jornaltimoneiro.com.br\/index.php\/2017\/05\/26\/laura-machazesk-e-os-lacres-de-latinhas-que-podem-fazer-o-bem\/","title":{"rendered":"Laura Machazesk e os lacres de latinhas que podem fazer o bem"},"content":{"rendered":"<p><a href=\"http:\/\/otimoneiro.com.br\/wp-content\/uploads\/2017\/05\/DSC0242.jpg\"><img decoding=\"async\" class=\"aligncenter size-large wp-image-7619\" src=\"http:\/\/otimoneiro.com.br\/wp-content\/uploads\/2017\/05\/DSC0242-1024x683.jpg\" alt=\"_DSC0242\" width=\"1024\" height=\"683\" \/><\/a><\/p>\n<p>A solidariedade n\u00e3o tem idade. Aos 8 anos, Laura Machazesk realizou uma campanha de arrecada\u00e7\u00e3o de lacres de latinha para doar \u00e0 Associa\u00e7\u00e3o dos deficientes f\u00edsicos de Canoas (Acadef). A posterior venda dos lacres ajuda a Acadef na compra de materiais de necessidade b\u00e1sica a pessoas com defici\u00eancia e em vulnerabilidade social, assistidas pelo servi\u00e7o social da associa\u00e7\u00e3o.<\/p>\n<h3>Exemplo<\/h3>\n<p>Laura tem o exemplo em casa. Sua av\u00f3, Rosalina Machazesk, participa do clube de m\u00e3es S\u00e3o Carlos e sempre manteve engajamento nas causas sociais da cidade. A campanha envolveu diversas pessoas de diversos clubes de m\u00e3es.<\/p>\n<h3>Entrega dos lacres<\/h3>\n<p>T\u00edmida, Laura diz que ficou com vergonha quando entregou o resultado de sua campanha para os representantes da Acadef. No total, forma seis quilos de lacres arrecadados durante a campanha. Ela e sua m\u00e3e, em visita a O Timoneiro, contaram detalhes da campanha e j\u00e1 anunciaram que haver\u00e1 sequ\u00eancia.&#8221;Agora quero juntar tampinhas de garrafas&#8221;, diz Laura, e ainda promete voltar \u00e0 reda\u00e7\u00e3o do jornal ap\u00f3s a nova arrecada\u00e7\u00e3o.<\/p>\n<h3>Como ajudar<\/h3>\n<p>Empresas podem disponibilizar seus espa\u00e7o como ponto de coleta dos lacres. Para isso, devem entrar em contato pelo telefone 3466-9621 ou atrav\u00e9s do e-mail: comunicacao@acadef.com.br. As doa\u00e7\u00f5es dos lacres e tampas tamb\u00e9m podem ser entregues na sede da associa\u00e7\u00e3o, na Rua Fernando Abbot, 100.<\/p>\n","protected":false},"excerpt":{"rendered":"<p>A solidariedade n\u00e3o tem idade. Aos 8 anos, Laura Machazesk realizou uma campanha de arrecada\u00e7\u00e3o de lacres de latinha para doar \u00e0 Associa\u00e7\u00e3o dos deficientes f\u00edsicos de Canoas (Acadef). A posterior venda dos lacres ajuda a Acadef na compra de materiais de necessidade b\u00e1sica a pessoas com defici\u00eancia e em vulnerabilidade social, assistidas pelo servi\u00e7o [&hellip;]<\/p>\n","protected":false},"author":1,"featured_media":7619,"comment_status":"open","ping_status":"open","sticky":false,"template":"","format":"standard","meta":{"amp_status":"","footnotes":""},"categories":[25,19,23,22],"tags":[],"class_list":["post-7618","post","type-post","status-publish","format-standard","has-post-thumbnail","hentry","category-comunidade","category-destaques","category-geral","category-noticias"],"yoast_head":"<!-- This site is optimized with the Yoast SEO plugin v20.5 - https:\/\/yoast.com\/wordpress\/plugins\/seo\/ -->\n<title>Laura Machazesk e os lacres de latinhas que podem fazer o bem - O Timoneiro Jornal Canoas RS<\/title>\n<meta name=\"robots\" content=\"index, follow, max-snippet:-1, max-image-preview:large, max-video-preview:-1\" \/>\n<link rel=\"canonical\" href=\"https:\/\/jornaltimoneiro.com.br\/index.php\/2017\/05\/26\/laura-machazesk-e-os-lacres-de-latinhas-que-podem-fazer-o-bem\/\" \/>\n<meta property=\"og:locale\" content=\"pt_BR\" \/>\n<meta property=\"og:type\" content=\"article\" \/>\n<meta property=\"og:title\" content=\"Laura Machazesk e os lacres de latinhas que podem fazer o bem - O Timoneiro Jornal Canoas RS\" \/>\n<meta property=\"og:description\" content=\"A solidariedade n\u00e3o tem idade. Aos 8 anos, Laura Machazesk realizou uma campanha de arrecada\u00e7\u00e3o de lacres de latinha para doar \u00e0 Associa\u00e7\u00e3o dos deficientes f\u00edsicos de Canoas (Acadef). A posterior venda dos lacres ajuda a Acadef na compra de materiais de necessidade b\u00e1sica a pessoas com defici\u00eancia e em vulnerabilidade social, assistidas pelo servi\u00e7o [&hellip;]\" \/>\n<meta property=\"og:url\" content=\"https:\/\/jornaltimoneiro.com.br\/index.php\/2017\/05\/26\/laura-machazesk-e-os-lacres-de-latinhas-que-podem-fazer-o-bem\/\" \/>\n<meta property=\"og:site_name\" content=\"O Timoneiro Jornal Canoas RS\" \/>\n<meta property=\"article:publisher\" content=\"https:\/\/www.facebook.com\/jornaltimoneiro\" \/>\n<meta property=\"article:published_time\" content=\"2017-05-26T14:12:10+00:00\" \/>\n<meta name=\"author\" content=\"Reda\u00e7\u00e3o\" \/>\n<meta name=\"twitter:card\" content=\"summary_large_image\" \/>\n<meta name=\"twitter:creator\" content=\"@_OTimoneiro\" \/>\n<meta name=\"twitter:site\" content=\"@_OTimoneiro\" \/>\n<meta name=\"twitter:label1\" content=\"Escrito por\" \/>\n\t<meta name=\"twitter:data1\" content=\"Reda\u00e7\u00e3o\" \/>\n\t<meta name=\"twitter:label2\" content=\"Est. tempo de leitura\" \/>\n\t<meta name=\"twitter:data2\" content=\"1 minuto\" \/>\n<script type=\"application\/ld+json\" class=\"yoast-schema-graph\">{\"@context\":\"https:\/\/schema.org\",\"@graph\":[{\"@type\":\"Article\",\"@id\":\"https:\/\/jornaltimoneiro.com.br\/index.php\/2017\/05\/26\/laura-machazesk-e-os-lacres-de-latinhas-que-podem-fazer-o-bem\/#article\",\"isPartOf\":{\"@id\":\"https:\/\/jornaltimoneiro.com.br\/index.php\/2017\/05\/26\/laura-machazesk-e-os-lacres-de-latinhas-que-podem-fazer-o-bem\/\"},\"author\":{\"name\":\"Reda\u00e7\u00e3o\",\"@id\":\"https:\/\/jornaltimoneiro.com.br\/#\/schema\/person\/620efd1d8244466117482be494360b08\"},\"headline\":\"Laura Machazesk e os lacres de latinhas que podem fazer o bem\",\"datePublished\":\"2017-05-26T14:12:10+00:00\",\"dateModified\":\"2017-05-26T14:12:10+00:00\",\"mainEntityOfPage\":{\"@id\":\"https:\/\/jornaltimoneiro.com.br\/index.php\/2017\/05\/26\/laura-machazesk-e-os-lacres-de-latinhas-que-podem-fazer-o-bem\/\"},\"wordCount\":246,\"commentCount\":0,\"publisher\":{\"@id\":\"https:\/\/jornaltimoneiro.com.br\/#organization\"},\"articleSection\":[\"Comunidade\",\"Destaques\",\"Geral\",\"Not\u00edcias\"],\"inLanguage\":\"pt-BR\",\"potentialAction\":[{\"@type\":\"CommentAction\",\"name\":\"Comment\",\"target\":[\"https:\/\/jornaltimoneiro.com.br\/index.php\/2017\/05\/26\/laura-machazesk-e-os-lacres-de-latinhas-que-podem-fazer-o-bem\/#respond\"]}]},{\"@type\":\"WebPage\",\"@id\":\"https:\/\/jornaltimoneiro.com.br\/index.php\/2017\/05\/26\/laura-machazesk-e-os-lacres-de-latinhas-que-podem-fazer-o-bem\/\",\"url\":\"https:\/\/jornaltimoneiro.com.br\/index.php\/2017\/05\/26\/laura-machazesk-e-os-lacres-de-latinhas-que-podem-fazer-o-bem\/\",\"name\":\"Laura Machazesk e os lacres de latinhas que podem fazer o bem - O Timoneiro Jornal Canoas RS\",\"isPartOf\":{\"@id\":\"https:\/\/jornaltimoneiro.com.br\/#website\"},\"datePublished\":\"2017-05-26T14:12:10+00:00\",\"dateModified\":\"2017-05-26T14:12:10+00:00\",\"breadcrumb\":{\"@id\":\"https:\/\/jornaltimoneiro.com.br\/index.php\/2017\/05\/26\/laura-machazesk-e-os-lacres-de-latinhas-que-podem-fazer-o-bem\/#breadcrumb\"},\"inLanguage\":\"pt-BR\",\"potentialAction\":[{\"@type\":\"ReadAction\",\"target\":[\"https:\/\/jornaltimoneiro.com.br\/index.php\/2017\/05\/26\/laura-machazesk-e-os-lacres-de-latinhas-que-podem-fazer-o-bem\/\"]}]},{\"@type\":\"BreadcrumbList\",\"@id\":\"https:\/\/jornaltimoneiro.com.br\/index.php\/2017\/05\/26\/laura-machazesk-e-os-lacres-de-latinhas-que-podem-fazer-o-bem\/#breadcrumb\",\"itemListElement\":[{\"@type\":\"ListItem\",\"position\":1,\"name\":\"In\u00edcio\",\"item\":\"https:\/\/jornaltimoneiro.com.br\/\"},{\"@type\":\"ListItem\",\"position\":2,\"name\":\"Laura Machazesk e os lacres de latinhas que podem fazer o bem\"}]},{\"@type\":\"WebSite\",\"@id\":\"https:\/\/jornaltimoneiro.com.br\/#website\",\"url\":\"https:\/\/jornaltimoneiro.com.br\/\",\"name\":\"Jornal Timoneiro Canoas RS\",\"description\":\"Jornal O Timoneiro, o verdadeiro jornal de Canoas\",\"publisher\":{\"@id\":\"https:\/\/jornaltimoneiro.com.br\/#organization\"},\"potentialAction\":[{\"@type\":\"SearchAction\",\"target\":{\"@type\":\"EntryPoint\",\"urlTemplate\":\"https:\/\/jornaltimoneiro.com.br\/?s={search_term_string}\"},\"query-input\":\"required name=search_term_string\"}],\"inLanguage\":\"pt-BR\"},{\"@type\":\"Organization\",\"@id\":\"https:\/\/jornaltimoneiro.com.br\/#organization\",\"name\":\"Jornal Timoneiro Canoas RS\",\"url\":\"https:\/\/jornaltimoneiro.com.br\/\",\"logo\":{\"@type\":\"ImageObject\",\"inLanguage\":\"pt-BR\",\"@id\":\"https:\/\/jornaltimoneiro.com.br\/#\/schema\/logo\/image\/\",\"url\":\"https:\/\/jornaltimoneiro.com.br\/wp-content\/uploads\/2023\/03\/logonovo.png\",\"contentUrl\":\"https:\/\/jornaltimoneiro.com.br\/wp-content\/uploads\/2023\/03\/logonovo.png\",\"width\":\"469\",\"height\":\"171\",\"caption\":\"Jornal Timoneiro Canoas RS\"},\"image\":{\"@id\":\"https:\/\/jornaltimoneiro.com.br\/#\/schema\/logo\/image\/\"},\"sameAs\":[\"https:\/\/www.facebook.com\/jornaltimoneiro\",\"https:\/\/twitter.com\/_OTimoneiro\",\"https:\/\/www.instagram.com\/jornaltimoneirocanoas\/\",\"https:\/\/www.youtube.com\/@jornalotimoneiro7927\"]},{\"@type\":\"Person\",\"@id\":\"https:\/\/jornaltimoneiro.com.br\/#\/schema\/person\/620efd1d8244466117482be494360b08\",\"name\":\"Reda\u00e7\u00e3o\",\"image\":{\"@type\":\"ImageObject\",\"inLanguage\":\"pt-BR\",\"@id\":\"https:\/\/jornaltimoneiro.com.br\/#\/schema\/person\/image\/\",\"url\":\"https:\/\/secure.gravatar.com\/avatar\/2f04e1b304682a8d9db336c7acd77f08?s=96&d=mm&r=g\",\"contentUrl\":\"https:\/\/secure.gravatar.com\/avatar\/2f04e1b304682a8d9db336c7acd77f08?s=96&d=mm&r=g\",\"caption\":\"Reda\u00e7\u00e3o\"},\"url\":\"https:\/\/jornaltimoneiro.com.br\/index.php\/author\/timoneirocanoas\/\"}]}<\/script>\n<!-- \/ Yoast SEO plugin. -->","yoast_head_json":{"title":"Laura Machazesk e os lacres de latinhas que podem fazer o bem - O Timoneiro Jornal Canoas RS","robots":{"index":"index","follow":"follow","max-snippet":"max-snippet:-1","max-image-preview":"max-image-preview:large","max-video-preview":"max-video-preview:-1"},"canonical":"https:\/\/jornaltimoneiro.com.br\/index.php\/2017\/05\/26\/laura-machazesk-e-os-lacres-de-latinhas-que-podem-fazer-o-bem\/","og_locale":"pt_BR","og_type":"article","og_title":"Laura Machazesk e os lacres de latinhas que podem fazer o bem - O Timoneiro Jornal Canoas RS","og_description":"A solidariedade n\u00e3o tem idade. Aos 8 anos, Laura Machazesk realizou uma campanha de arrecada\u00e7\u00e3o de lacres de latinha para doar \u00e0 Associa\u00e7\u00e3o dos deficientes f\u00edsicos de Canoas (Acadef). A posterior venda dos lacres ajuda a Acadef na compra de materiais de necessidade b\u00e1sica a pessoas com defici\u00eancia e em vulnerabilidade social, assistidas pelo servi\u00e7o [&hellip;]","og_url":"https:\/\/jornaltimoneiro.com.br\/index.php\/2017\/05\/26\/laura-machazesk-e-os-lacres-de-latinhas-que-podem-fazer-o-bem\/","og_site_name":"O Timoneiro Jornal Canoas RS","article_publisher":"https:\/\/www.facebook.com\/jornaltimoneiro","article_published_time":"2017-05-26T14:12:10+00:00","author":"Reda\u00e7\u00e3o","twitter_card":"summary_large_image","twitter_creator":"@_OTimoneiro","twitter_site":"@_OTimoneiro","twitter_misc":{"Escrito por":"Reda\u00e7\u00e3o","Est. tempo de leitura":"1 minuto"},"schema":{"@context":"https:\/\/schema.org","@graph":[{"@type":"Article","@id":"https:\/\/jornaltimoneiro.com.br\/index.php\/2017\/05\/26\/laura-machazesk-e-os-lacres-de-latinhas-que-podem-fazer-o-bem\/#article","isPartOf":{"@id":"https:\/\/jornaltimoneiro.com.br\/index.php\/2017\/05\/26\/laura-machazesk-e-os-lacres-de-latinhas-que-podem-fazer-o-bem\/"},"author":{"name":"Reda\u00e7\u00e3o","@id":"https:\/\/jornaltimoneiro.com.br\/#\/schema\/person\/620efd1d8244466117482be494360b08"},"headline":"Laura Machazesk e os lacres de latinhas que podem fazer o bem","datePublished":"2017-05-26T14:12:10+00:00","dateModified":"2017-05-26T14:12:10+00:00","mainEntityOfPage":{"@id":"https:\/\/jornaltimoneiro.com.br\/index.php\/2017\/05\/26\/laura-machazesk-e-os-lacres-de-latinhas-que-podem-fazer-o-bem\/"},"wordCount":246,"commentCount":0,"publisher":{"@id":"https:\/\/jornaltimoneiro.com.br\/#organization"},"articleSection":["Comunidade","Destaques","Geral","Not\u00edcias"],"inLanguage":"pt-BR","potentialAction":[{"@type":"CommentAction","name":"Comment","target":["https:\/\/jornaltimoneiro.com.br\/index.php\/2017\/05\/26\/laura-machazesk-e-os-lacres-de-latinhas-que-podem-fazer-o-bem\/#respond"]}]},{"@type":"WebPage","@id":"https:\/\/jornaltimoneiro.com.br\/index.php\/2017\/05\/26\/laura-machazesk-e-os-lacres-de-latinhas-que-podem-fazer-o-bem\/","url":"https:\/\/jornaltimoneiro.com.br\/index.php\/2017\/05\/26\/laura-machazesk-e-os-lacres-de-latinhas-que-podem-fazer-o-bem\/","name":"Laura Machazesk e os lacres de latinhas que podem fazer o bem - O Timoneiro Jornal Canoas RS","isPartOf":{"@id":"https:\/\/jornaltimoneiro.com.br\/#website"},"datePublished":"2017-05-26T14:12:10+00:00","dateModified":"2017-05-26T14:12:10+00:00","breadcrumb":{"@id":"https:\/\/jornaltimoneiro.com.br\/index.php\/2017\/05\/26\/laura-machazesk-e-os-lacres-de-latinhas-que-podem-fazer-o-bem\/#breadcrumb"},"inLanguage":"pt-BR","potentialAction":[{"@type":"ReadAction","target":["https:\/\/jornaltimoneiro.com.br\/index.php\/2017\/05\/26\/laura-machazesk-e-os-lacres-de-latinhas-que-podem-fazer-o-bem\/"]}]},{"@type":"BreadcrumbList","@id":"https:\/\/jornaltimoneiro.com.br\/index.php\/2017\/05\/26\/laura-machazesk-e-os-lacres-de-latinhas-que-podem-fazer-o-bem\/#breadcrumb","itemListElement":[{"@type":"ListItem","position":1,"name":"In\u00edcio","item":"https:\/\/jornaltimoneiro.com.br\/"},{"@type":"ListItem","position":2,"name":"Laura Machazesk e os lacres de latinhas que podem fazer o bem"}]},{"@type":"WebSite","@id":"https:\/\/jornaltimoneiro.com.br\/#website","url":"https:\/\/jornaltimoneiro.com.br\/","name":"Jornal Timoneiro Canoas RS","description":"Jornal O Timoneiro, o verdadeiro jornal de Canoas","publisher":{"@id":"https:\/\/jornaltimoneiro.com.br\/#organization"},"potentialAction":[{"@type":"SearchAction","target":{"@type":"EntryPoint","urlTemplate":"https:\/\/jornaltimoneiro.com.br\/?s={search_term_string}"},"query-input":"required name=search_term_string"}],"inLanguage":"pt-BR"},{"@type":"Organization","@id":"https:\/\/jornaltimoneiro.com.br\/#organization","name":"Jornal Timoneiro Canoas RS","url":"https:\/\/jornaltimoneiro.com.br\/","logo":{"@type":"ImageObject","inLanguage":"pt-BR","@id":"https:\/\/jornaltimoneiro.com.br\/#\/schema\/logo\/image\/","url":"https:\/\/jornaltimoneiro.com.br\/wp-content\/uploads\/2023\/03\/logonovo.png","contentUrl":"https:\/\/jornaltimoneiro.com.br\/wp-content\/uploads\/2023\/03\/logonovo.png","width":"469","height":"171","caption":"Jornal Timoneiro Canoas RS"},"image":{"@id":"https:\/\/jornaltimoneiro.com.br\/#\/schema\/logo\/image\/"},"sameAs":["https:\/\/www.facebook.com\/jornaltimoneiro","https:\/\/twitter.com\/_OTimoneiro","https:\/\/www.instagram.com\/jornaltimoneirocanoas\/","https:\/\/www.youtube.com\/@jornalotimoneiro7927"]},{"@type":"Person","@id":"https:\/\/jornaltimoneiro.com.br\/#\/schema\/person\/620efd1d8244466117482be494360b08","name":"Reda\u00e7\u00e3o","image":{"@type":"ImageObject","inLanguage":"pt-BR","@id":"https:\/\/jornaltimoneiro.com.br\/#\/schema\/person\/image\/","url":"https:\/\/secure.gravatar.com\/avatar\/2f04e1b304682a8d9db336c7acd77f08?s=96&d=mm&r=g","contentUrl":"https:\/\/secure.gravatar.com\/avatar\/2f04e1b304682a8d9db336c7acd77f08?s=96&d=mm&r=g","caption":"Reda\u00e7\u00e3o"},"url":"https:\/\/jornaltimoneiro.com.br\/index.php\/author\/timoneirocanoas\/"}]}},"_links":{"self":[{"href":"https:\/\/jornaltimoneiro.com.br\/index.php\/wp-json\/wp\/v2\/posts\/7618"}],"collection":[{"href":"https:\/\/jornaltimoneiro.com.br\/index.php\/wp-json\/wp\/v2\/posts"}],"about":[{"href":"https:\/\/jornaltimoneiro.com.br\/index.php\/wp-json\/wp\/v2\/types\/post"}],"author":[{"embeddable":true,"href":"https:\/\/jornaltimoneiro.com.br\/index.php\/wp-json\/wp\/v2\/users\/1"}],"replies":[{"embeddable":true,"href":"https:\/\/jornaltimoneiro.com.br\/index.php\/wp-json\/wp\/v2\/comments?post=7618"}],"version-history":[{"count":0,"href":"https:\/\/jornaltimoneiro.com.br\/index.php\/wp-json\/wp\/v2\/posts\/7618\/revisions"}],"wp:featuredmedia":[{"embeddable":true,"href":"https:\/\/jornaltimoneiro.com.br\/index.php\/wp-json\/"}],"wp:attachment":[{"href":"https:\/\/jornaltimoneiro.com.br\/index.php\/wp-json\/wp\/v2\/media?parent=7618"}],"wp:term":[{"taxonomy":"category","embeddable":true,"href":"https:\/\/jornaltimoneiro.com.br\/index.php\/wp-json\/wp\/v2\/categories?post=7618"},{"taxonomy":"post_tag","embeddable":true,"href":"https:\/\/jornaltimoneiro.com.br\/index.php\/wp-json\/wp\/v2\/tags?post=7618"}],"curies":[{"name":"wp","href":"https:\/\/api.w.org\/{rel}","templated":true}]}}