{"id":7615,"date":"2017-05-26T11:05:25","date_gmt":"2017-05-26T14:05:25","guid":{"rendered":"http:\/\/otimoneiro.com.br\/?p=7615"},"modified":"2017-05-26T11:05:25","modified_gmt":"2017-05-26T14:05:25","slug":"vereadores-homenageiam-oticas-venus-pelos-seus-50-anos","status":"publish","type":"post","link":"https:\/\/jornaltimoneiro.com.br\/index.php\/2017\/05\/26\/vereadores-homenageiam-oticas-venus-pelos-seus-50-anos\/","title":{"rendered":"Vereadores homenageiam \u00d3ticas V\u00eanus pelos seus 50 anos"},"content":{"rendered":"<div id=\"attachment_7616\" style=\"width: 1034px\" class=\"wp-caption aligncenter\"><a href=\"http:\/\/otimoneiro.com.br\/wp-content\/uploads\/2017\/05\/AGEU-CARDOSO-Reporterfotografi-11.jpg\"><img decoding=\"async\" aria-describedby=\"caption-attachment-7616\" class=\"wp-image-7616 size-large\" src=\"http:\/\/otimoneiro.com.br\/wp-content\/uploads\/2017\/05\/AGEU-CARDOSO-Reporterfotografi-11-1024x683.jpg\" alt=\"AGEU CARDOSO Reporterfotografi (11)\" width=\"1024\" height=\"683\" \/><\/a><p id=\"caption-attachment-7616\" class=\"wp-caption-text\">Fam\u00edlia Neumann em homenagem feita pela C\u00e2mara<\/p><\/div>\n<p>A rede \u00d3ticas V\u00eanus recebeu homenagem na C\u00e2mara de Vereadores de Canoas pelos seus 50 anos de atividade, na sess\u00e3o realizada na ter\u00e7a-feira, dia 23.<br \/>\nO convite foi efetivado pelo Vereador C\u00e9sar Augusto (PRB), que ressaltou em seu pronunciamento a consolida\u00e7\u00e3o da empresa, os pr\u00eamios conquistados ao longo da sua hist\u00f3ria, o trabalho social desenvolvido e o pioneirismo na \u00e1rea de seguran\u00e7a industrial a qual \u00e9 fabricante de \u00f3culos de seguran\u00e7a com lentes corretivas para a ind\u00fastria brasileira.<\/p>\n<p>O propriet\u00e1rio da rede, Den\u00e9rio Neumann, destacou a import\u00e2ncia dos colaboradores para o sucesso da empresa e o carinho com que tratam os \u00f3culos. \u201cTodos entendem que cada dia \u00e9 importante. L\u00e1 no laborat\u00f3rio, mesmo que n\u00e3o tenham acesso ao nosso consumidor, eles procuram pensar: hoje eu vou fazer o melhor \u00f3culos, e cada \u00f3culos \u00e9 tratado com carinho, mesmo que n\u00e3o saibam quem \u00e9 a pessoa que vai usar.\u201d<\/p>\n<p>Neumann ainda dedicou a homenagem a todos os clientes da V\u00eanus. \u201cChegamos aos 50 anos gra\u00e7as \u00e0quele personagem principal, esse grande personagem na qual eu me rendo: s\u00e3o os nossos clientes. Dedico esta homenagem a todos os clientes das lojas V\u00eanus\u201d, afirmou o empres\u00e1rio.<\/p>\n<p>Durante toda a sess\u00e3o, Neumann estava acompanhado da esposa Marilene Rocho Neumann, sempre ao seu lado. O Grande Expediente contou tamb\u00e9m com a presen\u00e7a do secret\u00e1rio municipal de Desenvolvimento Econ\u00f4mico, Felipe Martini, autoridades, familiares, colaboradores, amigos e imprensa.<\/p>\n<h3>\n50 anos de \u00d3ticas V\u00eanus<\/h3>\n<p>A \u00d3ticas V\u00eanus foi fundada no dia 17 de maio de 1967, no bairro Niter\u00f3i, em Canoas. Hoje, a rede conta com 11 lojas nas cidades de Porto Alegre, Canoas, Esteio, Sapucaia do Sul, Gravata\u00ed e Cachoeirinha. A empresa \u00e9 especializada na \u00e1rea de seguran\u00e7a industrial, e tornou-se uma das maiores fornecedoras de \u00f3culos com lentes corretivas para a ind\u00fastria brasileira.<br \/>\nAo longo de sua hist\u00f3ria, as \u00d3ticas V\u00eanus recebeu in\u00fameros pr\u00eamios, com destaque ao Pr\u00eamio Talentos Empreendedores no ano de 2002, concedido \u00e0s empresas que apresentam excel\u00eancia de qualidade.<\/p>\n","protected":false},"excerpt":{"rendered":"<p>A rede \u00d3ticas V\u00eanus recebeu homenagem na C\u00e2mara de Vereadores de Canoas pelos seus 50 anos de atividade, na sess\u00e3o realizada na ter\u00e7a-feira, dia 23. O convite foi efetivado pelo Vereador C\u00e9sar Augusto (PRB), que ressaltou em seu pronunciamento a consolida\u00e7\u00e3o da empresa, os pr\u00eamios conquistados ao longo da sua hist\u00f3ria, o trabalho social desenvolvido [&hellip;]<\/p>\n","protected":false},"author":1,"featured_media":7616,"comment_status":"open","ping_status":"open","sticky":false,"template":"","format":"standard","meta":{"amp_status":"","footnotes":""},"categories":[19,23,22],"tags":[],"class_list":["post-7615","post","type-post","status-publish","format-standard","has-post-thumbnail","hentry","category-destaques","category-geral","category-noticias"],"yoast_head":"<!-- This site is optimized with the Yoast SEO plugin v20.5 - https:\/\/yoast.com\/wordpress\/plugins\/seo\/ -->\n<title>Vereadores homenageiam \u00d3ticas V\u00eanus pelos seus 50 anos - O Timoneiro Jornal Canoas RS<\/title>\n<meta name=\"robots\" content=\"index, follow, max-snippet:-1, max-image-preview:large, max-video-preview:-1\" \/>\n<link rel=\"canonical\" href=\"https:\/\/jornaltimoneiro.com.br\/index.php\/2017\/05\/26\/vereadores-homenageiam-oticas-venus-pelos-seus-50-anos\/\" \/>\n<meta property=\"og:locale\" content=\"pt_BR\" \/>\n<meta property=\"og:type\" content=\"article\" \/>\n<meta property=\"og:title\" content=\"Vereadores homenageiam \u00d3ticas V\u00eanus pelos seus 50 anos - O Timoneiro Jornal Canoas RS\" \/>\n<meta property=\"og:description\" content=\"A rede \u00d3ticas V\u00eanus recebeu homenagem na C\u00e2mara de Vereadores de Canoas pelos seus 50 anos de atividade, na sess\u00e3o realizada na ter\u00e7a-feira, dia 23. O convite foi efetivado pelo Vereador C\u00e9sar Augusto (PRB), que ressaltou em seu pronunciamento a consolida\u00e7\u00e3o da empresa, os pr\u00eamios conquistados ao longo da sua hist\u00f3ria, o trabalho social desenvolvido [&hellip;]\" \/>\n<meta property=\"og:url\" content=\"https:\/\/jornaltimoneiro.com.br\/index.php\/2017\/05\/26\/vereadores-homenageiam-oticas-venus-pelos-seus-50-anos\/\" \/>\n<meta property=\"og:site_name\" content=\"O Timoneiro Jornal Canoas RS\" \/>\n<meta property=\"article:publisher\" content=\"https:\/\/www.facebook.com\/jornaltimoneiro\" \/>\n<meta property=\"article:published_time\" content=\"2017-05-26T14:05:25+00:00\" \/>\n<meta name=\"author\" content=\"Reda\u00e7\u00e3o\" \/>\n<meta name=\"twitter:card\" content=\"summary_large_image\" \/>\n<meta name=\"twitter:creator\" content=\"@_OTimoneiro\" \/>\n<meta name=\"twitter:site\" content=\"@_OTimoneiro\" \/>\n<meta name=\"twitter:label1\" content=\"Escrito por\" \/>\n\t<meta name=\"twitter:data1\" content=\"Reda\u00e7\u00e3o\" \/>\n\t<meta name=\"twitter:label2\" content=\"Est. tempo de leitura\" \/>\n\t<meta name=\"twitter:data2\" content=\"2 minutos\" \/>\n<script type=\"application\/ld+json\" class=\"yoast-schema-graph\">{\"@context\":\"https:\/\/schema.org\",\"@graph\":[{\"@type\":\"Article\",\"@id\":\"https:\/\/jornaltimoneiro.com.br\/index.php\/2017\/05\/26\/vereadores-homenageiam-oticas-venus-pelos-seus-50-anos\/#article\",\"isPartOf\":{\"@id\":\"https:\/\/jornaltimoneiro.com.br\/index.php\/2017\/05\/26\/vereadores-homenageiam-oticas-venus-pelos-seus-50-anos\/\"},\"author\":{\"name\":\"Reda\u00e7\u00e3o\",\"@id\":\"https:\/\/jornaltimoneiro.com.br\/#\/schema\/person\/620efd1d8244466117482be494360b08\"},\"headline\":\"Vereadores homenageiam \u00d3ticas V\u00eanus pelos seus 50 anos\",\"datePublished\":\"2017-05-26T14:05:25+00:00\",\"dateModified\":\"2017-05-26T14:05:25+00:00\",\"mainEntityOfPage\":{\"@id\":\"https:\/\/jornaltimoneiro.com.br\/index.php\/2017\/05\/26\/vereadores-homenageiam-oticas-venus-pelos-seus-50-anos\/\"},\"wordCount\":374,\"commentCount\":0,\"publisher\":{\"@id\":\"https:\/\/jornaltimoneiro.com.br\/#organization\"},\"articleSection\":[\"Destaques\",\"Geral\",\"Not\u00edcias\"],\"inLanguage\":\"pt-BR\",\"potentialAction\":[{\"@type\":\"CommentAction\",\"name\":\"Comment\",\"target\":[\"https:\/\/jornaltimoneiro.com.br\/index.php\/2017\/05\/26\/vereadores-homenageiam-oticas-venus-pelos-seus-50-anos\/#respond\"]}]},{\"@type\":\"WebPage\",\"@id\":\"https:\/\/jornaltimoneiro.com.br\/index.php\/2017\/05\/26\/vereadores-homenageiam-oticas-venus-pelos-seus-50-anos\/\",\"url\":\"https:\/\/jornaltimoneiro.com.br\/index.php\/2017\/05\/26\/vereadores-homenageiam-oticas-venus-pelos-seus-50-anos\/\",\"name\":\"Vereadores homenageiam \u00d3ticas V\u00eanus pelos seus 50 anos - O Timoneiro Jornal Canoas RS\",\"isPartOf\":{\"@id\":\"https:\/\/jornaltimoneiro.com.br\/#website\"},\"datePublished\":\"2017-05-26T14:05:25+00:00\",\"dateModified\":\"2017-05-26T14:05:25+00:00\",\"breadcrumb\":{\"@id\":\"https:\/\/jornaltimoneiro.com.br\/index.php\/2017\/05\/26\/vereadores-homenageiam-oticas-venus-pelos-seus-50-anos\/#breadcrumb\"},\"inLanguage\":\"pt-BR\",\"potentialAction\":[{\"@type\":\"ReadAction\",\"target\":[\"https:\/\/jornaltimoneiro.com.br\/index.php\/2017\/05\/26\/vereadores-homenageiam-oticas-venus-pelos-seus-50-anos\/\"]}]},{\"@type\":\"BreadcrumbList\",\"@id\":\"https:\/\/jornaltimoneiro.com.br\/index.php\/2017\/05\/26\/vereadores-homenageiam-oticas-venus-pelos-seus-50-anos\/#breadcrumb\",\"itemListElement\":[{\"@type\":\"ListItem\",\"position\":1,\"name\":\"In\u00edcio\",\"item\":\"https:\/\/jornaltimoneiro.com.br\/\"},{\"@type\":\"ListItem\",\"position\":2,\"name\":\"Vereadores homenageiam \u00d3ticas V\u00eanus pelos seus 50 anos\"}]},{\"@type\":\"WebSite\",\"@id\":\"https:\/\/jornaltimoneiro.com.br\/#website\",\"url\":\"https:\/\/jornaltimoneiro.com.br\/\",\"name\":\"Jornal Timoneiro Canoas RS\",\"description\":\"Jornal O Timoneiro, o verdadeiro jornal de Canoas\",\"publisher\":{\"@id\":\"https:\/\/jornaltimoneiro.com.br\/#organization\"},\"potentialAction\":[{\"@type\":\"SearchAction\",\"target\":{\"@type\":\"EntryPoint\",\"urlTemplate\":\"https:\/\/jornaltimoneiro.com.br\/?s={search_term_string}\"},\"query-input\":\"required name=search_term_string\"}],\"inLanguage\":\"pt-BR\"},{\"@type\":\"Organization\",\"@id\":\"https:\/\/jornaltimoneiro.com.br\/#organization\",\"name\":\"Jornal Timoneiro Canoas RS\",\"url\":\"https:\/\/jornaltimoneiro.com.br\/\",\"logo\":{\"@type\":\"ImageObject\",\"inLanguage\":\"pt-BR\",\"@id\":\"https:\/\/jornaltimoneiro.com.br\/#\/schema\/logo\/image\/\",\"url\":\"https:\/\/jornaltimoneiro.com.br\/wp-content\/uploads\/2023\/03\/logonovo.png\",\"contentUrl\":\"https:\/\/jornaltimoneiro.com.br\/wp-content\/uploads\/2023\/03\/logonovo.png\",\"width\":\"469\",\"height\":\"171\",\"caption\":\"Jornal Timoneiro Canoas RS\"},\"image\":{\"@id\":\"https:\/\/jornaltimoneiro.com.br\/#\/schema\/logo\/image\/\"},\"sameAs\":[\"https:\/\/www.facebook.com\/jornaltimoneiro\",\"https:\/\/twitter.com\/_OTimoneiro\",\"https:\/\/www.instagram.com\/jornaltimoneirocanoas\/\",\"https:\/\/www.youtube.com\/@jornalotimoneiro7927\"]},{\"@type\":\"Person\",\"@id\":\"https:\/\/jornaltimoneiro.com.br\/#\/schema\/person\/620efd1d8244466117482be494360b08\",\"name\":\"Reda\u00e7\u00e3o\",\"image\":{\"@type\":\"ImageObject\",\"inLanguage\":\"pt-BR\",\"@id\":\"https:\/\/jornaltimoneiro.com.br\/#\/schema\/person\/image\/\",\"url\":\"https:\/\/secure.gravatar.com\/avatar\/2f04e1b304682a8d9db336c7acd77f08?s=96&d=mm&r=g\",\"contentUrl\":\"https:\/\/secure.gravatar.com\/avatar\/2f04e1b304682a8d9db336c7acd77f08?s=96&d=mm&r=g\",\"caption\":\"Reda\u00e7\u00e3o\"},\"url\":\"https:\/\/jornaltimoneiro.com.br\/index.php\/author\/timoneirocanoas\/\"}]}<\/script>\n<!-- \/ Yoast SEO plugin. -->","yoast_head_json":{"title":"Vereadores homenageiam \u00d3ticas V\u00eanus pelos seus 50 anos - O Timoneiro Jornal Canoas RS","robots":{"index":"index","follow":"follow","max-snippet":"max-snippet:-1","max-image-preview":"max-image-preview:large","max-video-preview":"max-video-preview:-1"},"canonical":"https:\/\/jornaltimoneiro.com.br\/index.php\/2017\/05\/26\/vereadores-homenageiam-oticas-venus-pelos-seus-50-anos\/","og_locale":"pt_BR","og_type":"article","og_title":"Vereadores homenageiam \u00d3ticas V\u00eanus pelos seus 50 anos - O Timoneiro Jornal Canoas RS","og_description":"A rede \u00d3ticas V\u00eanus recebeu homenagem na C\u00e2mara de Vereadores de Canoas pelos seus 50 anos de atividade, na sess\u00e3o realizada na ter\u00e7a-feira, dia 23. O convite foi efetivado pelo Vereador C\u00e9sar Augusto (PRB), que ressaltou em seu pronunciamento a consolida\u00e7\u00e3o da empresa, os pr\u00eamios conquistados ao longo da sua hist\u00f3ria, o trabalho social desenvolvido [&hellip;]","og_url":"https:\/\/jornaltimoneiro.com.br\/index.php\/2017\/05\/26\/vereadores-homenageiam-oticas-venus-pelos-seus-50-anos\/","og_site_name":"O Timoneiro Jornal Canoas RS","article_publisher":"https:\/\/www.facebook.com\/jornaltimoneiro","article_published_time":"2017-05-26T14:05:25+00:00","author":"Reda\u00e7\u00e3o","twitter_card":"summary_large_image","twitter_creator":"@_OTimoneiro","twitter_site":"@_OTimoneiro","twitter_misc":{"Escrito por":"Reda\u00e7\u00e3o","Est. tempo de leitura":"2 minutos"},"schema":{"@context":"https:\/\/schema.org","@graph":[{"@type":"Article","@id":"https:\/\/jornaltimoneiro.com.br\/index.php\/2017\/05\/26\/vereadores-homenageiam-oticas-venus-pelos-seus-50-anos\/#article","isPartOf":{"@id":"https:\/\/jornaltimoneiro.com.br\/index.php\/2017\/05\/26\/vereadores-homenageiam-oticas-venus-pelos-seus-50-anos\/"},"author":{"name":"Reda\u00e7\u00e3o","@id":"https:\/\/jornaltimoneiro.com.br\/#\/schema\/person\/620efd1d8244466117482be494360b08"},"headline":"Vereadores homenageiam \u00d3ticas V\u00eanus pelos seus 50 anos","datePublished":"2017-05-26T14:05:25+00:00","dateModified":"2017-05-26T14:05:25+00:00","mainEntityOfPage":{"@id":"https:\/\/jornaltimoneiro.com.br\/index.php\/2017\/05\/26\/vereadores-homenageiam-oticas-venus-pelos-seus-50-anos\/"},"wordCount":374,"commentCount":0,"publisher":{"@id":"https:\/\/jornaltimoneiro.com.br\/#organization"},"articleSection":["Destaques","Geral","Not\u00edcias"],"inLanguage":"pt-BR","potentialAction":[{"@type":"CommentAction","name":"Comment","target":["https:\/\/jornaltimoneiro.com.br\/index.php\/2017\/05\/26\/vereadores-homenageiam-oticas-venus-pelos-seus-50-anos\/#respond"]}]},{"@type":"WebPage","@id":"https:\/\/jornaltimoneiro.com.br\/index.php\/2017\/05\/26\/vereadores-homenageiam-oticas-venus-pelos-seus-50-anos\/","url":"https:\/\/jornaltimoneiro.com.br\/index.php\/2017\/05\/26\/vereadores-homenageiam-oticas-venus-pelos-seus-50-anos\/","name":"Vereadores homenageiam \u00d3ticas V\u00eanus pelos seus 50 anos - O Timoneiro Jornal Canoas RS","isPartOf":{"@id":"https:\/\/jornaltimoneiro.com.br\/#website"},"datePublished":"2017-05-26T14:05:25+00:00","dateModified":"2017-05-26T14:05:25+00:00","breadcrumb":{"@id":"https:\/\/jornaltimoneiro.com.br\/index.php\/2017\/05\/26\/vereadores-homenageiam-oticas-venus-pelos-seus-50-anos\/#breadcrumb"},"inLanguage":"pt-BR","potentialAction":[{"@type":"ReadAction","target":["https:\/\/jornaltimoneiro.com.br\/index.php\/2017\/05\/26\/vereadores-homenageiam-oticas-venus-pelos-seus-50-anos\/"]}]},{"@type":"BreadcrumbList","@id":"https:\/\/jornaltimoneiro.com.br\/index.php\/2017\/05\/26\/vereadores-homenageiam-oticas-venus-pelos-seus-50-anos\/#breadcrumb","itemListElement":[{"@type":"ListItem","position":1,"name":"In\u00edcio","item":"https:\/\/jornaltimoneiro.com.br\/"},{"@type":"ListItem","position":2,"name":"Vereadores homenageiam \u00d3ticas V\u00eanus pelos seus 50 anos"}]},{"@type":"WebSite","@id":"https:\/\/jornaltimoneiro.com.br\/#website","url":"https:\/\/jornaltimoneiro.com.br\/","name":"Jornal Timoneiro Canoas RS","description":"Jornal O Timoneiro, o verdadeiro jornal de Canoas","publisher":{"@id":"https:\/\/jornaltimoneiro.com.br\/#organization"},"potentialAction":[{"@type":"SearchAction","target":{"@type":"EntryPoint","urlTemplate":"https:\/\/jornaltimoneiro.com.br\/?s={search_term_string}"},"query-input":"required name=search_term_string"}],"inLanguage":"pt-BR"},{"@type":"Organization","@id":"https:\/\/jornaltimoneiro.com.br\/#organization","name":"Jornal Timoneiro Canoas RS","url":"https:\/\/jornaltimoneiro.com.br\/","logo":{"@type":"ImageObject","inLanguage":"pt-BR","@id":"https:\/\/jornaltimoneiro.com.br\/#\/schema\/logo\/image\/","url":"https:\/\/jornaltimoneiro.com.br\/wp-content\/uploads\/2023\/03\/logonovo.png","contentUrl":"https:\/\/jornaltimoneiro.com.br\/wp-content\/uploads\/2023\/03\/logonovo.png","width":"469","height":"171","caption":"Jornal Timoneiro Canoas RS"},"image":{"@id":"https:\/\/jornaltimoneiro.com.br\/#\/schema\/logo\/image\/"},"sameAs":["https:\/\/www.facebook.com\/jornaltimoneiro","https:\/\/twitter.com\/_OTimoneiro","https:\/\/www.instagram.com\/jornaltimoneirocanoas\/","https:\/\/www.youtube.com\/@jornalotimoneiro7927"]},{"@type":"Person","@id":"https:\/\/jornaltimoneiro.com.br\/#\/schema\/person\/620efd1d8244466117482be494360b08","name":"Reda\u00e7\u00e3o","image":{"@type":"ImageObject","inLanguage":"pt-BR","@id":"https:\/\/jornaltimoneiro.com.br\/#\/schema\/person\/image\/","url":"https:\/\/secure.gravatar.com\/avatar\/2f04e1b304682a8d9db336c7acd77f08?s=96&d=mm&r=g","contentUrl":"https:\/\/secure.gravatar.com\/avatar\/2f04e1b304682a8d9db336c7acd77f08?s=96&d=mm&r=g","caption":"Reda\u00e7\u00e3o"},"url":"https:\/\/jornaltimoneiro.com.br\/index.php\/author\/timoneirocanoas\/"}]}},"_links":{"self":[{"href":"https:\/\/jornaltimoneiro.com.br\/index.php\/wp-json\/wp\/v2\/posts\/7615"}],"collection":[{"href":"https:\/\/jornaltimoneiro.com.br\/index.php\/wp-json\/wp\/v2\/posts"}],"about":[{"href":"https:\/\/jornaltimoneiro.com.br\/index.php\/wp-json\/wp\/v2\/types\/post"}],"author":[{"embeddable":true,"href":"https:\/\/jornaltimoneiro.com.br\/index.php\/wp-json\/wp\/v2\/users\/1"}],"replies":[{"embeddable":true,"href":"https:\/\/jornaltimoneiro.com.br\/index.php\/wp-json\/wp\/v2\/comments?post=7615"}],"version-history":[{"count":0,"href":"https:\/\/jornaltimoneiro.com.br\/index.php\/wp-json\/wp\/v2\/posts\/7615\/revisions"}],"wp:featuredmedia":[{"embeddable":true,"href":"https:\/\/jornaltimoneiro.com.br\/index.php\/wp-json\/"}],"wp:attachment":[{"href":"https:\/\/jornaltimoneiro.com.br\/index.php\/wp-json\/wp\/v2\/media?parent=7615"}],"wp:term":[{"taxonomy":"category","embeddable":true,"href":"https:\/\/jornaltimoneiro.com.br\/index.php\/wp-json\/wp\/v2\/categories?post=7615"},{"taxonomy":"post_tag","embeddable":true,"href":"https:\/\/jornaltimoneiro.com.br\/index.php\/wp-json\/wp\/v2\/tags?post=7615"}],"curies":[{"name":"wp","href":"https:\/\/api.w.org\/{rel}","templated":true}]}}