{"id":7604,"date":"2017-05-26T10:48:06","date_gmt":"2017-05-26T13:48:06","guid":{"rendered":"http:\/\/otimoneiro.com.br\/?p=7604"},"modified":"2017-05-26T10:48:06","modified_gmt":"2017-05-26T13:48:06","slug":"inclusao-acadef-realiza-campanha-para-ampliacao-de-predio","status":"publish","type":"post","link":"https:\/\/jornaltimoneiro.com.br\/index.php\/2017\/05\/26\/inclusao-acadef-realiza-campanha-para-ampliacao-de-predio\/","title":{"rendered":"Inclus\u00e3o: Acadef realiza campanha para amplia\u00e7\u00e3o de pr\u00e9dio"},"content":{"rendered":"<p><a href=\"http:\/\/otimoneiro.com.br\/wp-content\/uploads\/2017\/05\/Capturar.jpg\"><img decoding=\"async\" class=\"aligncenter size-large wp-image-7605\" src=\"http:\/\/otimoneiro.com.br\/wp-content\/uploads\/2017\/05\/Capturar-1024x574.jpg\" alt=\"Capturar\" width=\"1024\" height=\"574\" \/><\/a><\/p>\n<p>A Associa\u00e7\u00e3o Canoense de Deficientes F\u00edsicos (Acadef), que completou 33 anos no \u00faltimo dia 20 de maio, pede ajuda \u00e0 comunidade canoense para ampliar seus canais de ajuda \u00e0s pessoas com defici\u00eancias (PCDs). A entidade lan\u00e7ou campanha de arrecada\u00e7\u00e3o de recursos para a constru\u00e7\u00e3o de um anexo que ter\u00e1 novas salas de fisioterapia e amplia\u00e7\u00e3o da oficina ortop\u00e9dica com tecnologia de ponta.<\/p>\n<h3>Demanda<\/h3>\n<p>A Acadef ressalta que tal amplia\u00e7\u00e3o se faz necess\u00e1ria devido ao crescimento cont\u00ednuo da demanda de atendimento. &#8220;S\u00e3o in\u00fameras pessoas amputadas, lesionadas que necessitam de equipamentos de ponta, de atendimento de qualidade.&#8221;De acordo com a associa\u00e7\u00e3o, o objetivo \u00e9 fazer com que mais pessoas possam buscar uma vida melhor.<\/p>\n<h3>Parceiros<\/h3>\n<p>A comunidade pode ajudar e se tornar um \u201cParceiro da Obra\u201d. De acordo com a Acadef, s\u00e3o 3 andares novos, totalizando 1000 m\u00b2 acess\u00edveis a pessoas com defici\u00eancia, compreendendo: recep\u00e7\u00e3o, elevador, salas de atendimento cl\u00ednico, climatiza\u00e7\u00e3o quente e frio, banheiros e oficina ortop\u00e9dica.<\/p>\n<h3>Doa\u00e7\u00f5es<\/h3>\n<p>Para doar quantias em dinheiro, \u00e9 necess\u00e1rio realizar dep\u00f3sito banc\u00e1rio, via boleto, no Pagseguro ou diretamente na sede da Acadef. A conta da Acadef \u00e9: Banco do Brasil, ag\u00eancia: 0479-0, conta: 5.200-0.<\/p>\n<p>J\u00e1 para as doa\u00e7\u00f5es de materiais de constru\u00e7\u00e3o, podem ser entregues os seguintes itens: cimento, areia regular, cal hidratado, brita modelo \u201c0\u201d, tijolos (consulte modelo), tintas (consulte tipo e cor), cer\u00e2micas (consulte modelos), cimento cola, materiais el\u00e9tricos (consulte), ferros (consulte), madeiras, pregos, arames (consulte), material hidr\u00e1ulico (consulte). Para mais informa\u00e7\u00f5es, entre em contato com a Acadef, pelos n\u00fameros: (51) 3466.9621 e 3466.9723.<\/p>\n<p><a href=\"http:\/\/otimoneiro.com.br\/wp-content\/uploads\/2017\/05\/Capturar-2.jpg\"><img decoding=\"async\" class=\"aligncenter size-large wp-image-7606\" src=\"http:\/\/otimoneiro.com.br\/wp-content\/uploads\/2017\/05\/Capturar-2-1024x568.jpg\" alt=\"Capturar 2\" width=\"1024\" height=\"568\" \/><\/a><\/p>\n","protected":false},"excerpt":{"rendered":"<p>A Associa\u00e7\u00e3o Canoense de Deficientes F\u00edsicos (Acadef), que completou 33 anos no \u00faltimo dia 20 de maio, pede ajuda \u00e0 comunidade canoense para ampliar seus canais de ajuda \u00e0s pessoas com defici\u00eancias (PCDs). A entidade lan\u00e7ou campanha de arrecada\u00e7\u00e3o de recursos para a constru\u00e7\u00e3o de um anexo que ter\u00e1 novas salas de fisioterapia e amplia\u00e7\u00e3o [&hellip;]<\/p>\n","protected":false},"author":1,"featured_media":7605,"comment_status":"open","ping_status":"open","sticky":false,"template":"","format":"standard","meta":{"amp_status":"","footnotes":""},"categories":[25,19,23,22],"tags":[],"class_list":["post-7604","post","type-post","status-publish","format-standard","has-post-thumbnail","hentry","category-comunidade","category-destaques","category-geral","category-noticias"],"yoast_head":"<!-- This site is optimized with the Yoast SEO plugin v20.5 - https:\/\/yoast.com\/wordpress\/plugins\/seo\/ -->\n<title>Inclus\u00e3o: Acadef realiza campanha para amplia\u00e7\u00e3o de pr\u00e9dio - O Timoneiro Jornal Canoas RS<\/title>\n<meta name=\"robots\" content=\"index, follow, max-snippet:-1, max-image-preview:large, max-video-preview:-1\" \/>\n<link rel=\"canonical\" href=\"https:\/\/jornaltimoneiro.com.br\/index.php\/2017\/05\/26\/inclusao-acadef-realiza-campanha-para-ampliacao-de-predio\/\" \/>\n<meta property=\"og:locale\" content=\"pt_BR\" \/>\n<meta property=\"og:type\" content=\"article\" \/>\n<meta property=\"og:title\" content=\"Inclus\u00e3o: Acadef realiza campanha para amplia\u00e7\u00e3o de pr\u00e9dio - O Timoneiro Jornal Canoas RS\" \/>\n<meta property=\"og:description\" content=\"A Associa\u00e7\u00e3o Canoense de Deficientes F\u00edsicos (Acadef), que completou 33 anos no \u00faltimo dia 20 de maio, pede ajuda \u00e0 comunidade canoense para ampliar seus canais de ajuda \u00e0s pessoas com defici\u00eancias (PCDs). A entidade lan\u00e7ou campanha de arrecada\u00e7\u00e3o de recursos para a constru\u00e7\u00e3o de um anexo que ter\u00e1 novas salas de fisioterapia e amplia\u00e7\u00e3o [&hellip;]\" \/>\n<meta property=\"og:url\" content=\"https:\/\/jornaltimoneiro.com.br\/index.php\/2017\/05\/26\/inclusao-acadef-realiza-campanha-para-ampliacao-de-predio\/\" \/>\n<meta property=\"og:site_name\" content=\"O Timoneiro Jornal Canoas RS\" \/>\n<meta property=\"article:publisher\" content=\"https:\/\/www.facebook.com\/jornaltimoneiro\" \/>\n<meta property=\"article:published_time\" content=\"2017-05-26T13:48:06+00:00\" \/>\n<meta name=\"author\" content=\"Reda\u00e7\u00e3o\" \/>\n<meta name=\"twitter:card\" content=\"summary_large_image\" \/>\n<meta name=\"twitter:creator\" content=\"@_OTimoneiro\" \/>\n<meta name=\"twitter:site\" content=\"@_OTimoneiro\" \/>\n<meta name=\"twitter:label1\" content=\"Escrito por\" \/>\n\t<meta name=\"twitter:data1\" content=\"Reda\u00e7\u00e3o\" \/>\n\t<meta name=\"twitter:label2\" content=\"Est. tempo de leitura\" \/>\n\t<meta name=\"twitter:data2\" content=\"1 minuto\" \/>\n<script type=\"application\/ld+json\" class=\"yoast-schema-graph\">{\"@context\":\"https:\/\/schema.org\",\"@graph\":[{\"@type\":\"Article\",\"@id\":\"https:\/\/jornaltimoneiro.com.br\/index.php\/2017\/05\/26\/inclusao-acadef-realiza-campanha-para-ampliacao-de-predio\/#article\",\"isPartOf\":{\"@id\":\"https:\/\/jornaltimoneiro.com.br\/index.php\/2017\/05\/26\/inclusao-acadef-realiza-campanha-para-ampliacao-de-predio\/\"},\"author\":{\"name\":\"Reda\u00e7\u00e3o\",\"@id\":\"https:\/\/jornaltimoneiro.com.br\/#\/schema\/person\/620efd1d8244466117482be494360b08\"},\"headline\":\"Inclus\u00e3o: Acadef realiza campanha para amplia\u00e7\u00e3o de pr\u00e9dio\",\"datePublished\":\"2017-05-26T13:48:06+00:00\",\"dateModified\":\"2017-05-26T13:48:06+00:00\",\"mainEntityOfPage\":{\"@id\":\"https:\/\/jornaltimoneiro.com.br\/index.php\/2017\/05\/26\/inclusao-acadef-realiza-campanha-para-ampliacao-de-predio\/\"},\"wordCount\":284,\"commentCount\":0,\"publisher\":{\"@id\":\"https:\/\/jornaltimoneiro.com.br\/#organization\"},\"articleSection\":[\"Comunidade\",\"Destaques\",\"Geral\",\"Not\u00edcias\"],\"inLanguage\":\"pt-BR\",\"potentialAction\":[{\"@type\":\"CommentAction\",\"name\":\"Comment\",\"target\":[\"https:\/\/jornaltimoneiro.com.br\/index.php\/2017\/05\/26\/inclusao-acadef-realiza-campanha-para-ampliacao-de-predio\/#respond\"]}]},{\"@type\":\"WebPage\",\"@id\":\"https:\/\/jornaltimoneiro.com.br\/index.php\/2017\/05\/26\/inclusao-acadef-realiza-campanha-para-ampliacao-de-predio\/\",\"url\":\"https:\/\/jornaltimoneiro.com.br\/index.php\/2017\/05\/26\/inclusao-acadef-realiza-campanha-para-ampliacao-de-predio\/\",\"name\":\"Inclus\u00e3o: Acadef realiza campanha para amplia\u00e7\u00e3o de pr\u00e9dio - O Timoneiro Jornal Canoas RS\",\"isPartOf\":{\"@id\":\"https:\/\/jornaltimoneiro.com.br\/#website\"},\"datePublished\":\"2017-05-26T13:48:06+00:00\",\"dateModified\":\"2017-05-26T13:48:06+00:00\",\"breadcrumb\":{\"@id\":\"https:\/\/jornaltimoneiro.com.br\/index.php\/2017\/05\/26\/inclusao-acadef-realiza-campanha-para-ampliacao-de-predio\/#breadcrumb\"},\"inLanguage\":\"pt-BR\",\"potentialAction\":[{\"@type\":\"ReadAction\",\"target\":[\"https:\/\/jornaltimoneiro.com.br\/index.php\/2017\/05\/26\/inclusao-acadef-realiza-campanha-para-ampliacao-de-predio\/\"]}]},{\"@type\":\"BreadcrumbList\",\"@id\":\"https:\/\/jornaltimoneiro.com.br\/index.php\/2017\/05\/26\/inclusao-acadef-realiza-campanha-para-ampliacao-de-predio\/#breadcrumb\",\"itemListElement\":[{\"@type\":\"ListItem\",\"position\":1,\"name\":\"In\u00edcio\",\"item\":\"https:\/\/jornaltimoneiro.com.br\/\"},{\"@type\":\"ListItem\",\"position\":2,\"name\":\"Inclus\u00e3o: Acadef realiza campanha para amplia\u00e7\u00e3o de pr\u00e9dio\"}]},{\"@type\":\"WebSite\",\"@id\":\"https:\/\/jornaltimoneiro.com.br\/#website\",\"url\":\"https:\/\/jornaltimoneiro.com.br\/\",\"name\":\"Jornal Timoneiro Canoas RS\",\"description\":\"Jornal O Timoneiro, o verdadeiro jornal de Canoas\",\"publisher\":{\"@id\":\"https:\/\/jornaltimoneiro.com.br\/#organization\"},\"potentialAction\":[{\"@type\":\"SearchAction\",\"target\":{\"@type\":\"EntryPoint\",\"urlTemplate\":\"https:\/\/jornaltimoneiro.com.br\/?s={search_term_string}\"},\"query-input\":\"required name=search_term_string\"}],\"inLanguage\":\"pt-BR\"},{\"@type\":\"Organization\",\"@id\":\"https:\/\/jornaltimoneiro.com.br\/#organization\",\"name\":\"Jornal Timoneiro Canoas RS\",\"url\":\"https:\/\/jornaltimoneiro.com.br\/\",\"logo\":{\"@type\":\"ImageObject\",\"inLanguage\":\"pt-BR\",\"@id\":\"https:\/\/jornaltimoneiro.com.br\/#\/schema\/logo\/image\/\",\"url\":\"https:\/\/jornaltimoneiro.com.br\/wp-content\/uploads\/2023\/03\/logonovo.png\",\"contentUrl\":\"https:\/\/jornaltimoneiro.com.br\/wp-content\/uploads\/2023\/03\/logonovo.png\",\"width\":\"469\",\"height\":\"171\",\"caption\":\"Jornal Timoneiro Canoas RS\"},\"image\":{\"@id\":\"https:\/\/jornaltimoneiro.com.br\/#\/schema\/logo\/image\/\"},\"sameAs\":[\"https:\/\/www.facebook.com\/jornaltimoneiro\",\"https:\/\/twitter.com\/_OTimoneiro\",\"https:\/\/www.instagram.com\/jornaltimoneirocanoas\/\",\"https:\/\/www.youtube.com\/@jornalotimoneiro7927\"]},{\"@type\":\"Person\",\"@id\":\"https:\/\/jornaltimoneiro.com.br\/#\/schema\/person\/620efd1d8244466117482be494360b08\",\"name\":\"Reda\u00e7\u00e3o\",\"image\":{\"@type\":\"ImageObject\",\"inLanguage\":\"pt-BR\",\"@id\":\"https:\/\/jornaltimoneiro.com.br\/#\/schema\/person\/image\/\",\"url\":\"https:\/\/secure.gravatar.com\/avatar\/2f04e1b304682a8d9db336c7acd77f08?s=96&d=mm&r=g\",\"contentUrl\":\"https:\/\/secure.gravatar.com\/avatar\/2f04e1b304682a8d9db336c7acd77f08?s=96&d=mm&r=g\",\"caption\":\"Reda\u00e7\u00e3o\"},\"url\":\"https:\/\/jornaltimoneiro.com.br\/index.php\/author\/timoneirocanoas\/\"}]}<\/script>\n<!-- \/ Yoast SEO plugin. -->","yoast_head_json":{"title":"Inclus\u00e3o: Acadef realiza campanha para amplia\u00e7\u00e3o de pr\u00e9dio - O Timoneiro Jornal Canoas RS","robots":{"index":"index","follow":"follow","max-snippet":"max-snippet:-1","max-image-preview":"max-image-preview:large","max-video-preview":"max-video-preview:-1"},"canonical":"https:\/\/jornaltimoneiro.com.br\/index.php\/2017\/05\/26\/inclusao-acadef-realiza-campanha-para-ampliacao-de-predio\/","og_locale":"pt_BR","og_type":"article","og_title":"Inclus\u00e3o: Acadef realiza campanha para amplia\u00e7\u00e3o de pr\u00e9dio - O Timoneiro Jornal Canoas RS","og_description":"A Associa\u00e7\u00e3o Canoense de Deficientes F\u00edsicos (Acadef), que completou 33 anos no \u00faltimo dia 20 de maio, pede ajuda \u00e0 comunidade canoense para ampliar seus canais de ajuda \u00e0s pessoas com defici\u00eancias (PCDs). A entidade lan\u00e7ou campanha de arrecada\u00e7\u00e3o de recursos para a constru\u00e7\u00e3o de um anexo que ter\u00e1 novas salas de fisioterapia e amplia\u00e7\u00e3o [&hellip;]","og_url":"https:\/\/jornaltimoneiro.com.br\/index.php\/2017\/05\/26\/inclusao-acadef-realiza-campanha-para-ampliacao-de-predio\/","og_site_name":"O Timoneiro Jornal Canoas RS","article_publisher":"https:\/\/www.facebook.com\/jornaltimoneiro","article_published_time":"2017-05-26T13:48:06+00:00","author":"Reda\u00e7\u00e3o","twitter_card":"summary_large_image","twitter_creator":"@_OTimoneiro","twitter_site":"@_OTimoneiro","twitter_misc":{"Escrito por":"Reda\u00e7\u00e3o","Est. tempo de leitura":"1 minuto"},"schema":{"@context":"https:\/\/schema.org","@graph":[{"@type":"Article","@id":"https:\/\/jornaltimoneiro.com.br\/index.php\/2017\/05\/26\/inclusao-acadef-realiza-campanha-para-ampliacao-de-predio\/#article","isPartOf":{"@id":"https:\/\/jornaltimoneiro.com.br\/index.php\/2017\/05\/26\/inclusao-acadef-realiza-campanha-para-ampliacao-de-predio\/"},"author":{"name":"Reda\u00e7\u00e3o","@id":"https:\/\/jornaltimoneiro.com.br\/#\/schema\/person\/620efd1d8244466117482be494360b08"},"headline":"Inclus\u00e3o: Acadef realiza campanha para amplia\u00e7\u00e3o de pr\u00e9dio","datePublished":"2017-05-26T13:48:06+00:00","dateModified":"2017-05-26T13:48:06+00:00","mainEntityOfPage":{"@id":"https:\/\/jornaltimoneiro.com.br\/index.php\/2017\/05\/26\/inclusao-acadef-realiza-campanha-para-ampliacao-de-predio\/"},"wordCount":284,"commentCount":0,"publisher":{"@id":"https:\/\/jornaltimoneiro.com.br\/#organization"},"articleSection":["Comunidade","Destaques","Geral","Not\u00edcias"],"inLanguage":"pt-BR","potentialAction":[{"@type":"CommentAction","name":"Comment","target":["https:\/\/jornaltimoneiro.com.br\/index.php\/2017\/05\/26\/inclusao-acadef-realiza-campanha-para-ampliacao-de-predio\/#respond"]}]},{"@type":"WebPage","@id":"https:\/\/jornaltimoneiro.com.br\/index.php\/2017\/05\/26\/inclusao-acadef-realiza-campanha-para-ampliacao-de-predio\/","url":"https:\/\/jornaltimoneiro.com.br\/index.php\/2017\/05\/26\/inclusao-acadef-realiza-campanha-para-ampliacao-de-predio\/","name":"Inclus\u00e3o: Acadef realiza campanha para amplia\u00e7\u00e3o de pr\u00e9dio - O Timoneiro Jornal Canoas RS","isPartOf":{"@id":"https:\/\/jornaltimoneiro.com.br\/#website"},"datePublished":"2017-05-26T13:48:06+00:00","dateModified":"2017-05-26T13:48:06+00:00","breadcrumb":{"@id":"https:\/\/jornaltimoneiro.com.br\/index.php\/2017\/05\/26\/inclusao-acadef-realiza-campanha-para-ampliacao-de-predio\/#breadcrumb"},"inLanguage":"pt-BR","potentialAction":[{"@type":"ReadAction","target":["https:\/\/jornaltimoneiro.com.br\/index.php\/2017\/05\/26\/inclusao-acadef-realiza-campanha-para-ampliacao-de-predio\/"]}]},{"@type":"BreadcrumbList","@id":"https:\/\/jornaltimoneiro.com.br\/index.php\/2017\/05\/26\/inclusao-acadef-realiza-campanha-para-ampliacao-de-predio\/#breadcrumb","itemListElement":[{"@type":"ListItem","position":1,"name":"In\u00edcio","item":"https:\/\/jornaltimoneiro.com.br\/"},{"@type":"ListItem","position":2,"name":"Inclus\u00e3o: Acadef realiza campanha para amplia\u00e7\u00e3o de pr\u00e9dio"}]},{"@type":"WebSite","@id":"https:\/\/jornaltimoneiro.com.br\/#website","url":"https:\/\/jornaltimoneiro.com.br\/","name":"Jornal Timoneiro Canoas RS","description":"Jornal O Timoneiro, o verdadeiro jornal de Canoas","publisher":{"@id":"https:\/\/jornaltimoneiro.com.br\/#organization"},"potentialAction":[{"@type":"SearchAction","target":{"@type":"EntryPoint","urlTemplate":"https:\/\/jornaltimoneiro.com.br\/?s={search_term_string}"},"query-input":"required name=search_term_string"}],"inLanguage":"pt-BR"},{"@type":"Organization","@id":"https:\/\/jornaltimoneiro.com.br\/#organization","name":"Jornal Timoneiro Canoas RS","url":"https:\/\/jornaltimoneiro.com.br\/","logo":{"@type":"ImageObject","inLanguage":"pt-BR","@id":"https:\/\/jornaltimoneiro.com.br\/#\/schema\/logo\/image\/","url":"https:\/\/jornaltimoneiro.com.br\/wp-content\/uploads\/2023\/03\/logonovo.png","contentUrl":"https:\/\/jornaltimoneiro.com.br\/wp-content\/uploads\/2023\/03\/logonovo.png","width":"469","height":"171","caption":"Jornal Timoneiro Canoas RS"},"image":{"@id":"https:\/\/jornaltimoneiro.com.br\/#\/schema\/logo\/image\/"},"sameAs":["https:\/\/www.facebook.com\/jornaltimoneiro","https:\/\/twitter.com\/_OTimoneiro","https:\/\/www.instagram.com\/jornaltimoneirocanoas\/","https:\/\/www.youtube.com\/@jornalotimoneiro7927"]},{"@type":"Person","@id":"https:\/\/jornaltimoneiro.com.br\/#\/schema\/person\/620efd1d8244466117482be494360b08","name":"Reda\u00e7\u00e3o","image":{"@type":"ImageObject","inLanguage":"pt-BR","@id":"https:\/\/jornaltimoneiro.com.br\/#\/schema\/person\/image\/","url":"https:\/\/secure.gravatar.com\/avatar\/2f04e1b304682a8d9db336c7acd77f08?s=96&d=mm&r=g","contentUrl":"https:\/\/secure.gravatar.com\/avatar\/2f04e1b304682a8d9db336c7acd77f08?s=96&d=mm&r=g","caption":"Reda\u00e7\u00e3o"},"url":"https:\/\/jornaltimoneiro.com.br\/index.php\/author\/timoneirocanoas\/"}]}},"_links":{"self":[{"href":"https:\/\/jornaltimoneiro.com.br\/index.php\/wp-json\/wp\/v2\/posts\/7604"}],"collection":[{"href":"https:\/\/jornaltimoneiro.com.br\/index.php\/wp-json\/wp\/v2\/posts"}],"about":[{"href":"https:\/\/jornaltimoneiro.com.br\/index.php\/wp-json\/wp\/v2\/types\/post"}],"author":[{"embeddable":true,"href":"https:\/\/jornaltimoneiro.com.br\/index.php\/wp-json\/wp\/v2\/users\/1"}],"replies":[{"embeddable":true,"href":"https:\/\/jornaltimoneiro.com.br\/index.php\/wp-json\/wp\/v2\/comments?post=7604"}],"version-history":[{"count":0,"href":"https:\/\/jornaltimoneiro.com.br\/index.php\/wp-json\/wp\/v2\/posts\/7604\/revisions"}],"wp:featuredmedia":[{"embeddable":true,"href":"https:\/\/jornaltimoneiro.com.br\/index.php\/wp-json\/"}],"wp:attachment":[{"href":"https:\/\/jornaltimoneiro.com.br\/index.php\/wp-json\/wp\/v2\/media?parent=7604"}],"wp:term":[{"taxonomy":"category","embeddable":true,"href":"https:\/\/jornaltimoneiro.com.br\/index.php\/wp-json\/wp\/v2\/categories?post=7604"},{"taxonomy":"post_tag","embeddable":true,"href":"https:\/\/jornaltimoneiro.com.br\/index.php\/wp-json\/wp\/v2\/tags?post=7604"}],"curies":[{"name":"wp","href":"https:\/\/api.w.org\/{rel}","templated":true}]}}