{"id":7588,"date":"2017-05-24T11:55:41","date_gmt":"2017-05-24T14:55:41","guid":{"rendered":"http:\/\/otimoneiro.com.br\/?p=7588"},"modified":"2017-05-24T11:55:41","modified_gmt":"2017-05-24T14:55:41","slug":"revitalizacao-da-julio-de-castilhos-comeca-ate-o-fim-de-maio","status":"publish","type":"post","link":"https:\/\/jornaltimoneiro.com.br\/index.php\/2017\/05\/24\/revitalizacao-da-julio-de-castilhos-comeca-ate-o-fim-de-maio\/","title":{"rendered":"Revitaliza\u00e7\u00e3o da J\u00falio de Castilhos come\u00e7a at\u00e9 o fim de maio"},"content":{"rendered":"<p><a href=\"http:\/\/otimoneiro.com.br\/wp-content\/uploads\/2017\/05\/via.jpg\"><img decoding=\"async\" class=\"aligncenter size-large wp-image-7589\" src=\"http:\/\/otimoneiro.com.br\/wp-content\/uploads\/2017\/05\/via-1024x683.jpg\" alt=\"via\" width=\"1024\" height=\"683\" \/><\/a><\/p>\n<p>Nesta ter\u00e7a-feira, 23, na sede da Full Gauge Controls, o secret\u00e1rio de Desenvolvimento Econ\u00f4mico, Felipe Martini, anunciou o in\u00edcio das obras da revitaliza\u00e7\u00e3o da J\u00falio de Castilhos, entre as ruas Lajeado e Tamoio, no bairro Niter\u00f3i e apresentou um resumo do projeto executivo feito pelo Escrit\u00f3rio de Engenharia e Arquitetura (EEA). A previs\u00e3o \u00e9 de que a revitaliza\u00e7\u00e3o leve cerca de 90 dias para ser finalizada.<\/p>\n<p>A obra ser\u00e1 bancada com recursos oriundos de duas emendas parlamentares, ambas do deputado federal Marco Maia, e o investimento est\u00e1 estimado em R$ 700 mil. Inicialmente, a obra abrange 270 metros de via, entre as ruas Lageado e Tamoio.<\/p>\n<p>A inten\u00e7\u00e3o da Secretaria de Desenvolvimento Econ\u00f4mico (SMDE) \u00e9 levar este modelo de revitaliza\u00e7\u00e3o para outros bairro da cidade, como Guajuviras e Mathias Velho. Segundo Martini, os projetos est\u00e3o inseridos no Plano Plurianual de Canoas.<\/p>\n<p>Al\u00e9m de diversos empres\u00e1rios da regi\u00e3o, estiveram presentes o subprefeito do quadrante Sudeste, Jardel Machado, o subcomandante da Brigada Militar de Canoas, major Rog\u00e9rio Ara\u00fajo, e o presidente da C\u00e2mara Municipal, Juares Hoy.<\/p>\n<p>&nbsp;<\/p>\n","protected":false},"excerpt":{"rendered":"<p>Nesta ter\u00e7a-feira, 23, na sede da Full Gauge Controls, o secret\u00e1rio de Desenvolvimento Econ\u00f4mico, Felipe Martini, anunciou o in\u00edcio das obras da revitaliza\u00e7\u00e3o da J\u00falio de Castilhos, entre as ruas Lajeado e Tamoio, no bairro Niter\u00f3i e apresentou um resumo do projeto executivo feito pelo Escrit\u00f3rio de Engenharia e Arquitetura (EEA). A previs\u00e3o \u00e9 de [&hellip;]<\/p>\n","protected":false},"author":1,"featured_media":7589,"comment_status":"open","ping_status":"open","sticky":false,"template":"","format":"standard","meta":{"amp_status":"","footnotes":""},"categories":[19,23,22,57],"tags":[],"class_list":["post-7588","post","type-post","status-publish","format-standard","has-post-thumbnail","hentry","category-destaques","category-geral","category-noticias","category-transito"],"yoast_head":"<!-- This site is optimized with the Yoast SEO plugin v20.5 - https:\/\/yoast.com\/wordpress\/plugins\/seo\/ -->\n<title>Revitaliza\u00e7\u00e3o da J\u00falio de Castilhos come\u00e7a at\u00e9 o fim de maio - O Timoneiro Jornal Canoas RS<\/title>\n<meta name=\"robots\" content=\"index, follow, max-snippet:-1, max-image-preview:large, max-video-preview:-1\" \/>\n<link rel=\"canonical\" href=\"https:\/\/jornaltimoneiro.com.br\/index.php\/2017\/05\/24\/revitalizacao-da-julio-de-castilhos-comeca-ate-o-fim-de-maio\/\" \/>\n<meta property=\"og:locale\" content=\"pt_BR\" \/>\n<meta property=\"og:type\" content=\"article\" \/>\n<meta property=\"og:title\" content=\"Revitaliza\u00e7\u00e3o da J\u00falio de Castilhos come\u00e7a at\u00e9 o fim de maio - O Timoneiro Jornal Canoas RS\" \/>\n<meta property=\"og:description\" content=\"Nesta ter\u00e7a-feira, 23, na sede da Full Gauge Controls, o secret\u00e1rio de Desenvolvimento Econ\u00f4mico, Felipe Martini, anunciou o in\u00edcio das obras da revitaliza\u00e7\u00e3o da J\u00falio de Castilhos, entre as ruas Lajeado e Tamoio, no bairro Niter\u00f3i e apresentou um resumo do projeto executivo feito pelo Escrit\u00f3rio de Engenharia e Arquitetura (EEA). A previs\u00e3o \u00e9 de [&hellip;]\" \/>\n<meta property=\"og:url\" content=\"https:\/\/jornaltimoneiro.com.br\/index.php\/2017\/05\/24\/revitalizacao-da-julio-de-castilhos-comeca-ate-o-fim-de-maio\/\" \/>\n<meta property=\"og:site_name\" content=\"O Timoneiro Jornal Canoas RS\" \/>\n<meta property=\"article:publisher\" content=\"https:\/\/www.facebook.com\/jornaltimoneiro\" \/>\n<meta property=\"article:published_time\" content=\"2017-05-24T14:55:41+00:00\" \/>\n<meta name=\"author\" content=\"Reda\u00e7\u00e3o\" \/>\n<meta name=\"twitter:card\" content=\"summary_large_image\" \/>\n<meta name=\"twitter:creator\" content=\"@_OTimoneiro\" \/>\n<meta name=\"twitter:site\" content=\"@_OTimoneiro\" \/>\n<meta name=\"twitter:label1\" content=\"Escrito por\" \/>\n\t<meta name=\"twitter:data1\" content=\"Reda\u00e7\u00e3o\" \/>\n\t<meta name=\"twitter:label2\" content=\"Est. tempo de leitura\" \/>\n\t<meta name=\"twitter:data2\" content=\"1 minuto\" \/>\n<script type=\"application\/ld+json\" class=\"yoast-schema-graph\">{\"@context\":\"https:\/\/schema.org\",\"@graph\":[{\"@type\":\"Article\",\"@id\":\"https:\/\/jornaltimoneiro.com.br\/index.php\/2017\/05\/24\/revitalizacao-da-julio-de-castilhos-comeca-ate-o-fim-de-maio\/#article\",\"isPartOf\":{\"@id\":\"https:\/\/jornaltimoneiro.com.br\/index.php\/2017\/05\/24\/revitalizacao-da-julio-de-castilhos-comeca-ate-o-fim-de-maio\/\"},\"author\":{\"name\":\"Reda\u00e7\u00e3o\",\"@id\":\"https:\/\/jornaltimoneiro.com.br\/#\/schema\/person\/620efd1d8244466117482be494360b08\"},\"headline\":\"Revitaliza\u00e7\u00e3o da J\u00falio de Castilhos come\u00e7a at\u00e9 o fim de maio\",\"datePublished\":\"2017-05-24T14:55:41+00:00\",\"dateModified\":\"2017-05-24T14:55:41+00:00\",\"mainEntityOfPage\":{\"@id\":\"https:\/\/jornaltimoneiro.com.br\/index.php\/2017\/05\/24\/revitalizacao-da-julio-de-castilhos-comeca-ate-o-fim-de-maio\/\"},\"wordCount\":203,\"commentCount\":0,\"publisher\":{\"@id\":\"https:\/\/jornaltimoneiro.com.br\/#organization\"},\"articleSection\":[\"Destaques\",\"Geral\",\"Not\u00edcias\",\"Tr\u00e2nsito\"],\"inLanguage\":\"pt-BR\",\"potentialAction\":[{\"@type\":\"CommentAction\",\"name\":\"Comment\",\"target\":[\"https:\/\/jornaltimoneiro.com.br\/index.php\/2017\/05\/24\/revitalizacao-da-julio-de-castilhos-comeca-ate-o-fim-de-maio\/#respond\"]}]},{\"@type\":\"WebPage\",\"@id\":\"https:\/\/jornaltimoneiro.com.br\/index.php\/2017\/05\/24\/revitalizacao-da-julio-de-castilhos-comeca-ate-o-fim-de-maio\/\",\"url\":\"https:\/\/jornaltimoneiro.com.br\/index.php\/2017\/05\/24\/revitalizacao-da-julio-de-castilhos-comeca-ate-o-fim-de-maio\/\",\"name\":\"Revitaliza\u00e7\u00e3o da J\u00falio de Castilhos come\u00e7a at\u00e9 o fim de maio - O Timoneiro Jornal Canoas RS\",\"isPartOf\":{\"@id\":\"https:\/\/jornaltimoneiro.com.br\/#website\"},\"datePublished\":\"2017-05-24T14:55:41+00:00\",\"dateModified\":\"2017-05-24T14:55:41+00:00\",\"breadcrumb\":{\"@id\":\"https:\/\/jornaltimoneiro.com.br\/index.php\/2017\/05\/24\/revitalizacao-da-julio-de-castilhos-comeca-ate-o-fim-de-maio\/#breadcrumb\"},\"inLanguage\":\"pt-BR\",\"potentialAction\":[{\"@type\":\"ReadAction\",\"target\":[\"https:\/\/jornaltimoneiro.com.br\/index.php\/2017\/05\/24\/revitalizacao-da-julio-de-castilhos-comeca-ate-o-fim-de-maio\/\"]}]},{\"@type\":\"BreadcrumbList\",\"@id\":\"https:\/\/jornaltimoneiro.com.br\/index.php\/2017\/05\/24\/revitalizacao-da-julio-de-castilhos-comeca-ate-o-fim-de-maio\/#breadcrumb\",\"itemListElement\":[{\"@type\":\"ListItem\",\"position\":1,\"name\":\"In\u00edcio\",\"item\":\"https:\/\/jornaltimoneiro.com.br\/\"},{\"@type\":\"ListItem\",\"position\":2,\"name\":\"Revitaliza\u00e7\u00e3o da J\u00falio de Castilhos come\u00e7a at\u00e9 o fim de maio\"}]},{\"@type\":\"WebSite\",\"@id\":\"https:\/\/jornaltimoneiro.com.br\/#website\",\"url\":\"https:\/\/jornaltimoneiro.com.br\/\",\"name\":\"Jornal Timoneiro Canoas RS\",\"description\":\"Jornal O Timoneiro, o verdadeiro jornal de Canoas\",\"publisher\":{\"@id\":\"https:\/\/jornaltimoneiro.com.br\/#organization\"},\"potentialAction\":[{\"@type\":\"SearchAction\",\"target\":{\"@type\":\"EntryPoint\",\"urlTemplate\":\"https:\/\/jornaltimoneiro.com.br\/?s={search_term_string}\"},\"query-input\":\"required name=search_term_string\"}],\"inLanguage\":\"pt-BR\"},{\"@type\":\"Organization\",\"@id\":\"https:\/\/jornaltimoneiro.com.br\/#organization\",\"name\":\"Jornal Timoneiro Canoas RS\",\"url\":\"https:\/\/jornaltimoneiro.com.br\/\",\"logo\":{\"@type\":\"ImageObject\",\"inLanguage\":\"pt-BR\",\"@id\":\"https:\/\/jornaltimoneiro.com.br\/#\/schema\/logo\/image\/\",\"url\":\"https:\/\/jornaltimoneiro.com.br\/wp-content\/uploads\/2023\/03\/logonovo.png\",\"contentUrl\":\"https:\/\/jornaltimoneiro.com.br\/wp-content\/uploads\/2023\/03\/logonovo.png\",\"width\":\"469\",\"height\":\"171\",\"caption\":\"Jornal Timoneiro Canoas RS\"},\"image\":{\"@id\":\"https:\/\/jornaltimoneiro.com.br\/#\/schema\/logo\/image\/\"},\"sameAs\":[\"https:\/\/www.facebook.com\/jornaltimoneiro\",\"https:\/\/twitter.com\/_OTimoneiro\",\"https:\/\/www.instagram.com\/jornaltimoneirocanoas\/\",\"https:\/\/www.youtube.com\/@jornalotimoneiro7927\"]},{\"@type\":\"Person\",\"@id\":\"https:\/\/jornaltimoneiro.com.br\/#\/schema\/person\/620efd1d8244466117482be494360b08\",\"name\":\"Reda\u00e7\u00e3o\",\"image\":{\"@type\":\"ImageObject\",\"inLanguage\":\"pt-BR\",\"@id\":\"https:\/\/jornaltimoneiro.com.br\/#\/schema\/person\/image\/\",\"url\":\"https:\/\/secure.gravatar.com\/avatar\/2f04e1b304682a8d9db336c7acd77f08?s=96&d=mm&r=g\",\"contentUrl\":\"https:\/\/secure.gravatar.com\/avatar\/2f04e1b304682a8d9db336c7acd77f08?s=96&d=mm&r=g\",\"caption\":\"Reda\u00e7\u00e3o\"},\"url\":\"https:\/\/jornaltimoneiro.com.br\/index.php\/author\/timoneirocanoas\/\"}]}<\/script>\n<!-- \/ Yoast SEO plugin. -->","yoast_head_json":{"title":"Revitaliza\u00e7\u00e3o da J\u00falio de Castilhos come\u00e7a at\u00e9 o fim de maio - O Timoneiro Jornal Canoas RS","robots":{"index":"index","follow":"follow","max-snippet":"max-snippet:-1","max-image-preview":"max-image-preview:large","max-video-preview":"max-video-preview:-1"},"canonical":"https:\/\/jornaltimoneiro.com.br\/index.php\/2017\/05\/24\/revitalizacao-da-julio-de-castilhos-comeca-ate-o-fim-de-maio\/","og_locale":"pt_BR","og_type":"article","og_title":"Revitaliza\u00e7\u00e3o da J\u00falio de Castilhos come\u00e7a at\u00e9 o fim de maio - O Timoneiro Jornal Canoas RS","og_description":"Nesta ter\u00e7a-feira, 23, na sede da Full Gauge Controls, o secret\u00e1rio de Desenvolvimento Econ\u00f4mico, Felipe Martini, anunciou o in\u00edcio das obras da revitaliza\u00e7\u00e3o da J\u00falio de Castilhos, entre as ruas Lajeado e Tamoio, no bairro Niter\u00f3i e apresentou um resumo do projeto executivo feito pelo Escrit\u00f3rio de Engenharia e Arquitetura (EEA). A previs\u00e3o \u00e9 de [&hellip;]","og_url":"https:\/\/jornaltimoneiro.com.br\/index.php\/2017\/05\/24\/revitalizacao-da-julio-de-castilhos-comeca-ate-o-fim-de-maio\/","og_site_name":"O Timoneiro Jornal Canoas RS","article_publisher":"https:\/\/www.facebook.com\/jornaltimoneiro","article_published_time":"2017-05-24T14:55:41+00:00","author":"Reda\u00e7\u00e3o","twitter_card":"summary_large_image","twitter_creator":"@_OTimoneiro","twitter_site":"@_OTimoneiro","twitter_misc":{"Escrito por":"Reda\u00e7\u00e3o","Est. tempo de leitura":"1 minuto"},"schema":{"@context":"https:\/\/schema.org","@graph":[{"@type":"Article","@id":"https:\/\/jornaltimoneiro.com.br\/index.php\/2017\/05\/24\/revitalizacao-da-julio-de-castilhos-comeca-ate-o-fim-de-maio\/#article","isPartOf":{"@id":"https:\/\/jornaltimoneiro.com.br\/index.php\/2017\/05\/24\/revitalizacao-da-julio-de-castilhos-comeca-ate-o-fim-de-maio\/"},"author":{"name":"Reda\u00e7\u00e3o","@id":"https:\/\/jornaltimoneiro.com.br\/#\/schema\/person\/620efd1d8244466117482be494360b08"},"headline":"Revitaliza\u00e7\u00e3o da J\u00falio de Castilhos come\u00e7a at\u00e9 o fim de maio","datePublished":"2017-05-24T14:55:41+00:00","dateModified":"2017-05-24T14:55:41+00:00","mainEntityOfPage":{"@id":"https:\/\/jornaltimoneiro.com.br\/index.php\/2017\/05\/24\/revitalizacao-da-julio-de-castilhos-comeca-ate-o-fim-de-maio\/"},"wordCount":203,"commentCount":0,"publisher":{"@id":"https:\/\/jornaltimoneiro.com.br\/#organization"},"articleSection":["Destaques","Geral","Not\u00edcias","Tr\u00e2nsito"],"inLanguage":"pt-BR","potentialAction":[{"@type":"CommentAction","name":"Comment","target":["https:\/\/jornaltimoneiro.com.br\/index.php\/2017\/05\/24\/revitalizacao-da-julio-de-castilhos-comeca-ate-o-fim-de-maio\/#respond"]}]},{"@type":"WebPage","@id":"https:\/\/jornaltimoneiro.com.br\/index.php\/2017\/05\/24\/revitalizacao-da-julio-de-castilhos-comeca-ate-o-fim-de-maio\/","url":"https:\/\/jornaltimoneiro.com.br\/index.php\/2017\/05\/24\/revitalizacao-da-julio-de-castilhos-comeca-ate-o-fim-de-maio\/","name":"Revitaliza\u00e7\u00e3o da J\u00falio de Castilhos come\u00e7a at\u00e9 o fim de maio - O Timoneiro Jornal Canoas RS","isPartOf":{"@id":"https:\/\/jornaltimoneiro.com.br\/#website"},"datePublished":"2017-05-24T14:55:41+00:00","dateModified":"2017-05-24T14:55:41+00:00","breadcrumb":{"@id":"https:\/\/jornaltimoneiro.com.br\/index.php\/2017\/05\/24\/revitalizacao-da-julio-de-castilhos-comeca-ate-o-fim-de-maio\/#breadcrumb"},"inLanguage":"pt-BR","potentialAction":[{"@type":"ReadAction","target":["https:\/\/jornaltimoneiro.com.br\/index.php\/2017\/05\/24\/revitalizacao-da-julio-de-castilhos-comeca-ate-o-fim-de-maio\/"]}]},{"@type":"BreadcrumbList","@id":"https:\/\/jornaltimoneiro.com.br\/index.php\/2017\/05\/24\/revitalizacao-da-julio-de-castilhos-comeca-ate-o-fim-de-maio\/#breadcrumb","itemListElement":[{"@type":"ListItem","position":1,"name":"In\u00edcio","item":"https:\/\/jornaltimoneiro.com.br\/"},{"@type":"ListItem","position":2,"name":"Revitaliza\u00e7\u00e3o da J\u00falio de Castilhos come\u00e7a at\u00e9 o fim de maio"}]},{"@type":"WebSite","@id":"https:\/\/jornaltimoneiro.com.br\/#website","url":"https:\/\/jornaltimoneiro.com.br\/","name":"Jornal Timoneiro Canoas RS","description":"Jornal O Timoneiro, o verdadeiro jornal de Canoas","publisher":{"@id":"https:\/\/jornaltimoneiro.com.br\/#organization"},"potentialAction":[{"@type":"SearchAction","target":{"@type":"EntryPoint","urlTemplate":"https:\/\/jornaltimoneiro.com.br\/?s={search_term_string}"},"query-input":"required name=search_term_string"}],"inLanguage":"pt-BR"},{"@type":"Organization","@id":"https:\/\/jornaltimoneiro.com.br\/#organization","name":"Jornal Timoneiro Canoas RS","url":"https:\/\/jornaltimoneiro.com.br\/","logo":{"@type":"ImageObject","inLanguage":"pt-BR","@id":"https:\/\/jornaltimoneiro.com.br\/#\/schema\/logo\/image\/","url":"https:\/\/jornaltimoneiro.com.br\/wp-content\/uploads\/2023\/03\/logonovo.png","contentUrl":"https:\/\/jornaltimoneiro.com.br\/wp-content\/uploads\/2023\/03\/logonovo.png","width":"469","height":"171","caption":"Jornal Timoneiro Canoas RS"},"image":{"@id":"https:\/\/jornaltimoneiro.com.br\/#\/schema\/logo\/image\/"},"sameAs":["https:\/\/www.facebook.com\/jornaltimoneiro","https:\/\/twitter.com\/_OTimoneiro","https:\/\/www.instagram.com\/jornaltimoneirocanoas\/","https:\/\/www.youtube.com\/@jornalotimoneiro7927"]},{"@type":"Person","@id":"https:\/\/jornaltimoneiro.com.br\/#\/schema\/person\/620efd1d8244466117482be494360b08","name":"Reda\u00e7\u00e3o","image":{"@type":"ImageObject","inLanguage":"pt-BR","@id":"https:\/\/jornaltimoneiro.com.br\/#\/schema\/person\/image\/","url":"https:\/\/secure.gravatar.com\/avatar\/2f04e1b304682a8d9db336c7acd77f08?s=96&d=mm&r=g","contentUrl":"https:\/\/secure.gravatar.com\/avatar\/2f04e1b304682a8d9db336c7acd77f08?s=96&d=mm&r=g","caption":"Reda\u00e7\u00e3o"},"url":"https:\/\/jornaltimoneiro.com.br\/index.php\/author\/timoneirocanoas\/"}]}},"_links":{"self":[{"href":"https:\/\/jornaltimoneiro.com.br\/index.php\/wp-json\/wp\/v2\/posts\/7588"}],"collection":[{"href":"https:\/\/jornaltimoneiro.com.br\/index.php\/wp-json\/wp\/v2\/posts"}],"about":[{"href":"https:\/\/jornaltimoneiro.com.br\/index.php\/wp-json\/wp\/v2\/types\/post"}],"author":[{"embeddable":true,"href":"https:\/\/jornaltimoneiro.com.br\/index.php\/wp-json\/wp\/v2\/users\/1"}],"replies":[{"embeddable":true,"href":"https:\/\/jornaltimoneiro.com.br\/index.php\/wp-json\/wp\/v2\/comments?post=7588"}],"version-history":[{"count":0,"href":"https:\/\/jornaltimoneiro.com.br\/index.php\/wp-json\/wp\/v2\/posts\/7588\/revisions"}],"wp:featuredmedia":[{"embeddable":true,"href":"https:\/\/jornaltimoneiro.com.br\/index.php\/wp-json\/"}],"wp:attachment":[{"href":"https:\/\/jornaltimoneiro.com.br\/index.php\/wp-json\/wp\/v2\/media?parent=7588"}],"wp:term":[{"taxonomy":"category","embeddable":true,"href":"https:\/\/jornaltimoneiro.com.br\/index.php\/wp-json\/wp\/v2\/categories?post=7588"},{"taxonomy":"post_tag","embeddable":true,"href":"https:\/\/jornaltimoneiro.com.br\/index.php\/wp-json\/wp\/v2\/tags?post=7588"}],"curies":[{"name":"wp","href":"https:\/\/api.w.org\/{rel}","templated":true}]}}