{"id":7570,"date":"2017-05-22T17:39:46","date_gmt":"2017-05-22T20:39:46","guid":{"rendered":"http:\/\/otimoneiro.com.br\/?p=7570"},"modified":"2017-05-22T17:39:46","modified_gmt":"2017-05-22T20:39:46","slug":"conselho-tutelar-de-canoas-recebe-automoveis-para-atividades","status":"publish","type":"post","link":"https:\/\/jornaltimoneiro.com.br\/index.php\/2017\/05\/22\/conselho-tutelar-de-canoas-recebe-automoveis-para-atividades\/","title":{"rendered":"Conselho Tutelar de Canoas recebe autom\u00f3veis para atividades"},"content":{"rendered":"<p><a href=\"http:\/\/otimoneiro.com.br\/wp-content\/uploads\/2017\/05\/carros.jpg\"><img decoding=\"async\" class=\"aligncenter size-large wp-image-7571\" src=\"http:\/\/otimoneiro.com.br\/wp-content\/uploads\/2017\/05\/carros-1024x682.jpg\" alt=\"carros\" width=\"1024\" height=\"682\" \/><\/a><\/p>\n<p>O Conselho Tutelar de Canoas recebeu, nesta segunda-feira, 22, dois autom\u00f3veis para suas atividades. Os bens, concedidos pelo Minist\u00e9rio dos Direitos Humanos, foram destinados por emenda parlamentar da deputada federal Maria do Ros\u00e1rio. &#8220;Em 2017, o Estatuto da Crian\u00e7a e do Adolescente (ECA) est\u00e1 fazendo 27 anos e ainda existem muitas distor\u00e7\u00f5es sobre o trabalho do conselheiro tutelar, que \u00e9 pouco compreendido. Aqui em Canoas n\u00f3s temos um exemplo positivo, com quatro Micros para atender a cidade&#8221;, destaca o representante da deputada, Jeferson Leon.<\/p>\n<p>Al\u00e9m dos ve\u00edculos, cada um no valor de R$ 49,8 mil, o Conselho Tutelar ainda ser\u00e1 equipado com cinco computadores, uma impressora multifuncional, uma geladeira e um bebedouro. &#8220;Os ve\u00edculos estavam retidos na concession\u00e1ria desde julho de 2016 por quest\u00f5es de documenta\u00e7\u00e3o, que, ap\u00f3s articula\u00e7\u00f5es junto \u00e0 Secretaria de Planejamento e Gest\u00e3o, foi liberada agora&#8221;, explica o secret\u00e1rio de Desenvolvimento Social do munic\u00edpio, Vandr\u00e9 Padilha. &#8220;At\u00e9 janeiro, apenas duas das quatro Micros possu\u00edam carros e, para suprir a necessidade das demais, a secretaria cedeu temporariamente dois ve\u00edculos, que agora retornam para a pasta&#8221;, completa.<\/p>\n<p><strong>Mais seguran\u00e7a e estabilidade<\/strong><\/p>\n<p>Os kits, entregues na Pra\u00e7a da Emancipa\u00e7\u00e3o, ser\u00e3o destinados \u00e0s unidades Micro 3 &#8211; que atende os bairros Olaria, Est\u00e2ncia Velha, Igara, Guajuviras, S\u00e3o Jos\u00e9 e Brigadeira &#8211; e Micro 4, que abrange os bairros Harmonia, Mathias Velho e S\u00e3o Luiz. &#8220;N\u00f3s t\u00ednhamos muita dificuldade por n\u00e3o termos um ve\u00edculo para o trabalho, que \u00e9 uma ferramenta b\u00e1sica para que a gente possa atuar de maneira est\u00e1vel e com seguran\u00e7a&#8221;, recorda o coordenador da Micro 3, Dilvio de Oliveira Ramos. &#8220;Para n\u00f3s, que atendemos seis bairros grandes, incluindo todas as ocupa\u00e7\u00f5es, esse benef\u00edcio ser\u00e1 fundamental&#8221;, comemora o dirigente.<\/p>\n<p>Na cerim\u00f4nia de entrega, o prefeito, Luiz Carlos Busato, foi representado pelo secret\u00e1rio das Rela\u00e7\u00f5es Institucionais, Airton Souza. Tamb\u00e9m participaram do ato o secret\u00e1rio de Desenvolvimento Social, Vandr\u00e9 Padilha, os assessores da deputada federal Maria do Ros\u00e1rio, Jeferson Leon e Fatima Maria, e o vereador Paulinho de Od\u00e9, al\u00e9m dos coordenadores das Micros beneficiadas, Dilvio de Oliveira Ramos e Jaqueline Andrigo.<\/p>\n","protected":false},"excerpt":{"rendered":"<p>O Conselho Tutelar de Canoas recebeu, nesta segunda-feira, 22, dois autom\u00f3veis para suas atividades. Os bens, concedidos pelo Minist\u00e9rio dos Direitos Humanos, foram destinados por emenda parlamentar da deputada federal Maria do Ros\u00e1rio. &#8220;Em 2017, o Estatuto da Crian\u00e7a e do Adolescente (ECA) est\u00e1 fazendo 27 anos e ainda existem muitas distor\u00e7\u00f5es sobre o trabalho [&hellip;]<\/p>\n","protected":false},"author":1,"featured_media":7571,"comment_status":"open","ping_status":"open","sticky":false,"template":"","format":"standard","meta":{"amp_status":"","footnotes":""},"categories":[25,19,23,22],"tags":[],"class_list":["post-7570","post","type-post","status-publish","format-standard","has-post-thumbnail","hentry","category-comunidade","category-destaques","category-geral","category-noticias"],"yoast_head":"<!-- This site is optimized with the Yoast SEO plugin v20.5 - https:\/\/yoast.com\/wordpress\/plugins\/seo\/ -->\n<title>Conselho Tutelar de Canoas recebe autom\u00f3veis para atividades - O Timoneiro Jornal Canoas RS<\/title>\n<meta name=\"robots\" content=\"index, follow, max-snippet:-1, max-image-preview:large, max-video-preview:-1\" \/>\n<link rel=\"canonical\" href=\"https:\/\/jornaltimoneiro.com.br\/index.php\/2017\/05\/22\/conselho-tutelar-de-canoas-recebe-automoveis-para-atividades\/\" \/>\n<meta property=\"og:locale\" content=\"pt_BR\" \/>\n<meta property=\"og:type\" content=\"article\" \/>\n<meta property=\"og:title\" content=\"Conselho Tutelar de Canoas recebe autom\u00f3veis para atividades - O Timoneiro Jornal Canoas RS\" \/>\n<meta property=\"og:description\" content=\"O Conselho Tutelar de Canoas recebeu, nesta segunda-feira, 22, dois autom\u00f3veis para suas atividades. Os bens, concedidos pelo Minist\u00e9rio dos Direitos Humanos, foram destinados por emenda parlamentar da deputada federal Maria do Ros\u00e1rio. &#8220;Em 2017, o Estatuto da Crian\u00e7a e do Adolescente (ECA) est\u00e1 fazendo 27 anos e ainda existem muitas distor\u00e7\u00f5es sobre o trabalho [&hellip;]\" \/>\n<meta property=\"og:url\" content=\"https:\/\/jornaltimoneiro.com.br\/index.php\/2017\/05\/22\/conselho-tutelar-de-canoas-recebe-automoveis-para-atividades\/\" \/>\n<meta property=\"og:site_name\" content=\"O Timoneiro Jornal Canoas RS\" \/>\n<meta property=\"article:publisher\" content=\"https:\/\/www.facebook.com\/jornaltimoneiro\" \/>\n<meta property=\"article:published_time\" content=\"2017-05-22T20:39:46+00:00\" \/>\n<meta name=\"author\" content=\"Reda\u00e7\u00e3o\" \/>\n<meta name=\"twitter:card\" content=\"summary_large_image\" \/>\n<meta name=\"twitter:creator\" content=\"@_OTimoneiro\" \/>\n<meta name=\"twitter:site\" content=\"@_OTimoneiro\" \/>\n<meta name=\"twitter:label1\" content=\"Escrito por\" \/>\n\t<meta name=\"twitter:data1\" content=\"Reda\u00e7\u00e3o\" \/>\n\t<meta name=\"twitter:label2\" content=\"Est. tempo de leitura\" \/>\n\t<meta name=\"twitter:data2\" content=\"2 minutos\" \/>\n<script type=\"application\/ld+json\" class=\"yoast-schema-graph\">{\"@context\":\"https:\/\/schema.org\",\"@graph\":[{\"@type\":\"Article\",\"@id\":\"https:\/\/jornaltimoneiro.com.br\/index.php\/2017\/05\/22\/conselho-tutelar-de-canoas-recebe-automoveis-para-atividades\/#article\",\"isPartOf\":{\"@id\":\"https:\/\/jornaltimoneiro.com.br\/index.php\/2017\/05\/22\/conselho-tutelar-de-canoas-recebe-automoveis-para-atividades\/\"},\"author\":{\"name\":\"Reda\u00e7\u00e3o\",\"@id\":\"https:\/\/jornaltimoneiro.com.br\/#\/schema\/person\/620efd1d8244466117482be494360b08\"},\"headline\":\"Conselho Tutelar de Canoas recebe autom\u00f3veis para atividades\",\"datePublished\":\"2017-05-22T20:39:46+00:00\",\"dateModified\":\"2017-05-22T20:39:46+00:00\",\"mainEntityOfPage\":{\"@id\":\"https:\/\/jornaltimoneiro.com.br\/index.php\/2017\/05\/22\/conselho-tutelar-de-canoas-recebe-automoveis-para-atividades\/\"},\"wordCount\":382,\"commentCount\":0,\"publisher\":{\"@id\":\"https:\/\/jornaltimoneiro.com.br\/#organization\"},\"articleSection\":[\"Comunidade\",\"Destaques\",\"Geral\",\"Not\u00edcias\"],\"inLanguage\":\"pt-BR\",\"potentialAction\":[{\"@type\":\"CommentAction\",\"name\":\"Comment\",\"target\":[\"https:\/\/jornaltimoneiro.com.br\/index.php\/2017\/05\/22\/conselho-tutelar-de-canoas-recebe-automoveis-para-atividades\/#respond\"]}]},{\"@type\":\"WebPage\",\"@id\":\"https:\/\/jornaltimoneiro.com.br\/index.php\/2017\/05\/22\/conselho-tutelar-de-canoas-recebe-automoveis-para-atividades\/\",\"url\":\"https:\/\/jornaltimoneiro.com.br\/index.php\/2017\/05\/22\/conselho-tutelar-de-canoas-recebe-automoveis-para-atividades\/\",\"name\":\"Conselho Tutelar de Canoas recebe autom\u00f3veis para atividades - O Timoneiro Jornal Canoas RS\",\"isPartOf\":{\"@id\":\"https:\/\/jornaltimoneiro.com.br\/#website\"},\"datePublished\":\"2017-05-22T20:39:46+00:00\",\"dateModified\":\"2017-05-22T20:39:46+00:00\",\"breadcrumb\":{\"@id\":\"https:\/\/jornaltimoneiro.com.br\/index.php\/2017\/05\/22\/conselho-tutelar-de-canoas-recebe-automoveis-para-atividades\/#breadcrumb\"},\"inLanguage\":\"pt-BR\",\"potentialAction\":[{\"@type\":\"ReadAction\",\"target\":[\"https:\/\/jornaltimoneiro.com.br\/index.php\/2017\/05\/22\/conselho-tutelar-de-canoas-recebe-automoveis-para-atividades\/\"]}]},{\"@type\":\"BreadcrumbList\",\"@id\":\"https:\/\/jornaltimoneiro.com.br\/index.php\/2017\/05\/22\/conselho-tutelar-de-canoas-recebe-automoveis-para-atividades\/#breadcrumb\",\"itemListElement\":[{\"@type\":\"ListItem\",\"position\":1,\"name\":\"In\u00edcio\",\"item\":\"https:\/\/jornaltimoneiro.com.br\/\"},{\"@type\":\"ListItem\",\"position\":2,\"name\":\"Conselho Tutelar de Canoas recebe autom\u00f3veis para atividades\"}]},{\"@type\":\"WebSite\",\"@id\":\"https:\/\/jornaltimoneiro.com.br\/#website\",\"url\":\"https:\/\/jornaltimoneiro.com.br\/\",\"name\":\"Jornal Timoneiro Canoas RS\",\"description\":\"Jornal O Timoneiro, o verdadeiro jornal de Canoas\",\"publisher\":{\"@id\":\"https:\/\/jornaltimoneiro.com.br\/#organization\"},\"potentialAction\":[{\"@type\":\"SearchAction\",\"target\":{\"@type\":\"EntryPoint\",\"urlTemplate\":\"https:\/\/jornaltimoneiro.com.br\/?s={search_term_string}\"},\"query-input\":\"required name=search_term_string\"}],\"inLanguage\":\"pt-BR\"},{\"@type\":\"Organization\",\"@id\":\"https:\/\/jornaltimoneiro.com.br\/#organization\",\"name\":\"Jornal Timoneiro Canoas RS\",\"url\":\"https:\/\/jornaltimoneiro.com.br\/\",\"logo\":{\"@type\":\"ImageObject\",\"inLanguage\":\"pt-BR\",\"@id\":\"https:\/\/jornaltimoneiro.com.br\/#\/schema\/logo\/image\/\",\"url\":\"https:\/\/jornaltimoneiro.com.br\/wp-content\/uploads\/2023\/03\/logonovo.png\",\"contentUrl\":\"https:\/\/jornaltimoneiro.com.br\/wp-content\/uploads\/2023\/03\/logonovo.png\",\"width\":\"469\",\"height\":\"171\",\"caption\":\"Jornal Timoneiro Canoas RS\"},\"image\":{\"@id\":\"https:\/\/jornaltimoneiro.com.br\/#\/schema\/logo\/image\/\"},\"sameAs\":[\"https:\/\/www.facebook.com\/jornaltimoneiro\",\"https:\/\/twitter.com\/_OTimoneiro\",\"https:\/\/www.instagram.com\/jornaltimoneirocanoas\/\",\"https:\/\/www.youtube.com\/@jornalotimoneiro7927\"]},{\"@type\":\"Person\",\"@id\":\"https:\/\/jornaltimoneiro.com.br\/#\/schema\/person\/620efd1d8244466117482be494360b08\",\"name\":\"Reda\u00e7\u00e3o\",\"image\":{\"@type\":\"ImageObject\",\"inLanguage\":\"pt-BR\",\"@id\":\"https:\/\/jornaltimoneiro.com.br\/#\/schema\/person\/image\/\",\"url\":\"https:\/\/secure.gravatar.com\/avatar\/2f04e1b304682a8d9db336c7acd77f08?s=96&d=mm&r=g\",\"contentUrl\":\"https:\/\/secure.gravatar.com\/avatar\/2f04e1b304682a8d9db336c7acd77f08?s=96&d=mm&r=g\",\"caption\":\"Reda\u00e7\u00e3o\"},\"url\":\"https:\/\/jornaltimoneiro.com.br\/index.php\/author\/timoneirocanoas\/\"}]}<\/script>\n<!-- \/ Yoast SEO plugin. -->","yoast_head_json":{"title":"Conselho Tutelar de Canoas recebe autom\u00f3veis para atividades - O Timoneiro Jornal Canoas RS","robots":{"index":"index","follow":"follow","max-snippet":"max-snippet:-1","max-image-preview":"max-image-preview:large","max-video-preview":"max-video-preview:-1"},"canonical":"https:\/\/jornaltimoneiro.com.br\/index.php\/2017\/05\/22\/conselho-tutelar-de-canoas-recebe-automoveis-para-atividades\/","og_locale":"pt_BR","og_type":"article","og_title":"Conselho Tutelar de Canoas recebe autom\u00f3veis para atividades - O Timoneiro Jornal Canoas RS","og_description":"O Conselho Tutelar de Canoas recebeu, nesta segunda-feira, 22, dois autom\u00f3veis para suas atividades. Os bens, concedidos pelo Minist\u00e9rio dos Direitos Humanos, foram destinados por emenda parlamentar da deputada federal Maria do Ros\u00e1rio. &#8220;Em 2017, o Estatuto da Crian\u00e7a e do Adolescente (ECA) est\u00e1 fazendo 27 anos e ainda existem muitas distor\u00e7\u00f5es sobre o trabalho [&hellip;]","og_url":"https:\/\/jornaltimoneiro.com.br\/index.php\/2017\/05\/22\/conselho-tutelar-de-canoas-recebe-automoveis-para-atividades\/","og_site_name":"O Timoneiro Jornal Canoas RS","article_publisher":"https:\/\/www.facebook.com\/jornaltimoneiro","article_published_time":"2017-05-22T20:39:46+00:00","author":"Reda\u00e7\u00e3o","twitter_card":"summary_large_image","twitter_creator":"@_OTimoneiro","twitter_site":"@_OTimoneiro","twitter_misc":{"Escrito por":"Reda\u00e7\u00e3o","Est. tempo de leitura":"2 minutos"},"schema":{"@context":"https:\/\/schema.org","@graph":[{"@type":"Article","@id":"https:\/\/jornaltimoneiro.com.br\/index.php\/2017\/05\/22\/conselho-tutelar-de-canoas-recebe-automoveis-para-atividades\/#article","isPartOf":{"@id":"https:\/\/jornaltimoneiro.com.br\/index.php\/2017\/05\/22\/conselho-tutelar-de-canoas-recebe-automoveis-para-atividades\/"},"author":{"name":"Reda\u00e7\u00e3o","@id":"https:\/\/jornaltimoneiro.com.br\/#\/schema\/person\/620efd1d8244466117482be494360b08"},"headline":"Conselho Tutelar de Canoas recebe autom\u00f3veis para atividades","datePublished":"2017-05-22T20:39:46+00:00","dateModified":"2017-05-22T20:39:46+00:00","mainEntityOfPage":{"@id":"https:\/\/jornaltimoneiro.com.br\/index.php\/2017\/05\/22\/conselho-tutelar-de-canoas-recebe-automoveis-para-atividades\/"},"wordCount":382,"commentCount":0,"publisher":{"@id":"https:\/\/jornaltimoneiro.com.br\/#organization"},"articleSection":["Comunidade","Destaques","Geral","Not\u00edcias"],"inLanguage":"pt-BR","potentialAction":[{"@type":"CommentAction","name":"Comment","target":["https:\/\/jornaltimoneiro.com.br\/index.php\/2017\/05\/22\/conselho-tutelar-de-canoas-recebe-automoveis-para-atividades\/#respond"]}]},{"@type":"WebPage","@id":"https:\/\/jornaltimoneiro.com.br\/index.php\/2017\/05\/22\/conselho-tutelar-de-canoas-recebe-automoveis-para-atividades\/","url":"https:\/\/jornaltimoneiro.com.br\/index.php\/2017\/05\/22\/conselho-tutelar-de-canoas-recebe-automoveis-para-atividades\/","name":"Conselho Tutelar de Canoas recebe autom\u00f3veis para atividades - O Timoneiro Jornal Canoas RS","isPartOf":{"@id":"https:\/\/jornaltimoneiro.com.br\/#website"},"datePublished":"2017-05-22T20:39:46+00:00","dateModified":"2017-05-22T20:39:46+00:00","breadcrumb":{"@id":"https:\/\/jornaltimoneiro.com.br\/index.php\/2017\/05\/22\/conselho-tutelar-de-canoas-recebe-automoveis-para-atividades\/#breadcrumb"},"inLanguage":"pt-BR","potentialAction":[{"@type":"ReadAction","target":["https:\/\/jornaltimoneiro.com.br\/index.php\/2017\/05\/22\/conselho-tutelar-de-canoas-recebe-automoveis-para-atividades\/"]}]},{"@type":"BreadcrumbList","@id":"https:\/\/jornaltimoneiro.com.br\/index.php\/2017\/05\/22\/conselho-tutelar-de-canoas-recebe-automoveis-para-atividades\/#breadcrumb","itemListElement":[{"@type":"ListItem","position":1,"name":"In\u00edcio","item":"https:\/\/jornaltimoneiro.com.br\/"},{"@type":"ListItem","position":2,"name":"Conselho Tutelar de Canoas recebe autom\u00f3veis para atividades"}]},{"@type":"WebSite","@id":"https:\/\/jornaltimoneiro.com.br\/#website","url":"https:\/\/jornaltimoneiro.com.br\/","name":"Jornal Timoneiro Canoas RS","description":"Jornal O Timoneiro, o verdadeiro jornal de Canoas","publisher":{"@id":"https:\/\/jornaltimoneiro.com.br\/#organization"},"potentialAction":[{"@type":"SearchAction","target":{"@type":"EntryPoint","urlTemplate":"https:\/\/jornaltimoneiro.com.br\/?s={search_term_string}"},"query-input":"required name=search_term_string"}],"inLanguage":"pt-BR"},{"@type":"Organization","@id":"https:\/\/jornaltimoneiro.com.br\/#organization","name":"Jornal Timoneiro Canoas RS","url":"https:\/\/jornaltimoneiro.com.br\/","logo":{"@type":"ImageObject","inLanguage":"pt-BR","@id":"https:\/\/jornaltimoneiro.com.br\/#\/schema\/logo\/image\/","url":"https:\/\/jornaltimoneiro.com.br\/wp-content\/uploads\/2023\/03\/logonovo.png","contentUrl":"https:\/\/jornaltimoneiro.com.br\/wp-content\/uploads\/2023\/03\/logonovo.png","width":"469","height":"171","caption":"Jornal Timoneiro Canoas RS"},"image":{"@id":"https:\/\/jornaltimoneiro.com.br\/#\/schema\/logo\/image\/"},"sameAs":["https:\/\/www.facebook.com\/jornaltimoneiro","https:\/\/twitter.com\/_OTimoneiro","https:\/\/www.instagram.com\/jornaltimoneirocanoas\/","https:\/\/www.youtube.com\/@jornalotimoneiro7927"]},{"@type":"Person","@id":"https:\/\/jornaltimoneiro.com.br\/#\/schema\/person\/620efd1d8244466117482be494360b08","name":"Reda\u00e7\u00e3o","image":{"@type":"ImageObject","inLanguage":"pt-BR","@id":"https:\/\/jornaltimoneiro.com.br\/#\/schema\/person\/image\/","url":"https:\/\/secure.gravatar.com\/avatar\/2f04e1b304682a8d9db336c7acd77f08?s=96&d=mm&r=g","contentUrl":"https:\/\/secure.gravatar.com\/avatar\/2f04e1b304682a8d9db336c7acd77f08?s=96&d=mm&r=g","caption":"Reda\u00e7\u00e3o"},"url":"https:\/\/jornaltimoneiro.com.br\/index.php\/author\/timoneirocanoas\/"}]}},"_links":{"self":[{"href":"https:\/\/jornaltimoneiro.com.br\/index.php\/wp-json\/wp\/v2\/posts\/7570"}],"collection":[{"href":"https:\/\/jornaltimoneiro.com.br\/index.php\/wp-json\/wp\/v2\/posts"}],"about":[{"href":"https:\/\/jornaltimoneiro.com.br\/index.php\/wp-json\/wp\/v2\/types\/post"}],"author":[{"embeddable":true,"href":"https:\/\/jornaltimoneiro.com.br\/index.php\/wp-json\/wp\/v2\/users\/1"}],"replies":[{"embeddable":true,"href":"https:\/\/jornaltimoneiro.com.br\/index.php\/wp-json\/wp\/v2\/comments?post=7570"}],"version-history":[{"count":0,"href":"https:\/\/jornaltimoneiro.com.br\/index.php\/wp-json\/wp\/v2\/posts\/7570\/revisions"}],"wp:featuredmedia":[{"embeddable":true,"href":"https:\/\/jornaltimoneiro.com.br\/index.php\/wp-json\/"}],"wp:attachment":[{"href":"https:\/\/jornaltimoneiro.com.br\/index.php\/wp-json\/wp\/v2\/media?parent=7570"}],"wp:term":[{"taxonomy":"category","embeddable":true,"href":"https:\/\/jornaltimoneiro.com.br\/index.php\/wp-json\/wp\/v2\/categories?post=7570"},{"taxonomy":"post_tag","embeddable":true,"href":"https:\/\/jornaltimoneiro.com.br\/index.php\/wp-json\/wp\/v2\/tags?post=7570"}],"curies":[{"name":"wp","href":"https:\/\/api.w.org\/{rel}","templated":true}]}}