{"id":7560,"date":"2017-05-22T12:25:15","date_gmt":"2017-05-22T15:25:15","guid":{"rendered":"http:\/\/otimoneiro.com.br\/?p=7560"},"modified":"2017-05-22T12:25:15","modified_gmt":"2017-05-22T15:25:15","slug":"servico-de-energia-eletrica-do-municipio-e-debatido-na-camara","status":"publish","type":"post","link":"https:\/\/jornaltimoneiro.com.br\/index.php\/2017\/05\/22\/servico-de-energia-eletrica-do-municipio-e-debatido-na-camara\/","title":{"rendered":"Servi\u00e7o de energia el\u00e9trica do munic\u00edpio \u00e9 debatido na C\u00e2mara"},"content":{"rendered":"<div class=\"x_gmail_quote\">\n<div>\n<div class=\"x_h5\">\n<div dir=\"ltr\">\n<p><a href=\"http:\/\/otimoneiro.com.br\/wp-content\/uploads\/2017\/05\/RGE.jpg\"><img decoding=\"async\" class=\"aligncenter size-large wp-image-7561\" src=\"http:\/\/otimoneiro.com.br\/wp-content\/uploads\/2017\/05\/RGE-1024x682.jpg\" alt=\"RGE\" width=\"1024\" height=\"682\" \/><\/a>A comiss\u00e3o especial que acompanha o servi\u00e7o de energia el\u00e9trica em Canoas promoveu, na \u00faltima quinta-feira, 18, sua primeira reuni\u00e3o. A audi\u00eancia, realizada no Plen\u00e1rio da C\u00e2mara, contou com a participa\u00e7\u00e3o de representantes da RGE Sul e tratou do cronograma para a substitui\u00e7\u00e3o dos postes de madeira, quedas de luz e investimentos realizados no munic\u00edpio, entre outros assuntos.<\/p>\n<p>Os gestores da empresa responderam aos questionamentos apresentados pelos vereadores. Uma das reclama\u00e7\u00f5es apresentadas diz respeito \u00e0 falta de atendimento \u00e0s indica\u00e7\u00f5es encaminhadas pelo Legislativo, a maioria relacionada a pedidos de troca de postes de madeira com risco de queda. Os parlamentares pediram prioridade aos casos mais cr\u00edticos e que podem resultar em acidentes.<\/p>\n<p>O gestor de Atendimento ao Poder P\u00fablico da RGE Sul, Thiago Pedroso de Oliveira, apresentou dados sobre os investimentos realizados. Segundo ele, a base operacional de Canoas tem 65% de postes de concreto, o maior percentual da \u00e1rea de concess\u00e3o da empresa. Para este ano, a previs\u00e3o \u00e9 de trocar 1,6 mil postes de madeira. &#8220;Nesse ritmo, nos pr\u00f3ximos quatro ou cinco anos, j\u00e1 teremos praticamente 100% do parque com postes de concreto&#8221;, afirmou. O investimento nos \u00faltimos cinco anos, incluindo 2017, soma R$ 100 milh\u00f5es. &#8220;Claro que quest\u00f5es pontuais existir\u00e3o, mas \u00e9 importante mostrar que n\u00e3o estamos parados\u201d, complementou.<\/p>\n<p>O presidente da comiss\u00e3o especial, vereador Jos\u00e9 Carlos Patricio (PSD), avaliou o encontro como positivo e disse que o objetivo \u00e9 colaborar com a RGE Sul para que os pedidos da comunidade sejam atendidos. &#8220;\u00c9 preciso entender a inseguran\u00e7a que essas situa\u00e7\u00f5es trazem \u00e0 popula\u00e7\u00e3o&#8221;, afirmou Patricio, referindo-se aos casos de postes deteriorados e que correm risco de queda. Uma nova reuni\u00e3o dever\u00e1 ocorrer em 60 dias para avaliar os avan\u00e7os obtidos. Tamb\u00e9m participou da reuni\u00e3o, o assistente comercial da RGE Sul, C\u00e1ssio Lima.<\/p>\n<p>Criada em abril, a comiss\u00e3o especial tem o vereador Marcus Vin\u00edcius Machado \u2013\u00a0<a title=\"Ver p\u00e1gina de Ver. Marcus Vinicius Machado (Quinho) - PDT\" href=\"http:\/\/www.camaracanoas.rs.gov.br\/?sec=nproponente&amp;id=11025\" target=\"_blank\" rel=\"noopener noreferrer\">Quinho<\/a>\u00a0(PDT) como relator. Os demais membros s\u00e3o Alexandre Gon\u00e7alves (PPS),\u00a0\u00a0<a title=\"Ver p\u00e1gina de Ver. Aloisio Bamberg - PCdoB\" href=\"http:\/\/www.camaracanoas.rs.gov.br\/?sec=nproponente&amp;id=10013\" target=\"_blank\" rel=\"noopener noreferrer\">Aloisio Bamberg<\/a>\u00a0(PCdoB),\u00a0<a title=\"Ver p\u00e1gina de Ver. Jos\u00e9 Carlos Claudino (Canhoto) - SD\" href=\"http:\/\/www.camaracanoas.rs.gov.br\/?sec=nproponente&amp;id=11010\" target=\"_blank\" rel=\"noopener noreferrer\">Canhoto<\/a>\u00a0(SD), C\u00e9sar Augusto (PRB),\u00a0<a title=\"Ver p\u00e1gina de Ver. Cezar Paulo Mossini - PMDB\" href=\"http:\/\/www.camaracanoas.rs.gov.br\/?sec=nproponente&amp;id=10016\" target=\"_blank\" rel=\"noopener noreferrer\">Cezar Mossini<\/a>\u00a0(PMDB),\u00a0<a title=\"Ver p\u00e1gina de Ver. Cristiano Ferreira Moraes - PV\" href=\"http:\/\/www.camaracanoas.rs.gov.br\/?sec=nproponente&amp;id=11013\" target=\"_blank\" rel=\"noopener noreferrer\">Cris Moraes<\/a>\u00a0(PV),\u00a0<a title=\"Ver p\u00e1gina de Ver. Maria Eunice Dias Wolf - PT\" href=\"http:\/\/www.camaracanoas.rs.gov.br\/?sec=nproponente&amp;id=11008\" target=\"_blank\" rel=\"noopener noreferrer\">Maria Eunice<\/a>\u00a0(PT),\u00a0<a title=\"Ver p\u00e1gina de Ver. Jozir Bernardes Prestes (Patteta) - PP\" href=\"http:\/\/www.camaracanoas.rs.gov.br\/?sec=nproponente&amp;id=10025\" target=\"_blank\" rel=\"noopener noreferrer\">Patteta<\/a>\u00a0(PP) e\u00a0<a title=\"Ver p\u00e1gina de Ver. Br\u00e1ulio Santana Pedroso (Sargento Santana) - PTB\" href=\"http:\/\/www.camaracanoas.rs.gov.br\/?sec=nproponente&amp;id=11001\" target=\"_blank\" rel=\"noopener noreferrer\">Sargento Santana<\/a>\u00a0(PTB).<\/p>\n<\/div>\n<\/div>\n<\/div>\n<\/div>\n<p><span class=\"x_HOEnZb\"><span style=\"color: #888888;\">\u00a0<\/span><\/span><\/p>\n","protected":false},"excerpt":{"rendered":"<p>A comiss\u00e3o especial que acompanha o servi\u00e7o de energia el\u00e9trica em Canoas promoveu, na \u00faltima quinta-feira, 18, sua primeira reuni\u00e3o. A audi\u00eancia, realizada no Plen\u00e1rio da C\u00e2mara, contou com a participa\u00e7\u00e3o de representantes da RGE Sul e tratou do cronograma para a substitui\u00e7\u00e3o dos postes de madeira, quedas de luz e investimentos realizados no munic\u00edpio, [&hellip;]<\/p>\n","protected":false},"author":1,"featured_media":7561,"comment_status":"open","ping_status":"open","sticky":false,"template":"","format":"standard","meta":{"amp_status":"","footnotes":""},"categories":[19,23,22,20],"tags":[],"class_list":["post-7560","post","type-post","status-publish","format-standard","has-post-thumbnail","hentry","category-destaques","category-geral","category-noticias","category-politica-noticias"],"yoast_head":"<!-- This site is optimized with the Yoast SEO plugin v20.5 - https:\/\/yoast.com\/wordpress\/plugins\/seo\/ -->\n<title>Servi\u00e7o de energia el\u00e9trica do munic\u00edpio \u00e9 debatido na C\u00e2mara - O Timoneiro Jornal Canoas RS<\/title>\n<meta name=\"robots\" content=\"index, follow, max-snippet:-1, max-image-preview:large, max-video-preview:-1\" \/>\n<link rel=\"canonical\" href=\"https:\/\/jornaltimoneiro.com.br\/index.php\/2017\/05\/22\/servico-de-energia-eletrica-do-municipio-e-debatido-na-camara\/\" \/>\n<meta property=\"og:locale\" content=\"pt_BR\" \/>\n<meta property=\"og:type\" content=\"article\" \/>\n<meta property=\"og:title\" content=\"Servi\u00e7o de energia el\u00e9trica do munic\u00edpio \u00e9 debatido na C\u00e2mara - O Timoneiro Jornal Canoas RS\" \/>\n<meta property=\"og:description\" content=\"A comiss\u00e3o especial que acompanha o servi\u00e7o de energia el\u00e9trica em Canoas promoveu, na \u00faltima quinta-feira, 18, sua primeira reuni\u00e3o. A audi\u00eancia, realizada no Plen\u00e1rio da C\u00e2mara, contou com a participa\u00e7\u00e3o de representantes da RGE Sul e tratou do cronograma para a substitui\u00e7\u00e3o dos postes de madeira, quedas de luz e investimentos realizados no munic\u00edpio, [&hellip;]\" \/>\n<meta property=\"og:url\" content=\"https:\/\/jornaltimoneiro.com.br\/index.php\/2017\/05\/22\/servico-de-energia-eletrica-do-municipio-e-debatido-na-camara\/\" \/>\n<meta property=\"og:site_name\" content=\"O Timoneiro Jornal Canoas RS\" \/>\n<meta property=\"article:publisher\" content=\"https:\/\/www.facebook.com\/jornaltimoneiro\" \/>\n<meta property=\"article:published_time\" content=\"2017-05-22T15:25:15+00:00\" \/>\n<meta name=\"author\" content=\"Reda\u00e7\u00e3o\" \/>\n<meta name=\"twitter:card\" content=\"summary_large_image\" \/>\n<meta name=\"twitter:creator\" content=\"@_OTimoneiro\" \/>\n<meta name=\"twitter:site\" content=\"@_OTimoneiro\" \/>\n<meta name=\"twitter:label1\" content=\"Escrito por\" \/>\n\t<meta name=\"twitter:data1\" content=\"Reda\u00e7\u00e3o\" \/>\n\t<meta name=\"twitter:label2\" content=\"Est. tempo de leitura\" \/>\n\t<meta name=\"twitter:data2\" content=\"2 minutos\" \/>\n<script type=\"application\/ld+json\" class=\"yoast-schema-graph\">{\"@context\":\"https:\/\/schema.org\",\"@graph\":[{\"@type\":\"Article\",\"@id\":\"https:\/\/jornaltimoneiro.com.br\/index.php\/2017\/05\/22\/servico-de-energia-eletrica-do-municipio-e-debatido-na-camara\/#article\",\"isPartOf\":{\"@id\":\"https:\/\/jornaltimoneiro.com.br\/index.php\/2017\/05\/22\/servico-de-energia-eletrica-do-municipio-e-debatido-na-camara\/\"},\"author\":{\"name\":\"Reda\u00e7\u00e3o\",\"@id\":\"https:\/\/jornaltimoneiro.com.br\/#\/schema\/person\/620efd1d8244466117482be494360b08\"},\"headline\":\"Servi\u00e7o de energia el\u00e9trica do munic\u00edpio \u00e9 debatido na C\u00e2mara\",\"datePublished\":\"2017-05-22T15:25:15+00:00\",\"dateModified\":\"2017-05-22T15:25:15+00:00\",\"mainEntityOfPage\":{\"@id\":\"https:\/\/jornaltimoneiro.com.br\/index.php\/2017\/05\/22\/servico-de-energia-eletrica-do-municipio-e-debatido-na-camara\/\"},\"wordCount\":377,\"commentCount\":0,\"publisher\":{\"@id\":\"https:\/\/jornaltimoneiro.com.br\/#organization\"},\"articleSection\":[\"Destaques\",\"Geral\",\"Not\u00edcias\",\"Pol\u00edtica\"],\"inLanguage\":\"pt-BR\",\"potentialAction\":[{\"@type\":\"CommentAction\",\"name\":\"Comment\",\"target\":[\"https:\/\/jornaltimoneiro.com.br\/index.php\/2017\/05\/22\/servico-de-energia-eletrica-do-municipio-e-debatido-na-camara\/#respond\"]}]},{\"@type\":\"WebPage\",\"@id\":\"https:\/\/jornaltimoneiro.com.br\/index.php\/2017\/05\/22\/servico-de-energia-eletrica-do-municipio-e-debatido-na-camara\/\",\"url\":\"https:\/\/jornaltimoneiro.com.br\/index.php\/2017\/05\/22\/servico-de-energia-eletrica-do-municipio-e-debatido-na-camara\/\",\"name\":\"Servi\u00e7o de energia el\u00e9trica do munic\u00edpio \u00e9 debatido na C\u00e2mara - O Timoneiro Jornal Canoas RS\",\"isPartOf\":{\"@id\":\"https:\/\/jornaltimoneiro.com.br\/#website\"},\"datePublished\":\"2017-05-22T15:25:15+00:00\",\"dateModified\":\"2017-05-22T15:25:15+00:00\",\"breadcrumb\":{\"@id\":\"https:\/\/jornaltimoneiro.com.br\/index.php\/2017\/05\/22\/servico-de-energia-eletrica-do-municipio-e-debatido-na-camara\/#breadcrumb\"},\"inLanguage\":\"pt-BR\",\"potentialAction\":[{\"@type\":\"ReadAction\",\"target\":[\"https:\/\/jornaltimoneiro.com.br\/index.php\/2017\/05\/22\/servico-de-energia-eletrica-do-municipio-e-debatido-na-camara\/\"]}]},{\"@type\":\"BreadcrumbList\",\"@id\":\"https:\/\/jornaltimoneiro.com.br\/index.php\/2017\/05\/22\/servico-de-energia-eletrica-do-municipio-e-debatido-na-camara\/#breadcrumb\",\"itemListElement\":[{\"@type\":\"ListItem\",\"position\":1,\"name\":\"In\u00edcio\",\"item\":\"https:\/\/jornaltimoneiro.com.br\/\"},{\"@type\":\"ListItem\",\"position\":2,\"name\":\"Servi\u00e7o de energia el\u00e9trica do munic\u00edpio \u00e9 debatido na C\u00e2mara\"}]},{\"@type\":\"WebSite\",\"@id\":\"https:\/\/jornaltimoneiro.com.br\/#website\",\"url\":\"https:\/\/jornaltimoneiro.com.br\/\",\"name\":\"Jornal Timoneiro Canoas RS\",\"description\":\"Jornal O Timoneiro, o verdadeiro jornal de Canoas\",\"publisher\":{\"@id\":\"https:\/\/jornaltimoneiro.com.br\/#organization\"},\"potentialAction\":[{\"@type\":\"SearchAction\",\"target\":{\"@type\":\"EntryPoint\",\"urlTemplate\":\"https:\/\/jornaltimoneiro.com.br\/?s={search_term_string}\"},\"query-input\":\"required name=search_term_string\"}],\"inLanguage\":\"pt-BR\"},{\"@type\":\"Organization\",\"@id\":\"https:\/\/jornaltimoneiro.com.br\/#organization\",\"name\":\"Jornal Timoneiro Canoas RS\",\"url\":\"https:\/\/jornaltimoneiro.com.br\/\",\"logo\":{\"@type\":\"ImageObject\",\"inLanguage\":\"pt-BR\",\"@id\":\"https:\/\/jornaltimoneiro.com.br\/#\/schema\/logo\/image\/\",\"url\":\"https:\/\/jornaltimoneiro.com.br\/wp-content\/uploads\/2023\/03\/logonovo.png\",\"contentUrl\":\"https:\/\/jornaltimoneiro.com.br\/wp-content\/uploads\/2023\/03\/logonovo.png\",\"width\":\"469\",\"height\":\"171\",\"caption\":\"Jornal Timoneiro Canoas RS\"},\"image\":{\"@id\":\"https:\/\/jornaltimoneiro.com.br\/#\/schema\/logo\/image\/\"},\"sameAs\":[\"https:\/\/www.facebook.com\/jornaltimoneiro\",\"https:\/\/twitter.com\/_OTimoneiro\",\"https:\/\/www.instagram.com\/jornaltimoneirocanoas\/\",\"https:\/\/www.youtube.com\/@jornalotimoneiro7927\"]},{\"@type\":\"Person\",\"@id\":\"https:\/\/jornaltimoneiro.com.br\/#\/schema\/person\/620efd1d8244466117482be494360b08\",\"name\":\"Reda\u00e7\u00e3o\",\"image\":{\"@type\":\"ImageObject\",\"inLanguage\":\"pt-BR\",\"@id\":\"https:\/\/jornaltimoneiro.com.br\/#\/schema\/person\/image\/\",\"url\":\"https:\/\/secure.gravatar.com\/avatar\/2f04e1b304682a8d9db336c7acd77f08?s=96&d=mm&r=g\",\"contentUrl\":\"https:\/\/secure.gravatar.com\/avatar\/2f04e1b304682a8d9db336c7acd77f08?s=96&d=mm&r=g\",\"caption\":\"Reda\u00e7\u00e3o\"},\"url\":\"https:\/\/jornaltimoneiro.com.br\/index.php\/author\/timoneirocanoas\/\"}]}<\/script>\n<!-- \/ Yoast SEO plugin. -->","yoast_head_json":{"title":"Servi\u00e7o de energia el\u00e9trica do munic\u00edpio \u00e9 debatido na C\u00e2mara - O Timoneiro Jornal Canoas RS","robots":{"index":"index","follow":"follow","max-snippet":"max-snippet:-1","max-image-preview":"max-image-preview:large","max-video-preview":"max-video-preview:-1"},"canonical":"https:\/\/jornaltimoneiro.com.br\/index.php\/2017\/05\/22\/servico-de-energia-eletrica-do-municipio-e-debatido-na-camara\/","og_locale":"pt_BR","og_type":"article","og_title":"Servi\u00e7o de energia el\u00e9trica do munic\u00edpio \u00e9 debatido na C\u00e2mara - O Timoneiro Jornal Canoas RS","og_description":"A comiss\u00e3o especial que acompanha o servi\u00e7o de energia el\u00e9trica em Canoas promoveu, na \u00faltima quinta-feira, 18, sua primeira reuni\u00e3o. A audi\u00eancia, realizada no Plen\u00e1rio da C\u00e2mara, contou com a participa\u00e7\u00e3o de representantes da RGE Sul e tratou do cronograma para a substitui\u00e7\u00e3o dos postes de madeira, quedas de luz e investimentos realizados no munic\u00edpio, [&hellip;]","og_url":"https:\/\/jornaltimoneiro.com.br\/index.php\/2017\/05\/22\/servico-de-energia-eletrica-do-municipio-e-debatido-na-camara\/","og_site_name":"O Timoneiro Jornal Canoas RS","article_publisher":"https:\/\/www.facebook.com\/jornaltimoneiro","article_published_time":"2017-05-22T15:25:15+00:00","author":"Reda\u00e7\u00e3o","twitter_card":"summary_large_image","twitter_creator":"@_OTimoneiro","twitter_site":"@_OTimoneiro","twitter_misc":{"Escrito por":"Reda\u00e7\u00e3o","Est. tempo de leitura":"2 minutos"},"schema":{"@context":"https:\/\/schema.org","@graph":[{"@type":"Article","@id":"https:\/\/jornaltimoneiro.com.br\/index.php\/2017\/05\/22\/servico-de-energia-eletrica-do-municipio-e-debatido-na-camara\/#article","isPartOf":{"@id":"https:\/\/jornaltimoneiro.com.br\/index.php\/2017\/05\/22\/servico-de-energia-eletrica-do-municipio-e-debatido-na-camara\/"},"author":{"name":"Reda\u00e7\u00e3o","@id":"https:\/\/jornaltimoneiro.com.br\/#\/schema\/person\/620efd1d8244466117482be494360b08"},"headline":"Servi\u00e7o de energia el\u00e9trica do munic\u00edpio \u00e9 debatido na C\u00e2mara","datePublished":"2017-05-22T15:25:15+00:00","dateModified":"2017-05-22T15:25:15+00:00","mainEntityOfPage":{"@id":"https:\/\/jornaltimoneiro.com.br\/index.php\/2017\/05\/22\/servico-de-energia-eletrica-do-municipio-e-debatido-na-camara\/"},"wordCount":377,"commentCount":0,"publisher":{"@id":"https:\/\/jornaltimoneiro.com.br\/#organization"},"articleSection":["Destaques","Geral","Not\u00edcias","Pol\u00edtica"],"inLanguage":"pt-BR","potentialAction":[{"@type":"CommentAction","name":"Comment","target":["https:\/\/jornaltimoneiro.com.br\/index.php\/2017\/05\/22\/servico-de-energia-eletrica-do-municipio-e-debatido-na-camara\/#respond"]}]},{"@type":"WebPage","@id":"https:\/\/jornaltimoneiro.com.br\/index.php\/2017\/05\/22\/servico-de-energia-eletrica-do-municipio-e-debatido-na-camara\/","url":"https:\/\/jornaltimoneiro.com.br\/index.php\/2017\/05\/22\/servico-de-energia-eletrica-do-municipio-e-debatido-na-camara\/","name":"Servi\u00e7o de energia el\u00e9trica do munic\u00edpio \u00e9 debatido na C\u00e2mara - O Timoneiro Jornal Canoas RS","isPartOf":{"@id":"https:\/\/jornaltimoneiro.com.br\/#website"},"datePublished":"2017-05-22T15:25:15+00:00","dateModified":"2017-05-22T15:25:15+00:00","breadcrumb":{"@id":"https:\/\/jornaltimoneiro.com.br\/index.php\/2017\/05\/22\/servico-de-energia-eletrica-do-municipio-e-debatido-na-camara\/#breadcrumb"},"inLanguage":"pt-BR","potentialAction":[{"@type":"ReadAction","target":["https:\/\/jornaltimoneiro.com.br\/index.php\/2017\/05\/22\/servico-de-energia-eletrica-do-municipio-e-debatido-na-camara\/"]}]},{"@type":"BreadcrumbList","@id":"https:\/\/jornaltimoneiro.com.br\/index.php\/2017\/05\/22\/servico-de-energia-eletrica-do-municipio-e-debatido-na-camara\/#breadcrumb","itemListElement":[{"@type":"ListItem","position":1,"name":"In\u00edcio","item":"https:\/\/jornaltimoneiro.com.br\/"},{"@type":"ListItem","position":2,"name":"Servi\u00e7o de energia el\u00e9trica do munic\u00edpio \u00e9 debatido na C\u00e2mara"}]},{"@type":"WebSite","@id":"https:\/\/jornaltimoneiro.com.br\/#website","url":"https:\/\/jornaltimoneiro.com.br\/","name":"Jornal Timoneiro Canoas RS","description":"Jornal O Timoneiro, o verdadeiro jornal de Canoas","publisher":{"@id":"https:\/\/jornaltimoneiro.com.br\/#organization"},"potentialAction":[{"@type":"SearchAction","target":{"@type":"EntryPoint","urlTemplate":"https:\/\/jornaltimoneiro.com.br\/?s={search_term_string}"},"query-input":"required name=search_term_string"}],"inLanguage":"pt-BR"},{"@type":"Organization","@id":"https:\/\/jornaltimoneiro.com.br\/#organization","name":"Jornal Timoneiro Canoas RS","url":"https:\/\/jornaltimoneiro.com.br\/","logo":{"@type":"ImageObject","inLanguage":"pt-BR","@id":"https:\/\/jornaltimoneiro.com.br\/#\/schema\/logo\/image\/","url":"https:\/\/jornaltimoneiro.com.br\/wp-content\/uploads\/2023\/03\/logonovo.png","contentUrl":"https:\/\/jornaltimoneiro.com.br\/wp-content\/uploads\/2023\/03\/logonovo.png","width":"469","height":"171","caption":"Jornal Timoneiro Canoas RS"},"image":{"@id":"https:\/\/jornaltimoneiro.com.br\/#\/schema\/logo\/image\/"},"sameAs":["https:\/\/www.facebook.com\/jornaltimoneiro","https:\/\/twitter.com\/_OTimoneiro","https:\/\/www.instagram.com\/jornaltimoneirocanoas\/","https:\/\/www.youtube.com\/@jornalotimoneiro7927"]},{"@type":"Person","@id":"https:\/\/jornaltimoneiro.com.br\/#\/schema\/person\/620efd1d8244466117482be494360b08","name":"Reda\u00e7\u00e3o","image":{"@type":"ImageObject","inLanguage":"pt-BR","@id":"https:\/\/jornaltimoneiro.com.br\/#\/schema\/person\/image\/","url":"https:\/\/secure.gravatar.com\/avatar\/2f04e1b304682a8d9db336c7acd77f08?s=96&d=mm&r=g","contentUrl":"https:\/\/secure.gravatar.com\/avatar\/2f04e1b304682a8d9db336c7acd77f08?s=96&d=mm&r=g","caption":"Reda\u00e7\u00e3o"},"url":"https:\/\/jornaltimoneiro.com.br\/index.php\/author\/timoneirocanoas\/"}]}},"_links":{"self":[{"href":"https:\/\/jornaltimoneiro.com.br\/index.php\/wp-json\/wp\/v2\/posts\/7560"}],"collection":[{"href":"https:\/\/jornaltimoneiro.com.br\/index.php\/wp-json\/wp\/v2\/posts"}],"about":[{"href":"https:\/\/jornaltimoneiro.com.br\/index.php\/wp-json\/wp\/v2\/types\/post"}],"author":[{"embeddable":true,"href":"https:\/\/jornaltimoneiro.com.br\/index.php\/wp-json\/wp\/v2\/users\/1"}],"replies":[{"embeddable":true,"href":"https:\/\/jornaltimoneiro.com.br\/index.php\/wp-json\/wp\/v2\/comments?post=7560"}],"version-history":[{"count":0,"href":"https:\/\/jornaltimoneiro.com.br\/index.php\/wp-json\/wp\/v2\/posts\/7560\/revisions"}],"wp:featuredmedia":[{"embeddable":true,"href":"https:\/\/jornaltimoneiro.com.br\/index.php\/wp-json\/"}],"wp:attachment":[{"href":"https:\/\/jornaltimoneiro.com.br\/index.php\/wp-json\/wp\/v2\/media?parent=7560"}],"wp:term":[{"taxonomy":"category","embeddable":true,"href":"https:\/\/jornaltimoneiro.com.br\/index.php\/wp-json\/wp\/v2\/categories?post=7560"},{"taxonomy":"post_tag","embeddable":true,"href":"https:\/\/jornaltimoneiro.com.br\/index.php\/wp-json\/wp\/v2\/tags?post=7560"}],"curies":[{"name":"wp","href":"https:\/\/api.w.org\/{rel}","templated":true}]}}