{"id":755,"date":"2015-07-29T11:02:08","date_gmt":"2015-07-29T14:02:08","guid":{"rendered":"http:\/\/otimoneiro.com.br\/?p=755"},"modified":"2015-07-29T11:02:08","modified_gmt":"2015-07-29T14:02:08","slug":"pedagio-na-av-getulio-vargas-mas-e-por-uma-boa-causa","status":"publish","type":"post","link":"https:\/\/jornaltimoneiro.com.br\/index.php\/2015\/07\/29\/pedagio-na-av-getulio-vargas-mas-e-por-uma-boa-causa\/","title":{"rendered":"Ped\u00e1gio na av. Get\u00falio Vargas! Mas \u00e9 por uma boa causa"},"content":{"rendered":"<p style=\"text-align: justify;\"><a href=\"http:\/\/otimoneiro.com.br\/wp-content\/uploads\/2015\/07\/DSC2632.jpg\"><img decoding=\"async\" class=\"aligncenter wp-image-756 \" src=\"http:\/\/otimoneiro.com.br\/wp-content\/uploads\/2015\/07\/DSC2632-1024x683.jpg\" alt=\"_DSC2632\" width=\"598\" height=\"398\" \/><\/a><\/p>\n<p style=\"text-align: justify;\">Na tarde de ter\u00e7a-feira, 28, a esquina da av. Get\u00falio Vargas com a rua Humait\u00e1, no centro de Canoas, recebeu visitantes de Nova Santa Rita. Os integrantes do Centro de Tradi\u00e7\u00f5es Ga\u00fachas (CTG) Sov\u00e9u de Ouro estiveram na cidade para realizar um ped\u00e1gio da invernada juvenil. A a\u00e7\u00e3o, que acontece todas as ter\u00e7as e quintas-feiras em sinaleiras diversas do munic\u00edpio, tem como objetivo arrecadar dinheiro para a Juvenart, que ocorrer\u00e1 em Santa Maria.<\/p>\n<p style=\"text-align: justify;\">Julio Farias, 45 anos, lembra que os jovens ir\u00e3o at\u00e9 Santa Maria participar do evento. \u201cComo nossas crian\u00e7as v\u00e3o para Santa Maria nos dias 7, 8 e 9 de agosto, representando a 12\u00ba regi\u00e3o tradicionalista, organizamos ped\u00e1gios, pois temos custos com alimenta\u00e7\u00e3o, com roupas, cabelos, instrutor, core\u00f3grafo, com hospedagem e transporte\u201d. O investimento, no entanto, \u00e9 por conta dos pais. \u201cIsso tudo sai do bolso dos pais. A gente organiza ped\u00e1gios em sinaleiras diversificadas da cidade para que, com isso, a gente arrecade alguma verba para amenizar um pouco o custo no bolso dos pais. Como Nova Santa Rita \u00e9 muito pequena, temos que vir para onde est\u00e1 o fluxo, nas grandes cidades\u201d, salienta.<\/p>\n<p style=\"text-align: justify;\">O ca\u00e7ula Andrei, de 10 anos, \u00e9 o atual campe\u00e3o da sua categoria. Ele revelou que entrou no mundo tradicionalista por influ\u00eancia do pai, Julio. \u201cO meu pai me levou\u201d. Ariadny, tamb\u00e9m campe\u00e3 em 2014, destacou a import\u00e2ncia de ajudar nos custos. \u201cEu vejo isso como uma forma simples de ajudar os pais. A gente acaba juntos. O grupo vem e se une para conseguir\u201d. A preocupa\u00e7\u00e3o maior dos jovens, acompanhados de respons\u00e1veis na a\u00e7\u00e3o, \u00e9 o custo da viagem. \u201c\u00c9 muito gasto, realmente\u201d, admite Larissa Pereira, 16 anos. \u201cGastamos com roupas, sapatos, chap\u00e9us. Ent\u00e3o \u00e9 um jeito de amenizar os gastos para os nossos pais\u201d, conclui.<\/p>\n<p style=\"text-align: justify;\">A Juvenart recebe 60 CTGs do todo o estado, que devem demonstrar desenvoltura para 14 jurados que avaliam quesitos como dan\u00e7a, m\u00fasica e indument\u00e1ria. Apenas 16 grupos se classificam para a final que ser\u00e1 nos dias 7 e 9 de agosto deste ano.<\/p>\n","protected":false},"excerpt":{"rendered":"<p>Integrantes do CTG Sov\u00e9u de Ouro buscam recursos para invernada juvenil em Santa Maria.<\/p>\n","protected":false},"author":1,"featured_media":756,"comment_status":"open","ping_status":"open","sticky":false,"template":"","format":"standard","meta":{"amp_status":"","footnotes":""},"categories":[25,19,22],"tags":[],"class_list":["post-755","post","type-post","status-publish","format-standard","has-post-thumbnail","hentry","category-comunidade","category-destaques","category-noticias"],"yoast_head":"<!-- This site is optimized with the Yoast SEO plugin v20.5 - https:\/\/yoast.com\/wordpress\/plugins\/seo\/ -->\n<title>Ped\u00e1gio na av. Get\u00falio Vargas! Mas \u00e9 por uma boa causa - O Timoneiro Jornal Canoas RS<\/title>\n<meta name=\"robots\" content=\"index, follow, max-snippet:-1, max-image-preview:large, max-video-preview:-1\" \/>\n<link rel=\"canonical\" href=\"https:\/\/jornaltimoneiro.com.br\/index.php\/2015\/07\/29\/pedagio-na-av-getulio-vargas-mas-e-por-uma-boa-causa\/\" \/>\n<meta property=\"og:locale\" content=\"pt_BR\" \/>\n<meta property=\"og:type\" content=\"article\" \/>\n<meta property=\"og:title\" content=\"Ped\u00e1gio na av. Get\u00falio Vargas! Mas \u00e9 por uma boa causa - O Timoneiro Jornal Canoas RS\" \/>\n<meta property=\"og:description\" content=\"Integrantes do CTG Sov\u00e9u de Ouro buscam recursos para invernada juvenil em Santa Maria.\" \/>\n<meta property=\"og:url\" content=\"https:\/\/jornaltimoneiro.com.br\/index.php\/2015\/07\/29\/pedagio-na-av-getulio-vargas-mas-e-por-uma-boa-causa\/\" \/>\n<meta property=\"og:site_name\" content=\"O Timoneiro Jornal Canoas RS\" \/>\n<meta property=\"article:publisher\" content=\"https:\/\/www.facebook.com\/jornaltimoneiro\" \/>\n<meta property=\"article:published_time\" content=\"2015-07-29T14:02:08+00:00\" \/>\n<meta name=\"author\" content=\"Reda\u00e7\u00e3o\" \/>\n<meta name=\"twitter:card\" content=\"summary_large_image\" \/>\n<meta name=\"twitter:creator\" content=\"@_OTimoneiro\" \/>\n<meta name=\"twitter:site\" content=\"@_OTimoneiro\" \/>\n<meta name=\"twitter:label1\" content=\"Escrito por\" \/>\n\t<meta name=\"twitter:data1\" content=\"Reda\u00e7\u00e3o\" \/>\n\t<meta name=\"twitter:label2\" content=\"Est. tempo de leitura\" \/>\n\t<meta name=\"twitter:data2\" content=\"2 minutos\" \/>\n<script type=\"application\/ld+json\" class=\"yoast-schema-graph\">{\"@context\":\"https:\/\/schema.org\",\"@graph\":[{\"@type\":\"Article\",\"@id\":\"https:\/\/jornaltimoneiro.com.br\/index.php\/2015\/07\/29\/pedagio-na-av-getulio-vargas-mas-e-por-uma-boa-causa\/#article\",\"isPartOf\":{\"@id\":\"https:\/\/jornaltimoneiro.com.br\/index.php\/2015\/07\/29\/pedagio-na-av-getulio-vargas-mas-e-por-uma-boa-causa\/\"},\"author\":{\"name\":\"Reda\u00e7\u00e3o\",\"@id\":\"https:\/\/jornaltimoneiro.com.br\/#\/schema\/person\/620efd1d8244466117482be494360b08\"},\"headline\":\"Ped\u00e1gio na av. Get\u00falio Vargas! Mas \u00e9 por uma boa causa\",\"datePublished\":\"2015-07-29T14:02:08+00:00\",\"dateModified\":\"2015-07-29T14:02:08+00:00\",\"mainEntityOfPage\":{\"@id\":\"https:\/\/jornaltimoneiro.com.br\/index.php\/2015\/07\/29\/pedagio-na-av-getulio-vargas-mas-e-por-uma-boa-causa\/\"},\"wordCount\":359,\"commentCount\":0,\"publisher\":{\"@id\":\"https:\/\/jornaltimoneiro.com.br\/#organization\"},\"articleSection\":[\"Comunidade\",\"Destaques\",\"Not\u00edcias\"],\"inLanguage\":\"pt-BR\",\"potentialAction\":[{\"@type\":\"CommentAction\",\"name\":\"Comment\",\"target\":[\"https:\/\/jornaltimoneiro.com.br\/index.php\/2015\/07\/29\/pedagio-na-av-getulio-vargas-mas-e-por-uma-boa-causa\/#respond\"]}]},{\"@type\":\"WebPage\",\"@id\":\"https:\/\/jornaltimoneiro.com.br\/index.php\/2015\/07\/29\/pedagio-na-av-getulio-vargas-mas-e-por-uma-boa-causa\/\",\"url\":\"https:\/\/jornaltimoneiro.com.br\/index.php\/2015\/07\/29\/pedagio-na-av-getulio-vargas-mas-e-por-uma-boa-causa\/\",\"name\":\"Ped\u00e1gio na av. Get\u00falio Vargas! Mas \u00e9 por uma boa causa - O Timoneiro Jornal Canoas RS\",\"isPartOf\":{\"@id\":\"https:\/\/jornaltimoneiro.com.br\/#website\"},\"datePublished\":\"2015-07-29T14:02:08+00:00\",\"dateModified\":\"2015-07-29T14:02:08+00:00\",\"breadcrumb\":{\"@id\":\"https:\/\/jornaltimoneiro.com.br\/index.php\/2015\/07\/29\/pedagio-na-av-getulio-vargas-mas-e-por-uma-boa-causa\/#breadcrumb\"},\"inLanguage\":\"pt-BR\",\"potentialAction\":[{\"@type\":\"ReadAction\",\"target\":[\"https:\/\/jornaltimoneiro.com.br\/index.php\/2015\/07\/29\/pedagio-na-av-getulio-vargas-mas-e-por-uma-boa-causa\/\"]}]},{\"@type\":\"BreadcrumbList\",\"@id\":\"https:\/\/jornaltimoneiro.com.br\/index.php\/2015\/07\/29\/pedagio-na-av-getulio-vargas-mas-e-por-uma-boa-causa\/#breadcrumb\",\"itemListElement\":[{\"@type\":\"ListItem\",\"position\":1,\"name\":\"In\u00edcio\",\"item\":\"https:\/\/jornaltimoneiro.com.br\/\"},{\"@type\":\"ListItem\",\"position\":2,\"name\":\"Ped\u00e1gio na av. Get\u00falio Vargas! Mas \u00e9 por uma boa causa\"}]},{\"@type\":\"WebSite\",\"@id\":\"https:\/\/jornaltimoneiro.com.br\/#website\",\"url\":\"https:\/\/jornaltimoneiro.com.br\/\",\"name\":\"Jornal Timoneiro Canoas RS\",\"description\":\"Jornal O Timoneiro, o verdadeiro jornal de Canoas\",\"publisher\":{\"@id\":\"https:\/\/jornaltimoneiro.com.br\/#organization\"},\"potentialAction\":[{\"@type\":\"SearchAction\",\"target\":{\"@type\":\"EntryPoint\",\"urlTemplate\":\"https:\/\/jornaltimoneiro.com.br\/?s={search_term_string}\"},\"query-input\":\"required name=search_term_string\"}],\"inLanguage\":\"pt-BR\"},{\"@type\":\"Organization\",\"@id\":\"https:\/\/jornaltimoneiro.com.br\/#organization\",\"name\":\"Jornal Timoneiro Canoas RS\",\"url\":\"https:\/\/jornaltimoneiro.com.br\/\",\"logo\":{\"@type\":\"ImageObject\",\"inLanguage\":\"pt-BR\",\"@id\":\"https:\/\/jornaltimoneiro.com.br\/#\/schema\/logo\/image\/\",\"url\":\"https:\/\/jornaltimoneiro.com.br\/wp-content\/uploads\/2023\/03\/logonovo.png\",\"contentUrl\":\"https:\/\/jornaltimoneiro.com.br\/wp-content\/uploads\/2023\/03\/logonovo.png\",\"width\":\"469\",\"height\":\"171\",\"caption\":\"Jornal Timoneiro Canoas RS\"},\"image\":{\"@id\":\"https:\/\/jornaltimoneiro.com.br\/#\/schema\/logo\/image\/\"},\"sameAs\":[\"https:\/\/www.facebook.com\/jornaltimoneiro\",\"https:\/\/twitter.com\/_OTimoneiro\",\"https:\/\/www.instagram.com\/jornaltimoneirocanoas\/\",\"https:\/\/www.youtube.com\/@jornalotimoneiro7927\"]},{\"@type\":\"Person\",\"@id\":\"https:\/\/jornaltimoneiro.com.br\/#\/schema\/person\/620efd1d8244466117482be494360b08\",\"name\":\"Reda\u00e7\u00e3o\",\"image\":{\"@type\":\"ImageObject\",\"inLanguage\":\"pt-BR\",\"@id\":\"https:\/\/jornaltimoneiro.com.br\/#\/schema\/person\/image\/\",\"url\":\"https:\/\/secure.gravatar.com\/avatar\/2f04e1b304682a8d9db336c7acd77f08?s=96&d=mm&r=g\",\"contentUrl\":\"https:\/\/secure.gravatar.com\/avatar\/2f04e1b304682a8d9db336c7acd77f08?s=96&d=mm&r=g\",\"caption\":\"Reda\u00e7\u00e3o\"},\"url\":\"https:\/\/jornaltimoneiro.com.br\/index.php\/author\/timoneirocanoas\/\"}]}<\/script>\n<!-- \/ Yoast SEO plugin. -->","yoast_head_json":{"title":"Ped\u00e1gio na av. Get\u00falio Vargas! Mas \u00e9 por uma boa causa - O Timoneiro Jornal Canoas RS","robots":{"index":"index","follow":"follow","max-snippet":"max-snippet:-1","max-image-preview":"max-image-preview:large","max-video-preview":"max-video-preview:-1"},"canonical":"https:\/\/jornaltimoneiro.com.br\/index.php\/2015\/07\/29\/pedagio-na-av-getulio-vargas-mas-e-por-uma-boa-causa\/","og_locale":"pt_BR","og_type":"article","og_title":"Ped\u00e1gio na av. Get\u00falio Vargas! Mas \u00e9 por uma boa causa - O Timoneiro Jornal Canoas RS","og_description":"Integrantes do CTG Sov\u00e9u de Ouro buscam recursos para invernada juvenil em Santa Maria.","og_url":"https:\/\/jornaltimoneiro.com.br\/index.php\/2015\/07\/29\/pedagio-na-av-getulio-vargas-mas-e-por-uma-boa-causa\/","og_site_name":"O Timoneiro Jornal Canoas RS","article_publisher":"https:\/\/www.facebook.com\/jornaltimoneiro","article_published_time":"2015-07-29T14:02:08+00:00","author":"Reda\u00e7\u00e3o","twitter_card":"summary_large_image","twitter_creator":"@_OTimoneiro","twitter_site":"@_OTimoneiro","twitter_misc":{"Escrito por":"Reda\u00e7\u00e3o","Est. tempo de leitura":"2 minutos"},"schema":{"@context":"https:\/\/schema.org","@graph":[{"@type":"Article","@id":"https:\/\/jornaltimoneiro.com.br\/index.php\/2015\/07\/29\/pedagio-na-av-getulio-vargas-mas-e-por-uma-boa-causa\/#article","isPartOf":{"@id":"https:\/\/jornaltimoneiro.com.br\/index.php\/2015\/07\/29\/pedagio-na-av-getulio-vargas-mas-e-por-uma-boa-causa\/"},"author":{"name":"Reda\u00e7\u00e3o","@id":"https:\/\/jornaltimoneiro.com.br\/#\/schema\/person\/620efd1d8244466117482be494360b08"},"headline":"Ped\u00e1gio na av. Get\u00falio Vargas! Mas \u00e9 por uma boa causa","datePublished":"2015-07-29T14:02:08+00:00","dateModified":"2015-07-29T14:02:08+00:00","mainEntityOfPage":{"@id":"https:\/\/jornaltimoneiro.com.br\/index.php\/2015\/07\/29\/pedagio-na-av-getulio-vargas-mas-e-por-uma-boa-causa\/"},"wordCount":359,"commentCount":0,"publisher":{"@id":"https:\/\/jornaltimoneiro.com.br\/#organization"},"articleSection":["Comunidade","Destaques","Not\u00edcias"],"inLanguage":"pt-BR","potentialAction":[{"@type":"CommentAction","name":"Comment","target":["https:\/\/jornaltimoneiro.com.br\/index.php\/2015\/07\/29\/pedagio-na-av-getulio-vargas-mas-e-por-uma-boa-causa\/#respond"]}]},{"@type":"WebPage","@id":"https:\/\/jornaltimoneiro.com.br\/index.php\/2015\/07\/29\/pedagio-na-av-getulio-vargas-mas-e-por-uma-boa-causa\/","url":"https:\/\/jornaltimoneiro.com.br\/index.php\/2015\/07\/29\/pedagio-na-av-getulio-vargas-mas-e-por-uma-boa-causa\/","name":"Ped\u00e1gio na av. Get\u00falio Vargas! Mas \u00e9 por uma boa causa - O Timoneiro Jornal Canoas RS","isPartOf":{"@id":"https:\/\/jornaltimoneiro.com.br\/#website"},"datePublished":"2015-07-29T14:02:08+00:00","dateModified":"2015-07-29T14:02:08+00:00","breadcrumb":{"@id":"https:\/\/jornaltimoneiro.com.br\/index.php\/2015\/07\/29\/pedagio-na-av-getulio-vargas-mas-e-por-uma-boa-causa\/#breadcrumb"},"inLanguage":"pt-BR","potentialAction":[{"@type":"ReadAction","target":["https:\/\/jornaltimoneiro.com.br\/index.php\/2015\/07\/29\/pedagio-na-av-getulio-vargas-mas-e-por-uma-boa-causa\/"]}]},{"@type":"BreadcrumbList","@id":"https:\/\/jornaltimoneiro.com.br\/index.php\/2015\/07\/29\/pedagio-na-av-getulio-vargas-mas-e-por-uma-boa-causa\/#breadcrumb","itemListElement":[{"@type":"ListItem","position":1,"name":"In\u00edcio","item":"https:\/\/jornaltimoneiro.com.br\/"},{"@type":"ListItem","position":2,"name":"Ped\u00e1gio na av. Get\u00falio Vargas! Mas \u00e9 por uma boa causa"}]},{"@type":"WebSite","@id":"https:\/\/jornaltimoneiro.com.br\/#website","url":"https:\/\/jornaltimoneiro.com.br\/","name":"Jornal Timoneiro Canoas RS","description":"Jornal O Timoneiro, o verdadeiro jornal de Canoas","publisher":{"@id":"https:\/\/jornaltimoneiro.com.br\/#organization"},"potentialAction":[{"@type":"SearchAction","target":{"@type":"EntryPoint","urlTemplate":"https:\/\/jornaltimoneiro.com.br\/?s={search_term_string}"},"query-input":"required name=search_term_string"}],"inLanguage":"pt-BR"},{"@type":"Organization","@id":"https:\/\/jornaltimoneiro.com.br\/#organization","name":"Jornal Timoneiro Canoas RS","url":"https:\/\/jornaltimoneiro.com.br\/","logo":{"@type":"ImageObject","inLanguage":"pt-BR","@id":"https:\/\/jornaltimoneiro.com.br\/#\/schema\/logo\/image\/","url":"https:\/\/jornaltimoneiro.com.br\/wp-content\/uploads\/2023\/03\/logonovo.png","contentUrl":"https:\/\/jornaltimoneiro.com.br\/wp-content\/uploads\/2023\/03\/logonovo.png","width":"469","height":"171","caption":"Jornal Timoneiro Canoas RS"},"image":{"@id":"https:\/\/jornaltimoneiro.com.br\/#\/schema\/logo\/image\/"},"sameAs":["https:\/\/www.facebook.com\/jornaltimoneiro","https:\/\/twitter.com\/_OTimoneiro","https:\/\/www.instagram.com\/jornaltimoneirocanoas\/","https:\/\/www.youtube.com\/@jornalotimoneiro7927"]},{"@type":"Person","@id":"https:\/\/jornaltimoneiro.com.br\/#\/schema\/person\/620efd1d8244466117482be494360b08","name":"Reda\u00e7\u00e3o","image":{"@type":"ImageObject","inLanguage":"pt-BR","@id":"https:\/\/jornaltimoneiro.com.br\/#\/schema\/person\/image\/","url":"https:\/\/secure.gravatar.com\/avatar\/2f04e1b304682a8d9db336c7acd77f08?s=96&d=mm&r=g","contentUrl":"https:\/\/secure.gravatar.com\/avatar\/2f04e1b304682a8d9db336c7acd77f08?s=96&d=mm&r=g","caption":"Reda\u00e7\u00e3o"},"url":"https:\/\/jornaltimoneiro.com.br\/index.php\/author\/timoneirocanoas\/"}]}},"_links":{"self":[{"href":"https:\/\/jornaltimoneiro.com.br\/index.php\/wp-json\/wp\/v2\/posts\/755"}],"collection":[{"href":"https:\/\/jornaltimoneiro.com.br\/index.php\/wp-json\/wp\/v2\/posts"}],"about":[{"href":"https:\/\/jornaltimoneiro.com.br\/index.php\/wp-json\/wp\/v2\/types\/post"}],"author":[{"embeddable":true,"href":"https:\/\/jornaltimoneiro.com.br\/index.php\/wp-json\/wp\/v2\/users\/1"}],"replies":[{"embeddable":true,"href":"https:\/\/jornaltimoneiro.com.br\/index.php\/wp-json\/wp\/v2\/comments?post=755"}],"version-history":[{"count":0,"href":"https:\/\/jornaltimoneiro.com.br\/index.php\/wp-json\/wp\/v2\/posts\/755\/revisions"}],"wp:featuredmedia":[{"embeddable":true,"href":"https:\/\/jornaltimoneiro.com.br\/index.php\/wp-json\/"}],"wp:attachment":[{"href":"https:\/\/jornaltimoneiro.com.br\/index.php\/wp-json\/wp\/v2\/media?parent=755"}],"wp:term":[{"taxonomy":"category","embeddable":true,"href":"https:\/\/jornaltimoneiro.com.br\/index.php\/wp-json\/wp\/v2\/categories?post=755"},{"taxonomy":"post_tag","embeddable":true,"href":"https:\/\/jornaltimoneiro.com.br\/index.php\/wp-json\/wp\/v2\/tags?post=755"}],"curies":[{"name":"wp","href":"https:\/\/api.w.org\/{rel}","templated":true}]}}