{"id":7548,"date":"2017-05-19T11:36:14","date_gmt":"2017-05-19T14:36:14","guid":{"rendered":"http:\/\/otimoneiro.com.br\/?p=7548"},"modified":"2017-05-19T11:36:14","modified_gmt":"2017-05-19T14:36:14","slug":"mp-processa-jairo-jorge-por-omissao-em-fiscalizar-e-exigir-prestacao-de-contas-da-unidos-do-guajuviras","status":"publish","type":"post","link":"https:\/\/jornaltimoneiro.com.br\/index.php\/2017\/05\/19\/mp-processa-jairo-jorge-por-omissao-em-fiscalizar-e-exigir-prestacao-de-contas-da-unidos-do-guajuviras\/","title":{"rendered":"MP processa Jairo Jorge por omiss\u00e3o em fiscalizar e exigir presta\u00e7\u00e3o de contas da Unidos do Guajuviras"},"content":{"rendered":"<p><a href=\"http:\/\/otimoneiro.com.br\/wp-content\/uploads\/2017\/04\/jairo-jorge.jpg\"><img decoding=\"async\" class=\"aligncenter size-large wp-image-7021\" src=\"http:\/\/otimoneiro.com.br\/wp-content\/uploads\/2017\/04\/jairo-jorge-1024x683.jpg\" alt=\"jairo jorge\" width=\"1024\" height=\"683\" \/><\/a>Conforme o jornal<strong> O Timoneiro<\/strong> alertou em sua p\u00e1gina 3 de sua edi\u00e7\u00e3o 2531, que circulou entre 18 e 24 de janeiro de 2013, a presta\u00e7\u00e3o de contas do Carnaval de Canoas teve incongru\u00eancias em rela\u00e7\u00e3o aos valores anunciados durante o governo Jairo Jorge. Em meados de abril, a Promotora de Justi\u00e7a S\u00f4nia Madalena Silveira Bonilla do Minist\u00e9rio P\u00fablico Estadual, com base em Inqu\u00e9rito Civil, prop\u00f4s uma A\u00e7\u00e3o Civil P\u00fablica por improbidade administrativa contra o ex-prefeito de Canoas, Jairo Jorge da Silva, e o presidente da escola de samba Unidos do Guajuviras, Carlos Adalberto Escalante. O motivo da a\u00e7\u00e3o \u00e9 a falta de presta\u00e7\u00e3o de contas da escola relativos \u00e0s edi\u00e7\u00f5es de 2009, 2010 e 2011 do Carnaval da cidade. A a\u00e7\u00e3o est\u00e1 na sua fase preliminar, e ap\u00f3s a defesa pr\u00e9via o judici\u00e1rio decidir\u00e1 se a a\u00e7\u00e3o ser\u00e1 arquivada ou ter\u00e1 prosseguimento.<\/p>\n<p>Em 2012, o Minist\u00e9rio P\u00fablico ajuizou um pedido de presta\u00e7\u00e3o de contas que rejeitou parte das notas apresentadas pela escola. A agremia\u00e7\u00e3o recebeu, em tr\u00eas anos, uma soma de R$ 116 mil do munic\u00edpio, mas n\u00e3o apresentou despesas e notas fiscais condizentes com o objetivo e valores.<\/p>\n<h3>Fatos apontados<\/h3>\n<p>Na a\u00e7\u00e3o civil o MP aponta que mesmo ap\u00f3s a instaura\u00e7\u00e3o do Inqu\u00e9rito Civil o ex-prefeito Jairo Jorge n\u00e3o tomou provid\u00eancias para que os valores fossem ressarcidos aos cofres p\u00fablicos. Por isso, a situa\u00e7\u00e3o caracteriza, segundo a promotora, omiss\u00e3o por parte do ex-gestor municipal em fiscalizar e exigir a presta\u00e7\u00e3o de contas dos valores repassados e autorizados por contrato com dispensa de licita\u00e7\u00e3o e decretos do prefeito.<\/p>\n<p>Na a\u00e7\u00e3o, a promotora diz: \u201cEm 28 de outubro de 2010, aportou nesta Promotoria de Justi\u00e7a not\u00edcia, por interm\u00e9dio de Paulo Fraga, apontando que a Associa\u00e7\u00e3o Beneficente Cultural Unidos do Guajuviras, representada e presidida pelo demandado Carlos Adalberto Escalante, recebeu verbas p\u00fablicas, a t\u00edtulo de cach\u00eas, para a realiza\u00e7\u00e3o dos carnavais de rua nos anos de 2009 e 2010. Entretanto, apesar do recebimento de dinheiro p\u00fablico, narrou o noticiante que o demandado sempre se negou a prestar contas, tanto para a diretoria, quanto para a pr\u00f3pria Prefeitura, que, em verdade, n\u00e3o empenhou os devidos esfor\u00e7os para fiscalizar e exigir a presta\u00e7\u00e3o de contas, conforme se ver\u00e1\u201d.<\/p>\n<p>O texto da a\u00e7\u00e3o ainda aponta que h\u00e1 not\u00edcias de que os membros da associa\u00e7\u00e3o, por meio de abaixo-assinado, apontaram que Carlos Adalberto Escalante se negou a prestar contas durante seu exerc\u00edcio na fun\u00e7\u00e3o de presidente nos anos de 2009 e 2010, bem como deixou de apresentar atas de reuni\u00f5es e assembleias.<\/p>\n<p>\u201cCom isso, em audi\u00eancia realizada nesta Promotoria de Justi\u00e7a, j\u00e1 em 19\/07\/2011, o demandado Carlos Adalberto Escalante afirmou que realmente recebeu verbas da Prefeitura, para a realiza\u00e7\u00e3o dos carnavais de 2009, 2010 e 2011, nos respectivos valores de R$ 40.000,00. R$ 28.000,00 e R$ 48.000,00. Ao final, comprometeu-se a apresentar as contas, o que n\u00e3o ocorreu\u201d, revela a promotora.<\/p>\n<p>A respeito da responsabilidade de Jairo Jorge, a promotoria diz: \u201cEssencialmente, na condi\u00e7\u00e3o de gestor p\u00fablico, o demandado Jairo Jorge da Silva, no mesmo modo, incorreu em afronta aos princ\u00edpios norteados da fun\u00e7\u00e3o p\u00fablica, tendo em vista que n\u00e3o buscou fiscalizar a verdadeira destina\u00e7\u00e3o das verbas municipais em posse do demandado Carlos Adalberto Escalante. Outrossim, em decorr\u00eancia disso, n\u00e3o exigiu as correspondentes presta\u00e7\u00f5es de contas dos anos de 2009, 2010 e 2011, quando possu\u00eda tal obriga\u00e7\u00e3o, inerente ao cargo p\u00fablico que ocupava\u201d.<\/p>\n<p>Ao final a a\u00e7\u00e3o visa a condena\u00e7\u00e3o dos envolvidas no ressarcimento dos valores, multa civil, perda dos direitos pol\u00edticos entre outras.<\/p>\n<p>Procurados, os processados n\u00e3o foram localizados at\u00e9 o fechamento da edi\u00e7\u00e3o.<\/p>\n","protected":false},"excerpt":{"rendered":"<p>Conforme o jornal O Timoneiro alertou em sua p\u00e1gina 3 de sua edi\u00e7\u00e3o 2531, que circulou entre 18 e 24 de janeiro de 2013, a presta\u00e7\u00e3o de contas do Carnaval de Canoas teve incongru\u00eancias em rela\u00e7\u00e3o aos valores anunciados durante o governo Jairo Jorge. Em meados de abril, a Promotora de Justi\u00e7a S\u00f4nia Madalena Silveira [&hellip;]<\/p>\n","protected":false},"author":1,"featured_media":7021,"comment_status":"open","ping_status":"open","sticky":false,"template":"","format":"standard","meta":{"amp_status":"","footnotes":""},"categories":[19,23,22,20],"tags":[],"class_list":["post-7548","post","type-post","status-publish","format-standard","has-post-thumbnail","hentry","category-destaques","category-geral","category-noticias","category-politica-noticias"],"yoast_head":"<!-- This site is optimized with the Yoast SEO plugin v20.5 - https:\/\/yoast.com\/wordpress\/plugins\/seo\/ -->\n<title>MP processa Jairo Jorge por omiss\u00e3o em fiscalizar e exigir presta\u00e7\u00e3o de contas da Unidos do Guajuviras - O Timoneiro Jornal Canoas RS<\/title>\n<meta name=\"robots\" content=\"index, follow, max-snippet:-1, max-image-preview:large, max-video-preview:-1\" \/>\n<link rel=\"canonical\" href=\"https:\/\/jornaltimoneiro.com.br\/index.php\/2017\/05\/19\/mp-processa-jairo-jorge-por-omissao-em-fiscalizar-e-exigir-prestacao-de-contas-da-unidos-do-guajuviras\/\" \/>\n<meta property=\"og:locale\" content=\"pt_BR\" \/>\n<meta property=\"og:type\" content=\"article\" \/>\n<meta property=\"og:title\" content=\"MP processa Jairo Jorge por omiss\u00e3o em fiscalizar e exigir presta\u00e7\u00e3o de contas da Unidos do Guajuviras - O Timoneiro Jornal Canoas RS\" \/>\n<meta property=\"og:description\" content=\"Conforme o jornal O Timoneiro alertou em sua p\u00e1gina 3 de sua edi\u00e7\u00e3o 2531, que circulou entre 18 e 24 de janeiro de 2013, a presta\u00e7\u00e3o de contas do Carnaval de Canoas teve incongru\u00eancias em rela\u00e7\u00e3o aos valores anunciados durante o governo Jairo Jorge. Em meados de abril, a Promotora de Justi\u00e7a S\u00f4nia Madalena Silveira [&hellip;]\" \/>\n<meta property=\"og:url\" content=\"https:\/\/jornaltimoneiro.com.br\/index.php\/2017\/05\/19\/mp-processa-jairo-jorge-por-omissao-em-fiscalizar-e-exigir-prestacao-de-contas-da-unidos-do-guajuviras\/\" \/>\n<meta property=\"og:site_name\" content=\"O Timoneiro Jornal Canoas RS\" \/>\n<meta property=\"article:publisher\" content=\"https:\/\/www.facebook.com\/jornaltimoneiro\" \/>\n<meta property=\"article:published_time\" content=\"2017-05-19T14:36:14+00:00\" \/>\n<meta name=\"author\" content=\"Reda\u00e7\u00e3o\" \/>\n<meta name=\"twitter:card\" content=\"summary_large_image\" \/>\n<meta name=\"twitter:creator\" content=\"@_OTimoneiro\" \/>\n<meta name=\"twitter:site\" content=\"@_OTimoneiro\" \/>\n<meta name=\"twitter:label1\" content=\"Escrito por\" \/>\n\t<meta name=\"twitter:data1\" content=\"Reda\u00e7\u00e3o\" \/>\n\t<meta name=\"twitter:label2\" content=\"Est. tempo de leitura\" \/>\n\t<meta name=\"twitter:data2\" content=\"3 minutos\" \/>\n<script type=\"application\/ld+json\" class=\"yoast-schema-graph\">{\"@context\":\"https:\/\/schema.org\",\"@graph\":[{\"@type\":\"Article\",\"@id\":\"https:\/\/jornaltimoneiro.com.br\/index.php\/2017\/05\/19\/mp-processa-jairo-jorge-por-omissao-em-fiscalizar-e-exigir-prestacao-de-contas-da-unidos-do-guajuviras\/#article\",\"isPartOf\":{\"@id\":\"https:\/\/jornaltimoneiro.com.br\/index.php\/2017\/05\/19\/mp-processa-jairo-jorge-por-omissao-em-fiscalizar-e-exigir-prestacao-de-contas-da-unidos-do-guajuviras\/\"},\"author\":{\"name\":\"Reda\u00e7\u00e3o\",\"@id\":\"https:\/\/jornaltimoneiro.com.br\/#\/schema\/person\/620efd1d8244466117482be494360b08\"},\"headline\":\"MP processa Jairo Jorge por omiss\u00e3o em fiscalizar e exigir presta\u00e7\u00e3o de contas da Unidos do Guajuviras\",\"datePublished\":\"2017-05-19T14:36:14+00:00\",\"dateModified\":\"2017-05-19T14:36:14+00:00\",\"mainEntityOfPage\":{\"@id\":\"https:\/\/jornaltimoneiro.com.br\/index.php\/2017\/05\/19\/mp-processa-jairo-jorge-por-omissao-em-fiscalizar-e-exigir-prestacao-de-contas-da-unidos-do-guajuviras\/\"},\"wordCount\":663,\"commentCount\":0,\"publisher\":{\"@id\":\"https:\/\/jornaltimoneiro.com.br\/#organization\"},\"articleSection\":[\"Destaques\",\"Geral\",\"Not\u00edcias\",\"Pol\u00edtica\"],\"inLanguage\":\"pt-BR\",\"potentialAction\":[{\"@type\":\"CommentAction\",\"name\":\"Comment\",\"target\":[\"https:\/\/jornaltimoneiro.com.br\/index.php\/2017\/05\/19\/mp-processa-jairo-jorge-por-omissao-em-fiscalizar-e-exigir-prestacao-de-contas-da-unidos-do-guajuviras\/#respond\"]}]},{\"@type\":\"WebPage\",\"@id\":\"https:\/\/jornaltimoneiro.com.br\/index.php\/2017\/05\/19\/mp-processa-jairo-jorge-por-omissao-em-fiscalizar-e-exigir-prestacao-de-contas-da-unidos-do-guajuviras\/\",\"url\":\"https:\/\/jornaltimoneiro.com.br\/index.php\/2017\/05\/19\/mp-processa-jairo-jorge-por-omissao-em-fiscalizar-e-exigir-prestacao-de-contas-da-unidos-do-guajuviras\/\",\"name\":\"MP processa Jairo Jorge por omiss\u00e3o em fiscalizar e exigir presta\u00e7\u00e3o de contas da Unidos do Guajuviras - O Timoneiro Jornal Canoas RS\",\"isPartOf\":{\"@id\":\"https:\/\/jornaltimoneiro.com.br\/#website\"},\"datePublished\":\"2017-05-19T14:36:14+00:00\",\"dateModified\":\"2017-05-19T14:36:14+00:00\",\"breadcrumb\":{\"@id\":\"https:\/\/jornaltimoneiro.com.br\/index.php\/2017\/05\/19\/mp-processa-jairo-jorge-por-omissao-em-fiscalizar-e-exigir-prestacao-de-contas-da-unidos-do-guajuviras\/#breadcrumb\"},\"inLanguage\":\"pt-BR\",\"potentialAction\":[{\"@type\":\"ReadAction\",\"target\":[\"https:\/\/jornaltimoneiro.com.br\/index.php\/2017\/05\/19\/mp-processa-jairo-jorge-por-omissao-em-fiscalizar-e-exigir-prestacao-de-contas-da-unidos-do-guajuviras\/\"]}]},{\"@type\":\"BreadcrumbList\",\"@id\":\"https:\/\/jornaltimoneiro.com.br\/index.php\/2017\/05\/19\/mp-processa-jairo-jorge-por-omissao-em-fiscalizar-e-exigir-prestacao-de-contas-da-unidos-do-guajuviras\/#breadcrumb\",\"itemListElement\":[{\"@type\":\"ListItem\",\"position\":1,\"name\":\"In\u00edcio\",\"item\":\"https:\/\/jornaltimoneiro.com.br\/\"},{\"@type\":\"ListItem\",\"position\":2,\"name\":\"MP processa Jairo Jorge por omiss\u00e3o em fiscalizar e exigir presta\u00e7\u00e3o de contas da Unidos do Guajuviras\"}]},{\"@type\":\"WebSite\",\"@id\":\"https:\/\/jornaltimoneiro.com.br\/#website\",\"url\":\"https:\/\/jornaltimoneiro.com.br\/\",\"name\":\"Jornal Timoneiro Canoas RS\",\"description\":\"Jornal O Timoneiro, o verdadeiro jornal de Canoas\",\"publisher\":{\"@id\":\"https:\/\/jornaltimoneiro.com.br\/#organization\"},\"potentialAction\":[{\"@type\":\"SearchAction\",\"target\":{\"@type\":\"EntryPoint\",\"urlTemplate\":\"https:\/\/jornaltimoneiro.com.br\/?s={search_term_string}\"},\"query-input\":\"required name=search_term_string\"}],\"inLanguage\":\"pt-BR\"},{\"@type\":\"Organization\",\"@id\":\"https:\/\/jornaltimoneiro.com.br\/#organization\",\"name\":\"Jornal Timoneiro Canoas RS\",\"url\":\"https:\/\/jornaltimoneiro.com.br\/\",\"logo\":{\"@type\":\"ImageObject\",\"inLanguage\":\"pt-BR\",\"@id\":\"https:\/\/jornaltimoneiro.com.br\/#\/schema\/logo\/image\/\",\"url\":\"https:\/\/jornaltimoneiro.com.br\/wp-content\/uploads\/2023\/03\/logonovo.png\",\"contentUrl\":\"https:\/\/jornaltimoneiro.com.br\/wp-content\/uploads\/2023\/03\/logonovo.png\",\"width\":\"469\",\"height\":\"171\",\"caption\":\"Jornal Timoneiro Canoas RS\"},\"image\":{\"@id\":\"https:\/\/jornaltimoneiro.com.br\/#\/schema\/logo\/image\/\"},\"sameAs\":[\"https:\/\/www.facebook.com\/jornaltimoneiro\",\"https:\/\/twitter.com\/_OTimoneiro\",\"https:\/\/www.instagram.com\/jornaltimoneirocanoas\/\",\"https:\/\/www.youtube.com\/@jornalotimoneiro7927\"]},{\"@type\":\"Person\",\"@id\":\"https:\/\/jornaltimoneiro.com.br\/#\/schema\/person\/620efd1d8244466117482be494360b08\",\"name\":\"Reda\u00e7\u00e3o\",\"image\":{\"@type\":\"ImageObject\",\"inLanguage\":\"pt-BR\",\"@id\":\"https:\/\/jornaltimoneiro.com.br\/#\/schema\/person\/image\/\",\"url\":\"https:\/\/secure.gravatar.com\/avatar\/2f04e1b304682a8d9db336c7acd77f08?s=96&d=mm&r=g\",\"contentUrl\":\"https:\/\/secure.gravatar.com\/avatar\/2f04e1b304682a8d9db336c7acd77f08?s=96&d=mm&r=g\",\"caption\":\"Reda\u00e7\u00e3o\"},\"url\":\"https:\/\/jornaltimoneiro.com.br\/index.php\/author\/timoneirocanoas\/\"}]}<\/script>\n<!-- \/ Yoast SEO plugin. -->","yoast_head_json":{"title":"MP processa Jairo Jorge por omiss\u00e3o em fiscalizar e exigir presta\u00e7\u00e3o de contas da Unidos do Guajuviras - O Timoneiro Jornal Canoas RS","robots":{"index":"index","follow":"follow","max-snippet":"max-snippet:-1","max-image-preview":"max-image-preview:large","max-video-preview":"max-video-preview:-1"},"canonical":"https:\/\/jornaltimoneiro.com.br\/index.php\/2017\/05\/19\/mp-processa-jairo-jorge-por-omissao-em-fiscalizar-e-exigir-prestacao-de-contas-da-unidos-do-guajuviras\/","og_locale":"pt_BR","og_type":"article","og_title":"MP processa Jairo Jorge por omiss\u00e3o em fiscalizar e exigir presta\u00e7\u00e3o de contas da Unidos do Guajuviras - O Timoneiro Jornal Canoas RS","og_description":"Conforme o jornal O Timoneiro alertou em sua p\u00e1gina 3 de sua edi\u00e7\u00e3o 2531, que circulou entre 18 e 24 de janeiro de 2013, a presta\u00e7\u00e3o de contas do Carnaval de Canoas teve incongru\u00eancias em rela\u00e7\u00e3o aos valores anunciados durante o governo Jairo Jorge. Em meados de abril, a Promotora de Justi\u00e7a S\u00f4nia Madalena Silveira [&hellip;]","og_url":"https:\/\/jornaltimoneiro.com.br\/index.php\/2017\/05\/19\/mp-processa-jairo-jorge-por-omissao-em-fiscalizar-e-exigir-prestacao-de-contas-da-unidos-do-guajuviras\/","og_site_name":"O Timoneiro Jornal Canoas RS","article_publisher":"https:\/\/www.facebook.com\/jornaltimoneiro","article_published_time":"2017-05-19T14:36:14+00:00","author":"Reda\u00e7\u00e3o","twitter_card":"summary_large_image","twitter_creator":"@_OTimoneiro","twitter_site":"@_OTimoneiro","twitter_misc":{"Escrito por":"Reda\u00e7\u00e3o","Est. tempo de leitura":"3 minutos"},"schema":{"@context":"https:\/\/schema.org","@graph":[{"@type":"Article","@id":"https:\/\/jornaltimoneiro.com.br\/index.php\/2017\/05\/19\/mp-processa-jairo-jorge-por-omissao-em-fiscalizar-e-exigir-prestacao-de-contas-da-unidos-do-guajuviras\/#article","isPartOf":{"@id":"https:\/\/jornaltimoneiro.com.br\/index.php\/2017\/05\/19\/mp-processa-jairo-jorge-por-omissao-em-fiscalizar-e-exigir-prestacao-de-contas-da-unidos-do-guajuviras\/"},"author":{"name":"Reda\u00e7\u00e3o","@id":"https:\/\/jornaltimoneiro.com.br\/#\/schema\/person\/620efd1d8244466117482be494360b08"},"headline":"MP processa Jairo Jorge por omiss\u00e3o em fiscalizar e exigir presta\u00e7\u00e3o de contas da Unidos do Guajuviras","datePublished":"2017-05-19T14:36:14+00:00","dateModified":"2017-05-19T14:36:14+00:00","mainEntityOfPage":{"@id":"https:\/\/jornaltimoneiro.com.br\/index.php\/2017\/05\/19\/mp-processa-jairo-jorge-por-omissao-em-fiscalizar-e-exigir-prestacao-de-contas-da-unidos-do-guajuviras\/"},"wordCount":663,"commentCount":0,"publisher":{"@id":"https:\/\/jornaltimoneiro.com.br\/#organization"},"articleSection":["Destaques","Geral","Not\u00edcias","Pol\u00edtica"],"inLanguage":"pt-BR","potentialAction":[{"@type":"CommentAction","name":"Comment","target":["https:\/\/jornaltimoneiro.com.br\/index.php\/2017\/05\/19\/mp-processa-jairo-jorge-por-omissao-em-fiscalizar-e-exigir-prestacao-de-contas-da-unidos-do-guajuviras\/#respond"]}]},{"@type":"WebPage","@id":"https:\/\/jornaltimoneiro.com.br\/index.php\/2017\/05\/19\/mp-processa-jairo-jorge-por-omissao-em-fiscalizar-e-exigir-prestacao-de-contas-da-unidos-do-guajuviras\/","url":"https:\/\/jornaltimoneiro.com.br\/index.php\/2017\/05\/19\/mp-processa-jairo-jorge-por-omissao-em-fiscalizar-e-exigir-prestacao-de-contas-da-unidos-do-guajuviras\/","name":"MP processa Jairo Jorge por omiss\u00e3o em fiscalizar e exigir presta\u00e7\u00e3o de contas da Unidos do Guajuviras - O Timoneiro Jornal Canoas RS","isPartOf":{"@id":"https:\/\/jornaltimoneiro.com.br\/#website"},"datePublished":"2017-05-19T14:36:14+00:00","dateModified":"2017-05-19T14:36:14+00:00","breadcrumb":{"@id":"https:\/\/jornaltimoneiro.com.br\/index.php\/2017\/05\/19\/mp-processa-jairo-jorge-por-omissao-em-fiscalizar-e-exigir-prestacao-de-contas-da-unidos-do-guajuviras\/#breadcrumb"},"inLanguage":"pt-BR","potentialAction":[{"@type":"ReadAction","target":["https:\/\/jornaltimoneiro.com.br\/index.php\/2017\/05\/19\/mp-processa-jairo-jorge-por-omissao-em-fiscalizar-e-exigir-prestacao-de-contas-da-unidos-do-guajuviras\/"]}]},{"@type":"BreadcrumbList","@id":"https:\/\/jornaltimoneiro.com.br\/index.php\/2017\/05\/19\/mp-processa-jairo-jorge-por-omissao-em-fiscalizar-e-exigir-prestacao-de-contas-da-unidos-do-guajuviras\/#breadcrumb","itemListElement":[{"@type":"ListItem","position":1,"name":"In\u00edcio","item":"https:\/\/jornaltimoneiro.com.br\/"},{"@type":"ListItem","position":2,"name":"MP processa Jairo Jorge por omiss\u00e3o em fiscalizar e exigir presta\u00e7\u00e3o de contas da Unidos do Guajuviras"}]},{"@type":"WebSite","@id":"https:\/\/jornaltimoneiro.com.br\/#website","url":"https:\/\/jornaltimoneiro.com.br\/","name":"Jornal Timoneiro Canoas RS","description":"Jornal O Timoneiro, o verdadeiro jornal de Canoas","publisher":{"@id":"https:\/\/jornaltimoneiro.com.br\/#organization"},"potentialAction":[{"@type":"SearchAction","target":{"@type":"EntryPoint","urlTemplate":"https:\/\/jornaltimoneiro.com.br\/?s={search_term_string}"},"query-input":"required name=search_term_string"}],"inLanguage":"pt-BR"},{"@type":"Organization","@id":"https:\/\/jornaltimoneiro.com.br\/#organization","name":"Jornal Timoneiro Canoas RS","url":"https:\/\/jornaltimoneiro.com.br\/","logo":{"@type":"ImageObject","inLanguage":"pt-BR","@id":"https:\/\/jornaltimoneiro.com.br\/#\/schema\/logo\/image\/","url":"https:\/\/jornaltimoneiro.com.br\/wp-content\/uploads\/2023\/03\/logonovo.png","contentUrl":"https:\/\/jornaltimoneiro.com.br\/wp-content\/uploads\/2023\/03\/logonovo.png","width":"469","height":"171","caption":"Jornal Timoneiro Canoas RS"},"image":{"@id":"https:\/\/jornaltimoneiro.com.br\/#\/schema\/logo\/image\/"},"sameAs":["https:\/\/www.facebook.com\/jornaltimoneiro","https:\/\/twitter.com\/_OTimoneiro","https:\/\/www.instagram.com\/jornaltimoneirocanoas\/","https:\/\/www.youtube.com\/@jornalotimoneiro7927"]},{"@type":"Person","@id":"https:\/\/jornaltimoneiro.com.br\/#\/schema\/person\/620efd1d8244466117482be494360b08","name":"Reda\u00e7\u00e3o","image":{"@type":"ImageObject","inLanguage":"pt-BR","@id":"https:\/\/jornaltimoneiro.com.br\/#\/schema\/person\/image\/","url":"https:\/\/secure.gravatar.com\/avatar\/2f04e1b304682a8d9db336c7acd77f08?s=96&d=mm&r=g","contentUrl":"https:\/\/secure.gravatar.com\/avatar\/2f04e1b304682a8d9db336c7acd77f08?s=96&d=mm&r=g","caption":"Reda\u00e7\u00e3o"},"url":"https:\/\/jornaltimoneiro.com.br\/index.php\/author\/timoneirocanoas\/"}]}},"_links":{"self":[{"href":"https:\/\/jornaltimoneiro.com.br\/index.php\/wp-json\/wp\/v2\/posts\/7548"}],"collection":[{"href":"https:\/\/jornaltimoneiro.com.br\/index.php\/wp-json\/wp\/v2\/posts"}],"about":[{"href":"https:\/\/jornaltimoneiro.com.br\/index.php\/wp-json\/wp\/v2\/types\/post"}],"author":[{"embeddable":true,"href":"https:\/\/jornaltimoneiro.com.br\/index.php\/wp-json\/wp\/v2\/users\/1"}],"replies":[{"embeddable":true,"href":"https:\/\/jornaltimoneiro.com.br\/index.php\/wp-json\/wp\/v2\/comments?post=7548"}],"version-history":[{"count":0,"href":"https:\/\/jornaltimoneiro.com.br\/index.php\/wp-json\/wp\/v2\/posts\/7548\/revisions"}],"wp:featuredmedia":[{"embeddable":true,"href":"https:\/\/jornaltimoneiro.com.br\/index.php\/wp-json\/"}],"wp:attachment":[{"href":"https:\/\/jornaltimoneiro.com.br\/index.php\/wp-json\/wp\/v2\/media?parent=7548"}],"wp:term":[{"taxonomy":"category","embeddable":true,"href":"https:\/\/jornaltimoneiro.com.br\/index.php\/wp-json\/wp\/v2\/categories?post=7548"},{"taxonomy":"post_tag","embeddable":true,"href":"https:\/\/jornaltimoneiro.com.br\/index.php\/wp-json\/wp\/v2\/tags?post=7548"}],"curies":[{"name":"wp","href":"https:\/\/api.w.org\/{rel}","templated":true}]}}