{"id":7542,"date":"2017-05-19T11:26:18","date_gmt":"2017-05-19T14:26:18","guid":{"rendered":"http:\/\/otimoneiro.com.br\/?p=7542"},"modified":"2017-05-19T11:26:18","modified_gmt":"2017-05-19T14:26:18","slug":"vereadores-se-reunem-para-tratar-da-comissao-de-bem-estar-animal","status":"publish","type":"post","link":"https:\/\/jornaltimoneiro.com.br\/index.php\/2017\/05\/19\/vereadores-se-reunem-para-tratar-da-comissao-de-bem-estar-animal\/","title":{"rendered":"Vereadores se re\u00fanem para tratar da comiss\u00e3o de bem-estar animal"},"content":{"rendered":"<div id=\"attachment_7543\" style=\"width: 1034px\" class=\"wp-caption aligncenter\"><a href=\"http:\/\/otimoneiro.com.br\/wp-content\/uploads\/2017\/05\/1494968536931.jpg\"><img decoding=\"async\" aria-describedby=\"caption-attachment-7543\" class=\"wp-image-7543 size-large\" src=\"http:\/\/otimoneiro.com.br\/wp-content\/uploads\/2017\/05\/1494968536931-1024x683.jpg\" alt=\"1494968536931\" width=\"1024\" height=\"683\" \/><\/a><p id=\"caption-attachment-7543\" class=\"wp-caption-text\">Encontro ocorreu na tarde de ter\u00e7a-feira, 16, na c\u00e2mara municipal Foto: Felipe Figueir\u00f3<\/p><\/div>\n<p>A Comiss\u00e3o de Bem-Estar Animal de Canoas se reuniu, na tarde desta ter\u00e7a-feira, 16, na C\u00e2mara Municipal. O encontro teve o objetivo de tratar da composi\u00e7\u00e3o da comiss\u00e3o, da cria\u00e7\u00e3o do conselho de bem-estar animal (Combea), do fundo de bem-estar animal (Funbea), da altera\u00e7\u00e3o da lei 4266 de 1998 e a redu\u00e7\u00e3o do prazo de oito, para quatro anos, na lei 6044 de 2016, que prev\u00ea o fim gradativo e irrevers\u00edvel das carro\u00e7as em Canoas.<\/p>\n<p>Os presentes discutiram a altera\u00e7\u00e3o da lei municipal 4266\/98, que disp\u00f5e sobre o controle e prote\u00e7\u00e3o de popula\u00e7\u00f5es animais, bem como sobre a preven\u00e7\u00e3o de zoonoses na cidade. A ideia proposta pelo presidente da comiss\u00e3o, Cris Moraes (PV), \u00e9 a altera\u00e7\u00e3o completa da lei, atualizando-a aos termos de hoje. As propostas de atualiza\u00e7\u00e3o feitas s\u00e3o a remo\u00e7\u00e3o do termo \u201cdep\u00f3sito de animais\u201d, e a parte que permite o \u201cdescarte de animais indesejados\u201d. Para Cris Moraes, a lei precisa ser revista: \u201ca lei prev\u00ea que o animal seja descartado como lixo, num dep\u00f3sito de animais que na \u00e9poca, era administrado pelo executivo da cidade e o controle de animais era feito por meio de eutan\u00e1sia, sem motivo algum.&#8221;.<\/p>\n<p>J\u00e1, na pauta sobre a diminui\u00e7\u00e3o do prazo das carro\u00e7as em Canoas, o voto a favor da redu\u00e7\u00e3o foi un\u00e2nime nos presentes na reuni\u00e3o. Conforme o presidente da comiss\u00e3o, Cris, o principal objeto de prote\u00e7\u00e3o da lei \u00e9 o cavalo: \u201cconforme me comprometi anteriormente, buscaria a redu\u00e7\u00e3o do prazo para o fim das carro\u00e7as, de oito, para quatro anos.<\/p>\n<p>Os vereadores Paulinho de Od\u00e9 (PT), C\u00e9sar Augusto (PRB), Link (PMDB) e Claudino Canhoto (SD) tamb\u00e9m participaram da reuni\u00e3o.<\/p>\n","protected":false},"excerpt":{"rendered":"<p>A Comiss\u00e3o de Bem-Estar Animal de Canoas se reuniu, na tarde desta ter\u00e7a-feira, 16, na C\u00e2mara Municipal. O encontro teve o objetivo de tratar da composi\u00e7\u00e3o da comiss\u00e3o, da cria\u00e7\u00e3o do conselho de bem-estar animal (Combea), do fundo de bem-estar animal (Funbea), da altera\u00e7\u00e3o da lei 4266 de 1998 e a redu\u00e7\u00e3o do prazo de [&hellip;]<\/p>\n","protected":false},"author":1,"featured_media":7543,"comment_status":"open","ping_status":"open","sticky":false,"template":"","format":"standard","meta":{"amp_status":"","footnotes":""},"categories":[19,23,22,20],"tags":[],"class_list":["post-7542","post","type-post","status-publish","format-standard","has-post-thumbnail","hentry","category-destaques","category-geral","category-noticias","category-politica-noticias"],"yoast_head":"<!-- This site is optimized with the Yoast SEO plugin v20.5 - https:\/\/yoast.com\/wordpress\/plugins\/seo\/ -->\n<title>Vereadores se re\u00fanem para tratar da comiss\u00e3o de bem-estar animal - O Timoneiro Jornal Canoas RS<\/title>\n<meta name=\"robots\" content=\"index, follow, max-snippet:-1, max-image-preview:large, max-video-preview:-1\" \/>\n<link rel=\"canonical\" href=\"https:\/\/jornaltimoneiro.com.br\/index.php\/2017\/05\/19\/vereadores-se-reunem-para-tratar-da-comissao-de-bem-estar-animal\/\" \/>\n<meta property=\"og:locale\" content=\"pt_BR\" \/>\n<meta property=\"og:type\" content=\"article\" \/>\n<meta property=\"og:title\" content=\"Vereadores se re\u00fanem para tratar da comiss\u00e3o de bem-estar animal - O Timoneiro Jornal Canoas RS\" \/>\n<meta property=\"og:description\" content=\"A Comiss\u00e3o de Bem-Estar Animal de Canoas se reuniu, na tarde desta ter\u00e7a-feira, 16, na C\u00e2mara Municipal. O encontro teve o objetivo de tratar da composi\u00e7\u00e3o da comiss\u00e3o, da cria\u00e7\u00e3o do conselho de bem-estar animal (Combea), do fundo de bem-estar animal (Funbea), da altera\u00e7\u00e3o da lei 4266 de 1998 e a redu\u00e7\u00e3o do prazo de [&hellip;]\" \/>\n<meta property=\"og:url\" content=\"https:\/\/jornaltimoneiro.com.br\/index.php\/2017\/05\/19\/vereadores-se-reunem-para-tratar-da-comissao-de-bem-estar-animal\/\" \/>\n<meta property=\"og:site_name\" content=\"O Timoneiro Jornal Canoas RS\" \/>\n<meta property=\"article:publisher\" content=\"https:\/\/www.facebook.com\/jornaltimoneiro\" \/>\n<meta property=\"article:published_time\" content=\"2017-05-19T14:26:18+00:00\" \/>\n<meta name=\"author\" content=\"Reda\u00e7\u00e3o\" \/>\n<meta name=\"twitter:card\" content=\"summary_large_image\" \/>\n<meta name=\"twitter:creator\" content=\"@_OTimoneiro\" \/>\n<meta name=\"twitter:site\" content=\"@_OTimoneiro\" \/>\n<meta name=\"twitter:label1\" content=\"Escrito por\" \/>\n\t<meta name=\"twitter:data1\" content=\"Reda\u00e7\u00e3o\" \/>\n\t<meta name=\"twitter:label2\" content=\"Est. tempo de leitura\" \/>\n\t<meta name=\"twitter:data2\" content=\"2 minutos\" \/>\n<script type=\"application\/ld+json\" class=\"yoast-schema-graph\">{\"@context\":\"https:\/\/schema.org\",\"@graph\":[{\"@type\":\"Article\",\"@id\":\"https:\/\/jornaltimoneiro.com.br\/index.php\/2017\/05\/19\/vereadores-se-reunem-para-tratar-da-comissao-de-bem-estar-animal\/#article\",\"isPartOf\":{\"@id\":\"https:\/\/jornaltimoneiro.com.br\/index.php\/2017\/05\/19\/vereadores-se-reunem-para-tratar-da-comissao-de-bem-estar-animal\/\"},\"author\":{\"name\":\"Reda\u00e7\u00e3o\",\"@id\":\"https:\/\/jornaltimoneiro.com.br\/#\/schema\/person\/620efd1d8244466117482be494360b08\"},\"headline\":\"Vereadores se re\u00fanem para tratar da comiss\u00e3o de bem-estar animal\",\"datePublished\":\"2017-05-19T14:26:18+00:00\",\"dateModified\":\"2017-05-19T14:26:18+00:00\",\"mainEntityOfPage\":{\"@id\":\"https:\/\/jornaltimoneiro.com.br\/index.php\/2017\/05\/19\/vereadores-se-reunem-para-tratar-da-comissao-de-bem-estar-animal\/\"},\"wordCount\":330,\"commentCount\":0,\"publisher\":{\"@id\":\"https:\/\/jornaltimoneiro.com.br\/#organization\"},\"articleSection\":[\"Destaques\",\"Geral\",\"Not\u00edcias\",\"Pol\u00edtica\"],\"inLanguage\":\"pt-BR\",\"potentialAction\":[{\"@type\":\"CommentAction\",\"name\":\"Comment\",\"target\":[\"https:\/\/jornaltimoneiro.com.br\/index.php\/2017\/05\/19\/vereadores-se-reunem-para-tratar-da-comissao-de-bem-estar-animal\/#respond\"]}]},{\"@type\":\"WebPage\",\"@id\":\"https:\/\/jornaltimoneiro.com.br\/index.php\/2017\/05\/19\/vereadores-se-reunem-para-tratar-da-comissao-de-bem-estar-animal\/\",\"url\":\"https:\/\/jornaltimoneiro.com.br\/index.php\/2017\/05\/19\/vereadores-se-reunem-para-tratar-da-comissao-de-bem-estar-animal\/\",\"name\":\"Vereadores se re\u00fanem para tratar da comiss\u00e3o de bem-estar animal - O Timoneiro Jornal Canoas RS\",\"isPartOf\":{\"@id\":\"https:\/\/jornaltimoneiro.com.br\/#website\"},\"datePublished\":\"2017-05-19T14:26:18+00:00\",\"dateModified\":\"2017-05-19T14:26:18+00:00\",\"breadcrumb\":{\"@id\":\"https:\/\/jornaltimoneiro.com.br\/index.php\/2017\/05\/19\/vereadores-se-reunem-para-tratar-da-comissao-de-bem-estar-animal\/#breadcrumb\"},\"inLanguage\":\"pt-BR\",\"potentialAction\":[{\"@type\":\"ReadAction\",\"target\":[\"https:\/\/jornaltimoneiro.com.br\/index.php\/2017\/05\/19\/vereadores-se-reunem-para-tratar-da-comissao-de-bem-estar-animal\/\"]}]},{\"@type\":\"BreadcrumbList\",\"@id\":\"https:\/\/jornaltimoneiro.com.br\/index.php\/2017\/05\/19\/vereadores-se-reunem-para-tratar-da-comissao-de-bem-estar-animal\/#breadcrumb\",\"itemListElement\":[{\"@type\":\"ListItem\",\"position\":1,\"name\":\"In\u00edcio\",\"item\":\"https:\/\/jornaltimoneiro.com.br\/\"},{\"@type\":\"ListItem\",\"position\":2,\"name\":\"Vereadores se re\u00fanem para tratar da comiss\u00e3o de bem-estar animal\"}]},{\"@type\":\"WebSite\",\"@id\":\"https:\/\/jornaltimoneiro.com.br\/#website\",\"url\":\"https:\/\/jornaltimoneiro.com.br\/\",\"name\":\"Jornal Timoneiro Canoas RS\",\"description\":\"Jornal O Timoneiro, o verdadeiro jornal de Canoas\",\"publisher\":{\"@id\":\"https:\/\/jornaltimoneiro.com.br\/#organization\"},\"potentialAction\":[{\"@type\":\"SearchAction\",\"target\":{\"@type\":\"EntryPoint\",\"urlTemplate\":\"https:\/\/jornaltimoneiro.com.br\/?s={search_term_string}\"},\"query-input\":\"required name=search_term_string\"}],\"inLanguage\":\"pt-BR\"},{\"@type\":\"Organization\",\"@id\":\"https:\/\/jornaltimoneiro.com.br\/#organization\",\"name\":\"Jornal Timoneiro Canoas RS\",\"url\":\"https:\/\/jornaltimoneiro.com.br\/\",\"logo\":{\"@type\":\"ImageObject\",\"inLanguage\":\"pt-BR\",\"@id\":\"https:\/\/jornaltimoneiro.com.br\/#\/schema\/logo\/image\/\",\"url\":\"https:\/\/jornaltimoneiro.com.br\/wp-content\/uploads\/2023\/03\/logonovo.png\",\"contentUrl\":\"https:\/\/jornaltimoneiro.com.br\/wp-content\/uploads\/2023\/03\/logonovo.png\",\"width\":\"469\",\"height\":\"171\",\"caption\":\"Jornal Timoneiro Canoas RS\"},\"image\":{\"@id\":\"https:\/\/jornaltimoneiro.com.br\/#\/schema\/logo\/image\/\"},\"sameAs\":[\"https:\/\/www.facebook.com\/jornaltimoneiro\",\"https:\/\/twitter.com\/_OTimoneiro\",\"https:\/\/www.instagram.com\/jornaltimoneirocanoas\/\",\"https:\/\/www.youtube.com\/@jornalotimoneiro7927\"]},{\"@type\":\"Person\",\"@id\":\"https:\/\/jornaltimoneiro.com.br\/#\/schema\/person\/620efd1d8244466117482be494360b08\",\"name\":\"Reda\u00e7\u00e3o\",\"image\":{\"@type\":\"ImageObject\",\"inLanguage\":\"pt-BR\",\"@id\":\"https:\/\/jornaltimoneiro.com.br\/#\/schema\/person\/image\/\",\"url\":\"https:\/\/secure.gravatar.com\/avatar\/2f04e1b304682a8d9db336c7acd77f08?s=96&d=mm&r=g\",\"contentUrl\":\"https:\/\/secure.gravatar.com\/avatar\/2f04e1b304682a8d9db336c7acd77f08?s=96&d=mm&r=g\",\"caption\":\"Reda\u00e7\u00e3o\"},\"url\":\"https:\/\/jornaltimoneiro.com.br\/index.php\/author\/timoneirocanoas\/\"}]}<\/script>\n<!-- \/ Yoast SEO plugin. -->","yoast_head_json":{"title":"Vereadores se re\u00fanem para tratar da comiss\u00e3o de bem-estar animal - O Timoneiro Jornal Canoas RS","robots":{"index":"index","follow":"follow","max-snippet":"max-snippet:-1","max-image-preview":"max-image-preview:large","max-video-preview":"max-video-preview:-1"},"canonical":"https:\/\/jornaltimoneiro.com.br\/index.php\/2017\/05\/19\/vereadores-se-reunem-para-tratar-da-comissao-de-bem-estar-animal\/","og_locale":"pt_BR","og_type":"article","og_title":"Vereadores se re\u00fanem para tratar da comiss\u00e3o de bem-estar animal - O Timoneiro Jornal Canoas RS","og_description":"A Comiss\u00e3o de Bem-Estar Animal de Canoas se reuniu, na tarde desta ter\u00e7a-feira, 16, na C\u00e2mara Municipal. O encontro teve o objetivo de tratar da composi\u00e7\u00e3o da comiss\u00e3o, da cria\u00e7\u00e3o do conselho de bem-estar animal (Combea), do fundo de bem-estar animal (Funbea), da altera\u00e7\u00e3o da lei 4266 de 1998 e a redu\u00e7\u00e3o do prazo de [&hellip;]","og_url":"https:\/\/jornaltimoneiro.com.br\/index.php\/2017\/05\/19\/vereadores-se-reunem-para-tratar-da-comissao-de-bem-estar-animal\/","og_site_name":"O Timoneiro Jornal Canoas RS","article_publisher":"https:\/\/www.facebook.com\/jornaltimoneiro","article_published_time":"2017-05-19T14:26:18+00:00","author":"Reda\u00e7\u00e3o","twitter_card":"summary_large_image","twitter_creator":"@_OTimoneiro","twitter_site":"@_OTimoneiro","twitter_misc":{"Escrito por":"Reda\u00e7\u00e3o","Est. tempo de leitura":"2 minutos"},"schema":{"@context":"https:\/\/schema.org","@graph":[{"@type":"Article","@id":"https:\/\/jornaltimoneiro.com.br\/index.php\/2017\/05\/19\/vereadores-se-reunem-para-tratar-da-comissao-de-bem-estar-animal\/#article","isPartOf":{"@id":"https:\/\/jornaltimoneiro.com.br\/index.php\/2017\/05\/19\/vereadores-se-reunem-para-tratar-da-comissao-de-bem-estar-animal\/"},"author":{"name":"Reda\u00e7\u00e3o","@id":"https:\/\/jornaltimoneiro.com.br\/#\/schema\/person\/620efd1d8244466117482be494360b08"},"headline":"Vereadores se re\u00fanem para tratar da comiss\u00e3o de bem-estar animal","datePublished":"2017-05-19T14:26:18+00:00","dateModified":"2017-05-19T14:26:18+00:00","mainEntityOfPage":{"@id":"https:\/\/jornaltimoneiro.com.br\/index.php\/2017\/05\/19\/vereadores-se-reunem-para-tratar-da-comissao-de-bem-estar-animal\/"},"wordCount":330,"commentCount":0,"publisher":{"@id":"https:\/\/jornaltimoneiro.com.br\/#organization"},"articleSection":["Destaques","Geral","Not\u00edcias","Pol\u00edtica"],"inLanguage":"pt-BR","potentialAction":[{"@type":"CommentAction","name":"Comment","target":["https:\/\/jornaltimoneiro.com.br\/index.php\/2017\/05\/19\/vereadores-se-reunem-para-tratar-da-comissao-de-bem-estar-animal\/#respond"]}]},{"@type":"WebPage","@id":"https:\/\/jornaltimoneiro.com.br\/index.php\/2017\/05\/19\/vereadores-se-reunem-para-tratar-da-comissao-de-bem-estar-animal\/","url":"https:\/\/jornaltimoneiro.com.br\/index.php\/2017\/05\/19\/vereadores-se-reunem-para-tratar-da-comissao-de-bem-estar-animal\/","name":"Vereadores se re\u00fanem para tratar da comiss\u00e3o de bem-estar animal - O Timoneiro Jornal Canoas RS","isPartOf":{"@id":"https:\/\/jornaltimoneiro.com.br\/#website"},"datePublished":"2017-05-19T14:26:18+00:00","dateModified":"2017-05-19T14:26:18+00:00","breadcrumb":{"@id":"https:\/\/jornaltimoneiro.com.br\/index.php\/2017\/05\/19\/vereadores-se-reunem-para-tratar-da-comissao-de-bem-estar-animal\/#breadcrumb"},"inLanguage":"pt-BR","potentialAction":[{"@type":"ReadAction","target":["https:\/\/jornaltimoneiro.com.br\/index.php\/2017\/05\/19\/vereadores-se-reunem-para-tratar-da-comissao-de-bem-estar-animal\/"]}]},{"@type":"BreadcrumbList","@id":"https:\/\/jornaltimoneiro.com.br\/index.php\/2017\/05\/19\/vereadores-se-reunem-para-tratar-da-comissao-de-bem-estar-animal\/#breadcrumb","itemListElement":[{"@type":"ListItem","position":1,"name":"In\u00edcio","item":"https:\/\/jornaltimoneiro.com.br\/"},{"@type":"ListItem","position":2,"name":"Vereadores se re\u00fanem para tratar da comiss\u00e3o de bem-estar animal"}]},{"@type":"WebSite","@id":"https:\/\/jornaltimoneiro.com.br\/#website","url":"https:\/\/jornaltimoneiro.com.br\/","name":"Jornal Timoneiro Canoas RS","description":"Jornal O Timoneiro, o verdadeiro jornal de Canoas","publisher":{"@id":"https:\/\/jornaltimoneiro.com.br\/#organization"},"potentialAction":[{"@type":"SearchAction","target":{"@type":"EntryPoint","urlTemplate":"https:\/\/jornaltimoneiro.com.br\/?s={search_term_string}"},"query-input":"required name=search_term_string"}],"inLanguage":"pt-BR"},{"@type":"Organization","@id":"https:\/\/jornaltimoneiro.com.br\/#organization","name":"Jornal Timoneiro Canoas RS","url":"https:\/\/jornaltimoneiro.com.br\/","logo":{"@type":"ImageObject","inLanguage":"pt-BR","@id":"https:\/\/jornaltimoneiro.com.br\/#\/schema\/logo\/image\/","url":"https:\/\/jornaltimoneiro.com.br\/wp-content\/uploads\/2023\/03\/logonovo.png","contentUrl":"https:\/\/jornaltimoneiro.com.br\/wp-content\/uploads\/2023\/03\/logonovo.png","width":"469","height":"171","caption":"Jornal Timoneiro Canoas RS"},"image":{"@id":"https:\/\/jornaltimoneiro.com.br\/#\/schema\/logo\/image\/"},"sameAs":["https:\/\/www.facebook.com\/jornaltimoneiro","https:\/\/twitter.com\/_OTimoneiro","https:\/\/www.instagram.com\/jornaltimoneirocanoas\/","https:\/\/www.youtube.com\/@jornalotimoneiro7927"]},{"@type":"Person","@id":"https:\/\/jornaltimoneiro.com.br\/#\/schema\/person\/620efd1d8244466117482be494360b08","name":"Reda\u00e7\u00e3o","image":{"@type":"ImageObject","inLanguage":"pt-BR","@id":"https:\/\/jornaltimoneiro.com.br\/#\/schema\/person\/image\/","url":"https:\/\/secure.gravatar.com\/avatar\/2f04e1b304682a8d9db336c7acd77f08?s=96&d=mm&r=g","contentUrl":"https:\/\/secure.gravatar.com\/avatar\/2f04e1b304682a8d9db336c7acd77f08?s=96&d=mm&r=g","caption":"Reda\u00e7\u00e3o"},"url":"https:\/\/jornaltimoneiro.com.br\/index.php\/author\/timoneirocanoas\/"}]}},"_links":{"self":[{"href":"https:\/\/jornaltimoneiro.com.br\/index.php\/wp-json\/wp\/v2\/posts\/7542"}],"collection":[{"href":"https:\/\/jornaltimoneiro.com.br\/index.php\/wp-json\/wp\/v2\/posts"}],"about":[{"href":"https:\/\/jornaltimoneiro.com.br\/index.php\/wp-json\/wp\/v2\/types\/post"}],"author":[{"embeddable":true,"href":"https:\/\/jornaltimoneiro.com.br\/index.php\/wp-json\/wp\/v2\/users\/1"}],"replies":[{"embeddable":true,"href":"https:\/\/jornaltimoneiro.com.br\/index.php\/wp-json\/wp\/v2\/comments?post=7542"}],"version-history":[{"count":0,"href":"https:\/\/jornaltimoneiro.com.br\/index.php\/wp-json\/wp\/v2\/posts\/7542\/revisions"}],"wp:featuredmedia":[{"embeddable":true,"href":"https:\/\/jornaltimoneiro.com.br\/index.php\/wp-json\/"}],"wp:attachment":[{"href":"https:\/\/jornaltimoneiro.com.br\/index.php\/wp-json\/wp\/v2\/media?parent=7542"}],"wp:term":[{"taxonomy":"category","embeddable":true,"href":"https:\/\/jornaltimoneiro.com.br\/index.php\/wp-json\/wp\/v2\/categories?post=7542"},{"taxonomy":"post_tag","embeddable":true,"href":"https:\/\/jornaltimoneiro.com.br\/index.php\/wp-json\/wp\/v2\/tags?post=7542"}],"curies":[{"name":"wp","href":"https:\/\/api.w.org\/{rel}","templated":true}]}}