{"id":7534,"date":"2017-05-19T11:12:59","date_gmt":"2017-05-19T14:12:59","guid":{"rendered":"http:\/\/otimoneiro.com.br\/?p=7534"},"modified":"2017-05-19T11:12:59","modified_gmt":"2017-05-19T14:12:59","slug":"impasse-reclamacoes-por-falta-de-transporte-para-pessoas-com-deficiencia","status":"publish","type":"post","link":"https:\/\/jornaltimoneiro.com.br\/index.php\/2017\/05\/19\/impasse-reclamacoes-por-falta-de-transporte-para-pessoas-com-deficiencia\/","title":{"rendered":"Impasse: Reclama\u00e7\u00f5es por falta de transporte para pessoas com defici\u00eancia"},"content":{"rendered":"<p><a href=\"http:\/\/otimoneiro.com.br\/wp-content\/uploads\/2016\/11\/logo.jpg\"><img decoding=\"async\" class=\"aligncenter size-full wp-image-5628\" src=\"http:\/\/otimoneiro.com.br\/wp-content\/uploads\/2016\/11\/logo.jpg\" alt=\"logo\" width=\"960\" height=\"960\" \/><\/a><\/p>\n<p>&#8220;Meu filho, de 43 anos, precisa desse atendimento. Ele est\u00e1 super magoado por n\u00e3o ir at\u00e9 a Apae&#8221;, relata Modesta Bosca\u00edni. De acordo com ela, o problema ocorre desde o in\u00edcio do ano. Modesta ainda reclama por n\u00e3o conseguir contato com a Prefeitura. Neli da Costa, m\u00e3e de Wladimir da Costa, 30 anos, conta que o filho fica esperando pelo transporte que n\u00e3o tem chegado. &#8220;Ele fica brabo por n\u00e3o ir l\u00e1, fica nervoso&#8221;. Ela tamb\u00e9m afirma que tentou contato com a Prefeitura, sem sucesso: &#8220;Ligamos pra Prefeitura e n\u00e3o obtemos solu\u00e7\u00f5es. S\u00f3 dizem que as kombis est\u00e3o quebradas, s\u00f3 ficam enrolando&#8221;.<\/p>\n<p>A reclama\u00e7\u00e3o dos pais chegou at\u00e9 o diretor da Apae, Paulo Ara\u00fajo. Ele relatou a situa\u00e7\u00e3o \u00e0 reportagem de O Timoneiro. De acordo com ele, os problemas come\u00e7aram em Mar\u00e7o. &#8220;N\u00e3o est\u00e3o levando as crian\u00e7as com mais de 24 anos para as escolas e para as ONGs de assist\u00eancia&#8221;, diz Paulo&#8221;. Paulo ainda afirma que tentou contatar a Prefeitura, mas que n\u00e3o foi atendido: &#8220;Queremos resolver. Vamos acabar indo pra frente da Prefeitura at\u00e9 falar com ele&#8221;.<br \/>\nSegundo ele, nunca ocorreu algum problema com o transporte. &#8220;Em maio, temos crian\u00e7as que ainda n\u00e3o foram atendidas. Est\u00e3o tirando o direito delas de ir e vir. N\u00e3o podemos tirar esse momento de alegria deles&#8221;.<\/p>\n<h3>Prefeitura diz que problema ser\u00e1 resolvido<\/h3>\n<p>A reportagem entrou em contato com a Prefeitura para saber mais detalhes sobre a situa\u00e7\u00e3o do transporte. Confira, na \u00edntegra, a nota encaminhada:<br \/>\n&#8220;A resolu\u00e7\u00e3o n\u00ba 15 da Lei Municipal de Educa\u00e7\u00e3o, de 2012, determina que a Prefeitura garanta o transporte para estudantes com defici\u00eancia da rede municipal de ensino, que tenham at\u00e9 24 anos de idade. Esse servi\u00e7o \u00e9 realizado pela secretaria de Educa\u00e7\u00e3o.<\/p>\n<p>Embora n\u00e3o haja norma legal que regulamente a oferta do transporte para pessoas com defici\u00eancia acima da idade escolar, ou seja, com mais de 24 anos, o Munic\u00edpio tamb\u00e9m disponibiliza o transporte para beneficiados pelo atendimento especializado. Esse servi\u00e7o \u00e9 realizado por meio de conv\u00eanios firmados entre a Prefeitura e as entidades.<\/p>\n<p>Nesse caso, s\u00e3o pessoas com defici\u00eancia e maiores de 24 anos que fazem atividades em seis institui\u00e7\u00f5es, as quais realizam trabalho na \u00e1rea da inclus\u00e3o social, habilita\u00e7\u00e3o e reabilita\u00e7\u00e3o. S\u00e3o elas:<br \/>\n&#8211; Associa\u00e7\u00e3o Canoense de Deficientes F\u00edsicos (Acadef)<br \/>\n&#8211; Associa\u00e7\u00e3o dos Deficientes Visuais de Canoas (Adevic)<br \/>\n&#8211; Associa\u00e7\u00e3o de Pais e Amigos dos Excepcionais (Apae)<br \/>\n&#8211; Instituto Pestalozzi<br \/>\n&#8211; ONG Chimarr\u00e3o da Amizade<br \/>\n&#8211; Escola Brigadeiro Ney Gomes<\/p>\n<p>Ap\u00f3s o per\u00edodo de f\u00e9rias, o transporte dos maiores de 24 anos, que seria retomado no in\u00edcio de mar\u00e7o, foi parcialmente suspenso para que os diversos \u00f3rg\u00e3os envolvidos fizessem as adequa\u00e7\u00f5es necess\u00e1rias. O objetivo foi garantir o atendimento de 71 pessoas com defici\u00eancia maiores de 24 anos, que estavam sem o atendimento especializado das entidades por falta de transporte. Portanto, a inten\u00e7\u00e3o \u00e9 conceder a oferta do servi\u00e7o a todas as pessoas com defici\u00eancia, tanto na rede escolar quanto nas entidades conveniadas.<br \/>\nEntre mar\u00e7o e maio, a Diretoria de Integra\u00e7\u00e3o Institucional assumiu o transporte das pessoas com defici\u00eancia maiores de 24 anos. O servi\u00e7o, no entanto, foi prejudicado em fun\u00e7\u00e3o de problemas mec\u00e2nicos da frota e de um acidente de tr\u00e2nsito, que acabaram deixando ve\u00edculos parados para conserto.<\/p>\n<p>Em fun\u00e7\u00e3o dessas limita\u00e7\u00f5es, a vice-prefeita, Gisele Uequed, determinou que a secretaria de Educa\u00e7\u00e3o realizasse tamb\u00e9m o transporte das pessoas com defici\u00eancia maiores de 24 anos, at\u00e9 que a Diretoria de Integra\u00e7\u00e3o Institucional tenha condi\u00e7\u00f5es de retomar o servi\u00e7o. Atualmente, a secretaria de Educa\u00e7\u00e3o j\u00e1 transporta 450 alunos com defici\u00eancia em idade escolar, entre seis e 24 anos, e passar\u00e1 a atender, tamb\u00e9m, as 71 pessoas com defici\u00eancia maiores de 24 anos que precisam do servi\u00e7o.<\/p>\n<p>Portanto, neste momento, a secretaria de Educa\u00e7\u00e3o assumiu a operacionalidade de todo o transporte de pessoas com defici\u00eancia em Canoas, contemplando 84 escolas (EMEI&#8217;s e EMEF&#8217;s) e os atendimentos das entidades conveniadas, que ser\u00e1 normalizado na pr\u00f3xima segunda-feira (22). A Prefeitura tem se reunido frequentemente com as entidades e pais na busca da resolu\u00e7\u00e3o do problema.&#8221;<\/p>\n","protected":false},"excerpt":{"rendered":"<p>&#8220;Meu filho, de 43 anos, precisa desse atendimento. Ele est\u00e1 super magoado por n\u00e3o ir at\u00e9 a Apae&#8221;, relata Modesta Bosca\u00edni. De acordo com ela, o problema ocorre desde o in\u00edcio do ano. Modesta ainda reclama por n\u00e3o conseguir contato com a Prefeitura. Neli da Costa, m\u00e3e de Wladimir da Costa, 30 anos, conta que [&hellip;]<\/p>\n","protected":false},"author":1,"featured_media":5628,"comment_status":"open","ping_status":"open","sticky":false,"template":"","format":"standard","meta":{"amp_status":"","footnotes":""},"categories":[25,19,23,22],"tags":[],"class_list":["post-7534","post","type-post","status-publish","format-standard","has-post-thumbnail","hentry","category-comunidade","category-destaques","category-geral","category-noticias"],"yoast_head":"<!-- This site is optimized with the Yoast SEO plugin v20.5 - https:\/\/yoast.com\/wordpress\/plugins\/seo\/ -->\n<title>Impasse: Reclama\u00e7\u00f5es por falta de transporte para pessoas com defici\u00eancia - O Timoneiro Jornal Canoas RS<\/title>\n<meta name=\"robots\" content=\"index, follow, max-snippet:-1, max-image-preview:large, max-video-preview:-1\" \/>\n<link rel=\"canonical\" href=\"https:\/\/jornaltimoneiro.com.br\/index.php\/2017\/05\/19\/impasse-reclamacoes-por-falta-de-transporte-para-pessoas-com-deficiencia\/\" \/>\n<meta property=\"og:locale\" content=\"pt_BR\" \/>\n<meta property=\"og:type\" content=\"article\" \/>\n<meta property=\"og:title\" content=\"Impasse: Reclama\u00e7\u00f5es por falta de transporte para pessoas com defici\u00eancia - O Timoneiro Jornal Canoas RS\" \/>\n<meta property=\"og:description\" content=\"&#8220;Meu filho, de 43 anos, precisa desse atendimento. Ele est\u00e1 super magoado por n\u00e3o ir at\u00e9 a Apae&#8221;, relata Modesta Bosca\u00edni. De acordo com ela, o problema ocorre desde o in\u00edcio do ano. Modesta ainda reclama por n\u00e3o conseguir contato com a Prefeitura. Neli da Costa, m\u00e3e de Wladimir da Costa, 30 anos, conta que [&hellip;]\" \/>\n<meta property=\"og:url\" content=\"https:\/\/jornaltimoneiro.com.br\/index.php\/2017\/05\/19\/impasse-reclamacoes-por-falta-de-transporte-para-pessoas-com-deficiencia\/\" \/>\n<meta property=\"og:site_name\" content=\"O Timoneiro Jornal Canoas RS\" \/>\n<meta property=\"article:publisher\" content=\"https:\/\/www.facebook.com\/jornaltimoneiro\" \/>\n<meta property=\"article:published_time\" content=\"2017-05-19T14:12:59+00:00\" \/>\n<meta name=\"author\" content=\"Reda\u00e7\u00e3o\" \/>\n<meta name=\"twitter:card\" content=\"summary_large_image\" \/>\n<meta name=\"twitter:creator\" content=\"@_OTimoneiro\" \/>\n<meta name=\"twitter:site\" content=\"@_OTimoneiro\" \/>\n<meta name=\"twitter:label1\" content=\"Escrito por\" \/>\n\t<meta name=\"twitter:data1\" content=\"Reda\u00e7\u00e3o\" \/>\n\t<meta name=\"twitter:label2\" content=\"Est. tempo de leitura\" \/>\n\t<meta name=\"twitter:data2\" content=\"4 minutos\" \/>\n<script type=\"application\/ld+json\" class=\"yoast-schema-graph\">{\"@context\":\"https:\/\/schema.org\",\"@graph\":[{\"@type\":\"Article\",\"@id\":\"https:\/\/jornaltimoneiro.com.br\/index.php\/2017\/05\/19\/impasse-reclamacoes-por-falta-de-transporte-para-pessoas-com-deficiencia\/#article\",\"isPartOf\":{\"@id\":\"https:\/\/jornaltimoneiro.com.br\/index.php\/2017\/05\/19\/impasse-reclamacoes-por-falta-de-transporte-para-pessoas-com-deficiencia\/\"},\"author\":{\"name\":\"Reda\u00e7\u00e3o\",\"@id\":\"https:\/\/jornaltimoneiro.com.br\/#\/schema\/person\/620efd1d8244466117482be494360b08\"},\"headline\":\"Impasse: Reclama\u00e7\u00f5es por falta de transporte para pessoas com defici\u00eancia\",\"datePublished\":\"2017-05-19T14:12:59+00:00\",\"dateModified\":\"2017-05-19T14:12:59+00:00\",\"mainEntityOfPage\":{\"@id\":\"https:\/\/jornaltimoneiro.com.br\/index.php\/2017\/05\/19\/impasse-reclamacoes-por-falta-de-transporte-para-pessoas-com-deficiencia\/\"},\"wordCount\":740,\"commentCount\":0,\"publisher\":{\"@id\":\"https:\/\/jornaltimoneiro.com.br\/#organization\"},\"articleSection\":[\"Comunidade\",\"Destaques\",\"Geral\",\"Not\u00edcias\"],\"inLanguage\":\"pt-BR\",\"potentialAction\":[{\"@type\":\"CommentAction\",\"name\":\"Comment\",\"target\":[\"https:\/\/jornaltimoneiro.com.br\/index.php\/2017\/05\/19\/impasse-reclamacoes-por-falta-de-transporte-para-pessoas-com-deficiencia\/#respond\"]}]},{\"@type\":\"WebPage\",\"@id\":\"https:\/\/jornaltimoneiro.com.br\/index.php\/2017\/05\/19\/impasse-reclamacoes-por-falta-de-transporte-para-pessoas-com-deficiencia\/\",\"url\":\"https:\/\/jornaltimoneiro.com.br\/index.php\/2017\/05\/19\/impasse-reclamacoes-por-falta-de-transporte-para-pessoas-com-deficiencia\/\",\"name\":\"Impasse: Reclama\u00e7\u00f5es por falta de transporte para pessoas com defici\u00eancia - O Timoneiro Jornal Canoas RS\",\"isPartOf\":{\"@id\":\"https:\/\/jornaltimoneiro.com.br\/#website\"},\"datePublished\":\"2017-05-19T14:12:59+00:00\",\"dateModified\":\"2017-05-19T14:12:59+00:00\",\"breadcrumb\":{\"@id\":\"https:\/\/jornaltimoneiro.com.br\/index.php\/2017\/05\/19\/impasse-reclamacoes-por-falta-de-transporte-para-pessoas-com-deficiencia\/#breadcrumb\"},\"inLanguage\":\"pt-BR\",\"potentialAction\":[{\"@type\":\"ReadAction\",\"target\":[\"https:\/\/jornaltimoneiro.com.br\/index.php\/2017\/05\/19\/impasse-reclamacoes-por-falta-de-transporte-para-pessoas-com-deficiencia\/\"]}]},{\"@type\":\"BreadcrumbList\",\"@id\":\"https:\/\/jornaltimoneiro.com.br\/index.php\/2017\/05\/19\/impasse-reclamacoes-por-falta-de-transporte-para-pessoas-com-deficiencia\/#breadcrumb\",\"itemListElement\":[{\"@type\":\"ListItem\",\"position\":1,\"name\":\"In\u00edcio\",\"item\":\"https:\/\/jornaltimoneiro.com.br\/\"},{\"@type\":\"ListItem\",\"position\":2,\"name\":\"Impasse: Reclama\u00e7\u00f5es por falta de transporte para pessoas com defici\u00eancia\"}]},{\"@type\":\"WebSite\",\"@id\":\"https:\/\/jornaltimoneiro.com.br\/#website\",\"url\":\"https:\/\/jornaltimoneiro.com.br\/\",\"name\":\"Jornal Timoneiro Canoas RS\",\"description\":\"Jornal O Timoneiro, o verdadeiro jornal de Canoas\",\"publisher\":{\"@id\":\"https:\/\/jornaltimoneiro.com.br\/#organization\"},\"potentialAction\":[{\"@type\":\"SearchAction\",\"target\":{\"@type\":\"EntryPoint\",\"urlTemplate\":\"https:\/\/jornaltimoneiro.com.br\/?s={search_term_string}\"},\"query-input\":\"required name=search_term_string\"}],\"inLanguage\":\"pt-BR\"},{\"@type\":\"Organization\",\"@id\":\"https:\/\/jornaltimoneiro.com.br\/#organization\",\"name\":\"Jornal Timoneiro Canoas RS\",\"url\":\"https:\/\/jornaltimoneiro.com.br\/\",\"logo\":{\"@type\":\"ImageObject\",\"inLanguage\":\"pt-BR\",\"@id\":\"https:\/\/jornaltimoneiro.com.br\/#\/schema\/logo\/image\/\",\"url\":\"https:\/\/jornaltimoneiro.com.br\/wp-content\/uploads\/2023\/03\/logonovo.png\",\"contentUrl\":\"https:\/\/jornaltimoneiro.com.br\/wp-content\/uploads\/2023\/03\/logonovo.png\",\"width\":\"469\",\"height\":\"171\",\"caption\":\"Jornal Timoneiro Canoas RS\"},\"image\":{\"@id\":\"https:\/\/jornaltimoneiro.com.br\/#\/schema\/logo\/image\/\"},\"sameAs\":[\"https:\/\/www.facebook.com\/jornaltimoneiro\",\"https:\/\/twitter.com\/_OTimoneiro\",\"https:\/\/www.instagram.com\/jornaltimoneirocanoas\/\",\"https:\/\/www.youtube.com\/@jornalotimoneiro7927\"]},{\"@type\":\"Person\",\"@id\":\"https:\/\/jornaltimoneiro.com.br\/#\/schema\/person\/620efd1d8244466117482be494360b08\",\"name\":\"Reda\u00e7\u00e3o\",\"image\":{\"@type\":\"ImageObject\",\"inLanguage\":\"pt-BR\",\"@id\":\"https:\/\/jornaltimoneiro.com.br\/#\/schema\/person\/image\/\",\"url\":\"https:\/\/secure.gravatar.com\/avatar\/2f04e1b304682a8d9db336c7acd77f08?s=96&d=mm&r=g\",\"contentUrl\":\"https:\/\/secure.gravatar.com\/avatar\/2f04e1b304682a8d9db336c7acd77f08?s=96&d=mm&r=g\",\"caption\":\"Reda\u00e7\u00e3o\"},\"url\":\"https:\/\/jornaltimoneiro.com.br\/index.php\/author\/timoneirocanoas\/\"}]}<\/script>\n<!-- \/ Yoast SEO plugin. -->","yoast_head_json":{"title":"Impasse: Reclama\u00e7\u00f5es por falta de transporte para pessoas com defici\u00eancia - O Timoneiro Jornal Canoas RS","robots":{"index":"index","follow":"follow","max-snippet":"max-snippet:-1","max-image-preview":"max-image-preview:large","max-video-preview":"max-video-preview:-1"},"canonical":"https:\/\/jornaltimoneiro.com.br\/index.php\/2017\/05\/19\/impasse-reclamacoes-por-falta-de-transporte-para-pessoas-com-deficiencia\/","og_locale":"pt_BR","og_type":"article","og_title":"Impasse: Reclama\u00e7\u00f5es por falta de transporte para pessoas com defici\u00eancia - O Timoneiro Jornal Canoas RS","og_description":"&#8220;Meu filho, de 43 anos, precisa desse atendimento. Ele est\u00e1 super magoado por n\u00e3o ir at\u00e9 a Apae&#8221;, relata Modesta Bosca\u00edni. De acordo com ela, o problema ocorre desde o in\u00edcio do ano. Modesta ainda reclama por n\u00e3o conseguir contato com a Prefeitura. Neli da Costa, m\u00e3e de Wladimir da Costa, 30 anos, conta que [&hellip;]","og_url":"https:\/\/jornaltimoneiro.com.br\/index.php\/2017\/05\/19\/impasse-reclamacoes-por-falta-de-transporte-para-pessoas-com-deficiencia\/","og_site_name":"O Timoneiro Jornal Canoas RS","article_publisher":"https:\/\/www.facebook.com\/jornaltimoneiro","article_published_time":"2017-05-19T14:12:59+00:00","author":"Reda\u00e7\u00e3o","twitter_card":"summary_large_image","twitter_creator":"@_OTimoneiro","twitter_site":"@_OTimoneiro","twitter_misc":{"Escrito por":"Reda\u00e7\u00e3o","Est. tempo de leitura":"4 minutos"},"schema":{"@context":"https:\/\/schema.org","@graph":[{"@type":"Article","@id":"https:\/\/jornaltimoneiro.com.br\/index.php\/2017\/05\/19\/impasse-reclamacoes-por-falta-de-transporte-para-pessoas-com-deficiencia\/#article","isPartOf":{"@id":"https:\/\/jornaltimoneiro.com.br\/index.php\/2017\/05\/19\/impasse-reclamacoes-por-falta-de-transporte-para-pessoas-com-deficiencia\/"},"author":{"name":"Reda\u00e7\u00e3o","@id":"https:\/\/jornaltimoneiro.com.br\/#\/schema\/person\/620efd1d8244466117482be494360b08"},"headline":"Impasse: Reclama\u00e7\u00f5es por falta de transporte para pessoas com defici\u00eancia","datePublished":"2017-05-19T14:12:59+00:00","dateModified":"2017-05-19T14:12:59+00:00","mainEntityOfPage":{"@id":"https:\/\/jornaltimoneiro.com.br\/index.php\/2017\/05\/19\/impasse-reclamacoes-por-falta-de-transporte-para-pessoas-com-deficiencia\/"},"wordCount":740,"commentCount":0,"publisher":{"@id":"https:\/\/jornaltimoneiro.com.br\/#organization"},"articleSection":["Comunidade","Destaques","Geral","Not\u00edcias"],"inLanguage":"pt-BR","potentialAction":[{"@type":"CommentAction","name":"Comment","target":["https:\/\/jornaltimoneiro.com.br\/index.php\/2017\/05\/19\/impasse-reclamacoes-por-falta-de-transporte-para-pessoas-com-deficiencia\/#respond"]}]},{"@type":"WebPage","@id":"https:\/\/jornaltimoneiro.com.br\/index.php\/2017\/05\/19\/impasse-reclamacoes-por-falta-de-transporte-para-pessoas-com-deficiencia\/","url":"https:\/\/jornaltimoneiro.com.br\/index.php\/2017\/05\/19\/impasse-reclamacoes-por-falta-de-transporte-para-pessoas-com-deficiencia\/","name":"Impasse: Reclama\u00e7\u00f5es por falta de transporte para pessoas com defici\u00eancia - O Timoneiro Jornal Canoas RS","isPartOf":{"@id":"https:\/\/jornaltimoneiro.com.br\/#website"},"datePublished":"2017-05-19T14:12:59+00:00","dateModified":"2017-05-19T14:12:59+00:00","breadcrumb":{"@id":"https:\/\/jornaltimoneiro.com.br\/index.php\/2017\/05\/19\/impasse-reclamacoes-por-falta-de-transporte-para-pessoas-com-deficiencia\/#breadcrumb"},"inLanguage":"pt-BR","potentialAction":[{"@type":"ReadAction","target":["https:\/\/jornaltimoneiro.com.br\/index.php\/2017\/05\/19\/impasse-reclamacoes-por-falta-de-transporte-para-pessoas-com-deficiencia\/"]}]},{"@type":"BreadcrumbList","@id":"https:\/\/jornaltimoneiro.com.br\/index.php\/2017\/05\/19\/impasse-reclamacoes-por-falta-de-transporte-para-pessoas-com-deficiencia\/#breadcrumb","itemListElement":[{"@type":"ListItem","position":1,"name":"In\u00edcio","item":"https:\/\/jornaltimoneiro.com.br\/"},{"@type":"ListItem","position":2,"name":"Impasse: Reclama\u00e7\u00f5es por falta de transporte para pessoas com defici\u00eancia"}]},{"@type":"WebSite","@id":"https:\/\/jornaltimoneiro.com.br\/#website","url":"https:\/\/jornaltimoneiro.com.br\/","name":"Jornal Timoneiro Canoas RS","description":"Jornal O Timoneiro, o verdadeiro jornal de Canoas","publisher":{"@id":"https:\/\/jornaltimoneiro.com.br\/#organization"},"potentialAction":[{"@type":"SearchAction","target":{"@type":"EntryPoint","urlTemplate":"https:\/\/jornaltimoneiro.com.br\/?s={search_term_string}"},"query-input":"required name=search_term_string"}],"inLanguage":"pt-BR"},{"@type":"Organization","@id":"https:\/\/jornaltimoneiro.com.br\/#organization","name":"Jornal Timoneiro Canoas RS","url":"https:\/\/jornaltimoneiro.com.br\/","logo":{"@type":"ImageObject","inLanguage":"pt-BR","@id":"https:\/\/jornaltimoneiro.com.br\/#\/schema\/logo\/image\/","url":"https:\/\/jornaltimoneiro.com.br\/wp-content\/uploads\/2023\/03\/logonovo.png","contentUrl":"https:\/\/jornaltimoneiro.com.br\/wp-content\/uploads\/2023\/03\/logonovo.png","width":"469","height":"171","caption":"Jornal Timoneiro Canoas RS"},"image":{"@id":"https:\/\/jornaltimoneiro.com.br\/#\/schema\/logo\/image\/"},"sameAs":["https:\/\/www.facebook.com\/jornaltimoneiro","https:\/\/twitter.com\/_OTimoneiro","https:\/\/www.instagram.com\/jornaltimoneirocanoas\/","https:\/\/www.youtube.com\/@jornalotimoneiro7927"]},{"@type":"Person","@id":"https:\/\/jornaltimoneiro.com.br\/#\/schema\/person\/620efd1d8244466117482be494360b08","name":"Reda\u00e7\u00e3o","image":{"@type":"ImageObject","inLanguage":"pt-BR","@id":"https:\/\/jornaltimoneiro.com.br\/#\/schema\/person\/image\/","url":"https:\/\/secure.gravatar.com\/avatar\/2f04e1b304682a8d9db336c7acd77f08?s=96&d=mm&r=g","contentUrl":"https:\/\/secure.gravatar.com\/avatar\/2f04e1b304682a8d9db336c7acd77f08?s=96&d=mm&r=g","caption":"Reda\u00e7\u00e3o"},"url":"https:\/\/jornaltimoneiro.com.br\/index.php\/author\/timoneirocanoas\/"}]}},"_links":{"self":[{"href":"https:\/\/jornaltimoneiro.com.br\/index.php\/wp-json\/wp\/v2\/posts\/7534"}],"collection":[{"href":"https:\/\/jornaltimoneiro.com.br\/index.php\/wp-json\/wp\/v2\/posts"}],"about":[{"href":"https:\/\/jornaltimoneiro.com.br\/index.php\/wp-json\/wp\/v2\/types\/post"}],"author":[{"embeddable":true,"href":"https:\/\/jornaltimoneiro.com.br\/index.php\/wp-json\/wp\/v2\/users\/1"}],"replies":[{"embeddable":true,"href":"https:\/\/jornaltimoneiro.com.br\/index.php\/wp-json\/wp\/v2\/comments?post=7534"}],"version-history":[{"count":0,"href":"https:\/\/jornaltimoneiro.com.br\/index.php\/wp-json\/wp\/v2\/posts\/7534\/revisions"}],"wp:featuredmedia":[{"embeddable":true,"href":"https:\/\/jornaltimoneiro.com.br\/index.php\/wp-json\/"}],"wp:attachment":[{"href":"https:\/\/jornaltimoneiro.com.br\/index.php\/wp-json\/wp\/v2\/media?parent=7534"}],"wp:term":[{"taxonomy":"category","embeddable":true,"href":"https:\/\/jornaltimoneiro.com.br\/index.php\/wp-json\/wp\/v2\/categories?post=7534"},{"taxonomy":"post_tag","embeddable":true,"href":"https:\/\/jornaltimoneiro.com.br\/index.php\/wp-json\/wp\/v2\/tags?post=7534"}],"curies":[{"name":"wp","href":"https:\/\/api.w.org\/{rel}","templated":true}]}}