{"id":749,"date":"2015-07-28T15:46:21","date_gmt":"2015-07-28T18:46:21","guid":{"rendered":"http:\/\/otimoneiro.com.br\/?p=749"},"modified":"2015-07-28T15:46:21","modified_gmt":"2015-07-28T18:46:21","slug":"se-essa-rua-se-essa-rua-fosse-minha","status":"publish","type":"post","link":"https:\/\/jornaltimoneiro.com.br\/index.php\/2015\/07\/28\/se-essa-rua-se-essa-rua-fosse-minha\/","title":{"rendered":"Lugar do material de constru\u00e7\u00e3o n\u00e3o \u00e9 nas cal\u00e7adas"},"content":{"rendered":"<div id=\"attachment_750\" style=\"width: 179px\" class=\"wp-caption alignleft\"><a href=\"http:\/\/otimoneiro.com.br\/wp-content\/uploads\/2015\/07\/IMG-20150728-WA0002.jpg\"><img decoding=\"async\" aria-describedby=\"caption-attachment-750\" class=\"wp-image-750 size-medium\" src=\"http:\/\/otimoneiro.com.br\/wp-content\/uploads\/2015\/07\/IMG-20150728-WA0002-169x300.jpg\" alt=\"Rua Siqueira Campos, centro de Canoas. Foto: Rosemeri Costa.\" width=\"169\" height=\"300\" \/><\/a><p id=\"caption-attachment-750\" class=\"wp-caption-text\">Rua Siqueira Campos, centro de Canoas. Foto: Rosemeri Costa.<\/p><\/div>\n<p style=\"text-align: justify;\">A leitora Rosemeri Costa, 40 anos, professora do munic\u00edpio, entrou em contato com a reda\u00e7\u00e3o de<strong> O Timoneiro<\/strong> para informar sobre o problema que os transeuntes e os moradores da rua Siqueira Campos, no centro da cidade, est\u00e3o enfrentando h\u00e1 mais de uma semana. Trata-se de uma obra onde os materiais de constru\u00e7\u00e3o como areia e britas est\u00e3o ocupando a cal\u00e7ada, obrigando os pedestres a realizarem o trecho pelo espa\u00e7o destinado aos carros.<\/p>\n<p style=\"text-align: justify;\">N\u00e3o raros s\u00e3o os casos de materiais de constru\u00e7\u00e3o, res\u00edduos secos e at\u00e9 org\u00e2nicos, animais mortos, entre outros tipos de subst\u00e2ncias que encontramos nas cal\u00e7adas do munic\u00edpio de Canoas. A lei org\u00e2nica municipal, no seu artigo primeiro do c\u00f3digo de obras, promulgado pelo prefeito Liberty Dick Conter, no entanto, define cal\u00e7ada como &#8220;Pavimenta\u00e7\u00e3o do terreno dentro do lote&#8221;.<\/p>\n<p style=\"text-align: justify;\"><strong>Prefeitura\u00a0notificar\u00e1 respons\u00e1vel<\/strong><\/p>\n<p style=\"text-align: justify;\">Em casos nos quais os moradores n\u00e3o possuem espa\u00e7o interno, ou mesmo acesso, para depositar material de constru\u00e7\u00e3o, especialmente areia e brita, a administra\u00e7\u00e3o municipal recomenda que o mesmo deve ser colocado em sacas, que facilitam a transfer\u00eancia para dentro do lote. \u201cO comprador deve solicitar \u00e0 loja que entregue o material devidamente acondicionado. Ainda conforme a legisla\u00e7\u00e3o municipal, o transportador que depositar o material irregularmente sobre a cal\u00e7ada tamb\u00e9m pode ser penalizado\u201d, salienta o texto.<\/p>\n<p style=\"text-align: justify;\">A Prefeitura esclareceu que o propriet\u00e1rio\/respons\u00e1vel ser\u00e1 notificado para que providencie a retirada do material de sobre a cal\u00e7ada, uma vez que \u00e9 proibido, por lei, a obstru\u00e7\u00e3o ou o embara\u00e7amento da mesma.<\/p>\n","protected":false},"excerpt":{"rendered":"<p>Transeuntes e moradores da rua Siqueira Campos, no centro da cidade, est\u00e3o enfrentando h\u00e1 mais de uma semana um problema com a cal\u00e7ada. Trata-se de uma obra onde os materiais de constru\u00e7\u00e3o como areia e britas est\u00e3o ocupando o passeio p\u00fablico, obrigando os pedestres a realizarem o trecho pelo espa\u00e7o destinado aos carros. A Prefeitura condena.<\/p>\n","protected":false},"author":1,"featured_media":750,"comment_status":"open","ping_status":"open","sticky":false,"template":"","format":"standard","meta":{"amp_status":"","footnotes":""},"categories":[25,19,22],"tags":[],"class_list":["post-749","post","type-post","status-publish","format-standard","has-post-thumbnail","hentry","category-comunidade","category-destaques","category-noticias"],"yoast_head":"<!-- This site is optimized with the Yoast SEO plugin v20.5 - https:\/\/yoast.com\/wordpress\/plugins\/seo\/ -->\n<title>Lugar do material de constru\u00e7\u00e3o n\u00e3o \u00e9 nas cal\u00e7adas - O Timoneiro Jornal Canoas RS<\/title>\n<meta name=\"robots\" content=\"index, follow, max-snippet:-1, max-image-preview:large, max-video-preview:-1\" \/>\n<link rel=\"canonical\" href=\"https:\/\/jornaltimoneiro.com.br\/index.php\/2015\/07\/28\/se-essa-rua-se-essa-rua-fosse-minha\/\" \/>\n<meta property=\"og:locale\" content=\"pt_BR\" \/>\n<meta property=\"og:type\" content=\"article\" \/>\n<meta property=\"og:title\" content=\"Lugar do material de constru\u00e7\u00e3o n\u00e3o \u00e9 nas cal\u00e7adas - O Timoneiro Jornal Canoas RS\" \/>\n<meta property=\"og:description\" content=\"Transeuntes e moradores da rua Siqueira Campos, no centro da cidade, est\u00e3o enfrentando h\u00e1 mais de uma semana um problema com a cal\u00e7ada. Trata-se de uma obra onde os materiais de constru\u00e7\u00e3o como areia e britas est\u00e3o ocupando o passeio p\u00fablico, obrigando os pedestres a realizarem o trecho pelo espa\u00e7o destinado aos carros. A Prefeitura condena.\" \/>\n<meta property=\"og:url\" content=\"https:\/\/jornaltimoneiro.com.br\/index.php\/2015\/07\/28\/se-essa-rua-se-essa-rua-fosse-minha\/\" \/>\n<meta property=\"og:site_name\" content=\"O Timoneiro Jornal Canoas RS\" \/>\n<meta property=\"article:publisher\" content=\"https:\/\/www.facebook.com\/jornaltimoneiro\" \/>\n<meta property=\"article:published_time\" content=\"2015-07-28T18:46:21+00:00\" \/>\n<meta name=\"author\" content=\"Reda\u00e7\u00e3o\" \/>\n<meta name=\"twitter:card\" content=\"summary_large_image\" \/>\n<meta name=\"twitter:creator\" content=\"@_OTimoneiro\" \/>\n<meta name=\"twitter:site\" content=\"@_OTimoneiro\" \/>\n<meta name=\"twitter:label1\" content=\"Escrito por\" \/>\n\t<meta name=\"twitter:data1\" content=\"Reda\u00e7\u00e3o\" \/>\n\t<meta name=\"twitter:label2\" content=\"Est. tempo de leitura\" \/>\n\t<meta name=\"twitter:data2\" content=\"1 minuto\" \/>\n<script type=\"application\/ld+json\" class=\"yoast-schema-graph\">{\"@context\":\"https:\/\/schema.org\",\"@graph\":[{\"@type\":\"Article\",\"@id\":\"https:\/\/jornaltimoneiro.com.br\/index.php\/2015\/07\/28\/se-essa-rua-se-essa-rua-fosse-minha\/#article\",\"isPartOf\":{\"@id\":\"https:\/\/jornaltimoneiro.com.br\/index.php\/2015\/07\/28\/se-essa-rua-se-essa-rua-fosse-minha\/\"},\"author\":{\"name\":\"Reda\u00e7\u00e3o\",\"@id\":\"https:\/\/jornaltimoneiro.com.br\/#\/schema\/person\/620efd1d8244466117482be494360b08\"},\"headline\":\"Lugar do material de constru\u00e7\u00e3o n\u00e3o \u00e9 nas cal\u00e7adas\",\"datePublished\":\"2015-07-28T18:46:21+00:00\",\"dateModified\":\"2015-07-28T18:46:21+00:00\",\"mainEntityOfPage\":{\"@id\":\"https:\/\/jornaltimoneiro.com.br\/index.php\/2015\/07\/28\/se-essa-rua-se-essa-rua-fosse-minha\/\"},\"wordCount\":301,\"commentCount\":0,\"publisher\":{\"@id\":\"https:\/\/jornaltimoneiro.com.br\/#organization\"},\"articleSection\":[\"Comunidade\",\"Destaques\",\"Not\u00edcias\"],\"inLanguage\":\"pt-BR\",\"potentialAction\":[{\"@type\":\"CommentAction\",\"name\":\"Comment\",\"target\":[\"https:\/\/jornaltimoneiro.com.br\/index.php\/2015\/07\/28\/se-essa-rua-se-essa-rua-fosse-minha\/#respond\"]}]},{\"@type\":\"WebPage\",\"@id\":\"https:\/\/jornaltimoneiro.com.br\/index.php\/2015\/07\/28\/se-essa-rua-se-essa-rua-fosse-minha\/\",\"url\":\"https:\/\/jornaltimoneiro.com.br\/index.php\/2015\/07\/28\/se-essa-rua-se-essa-rua-fosse-minha\/\",\"name\":\"Lugar do material de constru\u00e7\u00e3o n\u00e3o \u00e9 nas cal\u00e7adas - O Timoneiro Jornal Canoas RS\",\"isPartOf\":{\"@id\":\"https:\/\/jornaltimoneiro.com.br\/#website\"},\"datePublished\":\"2015-07-28T18:46:21+00:00\",\"dateModified\":\"2015-07-28T18:46:21+00:00\",\"breadcrumb\":{\"@id\":\"https:\/\/jornaltimoneiro.com.br\/index.php\/2015\/07\/28\/se-essa-rua-se-essa-rua-fosse-minha\/#breadcrumb\"},\"inLanguage\":\"pt-BR\",\"potentialAction\":[{\"@type\":\"ReadAction\",\"target\":[\"https:\/\/jornaltimoneiro.com.br\/index.php\/2015\/07\/28\/se-essa-rua-se-essa-rua-fosse-minha\/\"]}]},{\"@type\":\"BreadcrumbList\",\"@id\":\"https:\/\/jornaltimoneiro.com.br\/index.php\/2015\/07\/28\/se-essa-rua-se-essa-rua-fosse-minha\/#breadcrumb\",\"itemListElement\":[{\"@type\":\"ListItem\",\"position\":1,\"name\":\"In\u00edcio\",\"item\":\"https:\/\/jornaltimoneiro.com.br\/\"},{\"@type\":\"ListItem\",\"position\":2,\"name\":\"Lugar do material de constru\u00e7\u00e3o n\u00e3o \u00e9 nas cal\u00e7adas\"}]},{\"@type\":\"WebSite\",\"@id\":\"https:\/\/jornaltimoneiro.com.br\/#website\",\"url\":\"https:\/\/jornaltimoneiro.com.br\/\",\"name\":\"Jornal Timoneiro Canoas RS\",\"description\":\"Jornal O Timoneiro, o verdadeiro jornal de Canoas\",\"publisher\":{\"@id\":\"https:\/\/jornaltimoneiro.com.br\/#organization\"},\"potentialAction\":[{\"@type\":\"SearchAction\",\"target\":{\"@type\":\"EntryPoint\",\"urlTemplate\":\"https:\/\/jornaltimoneiro.com.br\/?s={search_term_string}\"},\"query-input\":\"required name=search_term_string\"}],\"inLanguage\":\"pt-BR\"},{\"@type\":\"Organization\",\"@id\":\"https:\/\/jornaltimoneiro.com.br\/#organization\",\"name\":\"Jornal Timoneiro Canoas RS\",\"url\":\"https:\/\/jornaltimoneiro.com.br\/\",\"logo\":{\"@type\":\"ImageObject\",\"inLanguage\":\"pt-BR\",\"@id\":\"https:\/\/jornaltimoneiro.com.br\/#\/schema\/logo\/image\/\",\"url\":\"https:\/\/jornaltimoneiro.com.br\/wp-content\/uploads\/2023\/03\/logonovo.png\",\"contentUrl\":\"https:\/\/jornaltimoneiro.com.br\/wp-content\/uploads\/2023\/03\/logonovo.png\",\"width\":\"469\",\"height\":\"171\",\"caption\":\"Jornal Timoneiro Canoas RS\"},\"image\":{\"@id\":\"https:\/\/jornaltimoneiro.com.br\/#\/schema\/logo\/image\/\"},\"sameAs\":[\"https:\/\/www.facebook.com\/jornaltimoneiro\",\"https:\/\/twitter.com\/_OTimoneiro\",\"https:\/\/www.instagram.com\/jornaltimoneirocanoas\/\",\"https:\/\/www.youtube.com\/@jornalotimoneiro7927\"]},{\"@type\":\"Person\",\"@id\":\"https:\/\/jornaltimoneiro.com.br\/#\/schema\/person\/620efd1d8244466117482be494360b08\",\"name\":\"Reda\u00e7\u00e3o\",\"image\":{\"@type\":\"ImageObject\",\"inLanguage\":\"pt-BR\",\"@id\":\"https:\/\/jornaltimoneiro.com.br\/#\/schema\/person\/image\/\",\"url\":\"https:\/\/secure.gravatar.com\/avatar\/2f04e1b304682a8d9db336c7acd77f08?s=96&d=mm&r=g\",\"contentUrl\":\"https:\/\/secure.gravatar.com\/avatar\/2f04e1b304682a8d9db336c7acd77f08?s=96&d=mm&r=g\",\"caption\":\"Reda\u00e7\u00e3o\"},\"url\":\"https:\/\/jornaltimoneiro.com.br\/index.php\/author\/timoneirocanoas\/\"}]}<\/script>\n<!-- \/ Yoast SEO plugin. -->","yoast_head_json":{"title":"Lugar do material de constru\u00e7\u00e3o n\u00e3o \u00e9 nas cal\u00e7adas - O Timoneiro Jornal Canoas RS","robots":{"index":"index","follow":"follow","max-snippet":"max-snippet:-1","max-image-preview":"max-image-preview:large","max-video-preview":"max-video-preview:-1"},"canonical":"https:\/\/jornaltimoneiro.com.br\/index.php\/2015\/07\/28\/se-essa-rua-se-essa-rua-fosse-minha\/","og_locale":"pt_BR","og_type":"article","og_title":"Lugar do material de constru\u00e7\u00e3o n\u00e3o \u00e9 nas cal\u00e7adas - O Timoneiro Jornal Canoas RS","og_description":"Transeuntes e moradores da rua Siqueira Campos, no centro da cidade, est\u00e3o enfrentando h\u00e1 mais de uma semana um problema com a cal\u00e7ada. Trata-se de uma obra onde os materiais de constru\u00e7\u00e3o como areia e britas est\u00e3o ocupando o passeio p\u00fablico, obrigando os pedestres a realizarem o trecho pelo espa\u00e7o destinado aos carros. A Prefeitura condena.","og_url":"https:\/\/jornaltimoneiro.com.br\/index.php\/2015\/07\/28\/se-essa-rua-se-essa-rua-fosse-minha\/","og_site_name":"O Timoneiro Jornal Canoas RS","article_publisher":"https:\/\/www.facebook.com\/jornaltimoneiro","article_published_time":"2015-07-28T18:46:21+00:00","author":"Reda\u00e7\u00e3o","twitter_card":"summary_large_image","twitter_creator":"@_OTimoneiro","twitter_site":"@_OTimoneiro","twitter_misc":{"Escrito por":"Reda\u00e7\u00e3o","Est. tempo de leitura":"1 minuto"},"schema":{"@context":"https:\/\/schema.org","@graph":[{"@type":"Article","@id":"https:\/\/jornaltimoneiro.com.br\/index.php\/2015\/07\/28\/se-essa-rua-se-essa-rua-fosse-minha\/#article","isPartOf":{"@id":"https:\/\/jornaltimoneiro.com.br\/index.php\/2015\/07\/28\/se-essa-rua-se-essa-rua-fosse-minha\/"},"author":{"name":"Reda\u00e7\u00e3o","@id":"https:\/\/jornaltimoneiro.com.br\/#\/schema\/person\/620efd1d8244466117482be494360b08"},"headline":"Lugar do material de constru\u00e7\u00e3o n\u00e3o \u00e9 nas cal\u00e7adas","datePublished":"2015-07-28T18:46:21+00:00","dateModified":"2015-07-28T18:46:21+00:00","mainEntityOfPage":{"@id":"https:\/\/jornaltimoneiro.com.br\/index.php\/2015\/07\/28\/se-essa-rua-se-essa-rua-fosse-minha\/"},"wordCount":301,"commentCount":0,"publisher":{"@id":"https:\/\/jornaltimoneiro.com.br\/#organization"},"articleSection":["Comunidade","Destaques","Not\u00edcias"],"inLanguage":"pt-BR","potentialAction":[{"@type":"CommentAction","name":"Comment","target":["https:\/\/jornaltimoneiro.com.br\/index.php\/2015\/07\/28\/se-essa-rua-se-essa-rua-fosse-minha\/#respond"]}]},{"@type":"WebPage","@id":"https:\/\/jornaltimoneiro.com.br\/index.php\/2015\/07\/28\/se-essa-rua-se-essa-rua-fosse-minha\/","url":"https:\/\/jornaltimoneiro.com.br\/index.php\/2015\/07\/28\/se-essa-rua-se-essa-rua-fosse-minha\/","name":"Lugar do material de constru\u00e7\u00e3o n\u00e3o \u00e9 nas cal\u00e7adas - O Timoneiro Jornal Canoas RS","isPartOf":{"@id":"https:\/\/jornaltimoneiro.com.br\/#website"},"datePublished":"2015-07-28T18:46:21+00:00","dateModified":"2015-07-28T18:46:21+00:00","breadcrumb":{"@id":"https:\/\/jornaltimoneiro.com.br\/index.php\/2015\/07\/28\/se-essa-rua-se-essa-rua-fosse-minha\/#breadcrumb"},"inLanguage":"pt-BR","potentialAction":[{"@type":"ReadAction","target":["https:\/\/jornaltimoneiro.com.br\/index.php\/2015\/07\/28\/se-essa-rua-se-essa-rua-fosse-minha\/"]}]},{"@type":"BreadcrumbList","@id":"https:\/\/jornaltimoneiro.com.br\/index.php\/2015\/07\/28\/se-essa-rua-se-essa-rua-fosse-minha\/#breadcrumb","itemListElement":[{"@type":"ListItem","position":1,"name":"In\u00edcio","item":"https:\/\/jornaltimoneiro.com.br\/"},{"@type":"ListItem","position":2,"name":"Lugar do material de constru\u00e7\u00e3o n\u00e3o \u00e9 nas cal\u00e7adas"}]},{"@type":"WebSite","@id":"https:\/\/jornaltimoneiro.com.br\/#website","url":"https:\/\/jornaltimoneiro.com.br\/","name":"Jornal Timoneiro Canoas RS","description":"Jornal O Timoneiro, o verdadeiro jornal de Canoas","publisher":{"@id":"https:\/\/jornaltimoneiro.com.br\/#organization"},"potentialAction":[{"@type":"SearchAction","target":{"@type":"EntryPoint","urlTemplate":"https:\/\/jornaltimoneiro.com.br\/?s={search_term_string}"},"query-input":"required name=search_term_string"}],"inLanguage":"pt-BR"},{"@type":"Organization","@id":"https:\/\/jornaltimoneiro.com.br\/#organization","name":"Jornal Timoneiro Canoas RS","url":"https:\/\/jornaltimoneiro.com.br\/","logo":{"@type":"ImageObject","inLanguage":"pt-BR","@id":"https:\/\/jornaltimoneiro.com.br\/#\/schema\/logo\/image\/","url":"https:\/\/jornaltimoneiro.com.br\/wp-content\/uploads\/2023\/03\/logonovo.png","contentUrl":"https:\/\/jornaltimoneiro.com.br\/wp-content\/uploads\/2023\/03\/logonovo.png","width":"469","height":"171","caption":"Jornal Timoneiro Canoas RS"},"image":{"@id":"https:\/\/jornaltimoneiro.com.br\/#\/schema\/logo\/image\/"},"sameAs":["https:\/\/www.facebook.com\/jornaltimoneiro","https:\/\/twitter.com\/_OTimoneiro","https:\/\/www.instagram.com\/jornaltimoneirocanoas\/","https:\/\/www.youtube.com\/@jornalotimoneiro7927"]},{"@type":"Person","@id":"https:\/\/jornaltimoneiro.com.br\/#\/schema\/person\/620efd1d8244466117482be494360b08","name":"Reda\u00e7\u00e3o","image":{"@type":"ImageObject","inLanguage":"pt-BR","@id":"https:\/\/jornaltimoneiro.com.br\/#\/schema\/person\/image\/","url":"https:\/\/secure.gravatar.com\/avatar\/2f04e1b304682a8d9db336c7acd77f08?s=96&d=mm&r=g","contentUrl":"https:\/\/secure.gravatar.com\/avatar\/2f04e1b304682a8d9db336c7acd77f08?s=96&d=mm&r=g","caption":"Reda\u00e7\u00e3o"},"url":"https:\/\/jornaltimoneiro.com.br\/index.php\/author\/timoneirocanoas\/"}]}},"_links":{"self":[{"href":"https:\/\/jornaltimoneiro.com.br\/index.php\/wp-json\/wp\/v2\/posts\/749"}],"collection":[{"href":"https:\/\/jornaltimoneiro.com.br\/index.php\/wp-json\/wp\/v2\/posts"}],"about":[{"href":"https:\/\/jornaltimoneiro.com.br\/index.php\/wp-json\/wp\/v2\/types\/post"}],"author":[{"embeddable":true,"href":"https:\/\/jornaltimoneiro.com.br\/index.php\/wp-json\/wp\/v2\/users\/1"}],"replies":[{"embeddable":true,"href":"https:\/\/jornaltimoneiro.com.br\/index.php\/wp-json\/wp\/v2\/comments?post=749"}],"version-history":[{"count":0,"href":"https:\/\/jornaltimoneiro.com.br\/index.php\/wp-json\/wp\/v2\/posts\/749\/revisions"}],"wp:featuredmedia":[{"embeddable":true,"href":"https:\/\/jornaltimoneiro.com.br\/index.php\/wp-json\/"}],"wp:attachment":[{"href":"https:\/\/jornaltimoneiro.com.br\/index.php\/wp-json\/wp\/v2\/media?parent=749"}],"wp:term":[{"taxonomy":"category","embeddable":true,"href":"https:\/\/jornaltimoneiro.com.br\/index.php\/wp-json\/wp\/v2\/categories?post=749"},{"taxonomy":"post_tag","embeddable":true,"href":"https:\/\/jornaltimoneiro.com.br\/index.php\/wp-json\/wp\/v2\/tags?post=749"}],"curies":[{"name":"wp","href":"https:\/\/api.w.org\/{rel}","templated":true}]}}