{"id":746,"date":"2015-07-28T12:07:21","date_gmt":"2015-07-28T15:07:21","guid":{"rendered":"http:\/\/otimoneiro.com.br\/?p=746"},"modified":"2015-07-28T12:07:21","modified_gmt":"2015-07-28T15:07:21","slug":"doacoes-aos-atingidos-pelas-chuvas-chegam-de-todos-os-lados","status":"publish","type":"post","link":"https:\/\/jornaltimoneiro.com.br\/index.php\/2015\/07\/28\/doacoes-aos-atingidos-pelas-chuvas-chegam-de-todos-os-lados\/","title":{"rendered":"Doa\u00e7\u00f5es aos atingidos pelas chuvas chegam de todos os lados"},"content":{"rendered":"<div id=\"attachment_640\" style=\"width: 603px\" class=\"wp-caption aligncenter\"><a href=\"http:\/\/otimoneiro.com.br\/wp-content\/uploads\/2015\/07\/Foto-Rodolfo-Pacheco-Facebook.jpg\"><img decoding=\"async\" aria-describedby=\"caption-attachment-640\" class=\"wp-image-640 \" src=\"http:\/\/otimoneiro.com.br\/wp-content\/uploads\/2015\/07\/Foto-Rodolfo-Pacheco-Facebook.jpg\" alt=\"Canoa no Paquet\u00e1. Foto: Divulga\u00e7\u00e3o Defesa Civil.\" width=\"593\" height=\"336\" \/><\/a><p id=\"caption-attachment-640\" class=\"wp-caption-text\">Canoa no Paquet\u00e1. Foto: Divulga\u00e7\u00e3o Defesa Civil.<\/p><\/div>\n<p style=\"text-align: justify;\">Ao menos 47 mil pessoas foram diretamente prejudicadas que atingiram em cheio ao menos 62 munic\u00edpios ga\u00fachos. A regi\u00e3o metropolitana, inclusive Canoas, foi uma das mais afetadas, junto com a Fronteira Oeste. Na cidade, ao menos 40 pessoas precisaram usar o gin\u00e1sio municipal do bairro S\u00e3o Lu\u00eds como moradia por alguns dias, at\u00e9 a \u00e1gua baixar de suas casas.<\/p>\n<p style=\"text-align: justify;\">Segundo a Prefeitura Municipal de Canoas, uma opera\u00e7\u00e3o batizada de &#8220;Tapa buracos&#8221; est\u00e1 acontecendo e utilizando cerca de 400 toneladas de asfalto na tentativa de recuperar as vias. O \u00f3rg\u00e3o informou que nos primeiros 10 dias, de 17 a 27 de julho, j\u00e1 foram utilizados 192 toneladas. Nessa pr\u00f3xima etapa, que tem in\u00edcio ainda nesta semana, mais 200 toneladas v\u00e3o ser produzidas para esse trabalho.\u00a0&#8220;A opera\u00e7\u00e3o est\u00e1 se concentrando nas \u00e1reas mais cr\u00edticas, conforme levantamento realizado a pedido do secret\u00e1rio D\u00e1rio (da Silveira, secretario municipal de Obras). Nossa usina de asfalto \u00e9 coberta e tem material pr\u00f3prio, o que facilita que essa a\u00e7\u00e3o seja ininterrupta&#8221;, explica o diretor de Pavimenta\u00e7\u00e3o da SMO, Marco Azevedo.<\/p>\n<p><strong>Asfalto nas ruas<\/strong><\/p>\n<p>Segundo a atual administra\u00e7\u00e3o, as ruas a seguir j\u00e1 foram contempladas com os reparos. Os moradores, entretanto, questionam se esta \u00e9 uma solu\u00e7\u00e3o ou uma maquiagem, pois na pr\u00f3xima chuva, os buracos devem voltar a estampar as p\u00e1ginas dos notici\u00e1rios locais.<\/p>\n<p><strong>Dia 24, sexta-feira<\/strong><\/p>\n<p>Regi\u00e3o Nordeste: Gildo de Freitas (toda), Estrada do Naz\u00e1rio com Boqueir\u00e3o, at\u00e9 Santos Ferreira, S\u00e3o Nicolau, Dona Castorina, Alexandre de Gusm\u00e3o, Ernesto da Silva Rocha, Pinhal, Farroupilha, Guarani, Araguaia, Dona Rosalina, Tiet\u00ea, Araguaia com Curupi, Araguaia com BR 116, Monteiro Lobato<br \/>\nRegi\u00e3o Noroeste: Rio Grande do Sul com Livramento e Rio Grande do Sul.<\/p>\n<p><strong>Dia 25, s\u00e1bado<\/strong><\/p>\n<p>Regi\u00e3o Nordeste: Sezefredo de Azambuja Vieira, Armando Fajardo (da Pirap\u00f3 at\u00e9 BR 116), Argentina esquina BR 116, Argentina da BR at\u00e9 Pirap\u00f3, Chile, Alaska esquina Chile, Uruguai (toda extens\u00e3o), Peru (toda extens\u00e3o), Bolivia (toda extens\u00e3o), Canad\u00e1, Farroupilha, Paraguassu, Perp\u00e9tuo Socorro (toda extens\u00e3o)<br \/>\nRegi\u00e3o Centro: Carlos Drumom de Andrade e Vereador A. Alves<\/p>\n<p><strong>Dia 27, segunda-feira<\/strong><\/p>\n<p>Regi\u00e3o Centro: Inconfid\u00eancia at\u00e9 divisa de Cachoeirinha e Av. Dr. Barcelos, entre Coronel Vicente e Ara\u00e7\u00e1<br \/>\nRegi\u00e3o Nordeste: Estrada do Naz\u00e1rio com Boqueir\u00e3o<br \/>\nRegi\u00e3o Sudoeste: Rua Boa Sa\u00fade com Irineu de Carvalho Braga, Monte Negro (toda) e Irineu de Carvalho Braga<\/p>\n<p><strong>Fecom\u00e9rcio arrecada 17 toneladas de alimentos<\/strong><\/p>\n<p style=\"text-align: justify;\">\u00a0Segundo a Federa\u00e7\u00e3o do Com\u00e9rcio de Bens e de Servi\u00e7os do Rio Grande do Sul (Fecom\u00e9rcio) &#8211; \u00a0uma entidade sindical, que atua no \u00e2mbito econ\u00f4mico, pol\u00edtico e social com 112 sindicatos filiados que representa mais de 570 mil empresas, geradoras de aproximadamente 1,6 milh\u00e3o de empregos formais &#8211; \u00a0at\u00e9 o momento, receberam 17 toneladas de alimentos, 3 mil pe\u00e7as de roupas, 76 pares de cal\u00e7ados e 200 produtos de limpeza.<\/p>\n<p style=\"text-align: justify;\">O\u00a0presidente do Sistema Fecom\u00e9rcio-RS\/ Sesc\/ Senac, Luiz Carlos Bohn, afirma que mais de 200 pontos de coleta em dezenas de cidades ga\u00fachas est\u00e3o \u00e0 disposi\u00e7\u00e3o. \u201cDisponibilizamos a estrutura do Sistema Fecom\u00e9rcio-RS como um canal receptor para aquelas pessoas que querem ajudar\u201d, explica. Segundo o sindicato, os donativos s\u00e3o recolhidos nas cidades ga\u00fachas atrav\u00e9s dos caminh\u00f5es do programa Mesa Brasil Sesc, que \u00e9 um trabalho j\u00e1 estruturado para receber doa\u00e7\u00f5es de alimentos no Estado. Informa\u00e7\u00f5es sobre os locais dos postos de coleta atrav\u00e9s dos sites das entidades.<\/p>\n<p style=\"text-align: justify;\"><strong>Governo do Estado\u00a0faz parceria com clubes<\/strong><\/p>\n<p style=\"text-align: justify;\">No domingo, 26, o governo do estado do Rio Grande do Sul divulgou nota oficial informou \u00e0 popula\u00e7\u00e3o que, em a\u00e7\u00e3o conjunta com o\u00a0Gr\u00eamio Foot-Ball Porto-Alegrense, arrecadou 7 toneladas de alimentos. Segundo o Piratini, desde quinta-feira, 23, foram distribu\u00eddos ingressos para o jogo Gr\u00eamio x Sport Recife aos 200 primeiros torcedores que doaram 24 caixas de leite ou uma cesta b\u00e1sica. &#8220;No s\u00e1bado, 25, dia da partida, a Setel, junto com a Defesa Civil, passou o dia na Arena recebendo doa\u00e7\u00f5es. At\u00e9 ter\u00e7a, 28, tr\u00eas postos de coleta seguir\u00e3o abertos no est\u00e1dio: na loja do Gr\u00eamio, no Consulado e na Central de Relacionamentos&#8221;, informa.<\/p>\n<p style=\"text-align: justify;\">No s\u00e1bado anterior, 18, no jogo entre o Sport Club Internacional contra o Goi\u00e1s tamb\u00e9m foi arrecadado alimento. Juntos, arrecadaram mais de 10 toneladas de <span class=\"il\">donativos que<\/span> ser\u00e3o distribu\u00eddas \u00e0 popula\u00e7\u00e3o atingida pelas chuvas. &#8220;Neste Grenal, venceu a solidariedade&#8221;, comemora\u00a0o secret\u00e1rio de Turismo, Esporte e Lazer, Juvir Costella.<\/p>\n<p style=\"text-align: justify;\"><strong>Canoas foi discreta<\/strong><\/p>\n<div id=\"attachment_639\" style=\"width: 310px\" class=\"wp-caption alignright\"><a href=\"http:\/\/otimoneiro.com.br\/wp-content\/uploads\/2015\/07\/Av.-Rio-Grande-do-Sul-com-rua-s\u00e3o-paulo-Foto-Bruno-Lara-1.jpg\"><img decoding=\"async\" aria-describedby=\"caption-attachment-639\" class=\"size-medium wp-image-639\" src=\"http:\/\/otimoneiro.com.br\/wp-content\/uploads\/2015\/07\/Av.-Rio-Grande-do-Sul-com-rua-s\u00e3o-paulo-Foto-Bruno-Lara-1-300x200.jpg\" alt=\"Esquina da Av. Rio Grande do Sul com a rua S\u00e3o Paulo Foto: Bruno Lara\/OT.\" width=\"300\" height=\"200\" \/><\/a><p id=\"caption-attachment-639\" class=\"wp-caption-text\">Esquina da Av. Rio Grande do Sul com a rua S\u00e3o Paulo Foto: Bruno Lara\/OT.<\/p><\/div>\n<p style=\"text-align: justify;\">Os notici\u00e1rios estaduais, para descontento dos canoenses, elogiaram a cidade pelo seu planejamento. Segundo eles, as obras dos diques e das bombas &#8220;evitaram alagamentos&#8221;. Os moradores dos bairros Mathias Velho, S\u00e3o Lu\u00eds, Mato Grande e Paquet\u00e1 discordam dos notici\u00e1rios.<\/p>\n<p style=\"text-align: justify;\">A Secretaria de Comunica\u00e7\u00e3o do munic\u00edpio (Secom)\u00a0informou que &#8220;Dezenas de sacolas de alimentos n\u00e3o-perec\u00edveis, roupas, cobertores, \u00e1guas e materiais de limpeza, arrecadadas pelos servidores da Prefeitura de Canoas, foram entregues \u00e0 Coordenadoria Municipal de Defesa Civil, na tarde desta sexta-feira, 24&#8221; com um &#8220;ato&#8221; realizado no t\u00e9rreo da Prefeitura &#8220;com a presen\u00e7a de alguns secret\u00e1rios&#8221;. O \u00f3rg\u00e3o informou tamb\u00e9m que a\u00a0secretaria municipal de Desenvolvimento Econ\u00f4mico entregou \u00e0 Defesa Civil &#8220;um carro carregado de roupas de cama e outros materiais de primeira necessidade&#8221; na atividade que necessitou do empenho de 200 servidores.<\/p>\n<div id=\"attachment_638\" style=\"width: 600px\" class=\"wp-caption aligncenter\"><a href=\"http:\/\/otimoneiro.com.br\/wp-content\/uploads\/2015\/07\/Av.-Rio-Grande-do-SulFoto-Bruno-Lara.jpg\"><img decoding=\"async\" aria-describedby=\"caption-attachment-638\" class=\"wp-image-638 \" src=\"http:\/\/otimoneiro.com.br\/wp-content\/uploads\/2015\/07\/Av.-Rio-Grande-do-SulFoto-Bruno-Lara.jpg\" alt=\"Av. Rio Grande do Sul. Foto: Bruno Lara\/OT\" width=\"590\" height=\"396\" \/><\/a><p id=\"caption-attachment-638\" class=\"wp-caption-text\">Av. Rio Grande do Sul. Foto: Bruno Lara\/OT<\/p><\/div>\n<p>&nbsp;<\/p>\n","protected":false},"excerpt":{"rendered":"<p>Somente a Fecom\u00e9rcio arrecadou 17 toneladas de alimentos. Os clubes Gr\u00eamio e Internacional arrecadaram mais 10 mil em conjunto com o Governo do Estado. Foram ao menos 47 mil pessoas atingidas pelas cheias que perduraram por duas semanas.  A cidade de Canoas, no entanto, aproveitou a oportunidade para fazer publicidade &#8220;para gringo ver&#8221;.<\/p>\n","protected":false},"author":1,"featured_media":640,"comment_status":"open","ping_status":"open","sticky":false,"template":"","format":"standard","meta":{"amp_status":"","footnotes":""},"categories":[25,19,22],"tags":[],"class_list":["post-746","post","type-post","status-publish","format-standard","has-post-thumbnail","hentry","category-comunidade","category-destaques","category-noticias"],"yoast_head":"<!-- This site is optimized with the Yoast SEO plugin v20.5 - https:\/\/yoast.com\/wordpress\/plugins\/seo\/ -->\n<title>Doa\u00e7\u00f5es aos atingidos pelas chuvas chegam de todos os lados - O Timoneiro Jornal Canoas RS<\/title>\n<meta name=\"robots\" content=\"index, follow, max-snippet:-1, max-image-preview:large, max-video-preview:-1\" \/>\n<link rel=\"canonical\" href=\"https:\/\/jornaltimoneiro.com.br\/index.php\/2015\/07\/28\/doacoes-aos-atingidos-pelas-chuvas-chegam-de-todos-os-lados\/\" \/>\n<meta property=\"og:locale\" content=\"pt_BR\" \/>\n<meta property=\"og:type\" content=\"article\" \/>\n<meta property=\"og:title\" content=\"Doa\u00e7\u00f5es aos atingidos pelas chuvas chegam de todos os lados - O Timoneiro Jornal Canoas RS\" \/>\n<meta property=\"og:description\" content=\"Somente a Fecom\u00e9rcio arrecadou 17 toneladas de alimentos. Os clubes Gr\u00eamio e Internacional arrecadaram mais 10 mil em conjunto com o Governo do Estado. Foram ao menos 47 mil pessoas atingidas pelas cheias que perduraram por duas semanas. A cidade de Canoas, no entanto, aproveitou a oportunidade para fazer publicidade &quot;para gringo ver&quot;.\" \/>\n<meta property=\"og:url\" content=\"https:\/\/jornaltimoneiro.com.br\/index.php\/2015\/07\/28\/doacoes-aos-atingidos-pelas-chuvas-chegam-de-todos-os-lados\/\" \/>\n<meta property=\"og:site_name\" content=\"O Timoneiro Jornal Canoas RS\" \/>\n<meta property=\"article:publisher\" content=\"https:\/\/www.facebook.com\/jornaltimoneiro\" \/>\n<meta property=\"article:published_time\" content=\"2015-07-28T15:07:21+00:00\" \/>\n<meta name=\"author\" content=\"Reda\u00e7\u00e3o\" \/>\n<meta name=\"twitter:card\" content=\"summary_large_image\" \/>\n<meta name=\"twitter:creator\" content=\"@_OTimoneiro\" \/>\n<meta name=\"twitter:site\" content=\"@_OTimoneiro\" \/>\n<meta name=\"twitter:label1\" content=\"Escrito por\" \/>\n\t<meta name=\"twitter:data1\" content=\"Reda\u00e7\u00e3o\" \/>\n\t<meta name=\"twitter:label2\" content=\"Est. tempo de leitura\" \/>\n\t<meta name=\"twitter:data2\" content=\"5 minutos\" \/>\n<script type=\"application\/ld+json\" class=\"yoast-schema-graph\">{\"@context\":\"https:\/\/schema.org\",\"@graph\":[{\"@type\":\"Article\",\"@id\":\"https:\/\/jornaltimoneiro.com.br\/index.php\/2015\/07\/28\/doacoes-aos-atingidos-pelas-chuvas-chegam-de-todos-os-lados\/#article\",\"isPartOf\":{\"@id\":\"https:\/\/jornaltimoneiro.com.br\/index.php\/2015\/07\/28\/doacoes-aos-atingidos-pelas-chuvas-chegam-de-todos-os-lados\/\"},\"author\":{\"name\":\"Reda\u00e7\u00e3o\",\"@id\":\"https:\/\/jornaltimoneiro.com.br\/#\/schema\/person\/620efd1d8244466117482be494360b08\"},\"headline\":\"Doa\u00e7\u00f5es aos atingidos pelas chuvas chegam de todos os lados\",\"datePublished\":\"2015-07-28T15:07:21+00:00\",\"dateModified\":\"2015-07-28T15:07:21+00:00\",\"mainEntityOfPage\":{\"@id\":\"https:\/\/jornaltimoneiro.com.br\/index.php\/2015\/07\/28\/doacoes-aos-atingidos-pelas-chuvas-chegam-de-todos-os-lados\/\"},\"wordCount\":957,\"commentCount\":0,\"publisher\":{\"@id\":\"https:\/\/jornaltimoneiro.com.br\/#organization\"},\"articleSection\":[\"Comunidade\",\"Destaques\",\"Not\u00edcias\"],\"inLanguage\":\"pt-BR\",\"potentialAction\":[{\"@type\":\"CommentAction\",\"name\":\"Comment\",\"target\":[\"https:\/\/jornaltimoneiro.com.br\/index.php\/2015\/07\/28\/doacoes-aos-atingidos-pelas-chuvas-chegam-de-todos-os-lados\/#respond\"]}]},{\"@type\":\"WebPage\",\"@id\":\"https:\/\/jornaltimoneiro.com.br\/index.php\/2015\/07\/28\/doacoes-aos-atingidos-pelas-chuvas-chegam-de-todos-os-lados\/\",\"url\":\"https:\/\/jornaltimoneiro.com.br\/index.php\/2015\/07\/28\/doacoes-aos-atingidos-pelas-chuvas-chegam-de-todos-os-lados\/\",\"name\":\"Doa\u00e7\u00f5es aos atingidos pelas chuvas chegam de todos os lados - O Timoneiro Jornal Canoas RS\",\"isPartOf\":{\"@id\":\"https:\/\/jornaltimoneiro.com.br\/#website\"},\"datePublished\":\"2015-07-28T15:07:21+00:00\",\"dateModified\":\"2015-07-28T15:07:21+00:00\",\"breadcrumb\":{\"@id\":\"https:\/\/jornaltimoneiro.com.br\/index.php\/2015\/07\/28\/doacoes-aos-atingidos-pelas-chuvas-chegam-de-todos-os-lados\/#breadcrumb\"},\"inLanguage\":\"pt-BR\",\"potentialAction\":[{\"@type\":\"ReadAction\",\"target\":[\"https:\/\/jornaltimoneiro.com.br\/index.php\/2015\/07\/28\/doacoes-aos-atingidos-pelas-chuvas-chegam-de-todos-os-lados\/\"]}]},{\"@type\":\"BreadcrumbList\",\"@id\":\"https:\/\/jornaltimoneiro.com.br\/index.php\/2015\/07\/28\/doacoes-aos-atingidos-pelas-chuvas-chegam-de-todos-os-lados\/#breadcrumb\",\"itemListElement\":[{\"@type\":\"ListItem\",\"position\":1,\"name\":\"In\u00edcio\",\"item\":\"https:\/\/jornaltimoneiro.com.br\/\"},{\"@type\":\"ListItem\",\"position\":2,\"name\":\"Doa\u00e7\u00f5es aos atingidos pelas chuvas chegam de todos os lados\"}]},{\"@type\":\"WebSite\",\"@id\":\"https:\/\/jornaltimoneiro.com.br\/#website\",\"url\":\"https:\/\/jornaltimoneiro.com.br\/\",\"name\":\"Jornal Timoneiro Canoas RS\",\"description\":\"Jornal O Timoneiro, o verdadeiro jornal de Canoas\",\"publisher\":{\"@id\":\"https:\/\/jornaltimoneiro.com.br\/#organization\"},\"potentialAction\":[{\"@type\":\"SearchAction\",\"target\":{\"@type\":\"EntryPoint\",\"urlTemplate\":\"https:\/\/jornaltimoneiro.com.br\/?s={search_term_string}\"},\"query-input\":\"required name=search_term_string\"}],\"inLanguage\":\"pt-BR\"},{\"@type\":\"Organization\",\"@id\":\"https:\/\/jornaltimoneiro.com.br\/#organization\",\"name\":\"Jornal Timoneiro Canoas RS\",\"url\":\"https:\/\/jornaltimoneiro.com.br\/\",\"logo\":{\"@type\":\"ImageObject\",\"inLanguage\":\"pt-BR\",\"@id\":\"https:\/\/jornaltimoneiro.com.br\/#\/schema\/logo\/image\/\",\"url\":\"https:\/\/jornaltimoneiro.com.br\/wp-content\/uploads\/2023\/03\/logonovo.png\",\"contentUrl\":\"https:\/\/jornaltimoneiro.com.br\/wp-content\/uploads\/2023\/03\/logonovo.png\",\"width\":\"469\",\"height\":\"171\",\"caption\":\"Jornal Timoneiro Canoas RS\"},\"image\":{\"@id\":\"https:\/\/jornaltimoneiro.com.br\/#\/schema\/logo\/image\/\"},\"sameAs\":[\"https:\/\/www.facebook.com\/jornaltimoneiro\",\"https:\/\/twitter.com\/_OTimoneiro\",\"https:\/\/www.instagram.com\/jornaltimoneirocanoas\/\",\"https:\/\/www.youtube.com\/@jornalotimoneiro7927\"]},{\"@type\":\"Person\",\"@id\":\"https:\/\/jornaltimoneiro.com.br\/#\/schema\/person\/620efd1d8244466117482be494360b08\",\"name\":\"Reda\u00e7\u00e3o\",\"image\":{\"@type\":\"ImageObject\",\"inLanguage\":\"pt-BR\",\"@id\":\"https:\/\/jornaltimoneiro.com.br\/#\/schema\/person\/image\/\",\"url\":\"https:\/\/secure.gravatar.com\/avatar\/2f04e1b304682a8d9db336c7acd77f08?s=96&d=mm&r=g\",\"contentUrl\":\"https:\/\/secure.gravatar.com\/avatar\/2f04e1b304682a8d9db336c7acd77f08?s=96&d=mm&r=g\",\"caption\":\"Reda\u00e7\u00e3o\"},\"url\":\"https:\/\/jornaltimoneiro.com.br\/index.php\/author\/timoneirocanoas\/\"}]}<\/script>\n<!-- \/ Yoast SEO plugin. -->","yoast_head_json":{"title":"Doa\u00e7\u00f5es aos atingidos pelas chuvas chegam de todos os lados - O Timoneiro Jornal Canoas RS","robots":{"index":"index","follow":"follow","max-snippet":"max-snippet:-1","max-image-preview":"max-image-preview:large","max-video-preview":"max-video-preview:-1"},"canonical":"https:\/\/jornaltimoneiro.com.br\/index.php\/2015\/07\/28\/doacoes-aos-atingidos-pelas-chuvas-chegam-de-todos-os-lados\/","og_locale":"pt_BR","og_type":"article","og_title":"Doa\u00e7\u00f5es aos atingidos pelas chuvas chegam de todos os lados - O Timoneiro Jornal Canoas RS","og_description":"Somente a Fecom\u00e9rcio arrecadou 17 toneladas de alimentos. Os clubes Gr\u00eamio e Internacional arrecadaram mais 10 mil em conjunto com o Governo do Estado. Foram ao menos 47 mil pessoas atingidas pelas cheias que perduraram por duas semanas. A cidade de Canoas, no entanto, aproveitou a oportunidade para fazer publicidade \"para gringo ver\".","og_url":"https:\/\/jornaltimoneiro.com.br\/index.php\/2015\/07\/28\/doacoes-aos-atingidos-pelas-chuvas-chegam-de-todos-os-lados\/","og_site_name":"O Timoneiro Jornal Canoas RS","article_publisher":"https:\/\/www.facebook.com\/jornaltimoneiro","article_published_time":"2015-07-28T15:07:21+00:00","author":"Reda\u00e7\u00e3o","twitter_card":"summary_large_image","twitter_creator":"@_OTimoneiro","twitter_site":"@_OTimoneiro","twitter_misc":{"Escrito por":"Reda\u00e7\u00e3o","Est. tempo de leitura":"5 minutos"},"schema":{"@context":"https:\/\/schema.org","@graph":[{"@type":"Article","@id":"https:\/\/jornaltimoneiro.com.br\/index.php\/2015\/07\/28\/doacoes-aos-atingidos-pelas-chuvas-chegam-de-todos-os-lados\/#article","isPartOf":{"@id":"https:\/\/jornaltimoneiro.com.br\/index.php\/2015\/07\/28\/doacoes-aos-atingidos-pelas-chuvas-chegam-de-todos-os-lados\/"},"author":{"name":"Reda\u00e7\u00e3o","@id":"https:\/\/jornaltimoneiro.com.br\/#\/schema\/person\/620efd1d8244466117482be494360b08"},"headline":"Doa\u00e7\u00f5es aos atingidos pelas chuvas chegam de todos os lados","datePublished":"2015-07-28T15:07:21+00:00","dateModified":"2015-07-28T15:07:21+00:00","mainEntityOfPage":{"@id":"https:\/\/jornaltimoneiro.com.br\/index.php\/2015\/07\/28\/doacoes-aos-atingidos-pelas-chuvas-chegam-de-todos-os-lados\/"},"wordCount":957,"commentCount":0,"publisher":{"@id":"https:\/\/jornaltimoneiro.com.br\/#organization"},"articleSection":["Comunidade","Destaques","Not\u00edcias"],"inLanguage":"pt-BR","potentialAction":[{"@type":"CommentAction","name":"Comment","target":["https:\/\/jornaltimoneiro.com.br\/index.php\/2015\/07\/28\/doacoes-aos-atingidos-pelas-chuvas-chegam-de-todos-os-lados\/#respond"]}]},{"@type":"WebPage","@id":"https:\/\/jornaltimoneiro.com.br\/index.php\/2015\/07\/28\/doacoes-aos-atingidos-pelas-chuvas-chegam-de-todos-os-lados\/","url":"https:\/\/jornaltimoneiro.com.br\/index.php\/2015\/07\/28\/doacoes-aos-atingidos-pelas-chuvas-chegam-de-todos-os-lados\/","name":"Doa\u00e7\u00f5es aos atingidos pelas chuvas chegam de todos os lados - O Timoneiro Jornal Canoas RS","isPartOf":{"@id":"https:\/\/jornaltimoneiro.com.br\/#website"},"datePublished":"2015-07-28T15:07:21+00:00","dateModified":"2015-07-28T15:07:21+00:00","breadcrumb":{"@id":"https:\/\/jornaltimoneiro.com.br\/index.php\/2015\/07\/28\/doacoes-aos-atingidos-pelas-chuvas-chegam-de-todos-os-lados\/#breadcrumb"},"inLanguage":"pt-BR","potentialAction":[{"@type":"ReadAction","target":["https:\/\/jornaltimoneiro.com.br\/index.php\/2015\/07\/28\/doacoes-aos-atingidos-pelas-chuvas-chegam-de-todos-os-lados\/"]}]},{"@type":"BreadcrumbList","@id":"https:\/\/jornaltimoneiro.com.br\/index.php\/2015\/07\/28\/doacoes-aos-atingidos-pelas-chuvas-chegam-de-todos-os-lados\/#breadcrumb","itemListElement":[{"@type":"ListItem","position":1,"name":"In\u00edcio","item":"https:\/\/jornaltimoneiro.com.br\/"},{"@type":"ListItem","position":2,"name":"Doa\u00e7\u00f5es aos atingidos pelas chuvas chegam de todos os lados"}]},{"@type":"WebSite","@id":"https:\/\/jornaltimoneiro.com.br\/#website","url":"https:\/\/jornaltimoneiro.com.br\/","name":"Jornal Timoneiro Canoas RS","description":"Jornal O Timoneiro, o verdadeiro jornal de Canoas","publisher":{"@id":"https:\/\/jornaltimoneiro.com.br\/#organization"},"potentialAction":[{"@type":"SearchAction","target":{"@type":"EntryPoint","urlTemplate":"https:\/\/jornaltimoneiro.com.br\/?s={search_term_string}"},"query-input":"required name=search_term_string"}],"inLanguage":"pt-BR"},{"@type":"Organization","@id":"https:\/\/jornaltimoneiro.com.br\/#organization","name":"Jornal Timoneiro Canoas RS","url":"https:\/\/jornaltimoneiro.com.br\/","logo":{"@type":"ImageObject","inLanguage":"pt-BR","@id":"https:\/\/jornaltimoneiro.com.br\/#\/schema\/logo\/image\/","url":"https:\/\/jornaltimoneiro.com.br\/wp-content\/uploads\/2023\/03\/logonovo.png","contentUrl":"https:\/\/jornaltimoneiro.com.br\/wp-content\/uploads\/2023\/03\/logonovo.png","width":"469","height":"171","caption":"Jornal Timoneiro Canoas RS"},"image":{"@id":"https:\/\/jornaltimoneiro.com.br\/#\/schema\/logo\/image\/"},"sameAs":["https:\/\/www.facebook.com\/jornaltimoneiro","https:\/\/twitter.com\/_OTimoneiro","https:\/\/www.instagram.com\/jornaltimoneirocanoas\/","https:\/\/www.youtube.com\/@jornalotimoneiro7927"]},{"@type":"Person","@id":"https:\/\/jornaltimoneiro.com.br\/#\/schema\/person\/620efd1d8244466117482be494360b08","name":"Reda\u00e7\u00e3o","image":{"@type":"ImageObject","inLanguage":"pt-BR","@id":"https:\/\/jornaltimoneiro.com.br\/#\/schema\/person\/image\/","url":"https:\/\/secure.gravatar.com\/avatar\/2f04e1b304682a8d9db336c7acd77f08?s=96&d=mm&r=g","contentUrl":"https:\/\/secure.gravatar.com\/avatar\/2f04e1b304682a8d9db336c7acd77f08?s=96&d=mm&r=g","caption":"Reda\u00e7\u00e3o"},"url":"https:\/\/jornaltimoneiro.com.br\/index.php\/author\/timoneirocanoas\/"}]}},"_links":{"self":[{"href":"https:\/\/jornaltimoneiro.com.br\/index.php\/wp-json\/wp\/v2\/posts\/746"}],"collection":[{"href":"https:\/\/jornaltimoneiro.com.br\/index.php\/wp-json\/wp\/v2\/posts"}],"about":[{"href":"https:\/\/jornaltimoneiro.com.br\/index.php\/wp-json\/wp\/v2\/types\/post"}],"author":[{"embeddable":true,"href":"https:\/\/jornaltimoneiro.com.br\/index.php\/wp-json\/wp\/v2\/users\/1"}],"replies":[{"embeddable":true,"href":"https:\/\/jornaltimoneiro.com.br\/index.php\/wp-json\/wp\/v2\/comments?post=746"}],"version-history":[{"count":0,"href":"https:\/\/jornaltimoneiro.com.br\/index.php\/wp-json\/wp\/v2\/posts\/746\/revisions"}],"wp:featuredmedia":[{"embeddable":true,"href":"https:\/\/jornaltimoneiro.com.br\/index.php\/wp-json\/"}],"wp:attachment":[{"href":"https:\/\/jornaltimoneiro.com.br\/index.php\/wp-json\/wp\/v2\/media?parent=746"}],"wp:term":[{"taxonomy":"category","embeddable":true,"href":"https:\/\/jornaltimoneiro.com.br\/index.php\/wp-json\/wp\/v2\/categories?post=746"},{"taxonomy":"post_tag","embeddable":true,"href":"https:\/\/jornaltimoneiro.com.br\/index.php\/wp-json\/wp\/v2\/tags?post=746"}],"curies":[{"name":"wp","href":"https:\/\/api.w.org\/{rel}","templated":true}]}}