{"id":7400,"date":"2017-05-10T11:40:54","date_gmt":"2017-05-10T14:40:54","guid":{"rendered":"http:\/\/otimoneiro.com.br\/?p=7400"},"modified":"2017-05-10T11:40:54","modified_gmt":"2017-05-10T14:40:54","slug":"regiao-do-capao-do-corvo-ganha-camera-de-monitoramento","status":"publish","type":"post","link":"https:\/\/jornaltimoneiro.com.br\/index.php\/2017\/05\/10\/regiao-do-capao-do-corvo-ganha-camera-de-monitoramento\/","title":{"rendered":"Regi\u00e3o do Cap\u00e3o do Corvo ganha c\u00e2mera de monitoramento"},"content":{"rendered":"<p><a href=\"http:\/\/otimoneiro.com.br\/wp-content\/uploads\/2017\/05\/c\u00e2mera.jpg\"><img decoding=\"async\" class=\"aligncenter size-large wp-image-7401\" src=\"http:\/\/otimoneiro.com.br\/wp-content\/uploads\/2017\/05\/c\u00e2mera-1024x682.jpg\" alt=\"c\u00e2mera\" width=\"1024\" height=\"682\" \/><\/a>Atrav\u00e9s de uma parceria p\u00fablico-privada, Canoas agora conta com mais uma c\u00e2mera de monitoramento em uma importante \u00e1rea de circula\u00e7\u00e3o do munic\u00edpio. Instalada na r\u00f3tula da Rua Farroupilha com a Av. Dr. Sezefredo Azambuja Vieira, pr\u00f3ximo ao parque Get\u00falio Vargas, a c\u00e2mera em defini\u00e7\u00e3o Full HD, com 360\u00b0 de rota\u00e7\u00e3o, foi doada pela empresa Multiplan, administradora do futuro ParkShoppingCanoas. O novo equipamento ir\u00e1 refor\u00e7ar a seguran\u00e7a de quem circula pela regi\u00e3o. Canoas possui um total de 187 c\u00e2meras distribu\u00eddas em pontos estrat\u00e9gicos da cidade.<\/p>\n<p>&#8220;Este \u00e9 mais um importante incremento no nosso Sistema de Monitoramento. \u00c9 de grande relev\u00e2ncia pela oferta de imagens em alta defini\u00e7\u00e3o em um local de bastante movimenta\u00e7\u00e3o na cidade e, com a inaugura\u00e7\u00e3o do shopping, se far\u00e1 ainda mais fundamental&#8221;, destaca o secret\u00e1rio de Seguran\u00e7a P\u00fablica e Cidadania, Ranolfo Vieira J\u00fanior.<\/p>\n<p>Nesta regi\u00e3o onde foi instalada, a nova c\u00e2mera auxiliar\u00e1 no combate a furtos de ve\u00edculos (quando o carro \u00e9 levado) e a furtos em ve\u00edculos (quando, por exemplo, o r\u00e1dio ou um acess\u00f3rio \u00e9 retirado), principalmente em dias de eventos de maior circula\u00e7\u00e3o de pessoas. Os gastos com a instala\u00e7\u00e3o do equipamento foram custeados integralmente pela administradora do novo shopping, cabendo a Prefeitura, a partir de agora, a administra\u00e7\u00e3o do monitoramento e as manuten\u00e7\u00f5es futuras.<\/p>\n<p>&nbsp;<\/p>\n<p>&nbsp;<\/p>\n<div><\/div>\n","protected":false},"excerpt":{"rendered":"<p>Atrav\u00e9s de uma parceria p\u00fablico-privada, Canoas agora conta com mais uma c\u00e2mera de monitoramento em uma importante \u00e1rea de circula\u00e7\u00e3o do munic\u00edpio. Instalada na r\u00f3tula da Rua Farroupilha com a Av. Dr. Sezefredo Azambuja Vieira, pr\u00f3ximo ao parque Get\u00falio Vargas, a c\u00e2mera em defini\u00e7\u00e3o Full HD, com 360\u00b0 de rota\u00e7\u00e3o, foi doada pela empresa Multiplan, [&hellip;]<\/p>\n","protected":false},"author":1,"featured_media":7401,"comment_status":"open","ping_status":"open","sticky":false,"template":"","format":"standard","meta":{"amp_status":"","footnotes":""},"categories":[19,23,22],"tags":[],"class_list":["post-7400","post","type-post","status-publish","format-standard","has-post-thumbnail","hentry","category-destaques","category-geral","category-noticias"],"yoast_head":"<!-- This site is optimized with the Yoast SEO plugin v20.5 - https:\/\/yoast.com\/wordpress\/plugins\/seo\/ -->\n<title>Regi\u00e3o do Cap\u00e3o do Corvo ganha c\u00e2mera de monitoramento - O Timoneiro Jornal Canoas RS<\/title>\n<meta name=\"robots\" content=\"index, follow, max-snippet:-1, max-image-preview:large, max-video-preview:-1\" \/>\n<link rel=\"canonical\" href=\"https:\/\/jornaltimoneiro.com.br\/index.php\/2017\/05\/10\/regiao-do-capao-do-corvo-ganha-camera-de-monitoramento\/\" \/>\n<meta property=\"og:locale\" content=\"pt_BR\" \/>\n<meta property=\"og:type\" content=\"article\" \/>\n<meta property=\"og:title\" content=\"Regi\u00e3o do Cap\u00e3o do Corvo ganha c\u00e2mera de monitoramento - O Timoneiro Jornal Canoas RS\" \/>\n<meta property=\"og:description\" content=\"Atrav\u00e9s de uma parceria p\u00fablico-privada, Canoas agora conta com mais uma c\u00e2mera de monitoramento em uma importante \u00e1rea de circula\u00e7\u00e3o do munic\u00edpio. Instalada na r\u00f3tula da Rua Farroupilha com a Av. Dr. Sezefredo Azambuja Vieira, pr\u00f3ximo ao parque Get\u00falio Vargas, a c\u00e2mera em defini\u00e7\u00e3o Full HD, com 360\u00b0 de rota\u00e7\u00e3o, foi doada pela empresa Multiplan, [&hellip;]\" \/>\n<meta property=\"og:url\" content=\"https:\/\/jornaltimoneiro.com.br\/index.php\/2017\/05\/10\/regiao-do-capao-do-corvo-ganha-camera-de-monitoramento\/\" \/>\n<meta property=\"og:site_name\" content=\"O Timoneiro Jornal Canoas RS\" \/>\n<meta property=\"article:publisher\" content=\"https:\/\/www.facebook.com\/jornaltimoneiro\" \/>\n<meta property=\"article:published_time\" content=\"2017-05-10T14:40:54+00:00\" \/>\n<meta name=\"author\" content=\"Reda\u00e7\u00e3o\" \/>\n<meta name=\"twitter:card\" content=\"summary_large_image\" \/>\n<meta name=\"twitter:creator\" content=\"@_OTimoneiro\" \/>\n<meta name=\"twitter:site\" content=\"@_OTimoneiro\" \/>\n<meta name=\"twitter:label1\" content=\"Escrito por\" \/>\n\t<meta name=\"twitter:data1\" content=\"Reda\u00e7\u00e3o\" \/>\n\t<meta name=\"twitter:label2\" content=\"Est. tempo de leitura\" \/>\n\t<meta name=\"twitter:data2\" content=\"1 minuto\" \/>\n<script type=\"application\/ld+json\" class=\"yoast-schema-graph\">{\"@context\":\"https:\/\/schema.org\",\"@graph\":[{\"@type\":\"Article\",\"@id\":\"https:\/\/jornaltimoneiro.com.br\/index.php\/2017\/05\/10\/regiao-do-capao-do-corvo-ganha-camera-de-monitoramento\/#article\",\"isPartOf\":{\"@id\":\"https:\/\/jornaltimoneiro.com.br\/index.php\/2017\/05\/10\/regiao-do-capao-do-corvo-ganha-camera-de-monitoramento\/\"},\"author\":{\"name\":\"Reda\u00e7\u00e3o\",\"@id\":\"https:\/\/jornaltimoneiro.com.br\/#\/schema\/person\/620efd1d8244466117482be494360b08\"},\"headline\":\"Regi\u00e3o do Cap\u00e3o do Corvo ganha c\u00e2mera de monitoramento\",\"datePublished\":\"2017-05-10T14:40:54+00:00\",\"dateModified\":\"2017-05-10T14:40:54+00:00\",\"mainEntityOfPage\":{\"@id\":\"https:\/\/jornaltimoneiro.com.br\/index.php\/2017\/05\/10\/regiao-do-capao-do-corvo-ganha-camera-de-monitoramento\/\"},\"wordCount\":254,\"commentCount\":0,\"publisher\":{\"@id\":\"https:\/\/jornaltimoneiro.com.br\/#organization\"},\"articleSection\":[\"Destaques\",\"Geral\",\"Not\u00edcias\"],\"inLanguage\":\"pt-BR\",\"potentialAction\":[{\"@type\":\"CommentAction\",\"name\":\"Comment\",\"target\":[\"https:\/\/jornaltimoneiro.com.br\/index.php\/2017\/05\/10\/regiao-do-capao-do-corvo-ganha-camera-de-monitoramento\/#respond\"]}]},{\"@type\":\"WebPage\",\"@id\":\"https:\/\/jornaltimoneiro.com.br\/index.php\/2017\/05\/10\/regiao-do-capao-do-corvo-ganha-camera-de-monitoramento\/\",\"url\":\"https:\/\/jornaltimoneiro.com.br\/index.php\/2017\/05\/10\/regiao-do-capao-do-corvo-ganha-camera-de-monitoramento\/\",\"name\":\"Regi\u00e3o do Cap\u00e3o do Corvo ganha c\u00e2mera de monitoramento - O Timoneiro Jornal Canoas RS\",\"isPartOf\":{\"@id\":\"https:\/\/jornaltimoneiro.com.br\/#website\"},\"datePublished\":\"2017-05-10T14:40:54+00:00\",\"dateModified\":\"2017-05-10T14:40:54+00:00\",\"breadcrumb\":{\"@id\":\"https:\/\/jornaltimoneiro.com.br\/index.php\/2017\/05\/10\/regiao-do-capao-do-corvo-ganha-camera-de-monitoramento\/#breadcrumb\"},\"inLanguage\":\"pt-BR\",\"potentialAction\":[{\"@type\":\"ReadAction\",\"target\":[\"https:\/\/jornaltimoneiro.com.br\/index.php\/2017\/05\/10\/regiao-do-capao-do-corvo-ganha-camera-de-monitoramento\/\"]}]},{\"@type\":\"BreadcrumbList\",\"@id\":\"https:\/\/jornaltimoneiro.com.br\/index.php\/2017\/05\/10\/regiao-do-capao-do-corvo-ganha-camera-de-monitoramento\/#breadcrumb\",\"itemListElement\":[{\"@type\":\"ListItem\",\"position\":1,\"name\":\"In\u00edcio\",\"item\":\"https:\/\/jornaltimoneiro.com.br\/\"},{\"@type\":\"ListItem\",\"position\":2,\"name\":\"Regi\u00e3o do Cap\u00e3o do Corvo ganha c\u00e2mera de monitoramento\"}]},{\"@type\":\"WebSite\",\"@id\":\"https:\/\/jornaltimoneiro.com.br\/#website\",\"url\":\"https:\/\/jornaltimoneiro.com.br\/\",\"name\":\"Jornal Timoneiro Canoas RS\",\"description\":\"Jornal O Timoneiro, o verdadeiro jornal de Canoas\",\"publisher\":{\"@id\":\"https:\/\/jornaltimoneiro.com.br\/#organization\"},\"potentialAction\":[{\"@type\":\"SearchAction\",\"target\":{\"@type\":\"EntryPoint\",\"urlTemplate\":\"https:\/\/jornaltimoneiro.com.br\/?s={search_term_string}\"},\"query-input\":\"required name=search_term_string\"}],\"inLanguage\":\"pt-BR\"},{\"@type\":\"Organization\",\"@id\":\"https:\/\/jornaltimoneiro.com.br\/#organization\",\"name\":\"Jornal Timoneiro Canoas RS\",\"url\":\"https:\/\/jornaltimoneiro.com.br\/\",\"logo\":{\"@type\":\"ImageObject\",\"inLanguage\":\"pt-BR\",\"@id\":\"https:\/\/jornaltimoneiro.com.br\/#\/schema\/logo\/image\/\",\"url\":\"https:\/\/jornaltimoneiro.com.br\/wp-content\/uploads\/2023\/03\/logonovo.png\",\"contentUrl\":\"https:\/\/jornaltimoneiro.com.br\/wp-content\/uploads\/2023\/03\/logonovo.png\",\"width\":\"469\",\"height\":\"171\",\"caption\":\"Jornal Timoneiro Canoas RS\"},\"image\":{\"@id\":\"https:\/\/jornaltimoneiro.com.br\/#\/schema\/logo\/image\/\"},\"sameAs\":[\"https:\/\/www.facebook.com\/jornaltimoneiro\",\"https:\/\/twitter.com\/_OTimoneiro\",\"https:\/\/www.instagram.com\/jornaltimoneirocanoas\/\",\"https:\/\/www.youtube.com\/@jornalotimoneiro7927\"]},{\"@type\":\"Person\",\"@id\":\"https:\/\/jornaltimoneiro.com.br\/#\/schema\/person\/620efd1d8244466117482be494360b08\",\"name\":\"Reda\u00e7\u00e3o\",\"image\":{\"@type\":\"ImageObject\",\"inLanguage\":\"pt-BR\",\"@id\":\"https:\/\/jornaltimoneiro.com.br\/#\/schema\/person\/image\/\",\"url\":\"https:\/\/secure.gravatar.com\/avatar\/2f04e1b304682a8d9db336c7acd77f08?s=96&d=mm&r=g\",\"contentUrl\":\"https:\/\/secure.gravatar.com\/avatar\/2f04e1b304682a8d9db336c7acd77f08?s=96&d=mm&r=g\",\"caption\":\"Reda\u00e7\u00e3o\"},\"url\":\"https:\/\/jornaltimoneiro.com.br\/index.php\/author\/timoneirocanoas\/\"}]}<\/script>\n<!-- \/ Yoast SEO plugin. -->","yoast_head_json":{"title":"Regi\u00e3o do Cap\u00e3o do Corvo ganha c\u00e2mera de monitoramento - O Timoneiro Jornal Canoas RS","robots":{"index":"index","follow":"follow","max-snippet":"max-snippet:-1","max-image-preview":"max-image-preview:large","max-video-preview":"max-video-preview:-1"},"canonical":"https:\/\/jornaltimoneiro.com.br\/index.php\/2017\/05\/10\/regiao-do-capao-do-corvo-ganha-camera-de-monitoramento\/","og_locale":"pt_BR","og_type":"article","og_title":"Regi\u00e3o do Cap\u00e3o do Corvo ganha c\u00e2mera de monitoramento - O Timoneiro Jornal Canoas RS","og_description":"Atrav\u00e9s de uma parceria p\u00fablico-privada, Canoas agora conta com mais uma c\u00e2mera de monitoramento em uma importante \u00e1rea de circula\u00e7\u00e3o do munic\u00edpio. Instalada na r\u00f3tula da Rua Farroupilha com a Av. Dr. Sezefredo Azambuja Vieira, pr\u00f3ximo ao parque Get\u00falio Vargas, a c\u00e2mera em defini\u00e7\u00e3o Full HD, com 360\u00b0 de rota\u00e7\u00e3o, foi doada pela empresa Multiplan, [&hellip;]","og_url":"https:\/\/jornaltimoneiro.com.br\/index.php\/2017\/05\/10\/regiao-do-capao-do-corvo-ganha-camera-de-monitoramento\/","og_site_name":"O Timoneiro Jornal Canoas RS","article_publisher":"https:\/\/www.facebook.com\/jornaltimoneiro","article_published_time":"2017-05-10T14:40:54+00:00","author":"Reda\u00e7\u00e3o","twitter_card":"summary_large_image","twitter_creator":"@_OTimoneiro","twitter_site":"@_OTimoneiro","twitter_misc":{"Escrito por":"Reda\u00e7\u00e3o","Est. tempo de leitura":"1 minuto"},"schema":{"@context":"https:\/\/schema.org","@graph":[{"@type":"Article","@id":"https:\/\/jornaltimoneiro.com.br\/index.php\/2017\/05\/10\/regiao-do-capao-do-corvo-ganha-camera-de-monitoramento\/#article","isPartOf":{"@id":"https:\/\/jornaltimoneiro.com.br\/index.php\/2017\/05\/10\/regiao-do-capao-do-corvo-ganha-camera-de-monitoramento\/"},"author":{"name":"Reda\u00e7\u00e3o","@id":"https:\/\/jornaltimoneiro.com.br\/#\/schema\/person\/620efd1d8244466117482be494360b08"},"headline":"Regi\u00e3o do Cap\u00e3o do Corvo ganha c\u00e2mera de monitoramento","datePublished":"2017-05-10T14:40:54+00:00","dateModified":"2017-05-10T14:40:54+00:00","mainEntityOfPage":{"@id":"https:\/\/jornaltimoneiro.com.br\/index.php\/2017\/05\/10\/regiao-do-capao-do-corvo-ganha-camera-de-monitoramento\/"},"wordCount":254,"commentCount":0,"publisher":{"@id":"https:\/\/jornaltimoneiro.com.br\/#organization"},"articleSection":["Destaques","Geral","Not\u00edcias"],"inLanguage":"pt-BR","potentialAction":[{"@type":"CommentAction","name":"Comment","target":["https:\/\/jornaltimoneiro.com.br\/index.php\/2017\/05\/10\/regiao-do-capao-do-corvo-ganha-camera-de-monitoramento\/#respond"]}]},{"@type":"WebPage","@id":"https:\/\/jornaltimoneiro.com.br\/index.php\/2017\/05\/10\/regiao-do-capao-do-corvo-ganha-camera-de-monitoramento\/","url":"https:\/\/jornaltimoneiro.com.br\/index.php\/2017\/05\/10\/regiao-do-capao-do-corvo-ganha-camera-de-monitoramento\/","name":"Regi\u00e3o do Cap\u00e3o do Corvo ganha c\u00e2mera de monitoramento - O Timoneiro Jornal Canoas RS","isPartOf":{"@id":"https:\/\/jornaltimoneiro.com.br\/#website"},"datePublished":"2017-05-10T14:40:54+00:00","dateModified":"2017-05-10T14:40:54+00:00","breadcrumb":{"@id":"https:\/\/jornaltimoneiro.com.br\/index.php\/2017\/05\/10\/regiao-do-capao-do-corvo-ganha-camera-de-monitoramento\/#breadcrumb"},"inLanguage":"pt-BR","potentialAction":[{"@type":"ReadAction","target":["https:\/\/jornaltimoneiro.com.br\/index.php\/2017\/05\/10\/regiao-do-capao-do-corvo-ganha-camera-de-monitoramento\/"]}]},{"@type":"BreadcrumbList","@id":"https:\/\/jornaltimoneiro.com.br\/index.php\/2017\/05\/10\/regiao-do-capao-do-corvo-ganha-camera-de-monitoramento\/#breadcrumb","itemListElement":[{"@type":"ListItem","position":1,"name":"In\u00edcio","item":"https:\/\/jornaltimoneiro.com.br\/"},{"@type":"ListItem","position":2,"name":"Regi\u00e3o do Cap\u00e3o do Corvo ganha c\u00e2mera de monitoramento"}]},{"@type":"WebSite","@id":"https:\/\/jornaltimoneiro.com.br\/#website","url":"https:\/\/jornaltimoneiro.com.br\/","name":"Jornal Timoneiro Canoas RS","description":"Jornal O Timoneiro, o verdadeiro jornal de Canoas","publisher":{"@id":"https:\/\/jornaltimoneiro.com.br\/#organization"},"potentialAction":[{"@type":"SearchAction","target":{"@type":"EntryPoint","urlTemplate":"https:\/\/jornaltimoneiro.com.br\/?s={search_term_string}"},"query-input":"required name=search_term_string"}],"inLanguage":"pt-BR"},{"@type":"Organization","@id":"https:\/\/jornaltimoneiro.com.br\/#organization","name":"Jornal Timoneiro Canoas RS","url":"https:\/\/jornaltimoneiro.com.br\/","logo":{"@type":"ImageObject","inLanguage":"pt-BR","@id":"https:\/\/jornaltimoneiro.com.br\/#\/schema\/logo\/image\/","url":"https:\/\/jornaltimoneiro.com.br\/wp-content\/uploads\/2023\/03\/logonovo.png","contentUrl":"https:\/\/jornaltimoneiro.com.br\/wp-content\/uploads\/2023\/03\/logonovo.png","width":"469","height":"171","caption":"Jornal Timoneiro Canoas RS"},"image":{"@id":"https:\/\/jornaltimoneiro.com.br\/#\/schema\/logo\/image\/"},"sameAs":["https:\/\/www.facebook.com\/jornaltimoneiro","https:\/\/twitter.com\/_OTimoneiro","https:\/\/www.instagram.com\/jornaltimoneirocanoas\/","https:\/\/www.youtube.com\/@jornalotimoneiro7927"]},{"@type":"Person","@id":"https:\/\/jornaltimoneiro.com.br\/#\/schema\/person\/620efd1d8244466117482be494360b08","name":"Reda\u00e7\u00e3o","image":{"@type":"ImageObject","inLanguage":"pt-BR","@id":"https:\/\/jornaltimoneiro.com.br\/#\/schema\/person\/image\/","url":"https:\/\/secure.gravatar.com\/avatar\/2f04e1b304682a8d9db336c7acd77f08?s=96&d=mm&r=g","contentUrl":"https:\/\/secure.gravatar.com\/avatar\/2f04e1b304682a8d9db336c7acd77f08?s=96&d=mm&r=g","caption":"Reda\u00e7\u00e3o"},"url":"https:\/\/jornaltimoneiro.com.br\/index.php\/author\/timoneirocanoas\/"}]}},"_links":{"self":[{"href":"https:\/\/jornaltimoneiro.com.br\/index.php\/wp-json\/wp\/v2\/posts\/7400"}],"collection":[{"href":"https:\/\/jornaltimoneiro.com.br\/index.php\/wp-json\/wp\/v2\/posts"}],"about":[{"href":"https:\/\/jornaltimoneiro.com.br\/index.php\/wp-json\/wp\/v2\/types\/post"}],"author":[{"embeddable":true,"href":"https:\/\/jornaltimoneiro.com.br\/index.php\/wp-json\/wp\/v2\/users\/1"}],"replies":[{"embeddable":true,"href":"https:\/\/jornaltimoneiro.com.br\/index.php\/wp-json\/wp\/v2\/comments?post=7400"}],"version-history":[{"count":0,"href":"https:\/\/jornaltimoneiro.com.br\/index.php\/wp-json\/wp\/v2\/posts\/7400\/revisions"}],"wp:featuredmedia":[{"embeddable":true,"href":"https:\/\/jornaltimoneiro.com.br\/index.php\/wp-json\/"}],"wp:attachment":[{"href":"https:\/\/jornaltimoneiro.com.br\/index.php\/wp-json\/wp\/v2\/media?parent=7400"}],"wp:term":[{"taxonomy":"category","embeddable":true,"href":"https:\/\/jornaltimoneiro.com.br\/index.php\/wp-json\/wp\/v2\/categories?post=7400"},{"taxonomy":"post_tag","embeddable":true,"href":"https:\/\/jornaltimoneiro.com.br\/index.php\/wp-json\/wp\/v2\/tags?post=7400"}],"curies":[{"name":"wp","href":"https:\/\/api.w.org\/{rel}","templated":true}]}}