{"id":739,"date":"2015-07-28T11:11:35","date_gmt":"2015-07-28T14:11:35","guid":{"rendered":"http:\/\/otimoneiro.com.br\/?p=739"},"modified":"2015-07-28T11:11:35","modified_gmt":"2015-07-28T14:11:35","slug":"artigo-compartilhe-com-cuidado","status":"publish","type":"post","link":"https:\/\/jornaltimoneiro.com.br\/index.php\/2015\/07\/28\/artigo-compartilhe-com-cuidado\/","title":{"rendered":"Artigo: Compartilhe com cuidado!"},"content":{"rendered":"<p style=\"text-align: justify;\">Estamos presenciando um crescimento gigantesco no n\u00famero de informa\u00e7\u00f5es que circulam, sobretudo na internet e redes sociais, isso \u00e9 sinal de democratiza\u00e7\u00e3o da informa\u00e7\u00e3o, por\u00e9m nos deixa em alerta para o grande risco de uma \u201cdesinforma\u00e7\u00e3o\u201d da sociedade.<\/p>\n<p style=\"text-align: justify;\">O elevado n\u00famero de informa\u00e7\u00f5es e sua velocidade impossibilitam uma an\u00e1lise, mais profunda e cautelosa do que lemos nas redes sociais, assim como nos impossibilita de checarmos as informa\u00e7\u00f5es se s\u00e3o mentiras, verdades ou meias verdades.<\/p>\n<p style=\"text-align: justify;\">O perigo da desinforma\u00e7\u00e3o se d\u00e1 por motivos combinados; crescente amplia\u00e7\u00e3o de canais de informa\u00e7\u00f5es, tais como as redes sociais, onde todos s\u00e3o receptores, transmissores e produtores de informa\u00e7\u00f5es sem pr\u00e9-requisito e a falta de interesse e incapacidade de muitos leitores em chegar as informa\u00e7\u00f5es recebidas antes assimil\u00e1-las ou de passar a diante.<\/p>\n<p style=\"text-align: justify;\">\u00a0O resultado dessa combina\u00e7\u00e3o tem como resultado, not\u00edcias e coment\u00e1rios mal explicados e inverdades que s\u00e3o rapidamente compartilhados, informando enganosamente \u00e0 popula\u00e7\u00e3o; formando indiv\u00edduos equivocados quanto a vida pol\u00edtica, econ\u00f4mica social e cultura do pa\u00eds e do mundo.<\/p>\n<p style=\"text-align: justify;\">Se em anos atr\u00e1s ansi\u00e1vamos por mais informa\u00e7\u00e3o para a forma\u00e7\u00e3o de cidad\u00e3o cr\u00edtico e articulado, hoje o risco de pautas equivocadas,tornaram-se mais prop\u00edcia.Evidente\u00a0 que o leitor pode\u00a0 encontrar\u00a0 muitas informa\u00e7\u00f5es \u00fateis e importantes nessas fontes \u00e9 um\u00a0 espa\u00e7o significante e essencial, mas tamb\u00e9m perigoso, sobretudo \u00a0\u00e0queles que n\u00e3o tem uma an\u00e1lise cr\u00edtica do que est\u00e3o lendo e compartilhando.<\/p>\n<p style=\"text-align: justify;\">Devemos ler com muita aten\u00e7\u00e3o cada informa\u00e7\u00e3o e examinar os argumentos e as ideias apresentadas, antes de compartilhamos, para evitarmos que boatos, bullying e not\u00edcias falsas espalhem-se pela internet, redes sociais ou afins.<\/p>\n<hr \/>\n<p style=\"text-align: justify;\">*Sabrina Borges Portela \u00e9 bi\u00f3loga e professora da rede municipal de ensino de Canoas.<\/p>\n<p style=\"text-align: justify;\">*Todos podem enviar artigos para o endere\u00e7o otimoneiro@otimoneiro.com.br. Desde 1966, O Timoneiro surgiu para dar voz aos bairros e assim continuar\u00e1. Solicitamos, no entanto, que o mesmo venha acompanhado de foto para ilustra\u00e7\u00e3o e informa\u00e7\u00f5es de identifica\u00e7\u00e3o como nome, idade, contato, profiss\u00e3o e forma\u00e7\u00e3o acad\u00eamica em destaque.<\/p>\n<p style=\"text-align: justify;\">*Os artigos assinados e publicados em O Timoneiro n\u00e3o correspondem, necessariamente, com a opini\u00e3o do ve\u00edculo. Nossa postura est\u00e1 dispon\u00edvel no espa\u00e7o destinado ao editorial publicado toda sexta-feira em nossa vers\u00e3o impressa.<\/p>\n","protected":false},"excerpt":{"rendered":"<p>Estamos presenciando um crescimento gigantesco no n\u00famero de informa\u00e7\u00f5es que circulam, sobretudo na internet e redes sociais, isso \u00e9 sinal de democratiza\u00e7\u00e3o da informa\u00e7\u00e3o, por\u00e9m nos deixa em alerta para o grande risco de uma \u201cdesinforma\u00e7\u00e3o\u201d da sociedade. O elevado n\u00famero de informa\u00e7\u00f5es e sua velocidade impossibilitam uma an\u00e1lise, mais profunda e cautelosa do que [&hellip;]<\/p>\n","protected":false},"author":1,"featured_media":0,"comment_status":"open","ping_status":"open","sticky":false,"template":"","format":"standard","meta":{"amp_status":"","footnotes":""},"categories":[19],"tags":[],"class_list":["post-739","post","type-post","status-publish","format-standard","hentry","category-destaques"],"yoast_head":"<!-- This site is optimized with the Yoast SEO plugin v20.5 - https:\/\/yoast.com\/wordpress\/plugins\/seo\/ -->\n<title>Artigo: Compartilhe com cuidado! - O Timoneiro Jornal Canoas RS<\/title>\n<meta name=\"robots\" content=\"index, follow, max-snippet:-1, max-image-preview:large, max-video-preview:-1\" \/>\n<link rel=\"canonical\" href=\"https:\/\/jornaltimoneiro.com.br\/index.php\/2015\/07\/28\/artigo-compartilhe-com-cuidado\/\" \/>\n<meta property=\"og:locale\" content=\"pt_BR\" \/>\n<meta property=\"og:type\" content=\"article\" \/>\n<meta property=\"og:title\" content=\"Artigo: Compartilhe com cuidado! - O Timoneiro Jornal Canoas RS\" \/>\n<meta property=\"og:description\" content=\"Estamos presenciando um crescimento gigantesco no n\u00famero de informa\u00e7\u00f5es que circulam, sobretudo na internet e redes sociais, isso \u00e9 sinal de democratiza\u00e7\u00e3o da informa\u00e7\u00e3o, por\u00e9m nos deixa em alerta para o grande risco de uma \u201cdesinforma\u00e7\u00e3o\u201d da sociedade. O elevado n\u00famero de informa\u00e7\u00f5es e sua velocidade impossibilitam uma an\u00e1lise, mais profunda e cautelosa do que [&hellip;]\" \/>\n<meta property=\"og:url\" content=\"https:\/\/jornaltimoneiro.com.br\/index.php\/2015\/07\/28\/artigo-compartilhe-com-cuidado\/\" \/>\n<meta property=\"og:site_name\" content=\"O Timoneiro Jornal Canoas RS\" \/>\n<meta property=\"article:publisher\" content=\"https:\/\/www.facebook.com\/jornaltimoneiro\" \/>\n<meta property=\"article:published_time\" content=\"2015-07-28T14:11:35+00:00\" \/>\n<meta name=\"author\" content=\"Reda\u00e7\u00e3o\" \/>\n<meta name=\"twitter:card\" content=\"summary_large_image\" \/>\n<meta name=\"twitter:creator\" content=\"@_OTimoneiro\" \/>\n<meta name=\"twitter:site\" content=\"@_OTimoneiro\" \/>\n<meta name=\"twitter:label1\" content=\"Escrito por\" \/>\n\t<meta name=\"twitter:data1\" content=\"Reda\u00e7\u00e3o\" \/>\n\t<meta name=\"twitter:label2\" content=\"Est. tempo de leitura\" \/>\n\t<meta name=\"twitter:data2\" content=\"2 minutos\" \/>\n<script type=\"application\/ld+json\" class=\"yoast-schema-graph\">{\"@context\":\"https:\/\/schema.org\",\"@graph\":[{\"@type\":\"Article\",\"@id\":\"https:\/\/jornaltimoneiro.com.br\/index.php\/2015\/07\/28\/artigo-compartilhe-com-cuidado\/#article\",\"isPartOf\":{\"@id\":\"https:\/\/jornaltimoneiro.com.br\/index.php\/2015\/07\/28\/artigo-compartilhe-com-cuidado\/\"},\"author\":{\"name\":\"Reda\u00e7\u00e3o\",\"@id\":\"https:\/\/jornaltimoneiro.com.br\/#\/schema\/person\/620efd1d8244466117482be494360b08\"},\"headline\":\"Artigo: Compartilhe com cuidado!\",\"datePublished\":\"2015-07-28T14:11:35+00:00\",\"dateModified\":\"2015-07-28T14:11:35+00:00\",\"mainEntityOfPage\":{\"@id\":\"https:\/\/jornaltimoneiro.com.br\/index.php\/2015\/07\/28\/artigo-compartilhe-com-cuidado\/\"},\"wordCount\":413,\"commentCount\":0,\"publisher\":{\"@id\":\"https:\/\/jornaltimoneiro.com.br\/#organization\"},\"articleSection\":[\"Destaques\"],\"inLanguage\":\"pt-BR\",\"potentialAction\":[{\"@type\":\"CommentAction\",\"name\":\"Comment\",\"target\":[\"https:\/\/jornaltimoneiro.com.br\/index.php\/2015\/07\/28\/artigo-compartilhe-com-cuidado\/#respond\"]}]},{\"@type\":\"WebPage\",\"@id\":\"https:\/\/jornaltimoneiro.com.br\/index.php\/2015\/07\/28\/artigo-compartilhe-com-cuidado\/\",\"url\":\"https:\/\/jornaltimoneiro.com.br\/index.php\/2015\/07\/28\/artigo-compartilhe-com-cuidado\/\",\"name\":\"Artigo: Compartilhe com cuidado! - O Timoneiro Jornal Canoas RS\",\"isPartOf\":{\"@id\":\"https:\/\/jornaltimoneiro.com.br\/#website\"},\"datePublished\":\"2015-07-28T14:11:35+00:00\",\"dateModified\":\"2015-07-28T14:11:35+00:00\",\"breadcrumb\":{\"@id\":\"https:\/\/jornaltimoneiro.com.br\/index.php\/2015\/07\/28\/artigo-compartilhe-com-cuidado\/#breadcrumb\"},\"inLanguage\":\"pt-BR\",\"potentialAction\":[{\"@type\":\"ReadAction\",\"target\":[\"https:\/\/jornaltimoneiro.com.br\/index.php\/2015\/07\/28\/artigo-compartilhe-com-cuidado\/\"]}]},{\"@type\":\"BreadcrumbList\",\"@id\":\"https:\/\/jornaltimoneiro.com.br\/index.php\/2015\/07\/28\/artigo-compartilhe-com-cuidado\/#breadcrumb\",\"itemListElement\":[{\"@type\":\"ListItem\",\"position\":1,\"name\":\"In\u00edcio\",\"item\":\"https:\/\/jornaltimoneiro.com.br\/\"},{\"@type\":\"ListItem\",\"position\":2,\"name\":\"Artigo: Compartilhe com cuidado!\"}]},{\"@type\":\"WebSite\",\"@id\":\"https:\/\/jornaltimoneiro.com.br\/#website\",\"url\":\"https:\/\/jornaltimoneiro.com.br\/\",\"name\":\"Jornal Timoneiro Canoas RS\",\"description\":\"Jornal O Timoneiro, o verdadeiro jornal de Canoas\",\"publisher\":{\"@id\":\"https:\/\/jornaltimoneiro.com.br\/#organization\"},\"potentialAction\":[{\"@type\":\"SearchAction\",\"target\":{\"@type\":\"EntryPoint\",\"urlTemplate\":\"https:\/\/jornaltimoneiro.com.br\/?s={search_term_string}\"},\"query-input\":\"required name=search_term_string\"}],\"inLanguage\":\"pt-BR\"},{\"@type\":\"Organization\",\"@id\":\"https:\/\/jornaltimoneiro.com.br\/#organization\",\"name\":\"Jornal Timoneiro Canoas RS\",\"url\":\"https:\/\/jornaltimoneiro.com.br\/\",\"logo\":{\"@type\":\"ImageObject\",\"inLanguage\":\"pt-BR\",\"@id\":\"https:\/\/jornaltimoneiro.com.br\/#\/schema\/logo\/image\/\",\"url\":\"https:\/\/jornaltimoneiro.com.br\/wp-content\/uploads\/2023\/03\/logonovo.png\",\"contentUrl\":\"https:\/\/jornaltimoneiro.com.br\/wp-content\/uploads\/2023\/03\/logonovo.png\",\"width\":\"469\",\"height\":\"171\",\"caption\":\"Jornal Timoneiro Canoas RS\"},\"image\":{\"@id\":\"https:\/\/jornaltimoneiro.com.br\/#\/schema\/logo\/image\/\"},\"sameAs\":[\"https:\/\/www.facebook.com\/jornaltimoneiro\",\"https:\/\/twitter.com\/_OTimoneiro\",\"https:\/\/www.instagram.com\/jornaltimoneirocanoas\/\",\"https:\/\/www.youtube.com\/@jornalotimoneiro7927\"]},{\"@type\":\"Person\",\"@id\":\"https:\/\/jornaltimoneiro.com.br\/#\/schema\/person\/620efd1d8244466117482be494360b08\",\"name\":\"Reda\u00e7\u00e3o\",\"image\":{\"@type\":\"ImageObject\",\"inLanguage\":\"pt-BR\",\"@id\":\"https:\/\/jornaltimoneiro.com.br\/#\/schema\/person\/image\/\",\"url\":\"https:\/\/secure.gravatar.com\/avatar\/2f04e1b304682a8d9db336c7acd77f08?s=96&d=mm&r=g\",\"contentUrl\":\"https:\/\/secure.gravatar.com\/avatar\/2f04e1b304682a8d9db336c7acd77f08?s=96&d=mm&r=g\",\"caption\":\"Reda\u00e7\u00e3o\"},\"url\":\"https:\/\/jornaltimoneiro.com.br\/index.php\/author\/timoneirocanoas\/\"}]}<\/script>\n<!-- \/ Yoast SEO plugin. -->","yoast_head_json":{"title":"Artigo: Compartilhe com cuidado! - O Timoneiro Jornal Canoas RS","robots":{"index":"index","follow":"follow","max-snippet":"max-snippet:-1","max-image-preview":"max-image-preview:large","max-video-preview":"max-video-preview:-1"},"canonical":"https:\/\/jornaltimoneiro.com.br\/index.php\/2015\/07\/28\/artigo-compartilhe-com-cuidado\/","og_locale":"pt_BR","og_type":"article","og_title":"Artigo: Compartilhe com cuidado! - O Timoneiro Jornal Canoas RS","og_description":"Estamos presenciando um crescimento gigantesco no n\u00famero de informa\u00e7\u00f5es que circulam, sobretudo na internet e redes sociais, isso \u00e9 sinal de democratiza\u00e7\u00e3o da informa\u00e7\u00e3o, por\u00e9m nos deixa em alerta para o grande risco de uma \u201cdesinforma\u00e7\u00e3o\u201d da sociedade. O elevado n\u00famero de informa\u00e7\u00f5es e sua velocidade impossibilitam uma an\u00e1lise, mais profunda e cautelosa do que [&hellip;]","og_url":"https:\/\/jornaltimoneiro.com.br\/index.php\/2015\/07\/28\/artigo-compartilhe-com-cuidado\/","og_site_name":"O Timoneiro Jornal Canoas RS","article_publisher":"https:\/\/www.facebook.com\/jornaltimoneiro","article_published_time":"2015-07-28T14:11:35+00:00","author":"Reda\u00e7\u00e3o","twitter_card":"summary_large_image","twitter_creator":"@_OTimoneiro","twitter_site":"@_OTimoneiro","twitter_misc":{"Escrito por":"Reda\u00e7\u00e3o","Est. tempo de leitura":"2 minutos"},"schema":{"@context":"https:\/\/schema.org","@graph":[{"@type":"Article","@id":"https:\/\/jornaltimoneiro.com.br\/index.php\/2015\/07\/28\/artigo-compartilhe-com-cuidado\/#article","isPartOf":{"@id":"https:\/\/jornaltimoneiro.com.br\/index.php\/2015\/07\/28\/artigo-compartilhe-com-cuidado\/"},"author":{"name":"Reda\u00e7\u00e3o","@id":"https:\/\/jornaltimoneiro.com.br\/#\/schema\/person\/620efd1d8244466117482be494360b08"},"headline":"Artigo: Compartilhe com cuidado!","datePublished":"2015-07-28T14:11:35+00:00","dateModified":"2015-07-28T14:11:35+00:00","mainEntityOfPage":{"@id":"https:\/\/jornaltimoneiro.com.br\/index.php\/2015\/07\/28\/artigo-compartilhe-com-cuidado\/"},"wordCount":413,"commentCount":0,"publisher":{"@id":"https:\/\/jornaltimoneiro.com.br\/#organization"},"articleSection":["Destaques"],"inLanguage":"pt-BR","potentialAction":[{"@type":"CommentAction","name":"Comment","target":["https:\/\/jornaltimoneiro.com.br\/index.php\/2015\/07\/28\/artigo-compartilhe-com-cuidado\/#respond"]}]},{"@type":"WebPage","@id":"https:\/\/jornaltimoneiro.com.br\/index.php\/2015\/07\/28\/artigo-compartilhe-com-cuidado\/","url":"https:\/\/jornaltimoneiro.com.br\/index.php\/2015\/07\/28\/artigo-compartilhe-com-cuidado\/","name":"Artigo: Compartilhe com cuidado! - O Timoneiro Jornal Canoas RS","isPartOf":{"@id":"https:\/\/jornaltimoneiro.com.br\/#website"},"datePublished":"2015-07-28T14:11:35+00:00","dateModified":"2015-07-28T14:11:35+00:00","breadcrumb":{"@id":"https:\/\/jornaltimoneiro.com.br\/index.php\/2015\/07\/28\/artigo-compartilhe-com-cuidado\/#breadcrumb"},"inLanguage":"pt-BR","potentialAction":[{"@type":"ReadAction","target":["https:\/\/jornaltimoneiro.com.br\/index.php\/2015\/07\/28\/artigo-compartilhe-com-cuidado\/"]}]},{"@type":"BreadcrumbList","@id":"https:\/\/jornaltimoneiro.com.br\/index.php\/2015\/07\/28\/artigo-compartilhe-com-cuidado\/#breadcrumb","itemListElement":[{"@type":"ListItem","position":1,"name":"In\u00edcio","item":"https:\/\/jornaltimoneiro.com.br\/"},{"@type":"ListItem","position":2,"name":"Artigo: Compartilhe com cuidado!"}]},{"@type":"WebSite","@id":"https:\/\/jornaltimoneiro.com.br\/#website","url":"https:\/\/jornaltimoneiro.com.br\/","name":"Jornal Timoneiro Canoas RS","description":"Jornal O Timoneiro, o verdadeiro jornal de Canoas","publisher":{"@id":"https:\/\/jornaltimoneiro.com.br\/#organization"},"potentialAction":[{"@type":"SearchAction","target":{"@type":"EntryPoint","urlTemplate":"https:\/\/jornaltimoneiro.com.br\/?s={search_term_string}"},"query-input":"required name=search_term_string"}],"inLanguage":"pt-BR"},{"@type":"Organization","@id":"https:\/\/jornaltimoneiro.com.br\/#organization","name":"Jornal Timoneiro Canoas RS","url":"https:\/\/jornaltimoneiro.com.br\/","logo":{"@type":"ImageObject","inLanguage":"pt-BR","@id":"https:\/\/jornaltimoneiro.com.br\/#\/schema\/logo\/image\/","url":"https:\/\/jornaltimoneiro.com.br\/wp-content\/uploads\/2023\/03\/logonovo.png","contentUrl":"https:\/\/jornaltimoneiro.com.br\/wp-content\/uploads\/2023\/03\/logonovo.png","width":"469","height":"171","caption":"Jornal Timoneiro Canoas RS"},"image":{"@id":"https:\/\/jornaltimoneiro.com.br\/#\/schema\/logo\/image\/"},"sameAs":["https:\/\/www.facebook.com\/jornaltimoneiro","https:\/\/twitter.com\/_OTimoneiro","https:\/\/www.instagram.com\/jornaltimoneirocanoas\/","https:\/\/www.youtube.com\/@jornalotimoneiro7927"]},{"@type":"Person","@id":"https:\/\/jornaltimoneiro.com.br\/#\/schema\/person\/620efd1d8244466117482be494360b08","name":"Reda\u00e7\u00e3o","image":{"@type":"ImageObject","inLanguage":"pt-BR","@id":"https:\/\/jornaltimoneiro.com.br\/#\/schema\/person\/image\/","url":"https:\/\/secure.gravatar.com\/avatar\/2f04e1b304682a8d9db336c7acd77f08?s=96&d=mm&r=g","contentUrl":"https:\/\/secure.gravatar.com\/avatar\/2f04e1b304682a8d9db336c7acd77f08?s=96&d=mm&r=g","caption":"Reda\u00e7\u00e3o"},"url":"https:\/\/jornaltimoneiro.com.br\/index.php\/author\/timoneirocanoas\/"}]}},"_links":{"self":[{"href":"https:\/\/jornaltimoneiro.com.br\/index.php\/wp-json\/wp\/v2\/posts\/739"}],"collection":[{"href":"https:\/\/jornaltimoneiro.com.br\/index.php\/wp-json\/wp\/v2\/posts"}],"about":[{"href":"https:\/\/jornaltimoneiro.com.br\/index.php\/wp-json\/wp\/v2\/types\/post"}],"author":[{"embeddable":true,"href":"https:\/\/jornaltimoneiro.com.br\/index.php\/wp-json\/wp\/v2\/users\/1"}],"replies":[{"embeddable":true,"href":"https:\/\/jornaltimoneiro.com.br\/index.php\/wp-json\/wp\/v2\/comments?post=739"}],"version-history":[{"count":0,"href":"https:\/\/jornaltimoneiro.com.br\/index.php\/wp-json\/wp\/v2\/posts\/739\/revisions"}],"wp:attachment":[{"href":"https:\/\/jornaltimoneiro.com.br\/index.php\/wp-json\/wp\/v2\/media?parent=739"}],"wp:term":[{"taxonomy":"category","embeddable":true,"href":"https:\/\/jornaltimoneiro.com.br\/index.php\/wp-json\/wp\/v2\/categories?post=739"},{"taxonomy":"post_tag","embeddable":true,"href":"https:\/\/jornaltimoneiro.com.br\/index.php\/wp-json\/wp\/v2\/tags?post=739"}],"curies":[{"name":"wp","href":"https:\/\/api.w.org\/{rel}","templated":true}]}}