{"id":7381,"date":"2017-05-08T16:50:53","date_gmt":"2017-05-08T19:50:53","guid":{"rendered":"http:\/\/otimoneiro.com.br\/?p=7381"},"modified":"2017-05-08T16:50:53","modified_gmt":"2017-05-08T19:50:53","slug":"unilasalle-canoas-conquista-titulo-de-universidade","status":"publish","type":"post","link":"https:\/\/jornaltimoneiro.com.br\/index.php\/2017\/05\/08\/unilasalle-canoas-conquista-titulo-de-universidade\/","title":{"rendered":"Unilasalle Canoas conquista t\u00edtulo de Universidade"},"content":{"rendered":"<p><a href=\"http:\/\/otimoneiro.com.br\/wp-content\/uploads\/2017\/05\/1a65bcd34779c24fe45e9654bee7f8fa.jpg\"><img decoding=\"async\" class=\"aligncenter size-full wp-image-7384\" src=\"http:\/\/otimoneiro.com.br\/wp-content\/uploads\/2017\/05\/1a65bcd34779c24fe45e9654bee7f8fa.jpg\" alt=\"1a65bcd34779c24fe45e9654bee7f8fa\" width=\"427\" height=\"640\" \/><\/a><\/p>\n<p>No dia 8 de maio de 2017, com publica\u00e7\u00e3o da \u00a0Portaria n\u00b0 597 do Di\u00e1rio Oficial da Uni\u00e3o,\u00a0o Ministro da Educa\u00e7\u00e3o, Jos\u00e9 Mendon\u00e7a Bezerra Filho, homologou a concess\u00e3o do t\u00edtulo de Universidade \u00e0 institui\u00e7\u00e3o Lassalista. Agora, o ent\u00e3o conhecido centro universit\u00e1rio do munic\u00edpio de Canoas passa a responder \u00e0 comunidade sob um novo status, cujas responsabilidades com a qualidade da educa\u00e7\u00e3o s\u00e3o ainda maiores.<\/p>\n<p>A busca pelo t\u00edtulo de universidade surgiu no ano de 2013, ap\u00f3s defini\u00e7\u00e3o do Conselho Provincial dos Irm\u00e3os Lassalistas, respons\u00e1veis pela Rede La Salle de educa\u00e7\u00e3o em todo Brasil. A partir dessa decis\u00e3o, a institui\u00e7\u00e3o estabeleceu seu plano de desenvolvimento institucional (PDI) com o foco em a\u00e7\u00f5es que a permitissem, em m\u00e9dio prazo, alcan\u00e7ar os indicadores preconizados pelo MEC a fim de conquistar o t\u00edtulo de universidade.<\/p>\n<p>Uma dessas a\u00e7\u00f5es foi o investimento com foco na cria\u00e7\u00e3o de novos programas de p\u00f3s-gradua\u00e7\u00e3o &#8211; em n\u00edvel de mestrado e doutorado. Al\u00e9m disso, a institui\u00e7\u00e3o incorporou uma organiza\u00e7\u00e3o pol\u00edtico-pedag\u00f3gica com o prop\u00f3sito de cumprir as m\u00e9tricas semestrais estabelecidas no controle dos indicadores do MEC.<\/p>\n<p>No campo da infraestrutura, uma das principais possibilidades de mudan\u00e7a na deten\u00e7\u00e3o do status de universidade \u00e9 a possibilidade de estabelecer uma estrutura multicampi. Diferentes localidades poder\u00e3o integrar a mesma institui\u00e7\u00e3o, inclusive com abrang\u00eancia nacional.<\/p>\n","protected":false},"excerpt":{"rendered":"<p>No dia 8 de maio de 2017, com publica\u00e7\u00e3o da \u00a0Portaria n\u00b0 597 do Di\u00e1rio Oficial da Uni\u00e3o,\u00a0o Ministro da Educa\u00e7\u00e3o, Jos\u00e9 Mendon\u00e7a Bezerra Filho, homologou a concess\u00e3o do t\u00edtulo de Universidade \u00e0 institui\u00e7\u00e3o Lassalista. Agora, o ent\u00e3o conhecido centro universit\u00e1rio do munic\u00edpio de Canoas passa a responder \u00e0 comunidade sob um novo status, cujas [&hellip;]<\/p>\n","protected":false},"author":1,"featured_media":7384,"comment_status":"open","ping_status":"open","sticky":false,"template":"","format":"standard","meta":{"amp_status":"","footnotes":""},"categories":[19,23,22],"tags":[],"class_list":["post-7381","post","type-post","status-publish","format-standard","has-post-thumbnail","hentry","category-destaques","category-geral","category-noticias"],"yoast_head":"<!-- This site is optimized with the Yoast SEO plugin v20.5 - https:\/\/yoast.com\/wordpress\/plugins\/seo\/ -->\n<title>Unilasalle Canoas conquista t\u00edtulo de Universidade - O Timoneiro Jornal Canoas RS<\/title>\n<meta name=\"robots\" content=\"index, follow, max-snippet:-1, max-image-preview:large, max-video-preview:-1\" \/>\n<link rel=\"canonical\" href=\"https:\/\/jornaltimoneiro.com.br\/index.php\/2017\/05\/08\/unilasalle-canoas-conquista-titulo-de-universidade\/\" \/>\n<meta property=\"og:locale\" content=\"pt_BR\" \/>\n<meta property=\"og:type\" content=\"article\" \/>\n<meta property=\"og:title\" content=\"Unilasalle Canoas conquista t\u00edtulo de Universidade - O Timoneiro Jornal Canoas RS\" \/>\n<meta property=\"og:description\" content=\"No dia 8 de maio de 2017, com publica\u00e7\u00e3o da \u00a0Portaria n\u00b0 597 do Di\u00e1rio Oficial da Uni\u00e3o,\u00a0o Ministro da Educa\u00e7\u00e3o, Jos\u00e9 Mendon\u00e7a Bezerra Filho, homologou a concess\u00e3o do t\u00edtulo de Universidade \u00e0 institui\u00e7\u00e3o Lassalista. Agora, o ent\u00e3o conhecido centro universit\u00e1rio do munic\u00edpio de Canoas passa a responder \u00e0 comunidade sob um novo status, cujas [&hellip;]\" \/>\n<meta property=\"og:url\" content=\"https:\/\/jornaltimoneiro.com.br\/index.php\/2017\/05\/08\/unilasalle-canoas-conquista-titulo-de-universidade\/\" \/>\n<meta property=\"og:site_name\" content=\"O Timoneiro Jornal Canoas RS\" \/>\n<meta property=\"article:publisher\" content=\"https:\/\/www.facebook.com\/jornaltimoneiro\" \/>\n<meta property=\"article:published_time\" content=\"2017-05-08T19:50:53+00:00\" \/>\n<meta name=\"author\" content=\"Reda\u00e7\u00e3o\" \/>\n<meta name=\"twitter:card\" content=\"summary_large_image\" \/>\n<meta name=\"twitter:creator\" content=\"@_OTimoneiro\" \/>\n<meta name=\"twitter:site\" content=\"@_OTimoneiro\" \/>\n<meta name=\"twitter:label1\" content=\"Escrito por\" \/>\n\t<meta name=\"twitter:data1\" content=\"Reda\u00e7\u00e3o\" \/>\n\t<meta name=\"twitter:label2\" content=\"Est. tempo de leitura\" \/>\n\t<meta name=\"twitter:data2\" content=\"1 minuto\" \/>\n<script type=\"application\/ld+json\" class=\"yoast-schema-graph\">{\"@context\":\"https:\/\/schema.org\",\"@graph\":[{\"@type\":\"Article\",\"@id\":\"https:\/\/jornaltimoneiro.com.br\/index.php\/2017\/05\/08\/unilasalle-canoas-conquista-titulo-de-universidade\/#article\",\"isPartOf\":{\"@id\":\"https:\/\/jornaltimoneiro.com.br\/index.php\/2017\/05\/08\/unilasalle-canoas-conquista-titulo-de-universidade\/\"},\"author\":{\"name\":\"Reda\u00e7\u00e3o\",\"@id\":\"https:\/\/jornaltimoneiro.com.br\/#\/schema\/person\/620efd1d8244466117482be494360b08\"},\"headline\":\"Unilasalle Canoas conquista t\u00edtulo de Universidade\",\"datePublished\":\"2017-05-08T19:50:53+00:00\",\"dateModified\":\"2017-05-08T19:50:53+00:00\",\"mainEntityOfPage\":{\"@id\":\"https:\/\/jornaltimoneiro.com.br\/index.php\/2017\/05\/08\/unilasalle-canoas-conquista-titulo-de-universidade\/\"},\"wordCount\":254,\"commentCount\":0,\"publisher\":{\"@id\":\"https:\/\/jornaltimoneiro.com.br\/#organization\"},\"articleSection\":[\"Destaques\",\"Geral\",\"Not\u00edcias\"],\"inLanguage\":\"pt-BR\",\"potentialAction\":[{\"@type\":\"CommentAction\",\"name\":\"Comment\",\"target\":[\"https:\/\/jornaltimoneiro.com.br\/index.php\/2017\/05\/08\/unilasalle-canoas-conquista-titulo-de-universidade\/#respond\"]}]},{\"@type\":\"WebPage\",\"@id\":\"https:\/\/jornaltimoneiro.com.br\/index.php\/2017\/05\/08\/unilasalle-canoas-conquista-titulo-de-universidade\/\",\"url\":\"https:\/\/jornaltimoneiro.com.br\/index.php\/2017\/05\/08\/unilasalle-canoas-conquista-titulo-de-universidade\/\",\"name\":\"Unilasalle Canoas conquista t\u00edtulo de Universidade - O Timoneiro Jornal Canoas RS\",\"isPartOf\":{\"@id\":\"https:\/\/jornaltimoneiro.com.br\/#website\"},\"datePublished\":\"2017-05-08T19:50:53+00:00\",\"dateModified\":\"2017-05-08T19:50:53+00:00\",\"breadcrumb\":{\"@id\":\"https:\/\/jornaltimoneiro.com.br\/index.php\/2017\/05\/08\/unilasalle-canoas-conquista-titulo-de-universidade\/#breadcrumb\"},\"inLanguage\":\"pt-BR\",\"potentialAction\":[{\"@type\":\"ReadAction\",\"target\":[\"https:\/\/jornaltimoneiro.com.br\/index.php\/2017\/05\/08\/unilasalle-canoas-conquista-titulo-de-universidade\/\"]}]},{\"@type\":\"BreadcrumbList\",\"@id\":\"https:\/\/jornaltimoneiro.com.br\/index.php\/2017\/05\/08\/unilasalle-canoas-conquista-titulo-de-universidade\/#breadcrumb\",\"itemListElement\":[{\"@type\":\"ListItem\",\"position\":1,\"name\":\"In\u00edcio\",\"item\":\"https:\/\/jornaltimoneiro.com.br\/\"},{\"@type\":\"ListItem\",\"position\":2,\"name\":\"Unilasalle Canoas conquista t\u00edtulo de Universidade\"}]},{\"@type\":\"WebSite\",\"@id\":\"https:\/\/jornaltimoneiro.com.br\/#website\",\"url\":\"https:\/\/jornaltimoneiro.com.br\/\",\"name\":\"Jornal Timoneiro Canoas RS\",\"description\":\"Jornal O Timoneiro, o verdadeiro jornal de Canoas\",\"publisher\":{\"@id\":\"https:\/\/jornaltimoneiro.com.br\/#organization\"},\"potentialAction\":[{\"@type\":\"SearchAction\",\"target\":{\"@type\":\"EntryPoint\",\"urlTemplate\":\"https:\/\/jornaltimoneiro.com.br\/?s={search_term_string}\"},\"query-input\":\"required name=search_term_string\"}],\"inLanguage\":\"pt-BR\"},{\"@type\":\"Organization\",\"@id\":\"https:\/\/jornaltimoneiro.com.br\/#organization\",\"name\":\"Jornal Timoneiro Canoas RS\",\"url\":\"https:\/\/jornaltimoneiro.com.br\/\",\"logo\":{\"@type\":\"ImageObject\",\"inLanguage\":\"pt-BR\",\"@id\":\"https:\/\/jornaltimoneiro.com.br\/#\/schema\/logo\/image\/\",\"url\":\"https:\/\/jornaltimoneiro.com.br\/wp-content\/uploads\/2023\/03\/logonovo.png\",\"contentUrl\":\"https:\/\/jornaltimoneiro.com.br\/wp-content\/uploads\/2023\/03\/logonovo.png\",\"width\":\"469\",\"height\":\"171\",\"caption\":\"Jornal Timoneiro Canoas RS\"},\"image\":{\"@id\":\"https:\/\/jornaltimoneiro.com.br\/#\/schema\/logo\/image\/\"},\"sameAs\":[\"https:\/\/www.facebook.com\/jornaltimoneiro\",\"https:\/\/twitter.com\/_OTimoneiro\",\"https:\/\/www.instagram.com\/jornaltimoneirocanoas\/\",\"https:\/\/www.youtube.com\/@jornalotimoneiro7927\"]},{\"@type\":\"Person\",\"@id\":\"https:\/\/jornaltimoneiro.com.br\/#\/schema\/person\/620efd1d8244466117482be494360b08\",\"name\":\"Reda\u00e7\u00e3o\",\"image\":{\"@type\":\"ImageObject\",\"inLanguage\":\"pt-BR\",\"@id\":\"https:\/\/jornaltimoneiro.com.br\/#\/schema\/person\/image\/\",\"url\":\"https:\/\/secure.gravatar.com\/avatar\/2f04e1b304682a8d9db336c7acd77f08?s=96&d=mm&r=g\",\"contentUrl\":\"https:\/\/secure.gravatar.com\/avatar\/2f04e1b304682a8d9db336c7acd77f08?s=96&d=mm&r=g\",\"caption\":\"Reda\u00e7\u00e3o\"},\"url\":\"https:\/\/jornaltimoneiro.com.br\/index.php\/author\/timoneirocanoas\/\"}]}<\/script>\n<!-- \/ Yoast SEO plugin. -->","yoast_head_json":{"title":"Unilasalle Canoas conquista t\u00edtulo de Universidade - O Timoneiro Jornal Canoas RS","robots":{"index":"index","follow":"follow","max-snippet":"max-snippet:-1","max-image-preview":"max-image-preview:large","max-video-preview":"max-video-preview:-1"},"canonical":"https:\/\/jornaltimoneiro.com.br\/index.php\/2017\/05\/08\/unilasalle-canoas-conquista-titulo-de-universidade\/","og_locale":"pt_BR","og_type":"article","og_title":"Unilasalle Canoas conquista t\u00edtulo de Universidade - O Timoneiro Jornal Canoas RS","og_description":"No dia 8 de maio de 2017, com publica\u00e7\u00e3o da \u00a0Portaria n\u00b0 597 do Di\u00e1rio Oficial da Uni\u00e3o,\u00a0o Ministro da Educa\u00e7\u00e3o, Jos\u00e9 Mendon\u00e7a Bezerra Filho, homologou a concess\u00e3o do t\u00edtulo de Universidade \u00e0 institui\u00e7\u00e3o Lassalista. Agora, o ent\u00e3o conhecido centro universit\u00e1rio do munic\u00edpio de Canoas passa a responder \u00e0 comunidade sob um novo status, cujas [&hellip;]","og_url":"https:\/\/jornaltimoneiro.com.br\/index.php\/2017\/05\/08\/unilasalle-canoas-conquista-titulo-de-universidade\/","og_site_name":"O Timoneiro Jornal Canoas RS","article_publisher":"https:\/\/www.facebook.com\/jornaltimoneiro","article_published_time":"2017-05-08T19:50:53+00:00","author":"Reda\u00e7\u00e3o","twitter_card":"summary_large_image","twitter_creator":"@_OTimoneiro","twitter_site":"@_OTimoneiro","twitter_misc":{"Escrito por":"Reda\u00e7\u00e3o","Est. tempo de leitura":"1 minuto"},"schema":{"@context":"https:\/\/schema.org","@graph":[{"@type":"Article","@id":"https:\/\/jornaltimoneiro.com.br\/index.php\/2017\/05\/08\/unilasalle-canoas-conquista-titulo-de-universidade\/#article","isPartOf":{"@id":"https:\/\/jornaltimoneiro.com.br\/index.php\/2017\/05\/08\/unilasalle-canoas-conquista-titulo-de-universidade\/"},"author":{"name":"Reda\u00e7\u00e3o","@id":"https:\/\/jornaltimoneiro.com.br\/#\/schema\/person\/620efd1d8244466117482be494360b08"},"headline":"Unilasalle Canoas conquista t\u00edtulo de Universidade","datePublished":"2017-05-08T19:50:53+00:00","dateModified":"2017-05-08T19:50:53+00:00","mainEntityOfPage":{"@id":"https:\/\/jornaltimoneiro.com.br\/index.php\/2017\/05\/08\/unilasalle-canoas-conquista-titulo-de-universidade\/"},"wordCount":254,"commentCount":0,"publisher":{"@id":"https:\/\/jornaltimoneiro.com.br\/#organization"},"articleSection":["Destaques","Geral","Not\u00edcias"],"inLanguage":"pt-BR","potentialAction":[{"@type":"CommentAction","name":"Comment","target":["https:\/\/jornaltimoneiro.com.br\/index.php\/2017\/05\/08\/unilasalle-canoas-conquista-titulo-de-universidade\/#respond"]}]},{"@type":"WebPage","@id":"https:\/\/jornaltimoneiro.com.br\/index.php\/2017\/05\/08\/unilasalle-canoas-conquista-titulo-de-universidade\/","url":"https:\/\/jornaltimoneiro.com.br\/index.php\/2017\/05\/08\/unilasalle-canoas-conquista-titulo-de-universidade\/","name":"Unilasalle Canoas conquista t\u00edtulo de Universidade - O Timoneiro Jornal Canoas RS","isPartOf":{"@id":"https:\/\/jornaltimoneiro.com.br\/#website"},"datePublished":"2017-05-08T19:50:53+00:00","dateModified":"2017-05-08T19:50:53+00:00","breadcrumb":{"@id":"https:\/\/jornaltimoneiro.com.br\/index.php\/2017\/05\/08\/unilasalle-canoas-conquista-titulo-de-universidade\/#breadcrumb"},"inLanguage":"pt-BR","potentialAction":[{"@type":"ReadAction","target":["https:\/\/jornaltimoneiro.com.br\/index.php\/2017\/05\/08\/unilasalle-canoas-conquista-titulo-de-universidade\/"]}]},{"@type":"BreadcrumbList","@id":"https:\/\/jornaltimoneiro.com.br\/index.php\/2017\/05\/08\/unilasalle-canoas-conquista-titulo-de-universidade\/#breadcrumb","itemListElement":[{"@type":"ListItem","position":1,"name":"In\u00edcio","item":"https:\/\/jornaltimoneiro.com.br\/"},{"@type":"ListItem","position":2,"name":"Unilasalle Canoas conquista t\u00edtulo de Universidade"}]},{"@type":"WebSite","@id":"https:\/\/jornaltimoneiro.com.br\/#website","url":"https:\/\/jornaltimoneiro.com.br\/","name":"Jornal Timoneiro Canoas RS","description":"Jornal O Timoneiro, o verdadeiro jornal de Canoas","publisher":{"@id":"https:\/\/jornaltimoneiro.com.br\/#organization"},"potentialAction":[{"@type":"SearchAction","target":{"@type":"EntryPoint","urlTemplate":"https:\/\/jornaltimoneiro.com.br\/?s={search_term_string}"},"query-input":"required name=search_term_string"}],"inLanguage":"pt-BR"},{"@type":"Organization","@id":"https:\/\/jornaltimoneiro.com.br\/#organization","name":"Jornal Timoneiro Canoas RS","url":"https:\/\/jornaltimoneiro.com.br\/","logo":{"@type":"ImageObject","inLanguage":"pt-BR","@id":"https:\/\/jornaltimoneiro.com.br\/#\/schema\/logo\/image\/","url":"https:\/\/jornaltimoneiro.com.br\/wp-content\/uploads\/2023\/03\/logonovo.png","contentUrl":"https:\/\/jornaltimoneiro.com.br\/wp-content\/uploads\/2023\/03\/logonovo.png","width":"469","height":"171","caption":"Jornal Timoneiro Canoas RS"},"image":{"@id":"https:\/\/jornaltimoneiro.com.br\/#\/schema\/logo\/image\/"},"sameAs":["https:\/\/www.facebook.com\/jornaltimoneiro","https:\/\/twitter.com\/_OTimoneiro","https:\/\/www.instagram.com\/jornaltimoneirocanoas\/","https:\/\/www.youtube.com\/@jornalotimoneiro7927"]},{"@type":"Person","@id":"https:\/\/jornaltimoneiro.com.br\/#\/schema\/person\/620efd1d8244466117482be494360b08","name":"Reda\u00e7\u00e3o","image":{"@type":"ImageObject","inLanguage":"pt-BR","@id":"https:\/\/jornaltimoneiro.com.br\/#\/schema\/person\/image\/","url":"https:\/\/secure.gravatar.com\/avatar\/2f04e1b304682a8d9db336c7acd77f08?s=96&d=mm&r=g","contentUrl":"https:\/\/secure.gravatar.com\/avatar\/2f04e1b304682a8d9db336c7acd77f08?s=96&d=mm&r=g","caption":"Reda\u00e7\u00e3o"},"url":"https:\/\/jornaltimoneiro.com.br\/index.php\/author\/timoneirocanoas\/"}]}},"_links":{"self":[{"href":"https:\/\/jornaltimoneiro.com.br\/index.php\/wp-json\/wp\/v2\/posts\/7381"}],"collection":[{"href":"https:\/\/jornaltimoneiro.com.br\/index.php\/wp-json\/wp\/v2\/posts"}],"about":[{"href":"https:\/\/jornaltimoneiro.com.br\/index.php\/wp-json\/wp\/v2\/types\/post"}],"author":[{"embeddable":true,"href":"https:\/\/jornaltimoneiro.com.br\/index.php\/wp-json\/wp\/v2\/users\/1"}],"replies":[{"embeddable":true,"href":"https:\/\/jornaltimoneiro.com.br\/index.php\/wp-json\/wp\/v2\/comments?post=7381"}],"version-history":[{"count":0,"href":"https:\/\/jornaltimoneiro.com.br\/index.php\/wp-json\/wp\/v2\/posts\/7381\/revisions"}],"wp:featuredmedia":[{"embeddable":true,"href":"https:\/\/jornaltimoneiro.com.br\/index.php\/wp-json\/"}],"wp:attachment":[{"href":"https:\/\/jornaltimoneiro.com.br\/index.php\/wp-json\/wp\/v2\/media?parent=7381"}],"wp:term":[{"taxonomy":"category","embeddable":true,"href":"https:\/\/jornaltimoneiro.com.br\/index.php\/wp-json\/wp\/v2\/categories?post=7381"},{"taxonomy":"post_tag","embeddable":true,"href":"https:\/\/jornaltimoneiro.com.br\/index.php\/wp-json\/wp\/v2\/tags?post=7381"}],"curies":[{"name":"wp","href":"https:\/\/api.w.org\/{rel}","templated":true}]}}