{"id":7379,"date":"2017-05-08T15:10:36","date_gmt":"2017-05-08T18:10:36","guid":{"rendered":"http:\/\/otimoneiro.com.br\/?p=7379"},"modified":"2017-05-08T15:10:36","modified_gmt":"2017-05-08T18:10:36","slug":"senac-canoas-realiza-evento-em-parceria-com-ulbra-canoas","status":"publish","type":"post","link":"https:\/\/jornaltimoneiro.com.br\/index.php\/2017\/05\/08\/senac-canoas-realiza-evento-em-parceria-com-ulbra-canoas\/","title":{"rendered":"Senac Canoas realiza evento em parceria com a Ulbra Canoas"},"content":{"rendered":"<p><a href=\"http:\/\/otimoneiro.com.br\/wp-content\/uploads\/2017\/03\/senac-canoas-photo-5-64784eed.jpg\"><img decoding=\"async\" class=\"aligncenter size-large wp-image-6740\" src=\"http:\/\/otimoneiro.com.br\/wp-content\/uploads\/2017\/03\/senac-canoas-photo-5-64784eed-1024x677.jpg\" alt=\"senac-canoas-photo-5-64784eed\" width=\"1024\" height=\"677\" \/><\/a><\/p>\n<p>O Senac Canoas, em parceria com a Ulbra, promove o evento \u201cEixo Moda: Unificando experi\u00eancias t\u00e9cnicas e acad\u00eamicas\u201d no m\u00eas de maio. A atividade funciona como uma troca de experi\u00eancias entre as duas institui\u00e7\u00f5es e objetiva unificar dois eixos importantes para a forma\u00e7\u00e3o profissional dos alunos de moda. Confira a programa\u00e7\u00e3o<\/p>\n<h3><em>17 de maio<br \/>\n<\/em>Local: Ulbra<\/h3>\n<p>Atividade: Alunos do Curso T\u00e9cnico de Modelagem de Vestu\u00e1rio do Senac Canoas participam de uma aula da Disciplina de Pesquisa do Curso de Gradua\u00e7\u00e3o de Design de Moda com os alunos acad\u00eamicos da Ulbra.<\/p>\n<h3><em>24 de maio<br \/>\n<\/em>Local: Senac Canoas<\/h3>\n<p>Atividade: Alunos da Gradua\u00e7\u00e3o de Design de Moda Curso da Ulbra participam de uma aula de Modelagem Digital com os alunos t\u00e9cnicos do Senac.<\/p>\n<p>A proposta \u00e9 que, desafiados pelos docentes de Modelagem Digital e de Pesquisa de Moda, os estudantes devem realizar, em 6 horas, um trabalho criativo que ser\u00e1 levado para a aula de Modelagem Digital a fim de modelarem 1 pe\u00e7a de roupa no Software AUDACES. Esta \u00e9 a primeira experi\u00eancia do \u201cEixo Moda\u201d, um evento que se tornar\u00e1 uma pr\u00e1tica cont\u00ednua do Senac Canoas para ampliar os horizontes e os canais de troca de conhecimento de seus alunos.<\/p>\n<p>Mais informa\u00e7\u00f5es podem ser obtidas pelo telefone (51) 3476-7222.<\/p>\n<p>&nbsp;<\/p>\n<p>&nbsp;<\/p>\n","protected":false},"excerpt":{"rendered":"<p>O Senac Canoas, em parceria com a Ulbra, promove o evento \u201cEixo Moda: Unificando experi\u00eancias t\u00e9cnicas e acad\u00eamicas\u201d no m\u00eas de maio. A atividade funciona como uma troca de experi\u00eancias entre as duas institui\u00e7\u00f5es e objetiva unificar dois eixos importantes para a forma\u00e7\u00e3o profissional dos alunos de moda. Confira a programa\u00e7\u00e3o 17 de maio Local: [&hellip;]<\/p>\n","protected":false},"author":1,"featured_media":6740,"comment_status":"open","ping_status":"open","sticky":false,"template":"","format":"standard","meta":{"amp_status":"","footnotes":""},"categories":[76,27,23,22],"tags":[],"class_list":["post-7379","post","type-post","status-publish","format-standard","has-post-thumbnail","hentry","category-cultura","category-ensino","category-geral","category-noticias"],"yoast_head":"<!-- This site is optimized with the Yoast SEO plugin v20.5 - https:\/\/yoast.com\/wordpress\/plugins\/seo\/ -->\n<title>Senac Canoas realiza evento em parceria com a Ulbra Canoas - O Timoneiro Jornal Canoas RS<\/title>\n<meta name=\"robots\" content=\"index, follow, max-snippet:-1, max-image-preview:large, max-video-preview:-1\" \/>\n<link rel=\"canonical\" href=\"https:\/\/jornaltimoneiro.com.br\/index.php\/2017\/05\/08\/senac-canoas-realiza-evento-em-parceria-com-ulbra-canoas\/\" \/>\n<meta property=\"og:locale\" content=\"pt_BR\" \/>\n<meta property=\"og:type\" content=\"article\" \/>\n<meta property=\"og:title\" content=\"Senac Canoas realiza evento em parceria com a Ulbra Canoas - O Timoneiro Jornal Canoas RS\" \/>\n<meta property=\"og:description\" content=\"O Senac Canoas, em parceria com a Ulbra, promove o evento \u201cEixo Moda: Unificando experi\u00eancias t\u00e9cnicas e acad\u00eamicas\u201d no m\u00eas de maio. A atividade funciona como uma troca de experi\u00eancias entre as duas institui\u00e7\u00f5es e objetiva unificar dois eixos importantes para a forma\u00e7\u00e3o profissional dos alunos de moda. Confira a programa\u00e7\u00e3o 17 de maio Local: [&hellip;]\" \/>\n<meta property=\"og:url\" content=\"https:\/\/jornaltimoneiro.com.br\/index.php\/2017\/05\/08\/senac-canoas-realiza-evento-em-parceria-com-ulbra-canoas\/\" \/>\n<meta property=\"og:site_name\" content=\"O Timoneiro Jornal Canoas RS\" \/>\n<meta property=\"article:publisher\" content=\"https:\/\/www.facebook.com\/jornaltimoneiro\" \/>\n<meta property=\"article:published_time\" content=\"2017-05-08T18:10:36+00:00\" \/>\n<meta name=\"author\" content=\"Reda\u00e7\u00e3o\" \/>\n<meta name=\"twitter:card\" content=\"summary_large_image\" \/>\n<meta name=\"twitter:creator\" content=\"@_OTimoneiro\" \/>\n<meta name=\"twitter:site\" content=\"@_OTimoneiro\" \/>\n<meta name=\"twitter:label1\" content=\"Escrito por\" \/>\n\t<meta name=\"twitter:data1\" content=\"Reda\u00e7\u00e3o\" \/>\n\t<meta name=\"twitter:label2\" content=\"Est. tempo de leitura\" \/>\n\t<meta name=\"twitter:data2\" content=\"1 minuto\" \/>\n<script type=\"application\/ld+json\" class=\"yoast-schema-graph\">{\"@context\":\"https:\/\/schema.org\",\"@graph\":[{\"@type\":\"Article\",\"@id\":\"https:\/\/jornaltimoneiro.com.br\/index.php\/2017\/05\/08\/senac-canoas-realiza-evento-em-parceria-com-ulbra-canoas\/#article\",\"isPartOf\":{\"@id\":\"https:\/\/jornaltimoneiro.com.br\/index.php\/2017\/05\/08\/senac-canoas-realiza-evento-em-parceria-com-ulbra-canoas\/\"},\"author\":{\"name\":\"Reda\u00e7\u00e3o\",\"@id\":\"https:\/\/jornaltimoneiro.com.br\/#\/schema\/person\/620efd1d8244466117482be494360b08\"},\"headline\":\"Senac Canoas realiza evento em parceria com a Ulbra Canoas\",\"datePublished\":\"2017-05-08T18:10:36+00:00\",\"dateModified\":\"2017-05-08T18:10:36+00:00\",\"mainEntityOfPage\":{\"@id\":\"https:\/\/jornaltimoneiro.com.br\/index.php\/2017\/05\/08\/senac-canoas-realiza-evento-em-parceria-com-ulbra-canoas\/\"},\"wordCount\":231,\"commentCount\":0,\"publisher\":{\"@id\":\"https:\/\/jornaltimoneiro.com.br\/#organization\"},\"articleSection\":[\"Cultura\",\"Ensino\",\"Geral\",\"Not\u00edcias\"],\"inLanguage\":\"pt-BR\",\"potentialAction\":[{\"@type\":\"CommentAction\",\"name\":\"Comment\",\"target\":[\"https:\/\/jornaltimoneiro.com.br\/index.php\/2017\/05\/08\/senac-canoas-realiza-evento-em-parceria-com-ulbra-canoas\/#respond\"]}]},{\"@type\":\"WebPage\",\"@id\":\"https:\/\/jornaltimoneiro.com.br\/index.php\/2017\/05\/08\/senac-canoas-realiza-evento-em-parceria-com-ulbra-canoas\/\",\"url\":\"https:\/\/jornaltimoneiro.com.br\/index.php\/2017\/05\/08\/senac-canoas-realiza-evento-em-parceria-com-ulbra-canoas\/\",\"name\":\"Senac Canoas realiza evento em parceria com a Ulbra Canoas - O Timoneiro Jornal Canoas RS\",\"isPartOf\":{\"@id\":\"https:\/\/jornaltimoneiro.com.br\/#website\"},\"datePublished\":\"2017-05-08T18:10:36+00:00\",\"dateModified\":\"2017-05-08T18:10:36+00:00\",\"breadcrumb\":{\"@id\":\"https:\/\/jornaltimoneiro.com.br\/index.php\/2017\/05\/08\/senac-canoas-realiza-evento-em-parceria-com-ulbra-canoas\/#breadcrumb\"},\"inLanguage\":\"pt-BR\",\"potentialAction\":[{\"@type\":\"ReadAction\",\"target\":[\"https:\/\/jornaltimoneiro.com.br\/index.php\/2017\/05\/08\/senac-canoas-realiza-evento-em-parceria-com-ulbra-canoas\/\"]}]},{\"@type\":\"BreadcrumbList\",\"@id\":\"https:\/\/jornaltimoneiro.com.br\/index.php\/2017\/05\/08\/senac-canoas-realiza-evento-em-parceria-com-ulbra-canoas\/#breadcrumb\",\"itemListElement\":[{\"@type\":\"ListItem\",\"position\":1,\"name\":\"In\u00edcio\",\"item\":\"https:\/\/jornaltimoneiro.com.br\/\"},{\"@type\":\"ListItem\",\"position\":2,\"name\":\"Senac Canoas realiza evento em parceria com a Ulbra Canoas\"}]},{\"@type\":\"WebSite\",\"@id\":\"https:\/\/jornaltimoneiro.com.br\/#website\",\"url\":\"https:\/\/jornaltimoneiro.com.br\/\",\"name\":\"Jornal Timoneiro Canoas RS\",\"description\":\"Jornal O Timoneiro, o verdadeiro jornal de Canoas\",\"publisher\":{\"@id\":\"https:\/\/jornaltimoneiro.com.br\/#organization\"},\"potentialAction\":[{\"@type\":\"SearchAction\",\"target\":{\"@type\":\"EntryPoint\",\"urlTemplate\":\"https:\/\/jornaltimoneiro.com.br\/?s={search_term_string}\"},\"query-input\":\"required name=search_term_string\"}],\"inLanguage\":\"pt-BR\"},{\"@type\":\"Organization\",\"@id\":\"https:\/\/jornaltimoneiro.com.br\/#organization\",\"name\":\"Jornal Timoneiro Canoas RS\",\"url\":\"https:\/\/jornaltimoneiro.com.br\/\",\"logo\":{\"@type\":\"ImageObject\",\"inLanguage\":\"pt-BR\",\"@id\":\"https:\/\/jornaltimoneiro.com.br\/#\/schema\/logo\/image\/\",\"url\":\"https:\/\/jornaltimoneiro.com.br\/wp-content\/uploads\/2023\/03\/logonovo.png\",\"contentUrl\":\"https:\/\/jornaltimoneiro.com.br\/wp-content\/uploads\/2023\/03\/logonovo.png\",\"width\":\"469\",\"height\":\"171\",\"caption\":\"Jornal Timoneiro Canoas RS\"},\"image\":{\"@id\":\"https:\/\/jornaltimoneiro.com.br\/#\/schema\/logo\/image\/\"},\"sameAs\":[\"https:\/\/www.facebook.com\/jornaltimoneiro\",\"https:\/\/twitter.com\/_OTimoneiro\",\"https:\/\/www.instagram.com\/jornaltimoneirocanoas\/\",\"https:\/\/www.youtube.com\/@jornalotimoneiro7927\"]},{\"@type\":\"Person\",\"@id\":\"https:\/\/jornaltimoneiro.com.br\/#\/schema\/person\/620efd1d8244466117482be494360b08\",\"name\":\"Reda\u00e7\u00e3o\",\"image\":{\"@type\":\"ImageObject\",\"inLanguage\":\"pt-BR\",\"@id\":\"https:\/\/jornaltimoneiro.com.br\/#\/schema\/person\/image\/\",\"url\":\"https:\/\/secure.gravatar.com\/avatar\/2f04e1b304682a8d9db336c7acd77f08?s=96&d=mm&r=g\",\"contentUrl\":\"https:\/\/secure.gravatar.com\/avatar\/2f04e1b304682a8d9db336c7acd77f08?s=96&d=mm&r=g\",\"caption\":\"Reda\u00e7\u00e3o\"},\"url\":\"https:\/\/jornaltimoneiro.com.br\/index.php\/author\/timoneirocanoas\/\"}]}<\/script>\n<!-- \/ Yoast SEO plugin. -->","yoast_head_json":{"title":"Senac Canoas realiza evento em parceria com a Ulbra Canoas - O Timoneiro Jornal Canoas RS","robots":{"index":"index","follow":"follow","max-snippet":"max-snippet:-1","max-image-preview":"max-image-preview:large","max-video-preview":"max-video-preview:-1"},"canonical":"https:\/\/jornaltimoneiro.com.br\/index.php\/2017\/05\/08\/senac-canoas-realiza-evento-em-parceria-com-ulbra-canoas\/","og_locale":"pt_BR","og_type":"article","og_title":"Senac Canoas realiza evento em parceria com a Ulbra Canoas - O Timoneiro Jornal Canoas RS","og_description":"O Senac Canoas, em parceria com a Ulbra, promove o evento \u201cEixo Moda: Unificando experi\u00eancias t\u00e9cnicas e acad\u00eamicas\u201d no m\u00eas de maio. A atividade funciona como uma troca de experi\u00eancias entre as duas institui\u00e7\u00f5es e objetiva unificar dois eixos importantes para a forma\u00e7\u00e3o profissional dos alunos de moda. Confira a programa\u00e7\u00e3o 17 de maio Local: [&hellip;]","og_url":"https:\/\/jornaltimoneiro.com.br\/index.php\/2017\/05\/08\/senac-canoas-realiza-evento-em-parceria-com-ulbra-canoas\/","og_site_name":"O Timoneiro Jornal Canoas RS","article_publisher":"https:\/\/www.facebook.com\/jornaltimoneiro","article_published_time":"2017-05-08T18:10:36+00:00","author":"Reda\u00e7\u00e3o","twitter_card":"summary_large_image","twitter_creator":"@_OTimoneiro","twitter_site":"@_OTimoneiro","twitter_misc":{"Escrito por":"Reda\u00e7\u00e3o","Est. tempo de leitura":"1 minuto"},"schema":{"@context":"https:\/\/schema.org","@graph":[{"@type":"Article","@id":"https:\/\/jornaltimoneiro.com.br\/index.php\/2017\/05\/08\/senac-canoas-realiza-evento-em-parceria-com-ulbra-canoas\/#article","isPartOf":{"@id":"https:\/\/jornaltimoneiro.com.br\/index.php\/2017\/05\/08\/senac-canoas-realiza-evento-em-parceria-com-ulbra-canoas\/"},"author":{"name":"Reda\u00e7\u00e3o","@id":"https:\/\/jornaltimoneiro.com.br\/#\/schema\/person\/620efd1d8244466117482be494360b08"},"headline":"Senac Canoas realiza evento em parceria com a Ulbra Canoas","datePublished":"2017-05-08T18:10:36+00:00","dateModified":"2017-05-08T18:10:36+00:00","mainEntityOfPage":{"@id":"https:\/\/jornaltimoneiro.com.br\/index.php\/2017\/05\/08\/senac-canoas-realiza-evento-em-parceria-com-ulbra-canoas\/"},"wordCount":231,"commentCount":0,"publisher":{"@id":"https:\/\/jornaltimoneiro.com.br\/#organization"},"articleSection":["Cultura","Ensino","Geral","Not\u00edcias"],"inLanguage":"pt-BR","potentialAction":[{"@type":"CommentAction","name":"Comment","target":["https:\/\/jornaltimoneiro.com.br\/index.php\/2017\/05\/08\/senac-canoas-realiza-evento-em-parceria-com-ulbra-canoas\/#respond"]}]},{"@type":"WebPage","@id":"https:\/\/jornaltimoneiro.com.br\/index.php\/2017\/05\/08\/senac-canoas-realiza-evento-em-parceria-com-ulbra-canoas\/","url":"https:\/\/jornaltimoneiro.com.br\/index.php\/2017\/05\/08\/senac-canoas-realiza-evento-em-parceria-com-ulbra-canoas\/","name":"Senac Canoas realiza evento em parceria com a Ulbra Canoas - O Timoneiro Jornal Canoas RS","isPartOf":{"@id":"https:\/\/jornaltimoneiro.com.br\/#website"},"datePublished":"2017-05-08T18:10:36+00:00","dateModified":"2017-05-08T18:10:36+00:00","breadcrumb":{"@id":"https:\/\/jornaltimoneiro.com.br\/index.php\/2017\/05\/08\/senac-canoas-realiza-evento-em-parceria-com-ulbra-canoas\/#breadcrumb"},"inLanguage":"pt-BR","potentialAction":[{"@type":"ReadAction","target":["https:\/\/jornaltimoneiro.com.br\/index.php\/2017\/05\/08\/senac-canoas-realiza-evento-em-parceria-com-ulbra-canoas\/"]}]},{"@type":"BreadcrumbList","@id":"https:\/\/jornaltimoneiro.com.br\/index.php\/2017\/05\/08\/senac-canoas-realiza-evento-em-parceria-com-ulbra-canoas\/#breadcrumb","itemListElement":[{"@type":"ListItem","position":1,"name":"In\u00edcio","item":"https:\/\/jornaltimoneiro.com.br\/"},{"@type":"ListItem","position":2,"name":"Senac Canoas realiza evento em parceria com a Ulbra Canoas"}]},{"@type":"WebSite","@id":"https:\/\/jornaltimoneiro.com.br\/#website","url":"https:\/\/jornaltimoneiro.com.br\/","name":"Jornal Timoneiro Canoas RS","description":"Jornal O Timoneiro, o verdadeiro jornal de Canoas","publisher":{"@id":"https:\/\/jornaltimoneiro.com.br\/#organization"},"potentialAction":[{"@type":"SearchAction","target":{"@type":"EntryPoint","urlTemplate":"https:\/\/jornaltimoneiro.com.br\/?s={search_term_string}"},"query-input":"required name=search_term_string"}],"inLanguage":"pt-BR"},{"@type":"Organization","@id":"https:\/\/jornaltimoneiro.com.br\/#organization","name":"Jornal Timoneiro Canoas RS","url":"https:\/\/jornaltimoneiro.com.br\/","logo":{"@type":"ImageObject","inLanguage":"pt-BR","@id":"https:\/\/jornaltimoneiro.com.br\/#\/schema\/logo\/image\/","url":"https:\/\/jornaltimoneiro.com.br\/wp-content\/uploads\/2023\/03\/logonovo.png","contentUrl":"https:\/\/jornaltimoneiro.com.br\/wp-content\/uploads\/2023\/03\/logonovo.png","width":"469","height":"171","caption":"Jornal Timoneiro Canoas RS"},"image":{"@id":"https:\/\/jornaltimoneiro.com.br\/#\/schema\/logo\/image\/"},"sameAs":["https:\/\/www.facebook.com\/jornaltimoneiro","https:\/\/twitter.com\/_OTimoneiro","https:\/\/www.instagram.com\/jornaltimoneirocanoas\/","https:\/\/www.youtube.com\/@jornalotimoneiro7927"]},{"@type":"Person","@id":"https:\/\/jornaltimoneiro.com.br\/#\/schema\/person\/620efd1d8244466117482be494360b08","name":"Reda\u00e7\u00e3o","image":{"@type":"ImageObject","inLanguage":"pt-BR","@id":"https:\/\/jornaltimoneiro.com.br\/#\/schema\/person\/image\/","url":"https:\/\/secure.gravatar.com\/avatar\/2f04e1b304682a8d9db336c7acd77f08?s=96&d=mm&r=g","contentUrl":"https:\/\/secure.gravatar.com\/avatar\/2f04e1b304682a8d9db336c7acd77f08?s=96&d=mm&r=g","caption":"Reda\u00e7\u00e3o"},"url":"https:\/\/jornaltimoneiro.com.br\/index.php\/author\/timoneirocanoas\/"}]}},"_links":{"self":[{"href":"https:\/\/jornaltimoneiro.com.br\/index.php\/wp-json\/wp\/v2\/posts\/7379"}],"collection":[{"href":"https:\/\/jornaltimoneiro.com.br\/index.php\/wp-json\/wp\/v2\/posts"}],"about":[{"href":"https:\/\/jornaltimoneiro.com.br\/index.php\/wp-json\/wp\/v2\/types\/post"}],"author":[{"embeddable":true,"href":"https:\/\/jornaltimoneiro.com.br\/index.php\/wp-json\/wp\/v2\/users\/1"}],"replies":[{"embeddable":true,"href":"https:\/\/jornaltimoneiro.com.br\/index.php\/wp-json\/wp\/v2\/comments?post=7379"}],"version-history":[{"count":0,"href":"https:\/\/jornaltimoneiro.com.br\/index.php\/wp-json\/wp\/v2\/posts\/7379\/revisions"}],"wp:featuredmedia":[{"embeddable":true,"href":"https:\/\/jornaltimoneiro.com.br\/index.php\/wp-json\/"}],"wp:attachment":[{"href":"https:\/\/jornaltimoneiro.com.br\/index.php\/wp-json\/wp\/v2\/media?parent=7379"}],"wp:term":[{"taxonomy":"category","embeddable":true,"href":"https:\/\/jornaltimoneiro.com.br\/index.php\/wp-json\/wp\/v2\/categories?post=7379"},{"taxonomy":"post_tag","embeddable":true,"href":"https:\/\/jornaltimoneiro.com.br\/index.php\/wp-json\/wp\/v2\/tags?post=7379"}],"curies":[{"name":"wp","href":"https:\/\/api.w.org\/{rel}","templated":true}]}}