{"id":7304,"date":"2017-05-05T11:46:22","date_gmt":"2017-05-05T14:46:22","guid":{"rendered":"http:\/\/otimoneiro.com.br\/?p=7304"},"modified":"2017-05-05T11:46:22","modified_gmt":"2017-05-05T14:46:22","slug":"diretoria-de-politicas-para-as-mulheres-recebe-grupo-de-maes-da-apae","status":"publish","type":"post","link":"https:\/\/jornaltimoneiro.com.br\/index.php\/2017\/05\/05\/diretoria-de-politicas-para-as-mulheres-recebe-grupo-de-maes-da-apae\/","title":{"rendered":"Diretoria de Pol\u00edticas para as Mulheres recebe grupo de m\u00e3es da Apae"},"content":{"rendered":"<p><a href=\"http:\/\/otimoneiro.com.br\/wp-content\/uploads\/2017\/05\/unnamed.jpg\"><img decoding=\"async\" class=\"aligncenter size-large wp-image-7305\" src=\"http:\/\/otimoneiro.com.br\/wp-content\/uploads\/2017\/05\/unnamed-1024x682.jpg\" alt=\"unnamed\" width=\"1024\" height=\"682\" \/><\/a><\/p>\n<p>Por iniciativa de um grupo de m\u00e3es da Associa\u00e7\u00e3o de Pais e Amigos dos Excepcionais (Apae) de Canoas, a Diretoria de Pol\u00edticas para as Mulheres do munic\u00edpio promoveu um encontro com o objetivo de reunir e motivar estas mulheres. Essa \u00e9 a segunda vez que o grupo se re\u00fane. Na primeira edi\u00e7\u00e3o, a Rede de Enfrentamento \u00e0 Viol\u00eancia Contra as Mulheres foi apresentada \u00e0s m\u00e3es, que puderam conhecer um pouco mais do trabalho da Diretoria.<\/p>\n<p>Estiveram reunidas 11 m\u00e3es, juntamente com a psic\u00f3loga J\u00falia dos Anjos, representando a Apae de Canoas. A fonoaudi\u00f3loga Karina Zanardo, expresidente da Apae de S\u00e3o Paulo, foi a convidada desta quinta-feira, 4. Contando a sua experi\u00eancia profissional, ela ressaltou a import\u00e2ncia de entenderem que, al\u00e9m de m\u00e3es, elas s\u00e3o mulheres. &#8220;Com a realidade da defici\u00eancia, a caminhada \u00e9 ainda mais dif\u00edcil. Mas onde fica a mulher nesta situa\u00e7\u00e3o? Estes encontros precisam resgatar quest\u00f5es como autoestima, sexualidade, empoderamento. Quando a m\u00e3e est\u00e1 bem consigo, ela est\u00e1 bem para cuidar do seu filho&#8221;, refor\u00e7a Karina.<\/p>\n<p>Os encontros devem ocorrer quinzenalmente na diretoria. &#8220;\u00c9 importante que elas tenham um momento para cuidarem de si, conversarem, se apoiarem, oportunizando a troca de experi\u00eancias. A ideia tamb\u00e9m \u00e9 realizar passeios e atividades extras, como uma sess\u00e3o de cinema, por exemplo&#8221;, explica a assessora da Diretoria, Darcisa Alves. \u201cSer\u00e3o temas variados, em um espa\u00e7o para aprender, ouvir, compartilhar e refor\u00e7ar o empoderamento feminino\u201d, finaliza a Diretora de Pol\u00edticas para as Mulheres do munic\u00edpio, Ana Moraes.es do munic\u00edpio, Ana Moraes.a Moraes.<\/p>\n","protected":false},"excerpt":{"rendered":"<p>Por iniciativa de um grupo de m\u00e3es da Associa\u00e7\u00e3o de Pais e Amigos dos Excepcionais (Apae) de Canoas, a Diretoria de Pol\u00edticas para as Mulheres do munic\u00edpio promoveu um encontro com o objetivo de reunir e motivar estas mulheres. Essa \u00e9 a segunda vez que o grupo se re\u00fane. Na primeira edi\u00e7\u00e3o, a Rede de [&hellip;]<\/p>\n","protected":false},"author":1,"featured_media":7305,"comment_status":"open","ping_status":"open","sticky":false,"template":"","format":"standard","meta":{"amp_status":"","footnotes":""},"categories":[25,23,22,20],"tags":[],"class_list":["post-7304","post","type-post","status-publish","format-standard","has-post-thumbnail","hentry","category-comunidade","category-geral","category-noticias","category-politica-noticias"],"yoast_head":"<!-- This site is optimized with the Yoast SEO plugin v20.5 - https:\/\/yoast.com\/wordpress\/plugins\/seo\/ -->\n<title>Diretoria de Pol\u00edticas para as Mulheres recebe grupo de m\u00e3es da Apae - O Timoneiro Jornal Canoas RS<\/title>\n<meta name=\"robots\" content=\"index, follow, max-snippet:-1, max-image-preview:large, max-video-preview:-1\" \/>\n<link rel=\"canonical\" href=\"https:\/\/jornaltimoneiro.com.br\/index.php\/2017\/05\/05\/diretoria-de-politicas-para-as-mulheres-recebe-grupo-de-maes-da-apae\/\" \/>\n<meta property=\"og:locale\" content=\"pt_BR\" \/>\n<meta property=\"og:type\" content=\"article\" \/>\n<meta property=\"og:title\" content=\"Diretoria de Pol\u00edticas para as Mulheres recebe grupo de m\u00e3es da Apae - O Timoneiro Jornal Canoas RS\" \/>\n<meta property=\"og:description\" content=\"Por iniciativa de um grupo de m\u00e3es da Associa\u00e7\u00e3o de Pais e Amigos dos Excepcionais (Apae) de Canoas, a Diretoria de Pol\u00edticas para as Mulheres do munic\u00edpio promoveu um encontro com o objetivo de reunir e motivar estas mulheres. Essa \u00e9 a segunda vez que o grupo se re\u00fane. Na primeira edi\u00e7\u00e3o, a Rede de [&hellip;]\" \/>\n<meta property=\"og:url\" content=\"https:\/\/jornaltimoneiro.com.br\/index.php\/2017\/05\/05\/diretoria-de-politicas-para-as-mulheres-recebe-grupo-de-maes-da-apae\/\" \/>\n<meta property=\"og:site_name\" content=\"O Timoneiro Jornal Canoas RS\" \/>\n<meta property=\"article:publisher\" content=\"https:\/\/www.facebook.com\/jornaltimoneiro\" \/>\n<meta property=\"article:published_time\" content=\"2017-05-05T14:46:22+00:00\" \/>\n<meta name=\"author\" content=\"Reda\u00e7\u00e3o\" \/>\n<meta name=\"twitter:card\" content=\"summary_large_image\" \/>\n<meta name=\"twitter:creator\" content=\"@_OTimoneiro\" \/>\n<meta name=\"twitter:site\" content=\"@_OTimoneiro\" \/>\n<meta name=\"twitter:label1\" content=\"Escrito por\" \/>\n\t<meta name=\"twitter:data1\" content=\"Reda\u00e7\u00e3o\" \/>\n\t<meta name=\"twitter:label2\" content=\"Est. tempo de leitura\" \/>\n\t<meta name=\"twitter:data2\" content=\"1 minuto\" \/>\n<script type=\"application\/ld+json\" class=\"yoast-schema-graph\">{\"@context\":\"https:\/\/schema.org\",\"@graph\":[{\"@type\":\"Article\",\"@id\":\"https:\/\/jornaltimoneiro.com.br\/index.php\/2017\/05\/05\/diretoria-de-politicas-para-as-mulheres-recebe-grupo-de-maes-da-apae\/#article\",\"isPartOf\":{\"@id\":\"https:\/\/jornaltimoneiro.com.br\/index.php\/2017\/05\/05\/diretoria-de-politicas-para-as-mulheres-recebe-grupo-de-maes-da-apae\/\"},\"author\":{\"name\":\"Reda\u00e7\u00e3o\",\"@id\":\"https:\/\/jornaltimoneiro.com.br\/#\/schema\/person\/620efd1d8244466117482be494360b08\"},\"headline\":\"Diretoria de Pol\u00edticas para as Mulheres recebe grupo de m\u00e3es da Apae\",\"datePublished\":\"2017-05-05T14:46:22+00:00\",\"dateModified\":\"2017-05-05T14:46:22+00:00\",\"mainEntityOfPage\":{\"@id\":\"https:\/\/jornaltimoneiro.com.br\/index.php\/2017\/05\/05\/diretoria-de-politicas-para-as-mulheres-recebe-grupo-de-maes-da-apae\/\"},\"wordCount\":291,\"commentCount\":0,\"publisher\":{\"@id\":\"https:\/\/jornaltimoneiro.com.br\/#organization\"},\"articleSection\":[\"Comunidade\",\"Geral\",\"Not\u00edcias\",\"Pol\u00edtica\"],\"inLanguage\":\"pt-BR\",\"potentialAction\":[{\"@type\":\"CommentAction\",\"name\":\"Comment\",\"target\":[\"https:\/\/jornaltimoneiro.com.br\/index.php\/2017\/05\/05\/diretoria-de-politicas-para-as-mulheres-recebe-grupo-de-maes-da-apae\/#respond\"]}]},{\"@type\":\"WebPage\",\"@id\":\"https:\/\/jornaltimoneiro.com.br\/index.php\/2017\/05\/05\/diretoria-de-politicas-para-as-mulheres-recebe-grupo-de-maes-da-apae\/\",\"url\":\"https:\/\/jornaltimoneiro.com.br\/index.php\/2017\/05\/05\/diretoria-de-politicas-para-as-mulheres-recebe-grupo-de-maes-da-apae\/\",\"name\":\"Diretoria de Pol\u00edticas para as Mulheres recebe grupo de m\u00e3es da Apae - O Timoneiro Jornal Canoas RS\",\"isPartOf\":{\"@id\":\"https:\/\/jornaltimoneiro.com.br\/#website\"},\"datePublished\":\"2017-05-05T14:46:22+00:00\",\"dateModified\":\"2017-05-05T14:46:22+00:00\",\"breadcrumb\":{\"@id\":\"https:\/\/jornaltimoneiro.com.br\/index.php\/2017\/05\/05\/diretoria-de-politicas-para-as-mulheres-recebe-grupo-de-maes-da-apae\/#breadcrumb\"},\"inLanguage\":\"pt-BR\",\"potentialAction\":[{\"@type\":\"ReadAction\",\"target\":[\"https:\/\/jornaltimoneiro.com.br\/index.php\/2017\/05\/05\/diretoria-de-politicas-para-as-mulheres-recebe-grupo-de-maes-da-apae\/\"]}]},{\"@type\":\"BreadcrumbList\",\"@id\":\"https:\/\/jornaltimoneiro.com.br\/index.php\/2017\/05\/05\/diretoria-de-politicas-para-as-mulheres-recebe-grupo-de-maes-da-apae\/#breadcrumb\",\"itemListElement\":[{\"@type\":\"ListItem\",\"position\":1,\"name\":\"In\u00edcio\",\"item\":\"https:\/\/jornaltimoneiro.com.br\/\"},{\"@type\":\"ListItem\",\"position\":2,\"name\":\"Diretoria de Pol\u00edticas para as Mulheres recebe grupo de m\u00e3es da Apae\"}]},{\"@type\":\"WebSite\",\"@id\":\"https:\/\/jornaltimoneiro.com.br\/#website\",\"url\":\"https:\/\/jornaltimoneiro.com.br\/\",\"name\":\"Jornal Timoneiro Canoas RS\",\"description\":\"Jornal O Timoneiro, o verdadeiro jornal de Canoas\",\"publisher\":{\"@id\":\"https:\/\/jornaltimoneiro.com.br\/#organization\"},\"potentialAction\":[{\"@type\":\"SearchAction\",\"target\":{\"@type\":\"EntryPoint\",\"urlTemplate\":\"https:\/\/jornaltimoneiro.com.br\/?s={search_term_string}\"},\"query-input\":\"required name=search_term_string\"}],\"inLanguage\":\"pt-BR\"},{\"@type\":\"Organization\",\"@id\":\"https:\/\/jornaltimoneiro.com.br\/#organization\",\"name\":\"Jornal Timoneiro Canoas RS\",\"url\":\"https:\/\/jornaltimoneiro.com.br\/\",\"logo\":{\"@type\":\"ImageObject\",\"inLanguage\":\"pt-BR\",\"@id\":\"https:\/\/jornaltimoneiro.com.br\/#\/schema\/logo\/image\/\",\"url\":\"https:\/\/jornaltimoneiro.com.br\/wp-content\/uploads\/2023\/03\/logonovo.png\",\"contentUrl\":\"https:\/\/jornaltimoneiro.com.br\/wp-content\/uploads\/2023\/03\/logonovo.png\",\"width\":\"469\",\"height\":\"171\",\"caption\":\"Jornal Timoneiro Canoas RS\"},\"image\":{\"@id\":\"https:\/\/jornaltimoneiro.com.br\/#\/schema\/logo\/image\/\"},\"sameAs\":[\"https:\/\/www.facebook.com\/jornaltimoneiro\",\"https:\/\/twitter.com\/_OTimoneiro\",\"https:\/\/www.instagram.com\/jornaltimoneirocanoas\/\",\"https:\/\/www.youtube.com\/@jornalotimoneiro7927\"]},{\"@type\":\"Person\",\"@id\":\"https:\/\/jornaltimoneiro.com.br\/#\/schema\/person\/620efd1d8244466117482be494360b08\",\"name\":\"Reda\u00e7\u00e3o\",\"image\":{\"@type\":\"ImageObject\",\"inLanguage\":\"pt-BR\",\"@id\":\"https:\/\/jornaltimoneiro.com.br\/#\/schema\/person\/image\/\",\"url\":\"https:\/\/secure.gravatar.com\/avatar\/2f04e1b304682a8d9db336c7acd77f08?s=96&d=mm&r=g\",\"contentUrl\":\"https:\/\/secure.gravatar.com\/avatar\/2f04e1b304682a8d9db336c7acd77f08?s=96&d=mm&r=g\",\"caption\":\"Reda\u00e7\u00e3o\"},\"url\":\"https:\/\/jornaltimoneiro.com.br\/index.php\/author\/timoneirocanoas\/\"}]}<\/script>\n<!-- \/ Yoast SEO plugin. -->","yoast_head_json":{"title":"Diretoria de Pol\u00edticas para as Mulheres recebe grupo de m\u00e3es da Apae - O Timoneiro Jornal Canoas RS","robots":{"index":"index","follow":"follow","max-snippet":"max-snippet:-1","max-image-preview":"max-image-preview:large","max-video-preview":"max-video-preview:-1"},"canonical":"https:\/\/jornaltimoneiro.com.br\/index.php\/2017\/05\/05\/diretoria-de-politicas-para-as-mulheres-recebe-grupo-de-maes-da-apae\/","og_locale":"pt_BR","og_type":"article","og_title":"Diretoria de Pol\u00edticas para as Mulheres recebe grupo de m\u00e3es da Apae - O Timoneiro Jornal Canoas RS","og_description":"Por iniciativa de um grupo de m\u00e3es da Associa\u00e7\u00e3o de Pais e Amigos dos Excepcionais (Apae) de Canoas, a Diretoria de Pol\u00edticas para as Mulheres do munic\u00edpio promoveu um encontro com o objetivo de reunir e motivar estas mulheres. Essa \u00e9 a segunda vez que o grupo se re\u00fane. Na primeira edi\u00e7\u00e3o, a Rede de [&hellip;]","og_url":"https:\/\/jornaltimoneiro.com.br\/index.php\/2017\/05\/05\/diretoria-de-politicas-para-as-mulheres-recebe-grupo-de-maes-da-apae\/","og_site_name":"O Timoneiro Jornal Canoas RS","article_publisher":"https:\/\/www.facebook.com\/jornaltimoneiro","article_published_time":"2017-05-05T14:46:22+00:00","author":"Reda\u00e7\u00e3o","twitter_card":"summary_large_image","twitter_creator":"@_OTimoneiro","twitter_site":"@_OTimoneiro","twitter_misc":{"Escrito por":"Reda\u00e7\u00e3o","Est. tempo de leitura":"1 minuto"},"schema":{"@context":"https:\/\/schema.org","@graph":[{"@type":"Article","@id":"https:\/\/jornaltimoneiro.com.br\/index.php\/2017\/05\/05\/diretoria-de-politicas-para-as-mulheres-recebe-grupo-de-maes-da-apae\/#article","isPartOf":{"@id":"https:\/\/jornaltimoneiro.com.br\/index.php\/2017\/05\/05\/diretoria-de-politicas-para-as-mulheres-recebe-grupo-de-maes-da-apae\/"},"author":{"name":"Reda\u00e7\u00e3o","@id":"https:\/\/jornaltimoneiro.com.br\/#\/schema\/person\/620efd1d8244466117482be494360b08"},"headline":"Diretoria de Pol\u00edticas para as Mulheres recebe grupo de m\u00e3es da Apae","datePublished":"2017-05-05T14:46:22+00:00","dateModified":"2017-05-05T14:46:22+00:00","mainEntityOfPage":{"@id":"https:\/\/jornaltimoneiro.com.br\/index.php\/2017\/05\/05\/diretoria-de-politicas-para-as-mulheres-recebe-grupo-de-maes-da-apae\/"},"wordCount":291,"commentCount":0,"publisher":{"@id":"https:\/\/jornaltimoneiro.com.br\/#organization"},"articleSection":["Comunidade","Geral","Not\u00edcias","Pol\u00edtica"],"inLanguage":"pt-BR","potentialAction":[{"@type":"CommentAction","name":"Comment","target":["https:\/\/jornaltimoneiro.com.br\/index.php\/2017\/05\/05\/diretoria-de-politicas-para-as-mulheres-recebe-grupo-de-maes-da-apae\/#respond"]}]},{"@type":"WebPage","@id":"https:\/\/jornaltimoneiro.com.br\/index.php\/2017\/05\/05\/diretoria-de-politicas-para-as-mulheres-recebe-grupo-de-maes-da-apae\/","url":"https:\/\/jornaltimoneiro.com.br\/index.php\/2017\/05\/05\/diretoria-de-politicas-para-as-mulheres-recebe-grupo-de-maes-da-apae\/","name":"Diretoria de Pol\u00edticas para as Mulheres recebe grupo de m\u00e3es da Apae - O Timoneiro Jornal Canoas RS","isPartOf":{"@id":"https:\/\/jornaltimoneiro.com.br\/#website"},"datePublished":"2017-05-05T14:46:22+00:00","dateModified":"2017-05-05T14:46:22+00:00","breadcrumb":{"@id":"https:\/\/jornaltimoneiro.com.br\/index.php\/2017\/05\/05\/diretoria-de-politicas-para-as-mulheres-recebe-grupo-de-maes-da-apae\/#breadcrumb"},"inLanguage":"pt-BR","potentialAction":[{"@type":"ReadAction","target":["https:\/\/jornaltimoneiro.com.br\/index.php\/2017\/05\/05\/diretoria-de-politicas-para-as-mulheres-recebe-grupo-de-maes-da-apae\/"]}]},{"@type":"BreadcrumbList","@id":"https:\/\/jornaltimoneiro.com.br\/index.php\/2017\/05\/05\/diretoria-de-politicas-para-as-mulheres-recebe-grupo-de-maes-da-apae\/#breadcrumb","itemListElement":[{"@type":"ListItem","position":1,"name":"In\u00edcio","item":"https:\/\/jornaltimoneiro.com.br\/"},{"@type":"ListItem","position":2,"name":"Diretoria de Pol\u00edticas para as Mulheres recebe grupo de m\u00e3es da Apae"}]},{"@type":"WebSite","@id":"https:\/\/jornaltimoneiro.com.br\/#website","url":"https:\/\/jornaltimoneiro.com.br\/","name":"Jornal Timoneiro Canoas RS","description":"Jornal O Timoneiro, o verdadeiro jornal de Canoas","publisher":{"@id":"https:\/\/jornaltimoneiro.com.br\/#organization"},"potentialAction":[{"@type":"SearchAction","target":{"@type":"EntryPoint","urlTemplate":"https:\/\/jornaltimoneiro.com.br\/?s={search_term_string}"},"query-input":"required name=search_term_string"}],"inLanguage":"pt-BR"},{"@type":"Organization","@id":"https:\/\/jornaltimoneiro.com.br\/#organization","name":"Jornal Timoneiro Canoas RS","url":"https:\/\/jornaltimoneiro.com.br\/","logo":{"@type":"ImageObject","inLanguage":"pt-BR","@id":"https:\/\/jornaltimoneiro.com.br\/#\/schema\/logo\/image\/","url":"https:\/\/jornaltimoneiro.com.br\/wp-content\/uploads\/2023\/03\/logonovo.png","contentUrl":"https:\/\/jornaltimoneiro.com.br\/wp-content\/uploads\/2023\/03\/logonovo.png","width":"469","height":"171","caption":"Jornal Timoneiro Canoas RS"},"image":{"@id":"https:\/\/jornaltimoneiro.com.br\/#\/schema\/logo\/image\/"},"sameAs":["https:\/\/www.facebook.com\/jornaltimoneiro","https:\/\/twitter.com\/_OTimoneiro","https:\/\/www.instagram.com\/jornaltimoneirocanoas\/","https:\/\/www.youtube.com\/@jornalotimoneiro7927"]},{"@type":"Person","@id":"https:\/\/jornaltimoneiro.com.br\/#\/schema\/person\/620efd1d8244466117482be494360b08","name":"Reda\u00e7\u00e3o","image":{"@type":"ImageObject","inLanguage":"pt-BR","@id":"https:\/\/jornaltimoneiro.com.br\/#\/schema\/person\/image\/","url":"https:\/\/secure.gravatar.com\/avatar\/2f04e1b304682a8d9db336c7acd77f08?s=96&d=mm&r=g","contentUrl":"https:\/\/secure.gravatar.com\/avatar\/2f04e1b304682a8d9db336c7acd77f08?s=96&d=mm&r=g","caption":"Reda\u00e7\u00e3o"},"url":"https:\/\/jornaltimoneiro.com.br\/index.php\/author\/timoneirocanoas\/"}]}},"_links":{"self":[{"href":"https:\/\/jornaltimoneiro.com.br\/index.php\/wp-json\/wp\/v2\/posts\/7304"}],"collection":[{"href":"https:\/\/jornaltimoneiro.com.br\/index.php\/wp-json\/wp\/v2\/posts"}],"about":[{"href":"https:\/\/jornaltimoneiro.com.br\/index.php\/wp-json\/wp\/v2\/types\/post"}],"author":[{"embeddable":true,"href":"https:\/\/jornaltimoneiro.com.br\/index.php\/wp-json\/wp\/v2\/users\/1"}],"replies":[{"embeddable":true,"href":"https:\/\/jornaltimoneiro.com.br\/index.php\/wp-json\/wp\/v2\/comments?post=7304"}],"version-history":[{"count":0,"href":"https:\/\/jornaltimoneiro.com.br\/index.php\/wp-json\/wp\/v2\/posts\/7304\/revisions"}],"wp:featuredmedia":[{"embeddable":true,"href":"https:\/\/jornaltimoneiro.com.br\/index.php\/wp-json\/"}],"wp:attachment":[{"href":"https:\/\/jornaltimoneiro.com.br\/index.php\/wp-json\/wp\/v2\/media?parent=7304"}],"wp:term":[{"taxonomy":"category","embeddable":true,"href":"https:\/\/jornaltimoneiro.com.br\/index.php\/wp-json\/wp\/v2\/categories?post=7304"},{"taxonomy":"post_tag","embeddable":true,"href":"https:\/\/jornaltimoneiro.com.br\/index.php\/wp-json\/wp\/v2\/tags?post=7304"}],"curies":[{"name":"wp","href":"https:\/\/api.w.org\/{rel}","templated":true}]}}