{"id":7289,"date":"2017-05-04T11:09:43","date_gmt":"2017-05-04T14:09:43","guid":{"rendered":"http:\/\/otimoneiro.com.br\/?p=7289"},"modified":"2017-05-04T11:09:43","modified_gmt":"2017-05-04T14:09:43","slug":"ceia-divulga-calendario-de-formacoes-para-profissionais-da-area","status":"publish","type":"post","link":"https:\/\/jornaltimoneiro.com.br\/index.php\/2017\/05\/04\/ceia-divulga-calendario-de-formacoes-para-profissionais-da-area\/","title":{"rendered":"Ceia divulga calend\u00e1rio de forma\u00e7\u00f5es para profissionais da \u00e1rea"},"content":{"rendered":"<p style=\"text-align: justify;\"><a href=\"http:\/\/otimoneiro.com.br\/wp-content\/uploads\/2016\/11\/logo.jpg\"><img decoding=\"async\" class=\"aligncenter size-full wp-image-5628\" src=\"http:\/\/otimoneiro.com.br\/wp-content\/uploads\/2016\/11\/logo.jpg\" alt=\"logo\" width=\"960\" height=\"960\" \/><\/a><\/p>\n<p>A Diretoria de Educa\u00e7\u00e3o Inclusiva (DEIN) da Secretaria Municipal de Educa\u00e7\u00e3o (SME) divulgou o calend\u00e1rio de forma\u00e7\u00f5es do Centro de Capacita\u00e7\u00e3o, Educa\u00e7\u00e3o Inclusiva e Acessibilidade (CEIA) para o primeiro semestre de 2017. As palestras e oficinas s\u00e3o voltadas especialmente para os profissionais da \u00e1rea, mas o convite se estende aos demais interessados no tema. Para os professores de Sala de Recursos, a participa\u00e7\u00e3o nas forma\u00e7\u00f5es dos dias 26\/05 e 30\/06 \u00e9 obrigat\u00f3ria.<\/p>\n<p>Para a Diretora de Inclus\u00e3o da Secretaria de Educa\u00e7\u00e3o, Renata Flores, as forma\u00e7\u00f5es s\u00e3o de extrema import\u00e2ncia para a melhoria da educa\u00e7\u00e3o no munic\u00edpio. &#8220;O objetivo principal das atividades \u00e9 proporcionar um refor\u00e7o te\u00f3rico e um espa\u00e7o aberto para troca de experi\u00eancias entre todos os profissionais da educa\u00e7\u00e3o que atuam na cidade Canoas&#8221;, ressalta Renata.<\/p>\n<p>As inscri\u00e7\u00f5es devem ser realizadas pelo e-mail: <a href=\"mailto:sme.inclusao@gmail.com\">sme.inclusao@gmail.com<\/a>.<\/p>\n<p>Na quarta-feira, 25 de abril, ocorreu a primeira oficina com o tema &#8220;O Plano de Metas na Educa\u00e7\u00e3o Infantil: Rotinas e Viv\u00eancias\u201d. Confira abaixo o cronograma com as pr\u00f3ximas atividades:<\/p>\n<p><em>*Algumas datas poder\u00e3o sofrer altera\u00e7\u00f5es<\/em><\/p>\n<p><strong>09\/05<\/strong><\/p>\n<p>Oficina: Estimula\u00e7\u00e3o da Linguagem e Altera\u00e7\u00e3o da Fala<\/p>\n<p>P\u00fablico-alvo: Professores da educa\u00e7\u00e3o infantil<\/p>\n<p>Hor\u00e1rio: 14 \u00e0s 16 horas<\/p>\n<p>Local: EMEI V\u00f3 Pedra &#8211; Rua Primavera, 670 &#8211; Rio Branco<\/p>\n<p>Profissional respons\u00e1vel: Rosalina Moro &#8211; CEIA &#8211; DEIN<\/p>\n<p><strong>26\/05<\/strong><\/p>\n<p>Palestra: Sensibiliza\u00e7\u00e3o nos Segmentos da Defici\u00eancia<\/p>\n<p>P\u00fablico-alvo: Professores de SR, TEB\u2019s, estagi\u00e1rios de inclus\u00e3o<\/p>\n<p>Hor\u00e1rio: 8 \u00e0s 12 horas<\/p>\n<p>Local: Canoasprev &#8211; Av. Inconfid\u00eancia, 817 &#8211; Centro<\/p>\n<p>Profissional respons\u00e1vel:<\/p>\n<p>Renata Flores, diretora de inclus\u00e3o &#8211; DEIN<\/p>\n<p>Joelba Plein, diretora pedag\u00f3gica &#8211; DP<\/p>\n<p><strong>01\/06<\/strong><\/p>\n<p>Oficina: Estimula\u00e7\u00e3o Precoce e Psicopedagogia Inicial<\/p>\n<p>P\u00fablico-alvo: Professores da educa\u00e7\u00e3o infantil<\/p>\n<p>Hor\u00e1rio: 9 \u00e0s 12 horas<\/p>\n<p>Local: EMEI V\u00f3 Sara &#8211; Rua S\u00e3o Louren\u00e7o, 55 &#8211; Mathias Velho<\/p>\n<p>Profissional respons\u00e1vel:<\/p>\n<p>Eva Cristina Fanchinelli &#8211; CEIA &#8211; DEIN<\/p>\n<p>Glaucia de Oliveira Gomes Limas &#8211; CEIA &#8211; DEIN<\/p>\n<p><strong>30\/06<\/strong><\/p>\n<p>Palestra: A Constitui\u00e7\u00e3o do Sujeito Ps\u00edquico<\/p>\n<p>P\u00fablico-alvo: Professores de SR, TEB\u2019s, estagi\u00e1rios de inclus\u00e3o<\/p>\n<p>Hor\u00e1rio: 8 \u00e0s 12 horas<\/p>\n<p>Local: Canoasprev &#8211; Av. Inconfid\u00eancia, 817 &#8211; Centro<\/p>\n<p>Profissional respons\u00e1vel: Professora Beatriz Paim &#8211; ULBRA<\/p>\n<p><strong>14\/07<\/strong><\/p>\n<p>Oficina: O Corpo L\u00fadico<\/p>\n<p>P\u00fablico-alvo: Professores de SR, TEB\u2019s, estagi\u00e1rios de inclus\u00e3o<\/p>\n<p>Hor\u00e1rio: 8 \u00e0s 12 horas<\/p>\n<p>Local: Audit\u00f3rio SESC Canoas &#8211; Av. Guilherme Schell, 5340 &#8211; Centro<\/p>\n<p>Profissional respons\u00e1vel: Professor Antonio Carlos Basegio &#8211; CEIA &#8211; DEIN<\/p>\n<p>&nbsp;<\/p>\n","protected":false},"excerpt":{"rendered":"<p>A Diretoria de Educa\u00e7\u00e3o Inclusiva (DEIN) da Secretaria Municipal de Educa\u00e7\u00e3o (SME) divulgou o calend\u00e1rio de forma\u00e7\u00f5es do Centro de Capacita\u00e7\u00e3o, Educa\u00e7\u00e3o Inclusiva e Acessibilidade (CEIA) para o primeiro semestre de 2017. As palestras e oficinas s\u00e3o voltadas especialmente para os profissionais da \u00e1rea, mas o convite se estende aos demais interessados no tema. Para [&hellip;]<\/p>\n","protected":false},"author":1,"featured_media":5628,"comment_status":"open","ping_status":"open","sticky":false,"template":"","format":"standard","meta":{"amp_status":"","footnotes":""},"categories":[19,23,22],"tags":[],"class_list":["post-7289","post","type-post","status-publish","format-standard","has-post-thumbnail","hentry","category-destaques","category-geral","category-noticias"],"yoast_head":"<!-- This site is optimized with the Yoast SEO plugin v20.5 - https:\/\/yoast.com\/wordpress\/plugins\/seo\/ -->\n<title>Ceia divulga calend\u00e1rio de forma\u00e7\u00f5es para profissionais da \u00e1rea - O Timoneiro Jornal Canoas RS<\/title>\n<meta name=\"robots\" content=\"index, follow, max-snippet:-1, max-image-preview:large, max-video-preview:-1\" \/>\n<link rel=\"canonical\" href=\"https:\/\/jornaltimoneiro.com.br\/index.php\/2017\/05\/04\/ceia-divulga-calendario-de-formacoes-para-profissionais-da-area\/\" \/>\n<meta property=\"og:locale\" content=\"pt_BR\" \/>\n<meta property=\"og:type\" content=\"article\" \/>\n<meta property=\"og:title\" content=\"Ceia divulga calend\u00e1rio de forma\u00e7\u00f5es para profissionais da \u00e1rea - O Timoneiro Jornal Canoas RS\" \/>\n<meta property=\"og:description\" content=\"A Diretoria de Educa\u00e7\u00e3o Inclusiva (DEIN) da Secretaria Municipal de Educa\u00e7\u00e3o (SME) divulgou o calend\u00e1rio de forma\u00e7\u00f5es do Centro de Capacita\u00e7\u00e3o, Educa\u00e7\u00e3o Inclusiva e Acessibilidade (CEIA) para o primeiro semestre de 2017. As palestras e oficinas s\u00e3o voltadas especialmente para os profissionais da \u00e1rea, mas o convite se estende aos demais interessados no tema. Para [&hellip;]\" \/>\n<meta property=\"og:url\" content=\"https:\/\/jornaltimoneiro.com.br\/index.php\/2017\/05\/04\/ceia-divulga-calendario-de-formacoes-para-profissionais-da-area\/\" \/>\n<meta property=\"og:site_name\" content=\"O Timoneiro Jornal Canoas RS\" \/>\n<meta property=\"article:publisher\" content=\"https:\/\/www.facebook.com\/jornaltimoneiro\" \/>\n<meta property=\"article:published_time\" content=\"2017-05-04T14:09:43+00:00\" \/>\n<meta name=\"author\" content=\"Reda\u00e7\u00e3o\" \/>\n<meta name=\"twitter:card\" content=\"summary_large_image\" \/>\n<meta name=\"twitter:creator\" content=\"@_OTimoneiro\" \/>\n<meta name=\"twitter:site\" content=\"@_OTimoneiro\" \/>\n<meta name=\"twitter:label1\" content=\"Escrito por\" \/>\n\t<meta name=\"twitter:data1\" content=\"Reda\u00e7\u00e3o\" \/>\n\t<meta name=\"twitter:label2\" content=\"Est. tempo de leitura\" \/>\n\t<meta name=\"twitter:data2\" content=\"2 minutos\" \/>\n<script type=\"application\/ld+json\" class=\"yoast-schema-graph\">{\"@context\":\"https:\/\/schema.org\",\"@graph\":[{\"@type\":\"Article\",\"@id\":\"https:\/\/jornaltimoneiro.com.br\/index.php\/2017\/05\/04\/ceia-divulga-calendario-de-formacoes-para-profissionais-da-area\/#article\",\"isPartOf\":{\"@id\":\"https:\/\/jornaltimoneiro.com.br\/index.php\/2017\/05\/04\/ceia-divulga-calendario-de-formacoes-para-profissionais-da-area\/\"},\"author\":{\"name\":\"Reda\u00e7\u00e3o\",\"@id\":\"https:\/\/jornaltimoneiro.com.br\/#\/schema\/person\/620efd1d8244466117482be494360b08\"},\"headline\":\"Ceia divulga calend\u00e1rio de forma\u00e7\u00f5es para profissionais da \u00e1rea\",\"datePublished\":\"2017-05-04T14:09:43+00:00\",\"dateModified\":\"2017-05-04T14:09:43+00:00\",\"mainEntityOfPage\":{\"@id\":\"https:\/\/jornaltimoneiro.com.br\/index.php\/2017\/05\/04\/ceia-divulga-calendario-de-formacoes-para-profissionais-da-area\/\"},\"wordCount\":430,\"commentCount\":0,\"publisher\":{\"@id\":\"https:\/\/jornaltimoneiro.com.br\/#organization\"},\"articleSection\":[\"Destaques\",\"Geral\",\"Not\u00edcias\"],\"inLanguage\":\"pt-BR\",\"potentialAction\":[{\"@type\":\"CommentAction\",\"name\":\"Comment\",\"target\":[\"https:\/\/jornaltimoneiro.com.br\/index.php\/2017\/05\/04\/ceia-divulga-calendario-de-formacoes-para-profissionais-da-area\/#respond\"]}]},{\"@type\":\"WebPage\",\"@id\":\"https:\/\/jornaltimoneiro.com.br\/index.php\/2017\/05\/04\/ceia-divulga-calendario-de-formacoes-para-profissionais-da-area\/\",\"url\":\"https:\/\/jornaltimoneiro.com.br\/index.php\/2017\/05\/04\/ceia-divulga-calendario-de-formacoes-para-profissionais-da-area\/\",\"name\":\"Ceia divulga calend\u00e1rio de forma\u00e7\u00f5es para profissionais da \u00e1rea - O Timoneiro Jornal Canoas RS\",\"isPartOf\":{\"@id\":\"https:\/\/jornaltimoneiro.com.br\/#website\"},\"datePublished\":\"2017-05-04T14:09:43+00:00\",\"dateModified\":\"2017-05-04T14:09:43+00:00\",\"breadcrumb\":{\"@id\":\"https:\/\/jornaltimoneiro.com.br\/index.php\/2017\/05\/04\/ceia-divulga-calendario-de-formacoes-para-profissionais-da-area\/#breadcrumb\"},\"inLanguage\":\"pt-BR\",\"potentialAction\":[{\"@type\":\"ReadAction\",\"target\":[\"https:\/\/jornaltimoneiro.com.br\/index.php\/2017\/05\/04\/ceia-divulga-calendario-de-formacoes-para-profissionais-da-area\/\"]}]},{\"@type\":\"BreadcrumbList\",\"@id\":\"https:\/\/jornaltimoneiro.com.br\/index.php\/2017\/05\/04\/ceia-divulga-calendario-de-formacoes-para-profissionais-da-area\/#breadcrumb\",\"itemListElement\":[{\"@type\":\"ListItem\",\"position\":1,\"name\":\"In\u00edcio\",\"item\":\"https:\/\/jornaltimoneiro.com.br\/\"},{\"@type\":\"ListItem\",\"position\":2,\"name\":\"Ceia divulga calend\u00e1rio de forma\u00e7\u00f5es para profissionais da \u00e1rea\"}]},{\"@type\":\"WebSite\",\"@id\":\"https:\/\/jornaltimoneiro.com.br\/#website\",\"url\":\"https:\/\/jornaltimoneiro.com.br\/\",\"name\":\"Jornal Timoneiro Canoas RS\",\"description\":\"Jornal O Timoneiro, o verdadeiro jornal de Canoas\",\"publisher\":{\"@id\":\"https:\/\/jornaltimoneiro.com.br\/#organization\"},\"potentialAction\":[{\"@type\":\"SearchAction\",\"target\":{\"@type\":\"EntryPoint\",\"urlTemplate\":\"https:\/\/jornaltimoneiro.com.br\/?s={search_term_string}\"},\"query-input\":\"required name=search_term_string\"}],\"inLanguage\":\"pt-BR\"},{\"@type\":\"Organization\",\"@id\":\"https:\/\/jornaltimoneiro.com.br\/#organization\",\"name\":\"Jornal Timoneiro Canoas RS\",\"url\":\"https:\/\/jornaltimoneiro.com.br\/\",\"logo\":{\"@type\":\"ImageObject\",\"inLanguage\":\"pt-BR\",\"@id\":\"https:\/\/jornaltimoneiro.com.br\/#\/schema\/logo\/image\/\",\"url\":\"https:\/\/jornaltimoneiro.com.br\/wp-content\/uploads\/2023\/03\/logonovo.png\",\"contentUrl\":\"https:\/\/jornaltimoneiro.com.br\/wp-content\/uploads\/2023\/03\/logonovo.png\",\"width\":\"469\",\"height\":\"171\",\"caption\":\"Jornal Timoneiro Canoas RS\"},\"image\":{\"@id\":\"https:\/\/jornaltimoneiro.com.br\/#\/schema\/logo\/image\/\"},\"sameAs\":[\"https:\/\/www.facebook.com\/jornaltimoneiro\",\"https:\/\/twitter.com\/_OTimoneiro\",\"https:\/\/www.instagram.com\/jornaltimoneirocanoas\/\",\"https:\/\/www.youtube.com\/@jornalotimoneiro7927\"]},{\"@type\":\"Person\",\"@id\":\"https:\/\/jornaltimoneiro.com.br\/#\/schema\/person\/620efd1d8244466117482be494360b08\",\"name\":\"Reda\u00e7\u00e3o\",\"image\":{\"@type\":\"ImageObject\",\"inLanguage\":\"pt-BR\",\"@id\":\"https:\/\/jornaltimoneiro.com.br\/#\/schema\/person\/image\/\",\"url\":\"https:\/\/secure.gravatar.com\/avatar\/2f04e1b304682a8d9db336c7acd77f08?s=96&d=mm&r=g\",\"contentUrl\":\"https:\/\/secure.gravatar.com\/avatar\/2f04e1b304682a8d9db336c7acd77f08?s=96&d=mm&r=g\",\"caption\":\"Reda\u00e7\u00e3o\"},\"url\":\"https:\/\/jornaltimoneiro.com.br\/index.php\/author\/timoneirocanoas\/\"}]}<\/script>\n<!-- \/ Yoast SEO plugin. -->","yoast_head_json":{"title":"Ceia divulga calend\u00e1rio de forma\u00e7\u00f5es para profissionais da \u00e1rea - O Timoneiro Jornal Canoas RS","robots":{"index":"index","follow":"follow","max-snippet":"max-snippet:-1","max-image-preview":"max-image-preview:large","max-video-preview":"max-video-preview:-1"},"canonical":"https:\/\/jornaltimoneiro.com.br\/index.php\/2017\/05\/04\/ceia-divulga-calendario-de-formacoes-para-profissionais-da-area\/","og_locale":"pt_BR","og_type":"article","og_title":"Ceia divulga calend\u00e1rio de forma\u00e7\u00f5es para profissionais da \u00e1rea - O Timoneiro Jornal Canoas RS","og_description":"A Diretoria de Educa\u00e7\u00e3o Inclusiva (DEIN) da Secretaria Municipal de Educa\u00e7\u00e3o (SME) divulgou o calend\u00e1rio de forma\u00e7\u00f5es do Centro de Capacita\u00e7\u00e3o, Educa\u00e7\u00e3o Inclusiva e Acessibilidade (CEIA) para o primeiro semestre de 2017. As palestras e oficinas s\u00e3o voltadas especialmente para os profissionais da \u00e1rea, mas o convite se estende aos demais interessados no tema. Para [&hellip;]","og_url":"https:\/\/jornaltimoneiro.com.br\/index.php\/2017\/05\/04\/ceia-divulga-calendario-de-formacoes-para-profissionais-da-area\/","og_site_name":"O Timoneiro Jornal Canoas RS","article_publisher":"https:\/\/www.facebook.com\/jornaltimoneiro","article_published_time":"2017-05-04T14:09:43+00:00","author":"Reda\u00e7\u00e3o","twitter_card":"summary_large_image","twitter_creator":"@_OTimoneiro","twitter_site":"@_OTimoneiro","twitter_misc":{"Escrito por":"Reda\u00e7\u00e3o","Est. tempo de leitura":"2 minutos"},"schema":{"@context":"https:\/\/schema.org","@graph":[{"@type":"Article","@id":"https:\/\/jornaltimoneiro.com.br\/index.php\/2017\/05\/04\/ceia-divulga-calendario-de-formacoes-para-profissionais-da-area\/#article","isPartOf":{"@id":"https:\/\/jornaltimoneiro.com.br\/index.php\/2017\/05\/04\/ceia-divulga-calendario-de-formacoes-para-profissionais-da-area\/"},"author":{"name":"Reda\u00e7\u00e3o","@id":"https:\/\/jornaltimoneiro.com.br\/#\/schema\/person\/620efd1d8244466117482be494360b08"},"headline":"Ceia divulga calend\u00e1rio de forma\u00e7\u00f5es para profissionais da \u00e1rea","datePublished":"2017-05-04T14:09:43+00:00","dateModified":"2017-05-04T14:09:43+00:00","mainEntityOfPage":{"@id":"https:\/\/jornaltimoneiro.com.br\/index.php\/2017\/05\/04\/ceia-divulga-calendario-de-formacoes-para-profissionais-da-area\/"},"wordCount":430,"commentCount":0,"publisher":{"@id":"https:\/\/jornaltimoneiro.com.br\/#organization"},"articleSection":["Destaques","Geral","Not\u00edcias"],"inLanguage":"pt-BR","potentialAction":[{"@type":"CommentAction","name":"Comment","target":["https:\/\/jornaltimoneiro.com.br\/index.php\/2017\/05\/04\/ceia-divulga-calendario-de-formacoes-para-profissionais-da-area\/#respond"]}]},{"@type":"WebPage","@id":"https:\/\/jornaltimoneiro.com.br\/index.php\/2017\/05\/04\/ceia-divulga-calendario-de-formacoes-para-profissionais-da-area\/","url":"https:\/\/jornaltimoneiro.com.br\/index.php\/2017\/05\/04\/ceia-divulga-calendario-de-formacoes-para-profissionais-da-area\/","name":"Ceia divulga calend\u00e1rio de forma\u00e7\u00f5es para profissionais da \u00e1rea - O Timoneiro Jornal Canoas RS","isPartOf":{"@id":"https:\/\/jornaltimoneiro.com.br\/#website"},"datePublished":"2017-05-04T14:09:43+00:00","dateModified":"2017-05-04T14:09:43+00:00","breadcrumb":{"@id":"https:\/\/jornaltimoneiro.com.br\/index.php\/2017\/05\/04\/ceia-divulga-calendario-de-formacoes-para-profissionais-da-area\/#breadcrumb"},"inLanguage":"pt-BR","potentialAction":[{"@type":"ReadAction","target":["https:\/\/jornaltimoneiro.com.br\/index.php\/2017\/05\/04\/ceia-divulga-calendario-de-formacoes-para-profissionais-da-area\/"]}]},{"@type":"BreadcrumbList","@id":"https:\/\/jornaltimoneiro.com.br\/index.php\/2017\/05\/04\/ceia-divulga-calendario-de-formacoes-para-profissionais-da-area\/#breadcrumb","itemListElement":[{"@type":"ListItem","position":1,"name":"In\u00edcio","item":"https:\/\/jornaltimoneiro.com.br\/"},{"@type":"ListItem","position":2,"name":"Ceia divulga calend\u00e1rio de forma\u00e7\u00f5es para profissionais da \u00e1rea"}]},{"@type":"WebSite","@id":"https:\/\/jornaltimoneiro.com.br\/#website","url":"https:\/\/jornaltimoneiro.com.br\/","name":"Jornal Timoneiro Canoas RS","description":"Jornal O Timoneiro, o verdadeiro jornal de Canoas","publisher":{"@id":"https:\/\/jornaltimoneiro.com.br\/#organization"},"potentialAction":[{"@type":"SearchAction","target":{"@type":"EntryPoint","urlTemplate":"https:\/\/jornaltimoneiro.com.br\/?s={search_term_string}"},"query-input":"required name=search_term_string"}],"inLanguage":"pt-BR"},{"@type":"Organization","@id":"https:\/\/jornaltimoneiro.com.br\/#organization","name":"Jornal Timoneiro Canoas RS","url":"https:\/\/jornaltimoneiro.com.br\/","logo":{"@type":"ImageObject","inLanguage":"pt-BR","@id":"https:\/\/jornaltimoneiro.com.br\/#\/schema\/logo\/image\/","url":"https:\/\/jornaltimoneiro.com.br\/wp-content\/uploads\/2023\/03\/logonovo.png","contentUrl":"https:\/\/jornaltimoneiro.com.br\/wp-content\/uploads\/2023\/03\/logonovo.png","width":"469","height":"171","caption":"Jornal Timoneiro Canoas RS"},"image":{"@id":"https:\/\/jornaltimoneiro.com.br\/#\/schema\/logo\/image\/"},"sameAs":["https:\/\/www.facebook.com\/jornaltimoneiro","https:\/\/twitter.com\/_OTimoneiro","https:\/\/www.instagram.com\/jornaltimoneirocanoas\/","https:\/\/www.youtube.com\/@jornalotimoneiro7927"]},{"@type":"Person","@id":"https:\/\/jornaltimoneiro.com.br\/#\/schema\/person\/620efd1d8244466117482be494360b08","name":"Reda\u00e7\u00e3o","image":{"@type":"ImageObject","inLanguage":"pt-BR","@id":"https:\/\/jornaltimoneiro.com.br\/#\/schema\/person\/image\/","url":"https:\/\/secure.gravatar.com\/avatar\/2f04e1b304682a8d9db336c7acd77f08?s=96&d=mm&r=g","contentUrl":"https:\/\/secure.gravatar.com\/avatar\/2f04e1b304682a8d9db336c7acd77f08?s=96&d=mm&r=g","caption":"Reda\u00e7\u00e3o"},"url":"https:\/\/jornaltimoneiro.com.br\/index.php\/author\/timoneirocanoas\/"}]}},"_links":{"self":[{"href":"https:\/\/jornaltimoneiro.com.br\/index.php\/wp-json\/wp\/v2\/posts\/7289"}],"collection":[{"href":"https:\/\/jornaltimoneiro.com.br\/index.php\/wp-json\/wp\/v2\/posts"}],"about":[{"href":"https:\/\/jornaltimoneiro.com.br\/index.php\/wp-json\/wp\/v2\/types\/post"}],"author":[{"embeddable":true,"href":"https:\/\/jornaltimoneiro.com.br\/index.php\/wp-json\/wp\/v2\/users\/1"}],"replies":[{"embeddable":true,"href":"https:\/\/jornaltimoneiro.com.br\/index.php\/wp-json\/wp\/v2\/comments?post=7289"}],"version-history":[{"count":0,"href":"https:\/\/jornaltimoneiro.com.br\/index.php\/wp-json\/wp\/v2\/posts\/7289\/revisions"}],"wp:featuredmedia":[{"embeddable":true,"href":"https:\/\/jornaltimoneiro.com.br\/index.php\/wp-json\/"}],"wp:attachment":[{"href":"https:\/\/jornaltimoneiro.com.br\/index.php\/wp-json\/wp\/v2\/media?parent=7289"}],"wp:term":[{"taxonomy":"category","embeddable":true,"href":"https:\/\/jornaltimoneiro.com.br\/index.php\/wp-json\/wp\/v2\/categories?post=7289"},{"taxonomy":"post_tag","embeddable":true,"href":"https:\/\/jornaltimoneiro.com.br\/index.php\/wp-json\/wp\/v2\/tags?post=7289"}],"curies":[{"name":"wp","href":"https:\/\/api.w.org\/{rel}","templated":true}]}}