{"id":7228,"date":"2017-04-28T12:03:42","date_gmt":"2017-04-28T15:03:42","guid":{"rendered":"http:\/\/otimoneiro.com.br\/?p=7228"},"modified":"2017-04-28T12:03:42","modified_gmt":"2017-04-28T15:03:42","slug":"familia-precisa-arrecadar-r-3-milhoes-para-tratamento-de-filho","status":"publish","type":"post","link":"https:\/\/jornaltimoneiro.com.br\/index.php\/2017\/04\/28\/familia-precisa-arrecadar-r-3-milhoes-para-tratamento-de-filho\/","title":{"rendered":"Fam\u00edlia precisa arrecadar R$ 3 milh\u00f5es para tratamento de filho"},"content":{"rendered":"<p><a href=\"http:\/\/otimoneiro.com.br\/wp-content\/uploads\/2017\/04\/IMG_20170314_215153086.jpg\"><img decoding=\"async\" class=\"aligncenter size-large wp-image-7229\" src=\"http:\/\/otimoneiro.com.br\/wp-content\/uploads\/2017\/04\/IMG_20170314_215153086-705x1024.jpg\" alt=\"IMG_20170314_215153086\" width=\"705\" height=\"1024\" \/><\/a><\/p>\n<p>&#8220;Essa \u00e9 a \u00fanica esperan\u00e7a que temos&#8221;, relata a tia de Arthur, Daniele Weber. Ela esteve na sede de <strong>O Timoneiro<\/strong> para relatar a luta da fam\u00edlia para arrecadar a quantia milion\u00e1ria. Arthur nasceu com atrofia muscular espinhal (AME) de tipo 1, a mais grave. Com isso, ele vive gra\u00e7as a aparelhos e se alimenta por sonda, al\u00e9m de n\u00e3o ter movimento corporal.<\/p>\n<p>Parentes, amigos, conhecidos e at\u00e9 pessoas de longe, gra\u00e7as \u00e0 internet, est\u00e3o mobilizados em uma campanha de arrecada\u00e7\u00e3o para comprar o \u00fanico rem\u00e9dio que pode salvar Arthur, e que tem custo de 3 milh\u00f5es para tratamento de 1 ano. A esperan\u00e7a surgiu nos Estados Unidos em dezembro de 2016 e tem ajudado crian\u00e7as com atrofia muscular. Outro problema \u00e9 que, no Brasil, o rem\u00e9dio ainda n\u00e3o foi liberado pela Ag\u00eancia Nacional de Vigil\u00e2ncia Sanit\u00e1ria (Anvisa) e os pais ter\u00e3o que entrar na justi\u00e7a para ter autoriza\u00e7\u00e3o de uso.At\u00e9 o momento foram arrecadados R$ 53 mil. Bem longe dos R$ 3 milh\u00f5es necess\u00e1rios. \u00c9 uma corrida contra o tempo, pois Daniele conta que a expectativa de vida para crian\u00e7as com essa doen\u00e7a \u00e9 de 2 anos sem essas medica\u00e7\u00f5es.&#8221;Se n\u00e3o conseguirmos os rem\u00e9dios, a indica\u00e7\u00e3o m\u00e9dica \u00e9 deixar a crian\u00e7a morrer. &#8221;<\/p>\n<h3>A doen\u00e7a<\/h3>\n<p>A atrofia muscular espinhal (AME) \u00e9 uma doen\u00e7a de heran\u00e7a autoss\u00f4mica recessiva, que atinge as c\u00e9lulas do corno anterior da medula, caracterizada por fraqueza muscular progressiva e atrofia muscular com preju\u00edzo de movimentos volunt\u00e1rios como segurar cabe\u00e7a, sentar e andar.<\/p>\n<p>Tipo I (Doen\u00e7a de Werdnig-Hoffmann): \u00e9 a mais grave, podendo apresentar sintomas desde a vida intrauterina, os quais incluem comprometimento respirat\u00f3rio, disfagia, fraqueza.<\/p>\n<h3>Saiba como ajudar<\/h3>\n<h4>Contas para doa\u00e7\u00f5es:<\/h4>\n<p><strong>Banco: Caixa Econ\u00f4mica<br \/>\n<\/strong>Ag: 0472 Op: 001 \/ Cc: 000.302.10-0<br \/>\nCPF: 026.042.230-40<br \/>\nVit\u00f3ria dias da Silva<\/p>\n<p><strong>Banco: Santander<\/strong><br \/>\nAg: 1343 \/ Cc: 01009762-8<br \/>\nCPF: 005.501.350-30<br \/>\nRoberta dias da Silva<\/p>\n<p><strong>Banco: Unicred 136<br \/>\n<\/strong>Ag: 2704 \/ CC: 623431<br \/>\nCPF: 051.131.010.28<br \/>\nArthur Dias Weber<\/p>\n<h4>Bazar<\/h4>\n<p>Para arrecadar mais recursos, ser\u00e1 realizado um bazar no s\u00e1bado, 29 de abril, das 9 \u00e0s 16 horas, na Rua Garibaldi, Esteio (Rua coberta). Na ocasi\u00e3o, ser\u00e3o vendidos artigos: masculino, feminino, infantil, acess\u00f3rios, m\u00f3veis e brinquedos.<\/p>\n<h4><strong>Rifa Online<\/strong><\/h4>\n<p>Outra forma de contribui\u00e7\u00e3o se d\u00e1 atrav\u00e9s da internet, com a &#8220;A\u00e7\u00e3o Entre Amigos Tutubolinha&#8221;, no endere\u00e7o: www.rifatudo.com.br\/rifa-beneficente-tutu-bolinha. \u00a0Comprando uma rifa voc\u00ea concorre a uma cesta de produtos HINODE + um vale de R$100,00 na loja Lacinho da Ju.\u00a0 Os produtos da Cesta Hinode s\u00e3o: &#8211; 02 fragr\u00e2ncias femininas n\u00ba 10 (Angel) 100ml\u00a0 &#8211; 01 fragr\u00e2ncia masculina n\u00ba 18 (CH 212 for men) 100ml\u00a0 &#8211; 01 kit de sabonetes Aroma Di &#8211; Sabonete em barra (3 unidades de 50g cada) &#8211; 01 creme para M\u00e3os &#8211; Aloe Vera<br \/>\nR$ 10,00 por n\u00famero<br \/>\nCada pessoa pode escolher at\u00e9 10 n\u00famero(s)<br \/>\nData de in\u00edcio: 26\/03\/2017<br \/>\nData de encerramento: 27\/05\/2017<\/p>\n<p><strong>Vaquinha <\/strong><\/p>\n<p>Na internet, outra op\u00e7\u00e3o \u00e9 a vaquinha virtual. No site: www.vakinha.com.br\/vaquinha\/cura-spinraza-ameotutubolinha, foram arrecadados at\u00e9 o momento R$ 42.772,33.<\/p>\n","protected":false},"excerpt":{"rendered":"<p>&#8220;Essa \u00e9 a \u00fanica esperan\u00e7a que temos&#8221;, relata a tia de Arthur, Daniele Weber. Ela esteve na sede de O Timoneiro para relatar a luta da fam\u00edlia para arrecadar a quantia milion\u00e1ria. Arthur nasceu com atrofia muscular espinhal (AME) de tipo 1, a mais grave. Com isso, ele vive gra\u00e7as a aparelhos e se alimenta [&hellip;]<\/p>\n","protected":false},"author":1,"featured_media":7229,"comment_status":"open","ping_status":"open","sticky":false,"template":"","format":"standard","meta":{"amp_status":"","footnotes":""},"categories":[25,19,23,26],"tags":[],"class_list":["post-7228","post","type-post","status-publish","format-standard","has-post-thumbnail","hentry","category-comunidade","category-destaques","category-geral","category-saude"],"yoast_head":"<!-- This site is optimized with the Yoast SEO plugin v20.5 - https:\/\/yoast.com\/wordpress\/plugins\/seo\/ -->\n<title>Fam\u00edlia precisa arrecadar R$ 3 milh\u00f5es para tratamento de filho - O Timoneiro Jornal Canoas RS<\/title>\n<meta name=\"robots\" content=\"index, follow, max-snippet:-1, max-image-preview:large, max-video-preview:-1\" \/>\n<link rel=\"canonical\" href=\"https:\/\/jornaltimoneiro.com.br\/index.php\/2017\/04\/28\/familia-precisa-arrecadar-r-3-milhoes-para-tratamento-de-filho\/\" \/>\n<meta property=\"og:locale\" content=\"pt_BR\" \/>\n<meta property=\"og:type\" content=\"article\" \/>\n<meta property=\"og:title\" content=\"Fam\u00edlia precisa arrecadar R$ 3 milh\u00f5es para tratamento de filho - O Timoneiro Jornal Canoas RS\" \/>\n<meta property=\"og:description\" content=\"&#8220;Essa \u00e9 a \u00fanica esperan\u00e7a que temos&#8221;, relata a tia de Arthur, Daniele Weber. Ela esteve na sede de O Timoneiro para relatar a luta da fam\u00edlia para arrecadar a quantia milion\u00e1ria. Arthur nasceu com atrofia muscular espinhal (AME) de tipo 1, a mais grave. Com isso, ele vive gra\u00e7as a aparelhos e se alimenta [&hellip;]\" \/>\n<meta property=\"og:url\" content=\"https:\/\/jornaltimoneiro.com.br\/index.php\/2017\/04\/28\/familia-precisa-arrecadar-r-3-milhoes-para-tratamento-de-filho\/\" \/>\n<meta property=\"og:site_name\" content=\"O Timoneiro Jornal Canoas RS\" \/>\n<meta property=\"article:publisher\" content=\"https:\/\/www.facebook.com\/jornaltimoneiro\" \/>\n<meta property=\"article:published_time\" content=\"2017-04-28T15:03:42+00:00\" \/>\n<meta name=\"author\" content=\"Reda\u00e7\u00e3o\" \/>\n<meta name=\"twitter:card\" content=\"summary_large_image\" \/>\n<meta name=\"twitter:creator\" content=\"@_OTimoneiro\" \/>\n<meta name=\"twitter:site\" content=\"@_OTimoneiro\" \/>\n<meta name=\"twitter:label1\" content=\"Escrito por\" \/>\n\t<meta name=\"twitter:data1\" content=\"Reda\u00e7\u00e3o\" \/>\n\t<meta name=\"twitter:label2\" content=\"Est. tempo de leitura\" \/>\n\t<meta name=\"twitter:data2\" content=\"3 minutos\" \/>\n<script type=\"application\/ld+json\" class=\"yoast-schema-graph\">{\"@context\":\"https:\/\/schema.org\",\"@graph\":[{\"@type\":\"Article\",\"@id\":\"https:\/\/jornaltimoneiro.com.br\/index.php\/2017\/04\/28\/familia-precisa-arrecadar-r-3-milhoes-para-tratamento-de-filho\/#article\",\"isPartOf\":{\"@id\":\"https:\/\/jornaltimoneiro.com.br\/index.php\/2017\/04\/28\/familia-precisa-arrecadar-r-3-milhoes-para-tratamento-de-filho\/\"},\"author\":{\"name\":\"Reda\u00e7\u00e3o\",\"@id\":\"https:\/\/jornaltimoneiro.com.br\/#\/schema\/person\/620efd1d8244466117482be494360b08\"},\"headline\":\"Fam\u00edlia precisa arrecadar R$ 3 milh\u00f5es para tratamento de filho\",\"datePublished\":\"2017-04-28T15:03:42+00:00\",\"dateModified\":\"2017-04-28T15:03:42+00:00\",\"mainEntityOfPage\":{\"@id\":\"https:\/\/jornaltimoneiro.com.br\/index.php\/2017\/04\/28\/familia-precisa-arrecadar-r-3-milhoes-para-tratamento-de-filho\/\"},\"wordCount\":522,\"commentCount\":0,\"publisher\":{\"@id\":\"https:\/\/jornaltimoneiro.com.br\/#organization\"},\"articleSection\":[\"Comunidade\",\"Destaques\",\"Geral\",\"Sa\u00fade\"],\"inLanguage\":\"pt-BR\",\"potentialAction\":[{\"@type\":\"CommentAction\",\"name\":\"Comment\",\"target\":[\"https:\/\/jornaltimoneiro.com.br\/index.php\/2017\/04\/28\/familia-precisa-arrecadar-r-3-milhoes-para-tratamento-de-filho\/#respond\"]}]},{\"@type\":\"WebPage\",\"@id\":\"https:\/\/jornaltimoneiro.com.br\/index.php\/2017\/04\/28\/familia-precisa-arrecadar-r-3-milhoes-para-tratamento-de-filho\/\",\"url\":\"https:\/\/jornaltimoneiro.com.br\/index.php\/2017\/04\/28\/familia-precisa-arrecadar-r-3-milhoes-para-tratamento-de-filho\/\",\"name\":\"Fam\u00edlia precisa arrecadar R$ 3 milh\u00f5es para tratamento de filho - O Timoneiro Jornal Canoas RS\",\"isPartOf\":{\"@id\":\"https:\/\/jornaltimoneiro.com.br\/#website\"},\"datePublished\":\"2017-04-28T15:03:42+00:00\",\"dateModified\":\"2017-04-28T15:03:42+00:00\",\"breadcrumb\":{\"@id\":\"https:\/\/jornaltimoneiro.com.br\/index.php\/2017\/04\/28\/familia-precisa-arrecadar-r-3-milhoes-para-tratamento-de-filho\/#breadcrumb\"},\"inLanguage\":\"pt-BR\",\"potentialAction\":[{\"@type\":\"ReadAction\",\"target\":[\"https:\/\/jornaltimoneiro.com.br\/index.php\/2017\/04\/28\/familia-precisa-arrecadar-r-3-milhoes-para-tratamento-de-filho\/\"]}]},{\"@type\":\"BreadcrumbList\",\"@id\":\"https:\/\/jornaltimoneiro.com.br\/index.php\/2017\/04\/28\/familia-precisa-arrecadar-r-3-milhoes-para-tratamento-de-filho\/#breadcrumb\",\"itemListElement\":[{\"@type\":\"ListItem\",\"position\":1,\"name\":\"In\u00edcio\",\"item\":\"https:\/\/jornaltimoneiro.com.br\/\"},{\"@type\":\"ListItem\",\"position\":2,\"name\":\"Fam\u00edlia precisa arrecadar R$ 3 milh\u00f5es para tratamento de filho\"}]},{\"@type\":\"WebSite\",\"@id\":\"https:\/\/jornaltimoneiro.com.br\/#website\",\"url\":\"https:\/\/jornaltimoneiro.com.br\/\",\"name\":\"Jornal Timoneiro Canoas RS\",\"description\":\"Jornal O Timoneiro, o verdadeiro jornal de Canoas\",\"publisher\":{\"@id\":\"https:\/\/jornaltimoneiro.com.br\/#organization\"},\"potentialAction\":[{\"@type\":\"SearchAction\",\"target\":{\"@type\":\"EntryPoint\",\"urlTemplate\":\"https:\/\/jornaltimoneiro.com.br\/?s={search_term_string}\"},\"query-input\":\"required name=search_term_string\"}],\"inLanguage\":\"pt-BR\"},{\"@type\":\"Organization\",\"@id\":\"https:\/\/jornaltimoneiro.com.br\/#organization\",\"name\":\"Jornal Timoneiro Canoas RS\",\"url\":\"https:\/\/jornaltimoneiro.com.br\/\",\"logo\":{\"@type\":\"ImageObject\",\"inLanguage\":\"pt-BR\",\"@id\":\"https:\/\/jornaltimoneiro.com.br\/#\/schema\/logo\/image\/\",\"url\":\"https:\/\/jornaltimoneiro.com.br\/wp-content\/uploads\/2023\/03\/logonovo.png\",\"contentUrl\":\"https:\/\/jornaltimoneiro.com.br\/wp-content\/uploads\/2023\/03\/logonovo.png\",\"width\":\"469\",\"height\":\"171\",\"caption\":\"Jornal Timoneiro Canoas RS\"},\"image\":{\"@id\":\"https:\/\/jornaltimoneiro.com.br\/#\/schema\/logo\/image\/\"},\"sameAs\":[\"https:\/\/www.facebook.com\/jornaltimoneiro\",\"https:\/\/twitter.com\/_OTimoneiro\",\"https:\/\/www.instagram.com\/jornaltimoneirocanoas\/\",\"https:\/\/www.youtube.com\/@jornalotimoneiro7927\"]},{\"@type\":\"Person\",\"@id\":\"https:\/\/jornaltimoneiro.com.br\/#\/schema\/person\/620efd1d8244466117482be494360b08\",\"name\":\"Reda\u00e7\u00e3o\",\"image\":{\"@type\":\"ImageObject\",\"inLanguage\":\"pt-BR\",\"@id\":\"https:\/\/jornaltimoneiro.com.br\/#\/schema\/person\/image\/\",\"url\":\"https:\/\/secure.gravatar.com\/avatar\/2f04e1b304682a8d9db336c7acd77f08?s=96&d=mm&r=g\",\"contentUrl\":\"https:\/\/secure.gravatar.com\/avatar\/2f04e1b304682a8d9db336c7acd77f08?s=96&d=mm&r=g\",\"caption\":\"Reda\u00e7\u00e3o\"},\"url\":\"https:\/\/jornaltimoneiro.com.br\/index.php\/author\/timoneirocanoas\/\"}]}<\/script>\n<!-- \/ Yoast SEO plugin. -->","yoast_head_json":{"title":"Fam\u00edlia precisa arrecadar R$ 3 milh\u00f5es para tratamento de filho - O Timoneiro Jornal Canoas RS","robots":{"index":"index","follow":"follow","max-snippet":"max-snippet:-1","max-image-preview":"max-image-preview:large","max-video-preview":"max-video-preview:-1"},"canonical":"https:\/\/jornaltimoneiro.com.br\/index.php\/2017\/04\/28\/familia-precisa-arrecadar-r-3-milhoes-para-tratamento-de-filho\/","og_locale":"pt_BR","og_type":"article","og_title":"Fam\u00edlia precisa arrecadar R$ 3 milh\u00f5es para tratamento de filho - O Timoneiro Jornal Canoas RS","og_description":"&#8220;Essa \u00e9 a \u00fanica esperan\u00e7a que temos&#8221;, relata a tia de Arthur, Daniele Weber. Ela esteve na sede de O Timoneiro para relatar a luta da fam\u00edlia para arrecadar a quantia milion\u00e1ria. Arthur nasceu com atrofia muscular espinhal (AME) de tipo 1, a mais grave. Com isso, ele vive gra\u00e7as a aparelhos e se alimenta [&hellip;]","og_url":"https:\/\/jornaltimoneiro.com.br\/index.php\/2017\/04\/28\/familia-precisa-arrecadar-r-3-milhoes-para-tratamento-de-filho\/","og_site_name":"O Timoneiro Jornal Canoas RS","article_publisher":"https:\/\/www.facebook.com\/jornaltimoneiro","article_published_time":"2017-04-28T15:03:42+00:00","author":"Reda\u00e7\u00e3o","twitter_card":"summary_large_image","twitter_creator":"@_OTimoneiro","twitter_site":"@_OTimoneiro","twitter_misc":{"Escrito por":"Reda\u00e7\u00e3o","Est. tempo de leitura":"3 minutos"},"schema":{"@context":"https:\/\/schema.org","@graph":[{"@type":"Article","@id":"https:\/\/jornaltimoneiro.com.br\/index.php\/2017\/04\/28\/familia-precisa-arrecadar-r-3-milhoes-para-tratamento-de-filho\/#article","isPartOf":{"@id":"https:\/\/jornaltimoneiro.com.br\/index.php\/2017\/04\/28\/familia-precisa-arrecadar-r-3-milhoes-para-tratamento-de-filho\/"},"author":{"name":"Reda\u00e7\u00e3o","@id":"https:\/\/jornaltimoneiro.com.br\/#\/schema\/person\/620efd1d8244466117482be494360b08"},"headline":"Fam\u00edlia precisa arrecadar R$ 3 milh\u00f5es para tratamento de filho","datePublished":"2017-04-28T15:03:42+00:00","dateModified":"2017-04-28T15:03:42+00:00","mainEntityOfPage":{"@id":"https:\/\/jornaltimoneiro.com.br\/index.php\/2017\/04\/28\/familia-precisa-arrecadar-r-3-milhoes-para-tratamento-de-filho\/"},"wordCount":522,"commentCount":0,"publisher":{"@id":"https:\/\/jornaltimoneiro.com.br\/#organization"},"articleSection":["Comunidade","Destaques","Geral","Sa\u00fade"],"inLanguage":"pt-BR","potentialAction":[{"@type":"CommentAction","name":"Comment","target":["https:\/\/jornaltimoneiro.com.br\/index.php\/2017\/04\/28\/familia-precisa-arrecadar-r-3-milhoes-para-tratamento-de-filho\/#respond"]}]},{"@type":"WebPage","@id":"https:\/\/jornaltimoneiro.com.br\/index.php\/2017\/04\/28\/familia-precisa-arrecadar-r-3-milhoes-para-tratamento-de-filho\/","url":"https:\/\/jornaltimoneiro.com.br\/index.php\/2017\/04\/28\/familia-precisa-arrecadar-r-3-milhoes-para-tratamento-de-filho\/","name":"Fam\u00edlia precisa arrecadar R$ 3 milh\u00f5es para tratamento de filho - O Timoneiro Jornal Canoas RS","isPartOf":{"@id":"https:\/\/jornaltimoneiro.com.br\/#website"},"datePublished":"2017-04-28T15:03:42+00:00","dateModified":"2017-04-28T15:03:42+00:00","breadcrumb":{"@id":"https:\/\/jornaltimoneiro.com.br\/index.php\/2017\/04\/28\/familia-precisa-arrecadar-r-3-milhoes-para-tratamento-de-filho\/#breadcrumb"},"inLanguage":"pt-BR","potentialAction":[{"@type":"ReadAction","target":["https:\/\/jornaltimoneiro.com.br\/index.php\/2017\/04\/28\/familia-precisa-arrecadar-r-3-milhoes-para-tratamento-de-filho\/"]}]},{"@type":"BreadcrumbList","@id":"https:\/\/jornaltimoneiro.com.br\/index.php\/2017\/04\/28\/familia-precisa-arrecadar-r-3-milhoes-para-tratamento-de-filho\/#breadcrumb","itemListElement":[{"@type":"ListItem","position":1,"name":"In\u00edcio","item":"https:\/\/jornaltimoneiro.com.br\/"},{"@type":"ListItem","position":2,"name":"Fam\u00edlia precisa arrecadar R$ 3 milh\u00f5es para tratamento de filho"}]},{"@type":"WebSite","@id":"https:\/\/jornaltimoneiro.com.br\/#website","url":"https:\/\/jornaltimoneiro.com.br\/","name":"Jornal Timoneiro Canoas RS","description":"Jornal O Timoneiro, o verdadeiro jornal de Canoas","publisher":{"@id":"https:\/\/jornaltimoneiro.com.br\/#organization"},"potentialAction":[{"@type":"SearchAction","target":{"@type":"EntryPoint","urlTemplate":"https:\/\/jornaltimoneiro.com.br\/?s={search_term_string}"},"query-input":"required name=search_term_string"}],"inLanguage":"pt-BR"},{"@type":"Organization","@id":"https:\/\/jornaltimoneiro.com.br\/#organization","name":"Jornal Timoneiro Canoas RS","url":"https:\/\/jornaltimoneiro.com.br\/","logo":{"@type":"ImageObject","inLanguage":"pt-BR","@id":"https:\/\/jornaltimoneiro.com.br\/#\/schema\/logo\/image\/","url":"https:\/\/jornaltimoneiro.com.br\/wp-content\/uploads\/2023\/03\/logonovo.png","contentUrl":"https:\/\/jornaltimoneiro.com.br\/wp-content\/uploads\/2023\/03\/logonovo.png","width":"469","height":"171","caption":"Jornal Timoneiro Canoas RS"},"image":{"@id":"https:\/\/jornaltimoneiro.com.br\/#\/schema\/logo\/image\/"},"sameAs":["https:\/\/www.facebook.com\/jornaltimoneiro","https:\/\/twitter.com\/_OTimoneiro","https:\/\/www.instagram.com\/jornaltimoneirocanoas\/","https:\/\/www.youtube.com\/@jornalotimoneiro7927"]},{"@type":"Person","@id":"https:\/\/jornaltimoneiro.com.br\/#\/schema\/person\/620efd1d8244466117482be494360b08","name":"Reda\u00e7\u00e3o","image":{"@type":"ImageObject","inLanguage":"pt-BR","@id":"https:\/\/jornaltimoneiro.com.br\/#\/schema\/person\/image\/","url":"https:\/\/secure.gravatar.com\/avatar\/2f04e1b304682a8d9db336c7acd77f08?s=96&d=mm&r=g","contentUrl":"https:\/\/secure.gravatar.com\/avatar\/2f04e1b304682a8d9db336c7acd77f08?s=96&d=mm&r=g","caption":"Reda\u00e7\u00e3o"},"url":"https:\/\/jornaltimoneiro.com.br\/index.php\/author\/timoneirocanoas\/"}]}},"_links":{"self":[{"href":"https:\/\/jornaltimoneiro.com.br\/index.php\/wp-json\/wp\/v2\/posts\/7228"}],"collection":[{"href":"https:\/\/jornaltimoneiro.com.br\/index.php\/wp-json\/wp\/v2\/posts"}],"about":[{"href":"https:\/\/jornaltimoneiro.com.br\/index.php\/wp-json\/wp\/v2\/types\/post"}],"author":[{"embeddable":true,"href":"https:\/\/jornaltimoneiro.com.br\/index.php\/wp-json\/wp\/v2\/users\/1"}],"replies":[{"embeddable":true,"href":"https:\/\/jornaltimoneiro.com.br\/index.php\/wp-json\/wp\/v2\/comments?post=7228"}],"version-history":[{"count":0,"href":"https:\/\/jornaltimoneiro.com.br\/index.php\/wp-json\/wp\/v2\/posts\/7228\/revisions"}],"wp:featuredmedia":[{"embeddable":true,"href":"https:\/\/jornaltimoneiro.com.br\/index.php\/wp-json\/"}],"wp:attachment":[{"href":"https:\/\/jornaltimoneiro.com.br\/index.php\/wp-json\/wp\/v2\/media?parent=7228"}],"wp:term":[{"taxonomy":"category","embeddable":true,"href":"https:\/\/jornaltimoneiro.com.br\/index.php\/wp-json\/wp\/v2\/categories?post=7228"},{"taxonomy":"post_tag","embeddable":true,"href":"https:\/\/jornaltimoneiro.com.br\/index.php\/wp-json\/wp\/v2\/tags?post=7228"}],"curies":[{"name":"wp","href":"https:\/\/api.w.org\/{rel}","templated":true}]}}