{"id":7220,"date":"2017-04-28T11:06:27","date_gmt":"2017-04-28T14:06:27","guid":{"rendered":"http:\/\/otimoneiro.com.br\/?p=7220"},"modified":"2017-04-28T11:06:27","modified_gmt":"2017-04-28T14:06:27","slug":"morre-jose-alvarez-rocha-ex-presidente-da-uamca","status":"publish","type":"post","link":"https:\/\/jornaltimoneiro.com.br\/index.php\/2017\/04\/28\/morre-jose-alvarez-rocha-ex-presidente-da-uamca\/","title":{"rendered":"Morre Jos\u00e9 Alvarez Rocha, ex-presidente da Uamca"},"content":{"rendered":"<p><a href=\"http:\/\/otimoneiro.com.br\/wp-content\/uploads\/2017\/04\/nota-lateral.jpg\"><img decoding=\"async\" class=\"aligncenter size-full wp-image-7221\" src=\"http:\/\/otimoneiro.com.br\/wp-content\/uploads\/2017\/04\/nota-lateral.jpg\" alt=\"nota lateral\" width=\"960\" height=\"720\" \/><\/a><\/p>\n<p>Faleceu no dia 20 de abril o l\u00edder comunit\u00e1rio Jos\u00e9 Alvarez Rocha, ex-presidente da Uni\u00e3o das Associa\u00e7\u00f5es de Moradores de Canoas (Uamca).\u00a0 Nascido em Estrela, foi em Canoas que se firmou como refer\u00eancia na luta comunit\u00e1ria. Al\u00e9m da Uamca, se envolveu com as gest\u00f5es do Conselho Comunit\u00e1rio do bairro Niter\u00f3i (Concoban) e do Lions Club Niter\u00f3i. Sua atua\u00e7\u00e3o atingiu tamb\u00e9m n\u00edvel estadual, quando foi vice-presidente da Federa\u00e7\u00e3o Ga\u00facha das Associa\u00e7\u00f5es de Moradores do Estado do Rio Grande do Sul (Fegam). Atuou tamb\u00e9m em diversos conselhos canoenses, sempre se dedicando ao m\u00e1ximo pelas causas que defendia.<\/p>\n<p>Formado em psicologia pela Ulbra, Rocha atuou na \u00e1rea nos \u00faltimos anos e deixa saudades n\u00e3o apenas em sua fam\u00edlia e em seus amigos, mas tamb\u00e9m em in\u00fameros pacientes que encontraram apoio em seu consult\u00f3rio. No meio da luta comunit\u00e1ria canoense, sempre ser\u00e1 lembrado como um exemplo a ser seguido.<\/p>\n<p>&nbsp;<\/p>\n","protected":false},"excerpt":{"rendered":"<p>Faleceu no dia 20 de abril o l\u00edder comunit\u00e1rio Jos\u00e9 Alvarez Rocha, ex-presidente da Uni\u00e3o das Associa\u00e7\u00f5es de Moradores de Canoas (Uamca).\u00a0 Nascido em Estrela, foi em Canoas que se firmou como refer\u00eancia na luta comunit\u00e1ria. Al\u00e9m da Uamca, se envolveu com as gest\u00f5es do Conselho Comunit\u00e1rio do bairro Niter\u00f3i (Concoban) e do Lions Club [&hellip;]<\/p>\n","protected":false},"author":1,"featured_media":7221,"comment_status":"open","ping_status":"open","sticky":false,"template":"","format":"standard","meta":{"amp_status":"","footnotes":""},"categories":[25,23,22],"tags":[],"class_list":["post-7220","post","type-post","status-publish","format-standard","has-post-thumbnail","hentry","category-comunidade","category-geral","category-noticias"],"yoast_head":"<!-- This site is optimized with the Yoast SEO plugin v20.5 - https:\/\/yoast.com\/wordpress\/plugins\/seo\/ -->\n<title>Morre Jos\u00e9 Alvarez Rocha, ex-presidente da Uamca - O Timoneiro Jornal Canoas RS<\/title>\n<meta name=\"robots\" content=\"index, follow, max-snippet:-1, max-image-preview:large, max-video-preview:-1\" \/>\n<link rel=\"canonical\" href=\"https:\/\/jornaltimoneiro.com.br\/index.php\/2017\/04\/28\/morre-jose-alvarez-rocha-ex-presidente-da-uamca\/\" \/>\n<meta property=\"og:locale\" content=\"pt_BR\" \/>\n<meta property=\"og:type\" content=\"article\" \/>\n<meta property=\"og:title\" content=\"Morre Jos\u00e9 Alvarez Rocha, ex-presidente da Uamca - O Timoneiro Jornal Canoas RS\" \/>\n<meta property=\"og:description\" content=\"Faleceu no dia 20 de abril o l\u00edder comunit\u00e1rio Jos\u00e9 Alvarez Rocha, ex-presidente da Uni\u00e3o das Associa\u00e7\u00f5es de Moradores de Canoas (Uamca).\u00a0 Nascido em Estrela, foi em Canoas que se firmou como refer\u00eancia na luta comunit\u00e1ria. Al\u00e9m da Uamca, se envolveu com as gest\u00f5es do Conselho Comunit\u00e1rio do bairro Niter\u00f3i (Concoban) e do Lions Club [&hellip;]\" \/>\n<meta property=\"og:url\" content=\"https:\/\/jornaltimoneiro.com.br\/index.php\/2017\/04\/28\/morre-jose-alvarez-rocha-ex-presidente-da-uamca\/\" \/>\n<meta property=\"og:site_name\" content=\"O Timoneiro Jornal Canoas RS\" \/>\n<meta property=\"article:publisher\" content=\"https:\/\/www.facebook.com\/jornaltimoneiro\" \/>\n<meta property=\"article:published_time\" content=\"2017-04-28T14:06:27+00:00\" \/>\n<meta name=\"author\" content=\"Reda\u00e7\u00e3o\" \/>\n<meta name=\"twitter:card\" content=\"summary_large_image\" \/>\n<meta name=\"twitter:creator\" content=\"@_OTimoneiro\" \/>\n<meta name=\"twitter:site\" content=\"@_OTimoneiro\" \/>\n<meta name=\"twitter:label1\" content=\"Escrito por\" \/>\n\t<meta name=\"twitter:data1\" content=\"Reda\u00e7\u00e3o\" \/>\n\t<meta name=\"twitter:label2\" content=\"Est. tempo de leitura\" \/>\n\t<meta name=\"twitter:data2\" content=\"1 minuto\" \/>\n<script type=\"application\/ld+json\" class=\"yoast-schema-graph\">{\"@context\":\"https:\/\/schema.org\",\"@graph\":[{\"@type\":\"Article\",\"@id\":\"https:\/\/jornaltimoneiro.com.br\/index.php\/2017\/04\/28\/morre-jose-alvarez-rocha-ex-presidente-da-uamca\/#article\",\"isPartOf\":{\"@id\":\"https:\/\/jornaltimoneiro.com.br\/index.php\/2017\/04\/28\/morre-jose-alvarez-rocha-ex-presidente-da-uamca\/\"},\"author\":{\"name\":\"Reda\u00e7\u00e3o\",\"@id\":\"https:\/\/jornaltimoneiro.com.br\/#\/schema\/person\/620efd1d8244466117482be494360b08\"},\"headline\":\"Morre Jos\u00e9 Alvarez Rocha, ex-presidente da Uamca\",\"datePublished\":\"2017-04-28T14:06:27+00:00\",\"dateModified\":\"2017-04-28T14:06:27+00:00\",\"mainEntityOfPage\":{\"@id\":\"https:\/\/jornaltimoneiro.com.br\/index.php\/2017\/04\/28\/morre-jose-alvarez-rocha-ex-presidente-da-uamca\/\"},\"wordCount\":177,\"commentCount\":0,\"publisher\":{\"@id\":\"https:\/\/jornaltimoneiro.com.br\/#organization\"},\"articleSection\":[\"Comunidade\",\"Geral\",\"Not\u00edcias\"],\"inLanguage\":\"pt-BR\",\"potentialAction\":[{\"@type\":\"CommentAction\",\"name\":\"Comment\",\"target\":[\"https:\/\/jornaltimoneiro.com.br\/index.php\/2017\/04\/28\/morre-jose-alvarez-rocha-ex-presidente-da-uamca\/#respond\"]}]},{\"@type\":\"WebPage\",\"@id\":\"https:\/\/jornaltimoneiro.com.br\/index.php\/2017\/04\/28\/morre-jose-alvarez-rocha-ex-presidente-da-uamca\/\",\"url\":\"https:\/\/jornaltimoneiro.com.br\/index.php\/2017\/04\/28\/morre-jose-alvarez-rocha-ex-presidente-da-uamca\/\",\"name\":\"Morre Jos\u00e9 Alvarez Rocha, ex-presidente da Uamca - O Timoneiro Jornal Canoas RS\",\"isPartOf\":{\"@id\":\"https:\/\/jornaltimoneiro.com.br\/#website\"},\"datePublished\":\"2017-04-28T14:06:27+00:00\",\"dateModified\":\"2017-04-28T14:06:27+00:00\",\"breadcrumb\":{\"@id\":\"https:\/\/jornaltimoneiro.com.br\/index.php\/2017\/04\/28\/morre-jose-alvarez-rocha-ex-presidente-da-uamca\/#breadcrumb\"},\"inLanguage\":\"pt-BR\",\"potentialAction\":[{\"@type\":\"ReadAction\",\"target\":[\"https:\/\/jornaltimoneiro.com.br\/index.php\/2017\/04\/28\/morre-jose-alvarez-rocha-ex-presidente-da-uamca\/\"]}]},{\"@type\":\"BreadcrumbList\",\"@id\":\"https:\/\/jornaltimoneiro.com.br\/index.php\/2017\/04\/28\/morre-jose-alvarez-rocha-ex-presidente-da-uamca\/#breadcrumb\",\"itemListElement\":[{\"@type\":\"ListItem\",\"position\":1,\"name\":\"In\u00edcio\",\"item\":\"https:\/\/jornaltimoneiro.com.br\/\"},{\"@type\":\"ListItem\",\"position\":2,\"name\":\"Morre Jos\u00e9 Alvarez Rocha, ex-presidente da Uamca\"}]},{\"@type\":\"WebSite\",\"@id\":\"https:\/\/jornaltimoneiro.com.br\/#website\",\"url\":\"https:\/\/jornaltimoneiro.com.br\/\",\"name\":\"Jornal Timoneiro Canoas RS\",\"description\":\"Jornal O Timoneiro, o verdadeiro jornal de Canoas\",\"publisher\":{\"@id\":\"https:\/\/jornaltimoneiro.com.br\/#organization\"},\"potentialAction\":[{\"@type\":\"SearchAction\",\"target\":{\"@type\":\"EntryPoint\",\"urlTemplate\":\"https:\/\/jornaltimoneiro.com.br\/?s={search_term_string}\"},\"query-input\":\"required name=search_term_string\"}],\"inLanguage\":\"pt-BR\"},{\"@type\":\"Organization\",\"@id\":\"https:\/\/jornaltimoneiro.com.br\/#organization\",\"name\":\"Jornal Timoneiro Canoas RS\",\"url\":\"https:\/\/jornaltimoneiro.com.br\/\",\"logo\":{\"@type\":\"ImageObject\",\"inLanguage\":\"pt-BR\",\"@id\":\"https:\/\/jornaltimoneiro.com.br\/#\/schema\/logo\/image\/\",\"url\":\"https:\/\/jornaltimoneiro.com.br\/wp-content\/uploads\/2023\/03\/logonovo.png\",\"contentUrl\":\"https:\/\/jornaltimoneiro.com.br\/wp-content\/uploads\/2023\/03\/logonovo.png\",\"width\":\"469\",\"height\":\"171\",\"caption\":\"Jornal Timoneiro Canoas RS\"},\"image\":{\"@id\":\"https:\/\/jornaltimoneiro.com.br\/#\/schema\/logo\/image\/\"},\"sameAs\":[\"https:\/\/www.facebook.com\/jornaltimoneiro\",\"https:\/\/twitter.com\/_OTimoneiro\",\"https:\/\/www.instagram.com\/jornaltimoneirocanoas\/\",\"https:\/\/www.youtube.com\/@jornalotimoneiro7927\"]},{\"@type\":\"Person\",\"@id\":\"https:\/\/jornaltimoneiro.com.br\/#\/schema\/person\/620efd1d8244466117482be494360b08\",\"name\":\"Reda\u00e7\u00e3o\",\"image\":{\"@type\":\"ImageObject\",\"inLanguage\":\"pt-BR\",\"@id\":\"https:\/\/jornaltimoneiro.com.br\/#\/schema\/person\/image\/\",\"url\":\"https:\/\/secure.gravatar.com\/avatar\/2f04e1b304682a8d9db336c7acd77f08?s=96&d=mm&r=g\",\"contentUrl\":\"https:\/\/secure.gravatar.com\/avatar\/2f04e1b304682a8d9db336c7acd77f08?s=96&d=mm&r=g\",\"caption\":\"Reda\u00e7\u00e3o\"},\"url\":\"https:\/\/jornaltimoneiro.com.br\/index.php\/author\/timoneirocanoas\/\"}]}<\/script>\n<!-- \/ Yoast SEO plugin. -->","yoast_head_json":{"title":"Morre Jos\u00e9 Alvarez Rocha, ex-presidente da Uamca - O Timoneiro Jornal Canoas RS","robots":{"index":"index","follow":"follow","max-snippet":"max-snippet:-1","max-image-preview":"max-image-preview:large","max-video-preview":"max-video-preview:-1"},"canonical":"https:\/\/jornaltimoneiro.com.br\/index.php\/2017\/04\/28\/morre-jose-alvarez-rocha-ex-presidente-da-uamca\/","og_locale":"pt_BR","og_type":"article","og_title":"Morre Jos\u00e9 Alvarez Rocha, ex-presidente da Uamca - O Timoneiro Jornal Canoas RS","og_description":"Faleceu no dia 20 de abril o l\u00edder comunit\u00e1rio Jos\u00e9 Alvarez Rocha, ex-presidente da Uni\u00e3o das Associa\u00e7\u00f5es de Moradores de Canoas (Uamca).\u00a0 Nascido em Estrela, foi em Canoas que se firmou como refer\u00eancia na luta comunit\u00e1ria. Al\u00e9m da Uamca, se envolveu com as gest\u00f5es do Conselho Comunit\u00e1rio do bairro Niter\u00f3i (Concoban) e do Lions Club [&hellip;]","og_url":"https:\/\/jornaltimoneiro.com.br\/index.php\/2017\/04\/28\/morre-jose-alvarez-rocha-ex-presidente-da-uamca\/","og_site_name":"O Timoneiro Jornal Canoas RS","article_publisher":"https:\/\/www.facebook.com\/jornaltimoneiro","article_published_time":"2017-04-28T14:06:27+00:00","author":"Reda\u00e7\u00e3o","twitter_card":"summary_large_image","twitter_creator":"@_OTimoneiro","twitter_site":"@_OTimoneiro","twitter_misc":{"Escrito por":"Reda\u00e7\u00e3o","Est. tempo de leitura":"1 minuto"},"schema":{"@context":"https:\/\/schema.org","@graph":[{"@type":"Article","@id":"https:\/\/jornaltimoneiro.com.br\/index.php\/2017\/04\/28\/morre-jose-alvarez-rocha-ex-presidente-da-uamca\/#article","isPartOf":{"@id":"https:\/\/jornaltimoneiro.com.br\/index.php\/2017\/04\/28\/morre-jose-alvarez-rocha-ex-presidente-da-uamca\/"},"author":{"name":"Reda\u00e7\u00e3o","@id":"https:\/\/jornaltimoneiro.com.br\/#\/schema\/person\/620efd1d8244466117482be494360b08"},"headline":"Morre Jos\u00e9 Alvarez Rocha, ex-presidente da Uamca","datePublished":"2017-04-28T14:06:27+00:00","dateModified":"2017-04-28T14:06:27+00:00","mainEntityOfPage":{"@id":"https:\/\/jornaltimoneiro.com.br\/index.php\/2017\/04\/28\/morre-jose-alvarez-rocha-ex-presidente-da-uamca\/"},"wordCount":177,"commentCount":0,"publisher":{"@id":"https:\/\/jornaltimoneiro.com.br\/#organization"},"articleSection":["Comunidade","Geral","Not\u00edcias"],"inLanguage":"pt-BR","potentialAction":[{"@type":"CommentAction","name":"Comment","target":["https:\/\/jornaltimoneiro.com.br\/index.php\/2017\/04\/28\/morre-jose-alvarez-rocha-ex-presidente-da-uamca\/#respond"]}]},{"@type":"WebPage","@id":"https:\/\/jornaltimoneiro.com.br\/index.php\/2017\/04\/28\/morre-jose-alvarez-rocha-ex-presidente-da-uamca\/","url":"https:\/\/jornaltimoneiro.com.br\/index.php\/2017\/04\/28\/morre-jose-alvarez-rocha-ex-presidente-da-uamca\/","name":"Morre Jos\u00e9 Alvarez Rocha, ex-presidente da Uamca - O Timoneiro Jornal Canoas RS","isPartOf":{"@id":"https:\/\/jornaltimoneiro.com.br\/#website"},"datePublished":"2017-04-28T14:06:27+00:00","dateModified":"2017-04-28T14:06:27+00:00","breadcrumb":{"@id":"https:\/\/jornaltimoneiro.com.br\/index.php\/2017\/04\/28\/morre-jose-alvarez-rocha-ex-presidente-da-uamca\/#breadcrumb"},"inLanguage":"pt-BR","potentialAction":[{"@type":"ReadAction","target":["https:\/\/jornaltimoneiro.com.br\/index.php\/2017\/04\/28\/morre-jose-alvarez-rocha-ex-presidente-da-uamca\/"]}]},{"@type":"BreadcrumbList","@id":"https:\/\/jornaltimoneiro.com.br\/index.php\/2017\/04\/28\/morre-jose-alvarez-rocha-ex-presidente-da-uamca\/#breadcrumb","itemListElement":[{"@type":"ListItem","position":1,"name":"In\u00edcio","item":"https:\/\/jornaltimoneiro.com.br\/"},{"@type":"ListItem","position":2,"name":"Morre Jos\u00e9 Alvarez Rocha, ex-presidente da Uamca"}]},{"@type":"WebSite","@id":"https:\/\/jornaltimoneiro.com.br\/#website","url":"https:\/\/jornaltimoneiro.com.br\/","name":"Jornal Timoneiro Canoas RS","description":"Jornal O Timoneiro, o verdadeiro jornal de Canoas","publisher":{"@id":"https:\/\/jornaltimoneiro.com.br\/#organization"},"potentialAction":[{"@type":"SearchAction","target":{"@type":"EntryPoint","urlTemplate":"https:\/\/jornaltimoneiro.com.br\/?s={search_term_string}"},"query-input":"required name=search_term_string"}],"inLanguage":"pt-BR"},{"@type":"Organization","@id":"https:\/\/jornaltimoneiro.com.br\/#organization","name":"Jornal Timoneiro Canoas RS","url":"https:\/\/jornaltimoneiro.com.br\/","logo":{"@type":"ImageObject","inLanguage":"pt-BR","@id":"https:\/\/jornaltimoneiro.com.br\/#\/schema\/logo\/image\/","url":"https:\/\/jornaltimoneiro.com.br\/wp-content\/uploads\/2023\/03\/logonovo.png","contentUrl":"https:\/\/jornaltimoneiro.com.br\/wp-content\/uploads\/2023\/03\/logonovo.png","width":"469","height":"171","caption":"Jornal Timoneiro Canoas RS"},"image":{"@id":"https:\/\/jornaltimoneiro.com.br\/#\/schema\/logo\/image\/"},"sameAs":["https:\/\/www.facebook.com\/jornaltimoneiro","https:\/\/twitter.com\/_OTimoneiro","https:\/\/www.instagram.com\/jornaltimoneirocanoas\/","https:\/\/www.youtube.com\/@jornalotimoneiro7927"]},{"@type":"Person","@id":"https:\/\/jornaltimoneiro.com.br\/#\/schema\/person\/620efd1d8244466117482be494360b08","name":"Reda\u00e7\u00e3o","image":{"@type":"ImageObject","inLanguage":"pt-BR","@id":"https:\/\/jornaltimoneiro.com.br\/#\/schema\/person\/image\/","url":"https:\/\/secure.gravatar.com\/avatar\/2f04e1b304682a8d9db336c7acd77f08?s=96&d=mm&r=g","contentUrl":"https:\/\/secure.gravatar.com\/avatar\/2f04e1b304682a8d9db336c7acd77f08?s=96&d=mm&r=g","caption":"Reda\u00e7\u00e3o"},"url":"https:\/\/jornaltimoneiro.com.br\/index.php\/author\/timoneirocanoas\/"}]}},"_links":{"self":[{"href":"https:\/\/jornaltimoneiro.com.br\/index.php\/wp-json\/wp\/v2\/posts\/7220"}],"collection":[{"href":"https:\/\/jornaltimoneiro.com.br\/index.php\/wp-json\/wp\/v2\/posts"}],"about":[{"href":"https:\/\/jornaltimoneiro.com.br\/index.php\/wp-json\/wp\/v2\/types\/post"}],"author":[{"embeddable":true,"href":"https:\/\/jornaltimoneiro.com.br\/index.php\/wp-json\/wp\/v2\/users\/1"}],"replies":[{"embeddable":true,"href":"https:\/\/jornaltimoneiro.com.br\/index.php\/wp-json\/wp\/v2\/comments?post=7220"}],"version-history":[{"count":0,"href":"https:\/\/jornaltimoneiro.com.br\/index.php\/wp-json\/wp\/v2\/posts\/7220\/revisions"}],"wp:featuredmedia":[{"embeddable":true,"href":"https:\/\/jornaltimoneiro.com.br\/index.php\/wp-json\/"}],"wp:attachment":[{"href":"https:\/\/jornaltimoneiro.com.br\/index.php\/wp-json\/wp\/v2\/media?parent=7220"}],"wp:term":[{"taxonomy":"category","embeddable":true,"href":"https:\/\/jornaltimoneiro.com.br\/index.php\/wp-json\/wp\/v2\/categories?post=7220"},{"taxonomy":"post_tag","embeddable":true,"href":"https:\/\/jornaltimoneiro.com.br\/index.php\/wp-json\/wp\/v2\/tags?post=7220"}],"curies":[{"name":"wp","href":"https:\/\/api.w.org\/{rel}","templated":true}]}}