{"id":7216,"date":"2017-04-28T10:36:24","date_gmt":"2017-04-28T13:36:24","guid":{"rendered":"http:\/\/otimoneiro.com.br\/?p=7216"},"modified":"2017-04-28T10:36:24","modified_gmt":"2017-04-28T13:36:24","slug":"canoenses-aderem-paralisacao-contra-reformas-de-michel-temer","status":"publish","type":"post","link":"https:\/\/jornaltimoneiro.com.br\/index.php\/2017\/04\/28\/canoenses-aderem-paralisacao-contra-reformas-de-michel-temer\/","title":{"rendered":"Canoenses aderem \u00e0 paralisa\u00e7\u00e3o contra reformas de Michel Temer"},"content":{"rendered":"<div data-canvas-width=\"180.67555449162154\"><a href=\"http:\/\/otimoneiro.com.br\/wp-content\/uploads\/2016\/11\/logo.jpg\"><img decoding=\"async\" class=\"aligncenter size-full wp-image-5628\" src=\"http:\/\/otimoneiro.com.br\/wp-content\/uploads\/2016\/11\/logo.jpg\" alt=\"logo\" width=\"960\" height=\"960\" \/><\/a><\/div>\n<div data-canvas-width=\"180.67555449162154\">A instabilidade pol\u00edtica do Brasil toma rumos cada vez mais preocupantes. Com o per\u00edodo de transi\u00e7\u00e3o, ap\u00f3s o impeachment de Dilma Rousseff (PT), o novo governo liderado por Michel Temer (PMDB) tenta emplacar mudan\u00e7as profundas no pa\u00eds. Com baixa popularidade, tendo grande parte de seu alto escal\u00e3o investigado na Lava Jato, o governo v\u00ea surgir nas ruas movimentos contr\u00e1rios \u00e0s suas reformas.<\/div>\n<div data-canvas-width=\"179.14710797530554\"><\/div>\n<div data-canvas-width=\"179.14710797530554\">Diante deste cen\u00e1rio, as principais organiza\u00e7\u00f5es e sindicatos de trabalhadores do Brasil convocaram greve geral, na sexta, 28. Em Canoas a situa\u00e7\u00e3o \u00e9 a mesma. De acordo com o presidente do Sindicato dos Profissionais em Educa\u00e7\u00e3o Municipal de Canoas (Sinprocan), Jari Rosa de Oliveira, praticamente todos os profissionais da categoria aderiram \u00e0 greve. Ele informa que os professores j\u00e1 v\u00eam informando \u00e0 comunidade escolar sobre os motivos da paralisa\u00e7\u00e3o. Os educadores ainda realizam caminhada como forma de protesto, durante a sexta-feira.<\/div>\n<div data-canvas-width=\"177.97969106715385\"><\/div>\n<div data-canvas-width=\"177.97969106715385\">Teresinha Antqueviezc, presidente do Sindicato dos Municip\u00e1rios de Canoas (Simca), tamb\u00e9m destaca os motivos para a greve: &#8220;Temos que mostrar que n\u00e3o estamos contentes com isso vamos pagar por algo que n\u00e3o temos culpa.&#8221; Para o presidente do Sindicato Metal\u00fargico de Canoas e Nova Santa Rita, Paulo Chitolina, o momento \u00e9 grave: &#8220;Nesse momento, se passarem as reformas, vai ser prejudicial a todos os trabalhadores. Achamos<\/div>\n<div data-canvas-width=\"197.24865818319265\">muito importante para mostrar para o governo que n\u00e3o estamos de brincadeira.&#8221; Ainda, de acordo com Chitolina, os<\/div>\n<div data-canvas-width=\"196.0627945067406\">trabalhadores da categoria est\u00e3o sendo orientados para ficar em casa durante a sexta-feira.<\/div>\n<div data-canvas-width=\"180.6307551971778\"><\/div>\n<div data-canvas-width=\"180.6307551971778\">O Sindicato dos Empregados no Com\u00e9rcio de Canoas (Sindec) tamb\u00e9m ir\u00e1 paralisar. De acordo com o presidente da entidade, Antonio Fellini esta ser\u00e1 uma das maiores greves j\u00e1 feitas no Brasil.&#8221;Queremos di\u00e1logo com o<\/div>\n<div data-canvas-width=\"198.61108378480534\">governo. N\u00e3o tinha necessidade de fazer isso. Como isso vai resolver os problemas do Brasil? Isso \u00e9 um absurdo&#8221;, questiona Fellini, sobre o modo de atua\u00e7\u00e3o do governo com rela\u00e7\u00e3o \u00e0s reformas.<\/div>\n<div data-canvas-width=\"171.55494519339803\">Os trabalhadores da \u00e1rea de transportes, atrav\u00e9s dos sindicatos dos Rodovi\u00e1rios e Metrovi\u00e1rios, tamb\u00e9m aderiram \u00e0 paralisa\u00e7\u00e3o.<\/div>\n<div data-canvas-width=\"31.67724228297845\"><\/div>\n<h3 data-canvas-width=\"31.67724228297845\">CUT<\/h3>\n<div data-canvas-width=\"179.1787310066776\">A Central \u00danica dos Trabalhadores (CUT), uma das principais organiza\u00e7\u00f5es sindicais trabalhistas do pa\u00eds, tem papel importante na convoca\u00e7\u00e3o da greve.&#8221;Dentre os ataques promovidos pelo governo golpistas est\u00e3o a terceiriza\u00e7\u00e3o sem limites, que j\u00e1 foi aprovado na C\u00e2mara Federal no dia 22 de mar\u00e7o, as reformas trabalhista e da previd\u00eancia&#8221;, informa a central, em nota.<\/div>\n<div data-canvas-width=\"34.92989693838982\"><\/div>\n<h3 data-canvas-width=\"34.92989693838982\">MPT<\/h3>\n<div data-canvas-width=\"34.92989693838982\">O Minist\u00e9rio P\u00fablico do Trabalho (MPT) emitiu nota, na quinta-feira, 27, acerca da greve geral: &#8220;a Greve \u00e9 um direito fundamental assegurado pela Constitui\u00e7\u00e3o Federal, bem como por Tratados Internacionais de Direitos Humanos ratificados pelo Brasil&#8221;. O Procurador Geral do MPT, Ronaldo Curado Fleury, ainda reafirmou a posi\u00e7\u00e3o do \u00f3rg\u00e3o contra as &#8220;medidas de retirada e enfraquecimento de direitos fundamentais dos trabalhadores contidas no Projeto de Lei que trata da denominada \u201cReforma Trabalhista\u201d.<\/div>\n<div data-canvas-width=\"34.92989693838982\"><\/div>\n<h3 data-canvas-width=\"34.92989693838982\">Aprova\u00e7\u00e3o na C\u00e2mara<\/h3>\n<div data-canvas-width=\"34.92989693838982\">Antes da greve de sexta-feira, o Governo Federal conseguiu uma vit\u00f3ria na C\u00e2mara dos Deputados. Na quinta-feira, 27, ap\u00f3s quase 14 horas de sess\u00e3o,os parlamentares aprovaram, com 296 votos a favor (eram necess\u00e1rios pelo menos 257), a proposta de reforma trabalhista. Agora o texto segue para aprecia\u00e7\u00e3o no Senado Federal. Ap\u00f3s a aprova\u00e7\u00e3o do texto-base, o porta-voz da Presid\u00eancia da Rep\u00fablica, Alexandre Parola, afirmou em pronunciamento que a nova legisla\u00e7\u00e3o, se aprovada pelo Senado, &#8220;permitir\u00e1 garantir os direitos dos trabalhadores previstos na Constitui\u00e7\u00e3o Federal e impulsionar a cria\u00e7\u00e3o de empregos no pa\u00eds&#8221;.<\/div>\n","protected":false},"excerpt":{"rendered":"<p>A instabilidade pol\u00edtica do Brasil toma rumos cada vez mais preocupantes. Com o per\u00edodo de transi\u00e7\u00e3o, ap\u00f3s o impeachment de Dilma Rousseff (PT), o novo governo liderado por Michel Temer (PMDB) tenta emplacar mudan\u00e7as profundas no pa\u00eds. Com baixa popularidade, tendo grande parte de seu alto escal\u00e3o investigado na Lava Jato, o governo v\u00ea surgir [&hellip;]<\/p>\n","protected":false},"author":1,"featured_media":5628,"comment_status":"open","ping_status":"open","sticky":false,"template":"","format":"standard","meta":{"amp_status":"","footnotes":""},"categories":[19,23,22,73],"tags":[],"class_list":["post-7216","post","type-post","status-publish","format-standard","has-post-thumbnail","hentry","category-destaques","category-geral","category-noticias","category-pais"],"yoast_head":"<!-- This site is optimized with the Yoast SEO plugin v20.5 - https:\/\/yoast.com\/wordpress\/plugins\/seo\/ -->\n<title>Canoenses aderem \u00e0 paralisa\u00e7\u00e3o contra reformas de Michel Temer - O Timoneiro Jornal Canoas RS<\/title>\n<meta name=\"robots\" content=\"index, follow, max-snippet:-1, max-image-preview:large, max-video-preview:-1\" \/>\n<link rel=\"canonical\" href=\"https:\/\/jornaltimoneiro.com.br\/index.php\/2017\/04\/28\/canoenses-aderem-paralisacao-contra-reformas-de-michel-temer\/\" \/>\n<meta property=\"og:locale\" content=\"pt_BR\" \/>\n<meta property=\"og:type\" content=\"article\" \/>\n<meta property=\"og:title\" content=\"Canoenses aderem \u00e0 paralisa\u00e7\u00e3o contra reformas de Michel Temer - O Timoneiro Jornal Canoas RS\" \/>\n<meta property=\"og:description\" content=\"A instabilidade pol\u00edtica do Brasil toma rumos cada vez mais preocupantes. Com o per\u00edodo de transi\u00e7\u00e3o, ap\u00f3s o impeachment de Dilma Rousseff (PT), o novo governo liderado por Michel Temer (PMDB) tenta emplacar mudan\u00e7as profundas no pa\u00eds. Com baixa popularidade, tendo grande parte de seu alto escal\u00e3o investigado na Lava Jato, o governo v\u00ea surgir [&hellip;]\" \/>\n<meta property=\"og:url\" content=\"https:\/\/jornaltimoneiro.com.br\/index.php\/2017\/04\/28\/canoenses-aderem-paralisacao-contra-reformas-de-michel-temer\/\" \/>\n<meta property=\"og:site_name\" content=\"O Timoneiro Jornal Canoas RS\" \/>\n<meta property=\"article:publisher\" content=\"https:\/\/www.facebook.com\/jornaltimoneiro\" \/>\n<meta property=\"article:published_time\" content=\"2017-04-28T13:36:24+00:00\" \/>\n<meta name=\"author\" content=\"Reda\u00e7\u00e3o\" \/>\n<meta name=\"twitter:card\" content=\"summary_large_image\" \/>\n<meta name=\"twitter:creator\" content=\"@_OTimoneiro\" \/>\n<meta name=\"twitter:site\" content=\"@_OTimoneiro\" \/>\n<meta name=\"twitter:label1\" content=\"Escrito por\" \/>\n\t<meta name=\"twitter:data1\" content=\"Reda\u00e7\u00e3o\" \/>\n\t<meta name=\"twitter:label2\" content=\"Est. tempo de leitura\" \/>\n\t<meta name=\"twitter:data2\" content=\"3 minutos\" \/>\n<script type=\"application\/ld+json\" class=\"yoast-schema-graph\">{\"@context\":\"https:\/\/schema.org\",\"@graph\":[{\"@type\":\"Article\",\"@id\":\"https:\/\/jornaltimoneiro.com.br\/index.php\/2017\/04\/28\/canoenses-aderem-paralisacao-contra-reformas-de-michel-temer\/#article\",\"isPartOf\":{\"@id\":\"https:\/\/jornaltimoneiro.com.br\/index.php\/2017\/04\/28\/canoenses-aderem-paralisacao-contra-reformas-de-michel-temer\/\"},\"author\":{\"name\":\"Reda\u00e7\u00e3o\",\"@id\":\"https:\/\/jornaltimoneiro.com.br\/#\/schema\/person\/620efd1d8244466117482be494360b08\"},\"headline\":\"Canoenses aderem \u00e0 paralisa\u00e7\u00e3o contra reformas de Michel Temer\",\"datePublished\":\"2017-04-28T13:36:24+00:00\",\"dateModified\":\"2017-04-28T13:36:24+00:00\",\"mainEntityOfPage\":{\"@id\":\"https:\/\/jornaltimoneiro.com.br\/index.php\/2017\/04\/28\/canoenses-aderem-paralisacao-contra-reformas-de-michel-temer\/\"},\"wordCount\":607,\"commentCount\":0,\"publisher\":{\"@id\":\"https:\/\/jornaltimoneiro.com.br\/#organization\"},\"articleSection\":[\"Destaques\",\"Geral\",\"Not\u00edcias\",\"Pa\u00eds\"],\"inLanguage\":\"pt-BR\",\"potentialAction\":[{\"@type\":\"CommentAction\",\"name\":\"Comment\",\"target\":[\"https:\/\/jornaltimoneiro.com.br\/index.php\/2017\/04\/28\/canoenses-aderem-paralisacao-contra-reformas-de-michel-temer\/#respond\"]}]},{\"@type\":\"WebPage\",\"@id\":\"https:\/\/jornaltimoneiro.com.br\/index.php\/2017\/04\/28\/canoenses-aderem-paralisacao-contra-reformas-de-michel-temer\/\",\"url\":\"https:\/\/jornaltimoneiro.com.br\/index.php\/2017\/04\/28\/canoenses-aderem-paralisacao-contra-reformas-de-michel-temer\/\",\"name\":\"Canoenses aderem \u00e0 paralisa\u00e7\u00e3o contra reformas de Michel Temer - O Timoneiro Jornal Canoas RS\",\"isPartOf\":{\"@id\":\"https:\/\/jornaltimoneiro.com.br\/#website\"},\"datePublished\":\"2017-04-28T13:36:24+00:00\",\"dateModified\":\"2017-04-28T13:36:24+00:00\",\"breadcrumb\":{\"@id\":\"https:\/\/jornaltimoneiro.com.br\/index.php\/2017\/04\/28\/canoenses-aderem-paralisacao-contra-reformas-de-michel-temer\/#breadcrumb\"},\"inLanguage\":\"pt-BR\",\"potentialAction\":[{\"@type\":\"ReadAction\",\"target\":[\"https:\/\/jornaltimoneiro.com.br\/index.php\/2017\/04\/28\/canoenses-aderem-paralisacao-contra-reformas-de-michel-temer\/\"]}]},{\"@type\":\"BreadcrumbList\",\"@id\":\"https:\/\/jornaltimoneiro.com.br\/index.php\/2017\/04\/28\/canoenses-aderem-paralisacao-contra-reformas-de-michel-temer\/#breadcrumb\",\"itemListElement\":[{\"@type\":\"ListItem\",\"position\":1,\"name\":\"In\u00edcio\",\"item\":\"https:\/\/jornaltimoneiro.com.br\/\"},{\"@type\":\"ListItem\",\"position\":2,\"name\":\"Canoenses aderem \u00e0 paralisa\u00e7\u00e3o contra reformas de Michel Temer\"}]},{\"@type\":\"WebSite\",\"@id\":\"https:\/\/jornaltimoneiro.com.br\/#website\",\"url\":\"https:\/\/jornaltimoneiro.com.br\/\",\"name\":\"Jornal Timoneiro Canoas RS\",\"description\":\"Jornal O Timoneiro, o verdadeiro jornal de Canoas\",\"publisher\":{\"@id\":\"https:\/\/jornaltimoneiro.com.br\/#organization\"},\"potentialAction\":[{\"@type\":\"SearchAction\",\"target\":{\"@type\":\"EntryPoint\",\"urlTemplate\":\"https:\/\/jornaltimoneiro.com.br\/?s={search_term_string}\"},\"query-input\":\"required name=search_term_string\"}],\"inLanguage\":\"pt-BR\"},{\"@type\":\"Organization\",\"@id\":\"https:\/\/jornaltimoneiro.com.br\/#organization\",\"name\":\"Jornal Timoneiro Canoas RS\",\"url\":\"https:\/\/jornaltimoneiro.com.br\/\",\"logo\":{\"@type\":\"ImageObject\",\"inLanguage\":\"pt-BR\",\"@id\":\"https:\/\/jornaltimoneiro.com.br\/#\/schema\/logo\/image\/\",\"url\":\"https:\/\/jornaltimoneiro.com.br\/wp-content\/uploads\/2023\/03\/logonovo.png\",\"contentUrl\":\"https:\/\/jornaltimoneiro.com.br\/wp-content\/uploads\/2023\/03\/logonovo.png\",\"width\":\"469\",\"height\":\"171\",\"caption\":\"Jornal Timoneiro Canoas RS\"},\"image\":{\"@id\":\"https:\/\/jornaltimoneiro.com.br\/#\/schema\/logo\/image\/\"},\"sameAs\":[\"https:\/\/www.facebook.com\/jornaltimoneiro\",\"https:\/\/twitter.com\/_OTimoneiro\",\"https:\/\/www.instagram.com\/jornaltimoneirocanoas\/\",\"https:\/\/www.youtube.com\/@jornalotimoneiro7927\"]},{\"@type\":\"Person\",\"@id\":\"https:\/\/jornaltimoneiro.com.br\/#\/schema\/person\/620efd1d8244466117482be494360b08\",\"name\":\"Reda\u00e7\u00e3o\",\"image\":{\"@type\":\"ImageObject\",\"inLanguage\":\"pt-BR\",\"@id\":\"https:\/\/jornaltimoneiro.com.br\/#\/schema\/person\/image\/\",\"url\":\"https:\/\/secure.gravatar.com\/avatar\/2f04e1b304682a8d9db336c7acd77f08?s=96&d=mm&r=g\",\"contentUrl\":\"https:\/\/secure.gravatar.com\/avatar\/2f04e1b304682a8d9db336c7acd77f08?s=96&d=mm&r=g\",\"caption\":\"Reda\u00e7\u00e3o\"},\"url\":\"https:\/\/jornaltimoneiro.com.br\/index.php\/author\/timoneirocanoas\/\"}]}<\/script>\n<!-- \/ Yoast SEO plugin. -->","yoast_head_json":{"title":"Canoenses aderem \u00e0 paralisa\u00e7\u00e3o contra reformas de Michel Temer - O Timoneiro Jornal Canoas RS","robots":{"index":"index","follow":"follow","max-snippet":"max-snippet:-1","max-image-preview":"max-image-preview:large","max-video-preview":"max-video-preview:-1"},"canonical":"https:\/\/jornaltimoneiro.com.br\/index.php\/2017\/04\/28\/canoenses-aderem-paralisacao-contra-reformas-de-michel-temer\/","og_locale":"pt_BR","og_type":"article","og_title":"Canoenses aderem \u00e0 paralisa\u00e7\u00e3o contra reformas de Michel Temer - O Timoneiro Jornal Canoas RS","og_description":"A instabilidade pol\u00edtica do Brasil toma rumos cada vez mais preocupantes. Com o per\u00edodo de transi\u00e7\u00e3o, ap\u00f3s o impeachment de Dilma Rousseff (PT), o novo governo liderado por Michel Temer (PMDB) tenta emplacar mudan\u00e7as profundas no pa\u00eds. Com baixa popularidade, tendo grande parte de seu alto escal\u00e3o investigado na Lava Jato, o governo v\u00ea surgir [&hellip;]","og_url":"https:\/\/jornaltimoneiro.com.br\/index.php\/2017\/04\/28\/canoenses-aderem-paralisacao-contra-reformas-de-michel-temer\/","og_site_name":"O Timoneiro Jornal Canoas RS","article_publisher":"https:\/\/www.facebook.com\/jornaltimoneiro","article_published_time":"2017-04-28T13:36:24+00:00","author":"Reda\u00e7\u00e3o","twitter_card":"summary_large_image","twitter_creator":"@_OTimoneiro","twitter_site":"@_OTimoneiro","twitter_misc":{"Escrito por":"Reda\u00e7\u00e3o","Est. tempo de leitura":"3 minutos"},"schema":{"@context":"https:\/\/schema.org","@graph":[{"@type":"Article","@id":"https:\/\/jornaltimoneiro.com.br\/index.php\/2017\/04\/28\/canoenses-aderem-paralisacao-contra-reformas-de-michel-temer\/#article","isPartOf":{"@id":"https:\/\/jornaltimoneiro.com.br\/index.php\/2017\/04\/28\/canoenses-aderem-paralisacao-contra-reformas-de-michel-temer\/"},"author":{"name":"Reda\u00e7\u00e3o","@id":"https:\/\/jornaltimoneiro.com.br\/#\/schema\/person\/620efd1d8244466117482be494360b08"},"headline":"Canoenses aderem \u00e0 paralisa\u00e7\u00e3o contra reformas de Michel Temer","datePublished":"2017-04-28T13:36:24+00:00","dateModified":"2017-04-28T13:36:24+00:00","mainEntityOfPage":{"@id":"https:\/\/jornaltimoneiro.com.br\/index.php\/2017\/04\/28\/canoenses-aderem-paralisacao-contra-reformas-de-michel-temer\/"},"wordCount":607,"commentCount":0,"publisher":{"@id":"https:\/\/jornaltimoneiro.com.br\/#organization"},"articleSection":["Destaques","Geral","Not\u00edcias","Pa\u00eds"],"inLanguage":"pt-BR","potentialAction":[{"@type":"CommentAction","name":"Comment","target":["https:\/\/jornaltimoneiro.com.br\/index.php\/2017\/04\/28\/canoenses-aderem-paralisacao-contra-reformas-de-michel-temer\/#respond"]}]},{"@type":"WebPage","@id":"https:\/\/jornaltimoneiro.com.br\/index.php\/2017\/04\/28\/canoenses-aderem-paralisacao-contra-reformas-de-michel-temer\/","url":"https:\/\/jornaltimoneiro.com.br\/index.php\/2017\/04\/28\/canoenses-aderem-paralisacao-contra-reformas-de-michel-temer\/","name":"Canoenses aderem \u00e0 paralisa\u00e7\u00e3o contra reformas de Michel Temer - O Timoneiro Jornal Canoas RS","isPartOf":{"@id":"https:\/\/jornaltimoneiro.com.br\/#website"},"datePublished":"2017-04-28T13:36:24+00:00","dateModified":"2017-04-28T13:36:24+00:00","breadcrumb":{"@id":"https:\/\/jornaltimoneiro.com.br\/index.php\/2017\/04\/28\/canoenses-aderem-paralisacao-contra-reformas-de-michel-temer\/#breadcrumb"},"inLanguage":"pt-BR","potentialAction":[{"@type":"ReadAction","target":["https:\/\/jornaltimoneiro.com.br\/index.php\/2017\/04\/28\/canoenses-aderem-paralisacao-contra-reformas-de-michel-temer\/"]}]},{"@type":"BreadcrumbList","@id":"https:\/\/jornaltimoneiro.com.br\/index.php\/2017\/04\/28\/canoenses-aderem-paralisacao-contra-reformas-de-michel-temer\/#breadcrumb","itemListElement":[{"@type":"ListItem","position":1,"name":"In\u00edcio","item":"https:\/\/jornaltimoneiro.com.br\/"},{"@type":"ListItem","position":2,"name":"Canoenses aderem \u00e0 paralisa\u00e7\u00e3o contra reformas de Michel Temer"}]},{"@type":"WebSite","@id":"https:\/\/jornaltimoneiro.com.br\/#website","url":"https:\/\/jornaltimoneiro.com.br\/","name":"Jornal Timoneiro Canoas RS","description":"Jornal O Timoneiro, o verdadeiro jornal de Canoas","publisher":{"@id":"https:\/\/jornaltimoneiro.com.br\/#organization"},"potentialAction":[{"@type":"SearchAction","target":{"@type":"EntryPoint","urlTemplate":"https:\/\/jornaltimoneiro.com.br\/?s={search_term_string}"},"query-input":"required name=search_term_string"}],"inLanguage":"pt-BR"},{"@type":"Organization","@id":"https:\/\/jornaltimoneiro.com.br\/#organization","name":"Jornal Timoneiro Canoas RS","url":"https:\/\/jornaltimoneiro.com.br\/","logo":{"@type":"ImageObject","inLanguage":"pt-BR","@id":"https:\/\/jornaltimoneiro.com.br\/#\/schema\/logo\/image\/","url":"https:\/\/jornaltimoneiro.com.br\/wp-content\/uploads\/2023\/03\/logonovo.png","contentUrl":"https:\/\/jornaltimoneiro.com.br\/wp-content\/uploads\/2023\/03\/logonovo.png","width":"469","height":"171","caption":"Jornal Timoneiro Canoas RS"},"image":{"@id":"https:\/\/jornaltimoneiro.com.br\/#\/schema\/logo\/image\/"},"sameAs":["https:\/\/www.facebook.com\/jornaltimoneiro","https:\/\/twitter.com\/_OTimoneiro","https:\/\/www.instagram.com\/jornaltimoneirocanoas\/","https:\/\/www.youtube.com\/@jornalotimoneiro7927"]},{"@type":"Person","@id":"https:\/\/jornaltimoneiro.com.br\/#\/schema\/person\/620efd1d8244466117482be494360b08","name":"Reda\u00e7\u00e3o","image":{"@type":"ImageObject","inLanguage":"pt-BR","@id":"https:\/\/jornaltimoneiro.com.br\/#\/schema\/person\/image\/","url":"https:\/\/secure.gravatar.com\/avatar\/2f04e1b304682a8d9db336c7acd77f08?s=96&d=mm&r=g","contentUrl":"https:\/\/secure.gravatar.com\/avatar\/2f04e1b304682a8d9db336c7acd77f08?s=96&d=mm&r=g","caption":"Reda\u00e7\u00e3o"},"url":"https:\/\/jornaltimoneiro.com.br\/index.php\/author\/timoneirocanoas\/"}]}},"_links":{"self":[{"href":"https:\/\/jornaltimoneiro.com.br\/index.php\/wp-json\/wp\/v2\/posts\/7216"}],"collection":[{"href":"https:\/\/jornaltimoneiro.com.br\/index.php\/wp-json\/wp\/v2\/posts"}],"about":[{"href":"https:\/\/jornaltimoneiro.com.br\/index.php\/wp-json\/wp\/v2\/types\/post"}],"author":[{"embeddable":true,"href":"https:\/\/jornaltimoneiro.com.br\/index.php\/wp-json\/wp\/v2\/users\/1"}],"replies":[{"embeddable":true,"href":"https:\/\/jornaltimoneiro.com.br\/index.php\/wp-json\/wp\/v2\/comments?post=7216"}],"version-history":[{"count":0,"href":"https:\/\/jornaltimoneiro.com.br\/index.php\/wp-json\/wp\/v2\/posts\/7216\/revisions"}],"wp:featuredmedia":[{"embeddable":true,"href":"https:\/\/jornaltimoneiro.com.br\/index.php\/wp-json\/"}],"wp:attachment":[{"href":"https:\/\/jornaltimoneiro.com.br\/index.php\/wp-json\/wp\/v2\/media?parent=7216"}],"wp:term":[{"taxonomy":"category","embeddable":true,"href":"https:\/\/jornaltimoneiro.com.br\/index.php\/wp-json\/wp\/v2\/categories?post=7216"},{"taxonomy":"post_tag","embeddable":true,"href":"https:\/\/jornaltimoneiro.com.br\/index.php\/wp-json\/wp\/v2\/tags?post=7216"}],"curies":[{"name":"wp","href":"https:\/\/api.w.org\/{rel}","templated":true}]}}