{"id":7208,"date":"2017-04-27T12:26:59","date_gmt":"2017-04-27T15:26:59","guid":{"rendered":"http:\/\/otimoneiro.com.br\/?p=7208"},"modified":"2017-04-27T12:26:59","modified_gmt":"2017-04-27T15:26:59","slug":"sogal-informa-que-nao-circulara-nesta-sexta-feira-28","status":"publish","type":"post","link":"https:\/\/jornaltimoneiro.com.br\/index.php\/2017\/04\/27\/sogal-informa-que-nao-circulara-nesta-sexta-feira-28\/","title":{"rendered":"Sogal informa que n\u00e3o circular\u00e1 nesta sexta-feira, 28"},"content":{"rendered":"<div id=\"attachment_3436\" style=\"width: 910px\" class=\"wp-caption aligncenter\"><a href=\"http:\/\/otimoneiro.com.br\/wp-content\/uploads\/2016\/04\/sogal.jpg\"><img decoding=\"async\" aria-describedby=\"caption-attachment-3436\" class=\"size-full wp-image-3436\" src=\"http:\/\/otimoneiro.com.br\/wp-content\/uploads\/2016\/04\/sogal.jpg\" alt=\"Foto: PMC\" width=\"900\" height=\"600\" \/><\/a><p id=\"caption-attachment-3436\" class=\"wp-caption-text\">Foto: PMC<\/p><\/div>\n<p>A empresa Sogal, respons\u00e1vel pelo transporte coletivo de passageiros em Canoas, n\u00e3o vai colocar os \u00f4nibus em circula\u00e7\u00e3o no munic\u00edpio na sexta-feira, 28, em raz\u00e3o da greve geral convocada por centrais sindicais em todo o pa\u00eds em protesto contra a Reforma da Previd\u00eancia e Reforma Trabalhista. A medida afeta tamb\u00e9m o transporte seletivo de passageiros. A Secretaria Municipal de Transportes e Mobilidade (SMTM) foi informada oficialmente nesta quarta-feira, 26, sobre a decis\u00e3o. A empresa Vicasa, que atende Canoas e a Regi\u00e3o Metropolitana, tamb\u00e9m ter\u00e1 as atividades paralisadas. A Trensurb tamb\u00e9m n\u00e3o vai operar no dia 28 com a ades\u00e3o da categoria dos metrovi\u00e1rios.<\/p>\n<h3>Educa\u00e7\u00e3o<\/h3>\n<p>De acordo com levantamento da Secretaria da Educa\u00e7\u00e3o (SME), a expectativa \u00e9 de que a maior parte das escolas paralise suas atividades nesta sexta-feira, 28, dia da greve geral. Conforme orienta\u00e7\u00e3o da pasta, no entanto, as dire\u00e7\u00f5es j\u00e1 est\u00e3o cientes de que as aulas devem ser recuperadas em um s\u00e1bado a ser agendado por cada escola.<\/p>\n","protected":false},"excerpt":{"rendered":"<p>A empresa Sogal, respons\u00e1vel pelo transporte coletivo de passageiros em Canoas, n\u00e3o vai colocar os \u00f4nibus em circula\u00e7\u00e3o no munic\u00edpio na sexta-feira, 28, em raz\u00e3o da greve geral convocada por centrais sindicais em todo o pa\u00eds em protesto contra a Reforma da Previd\u00eancia e Reforma Trabalhista. A medida afeta tamb\u00e9m o transporte seletivo de passageiros. [&hellip;]<\/p>\n","protected":false},"author":1,"featured_media":3436,"comment_status":"open","ping_status":"open","sticky":false,"template":"","format":"standard","meta":{"amp_status":"","footnotes":""},"categories":[19,23,22,57],"tags":[],"class_list":["post-7208","post","type-post","status-publish","format-standard","has-post-thumbnail","hentry","category-destaques","category-geral","category-noticias","category-transito"],"yoast_head":"<!-- This site is optimized with the Yoast SEO plugin v20.5 - https:\/\/yoast.com\/wordpress\/plugins\/seo\/ -->\n<title>Sogal informa que n\u00e3o circular\u00e1 nesta sexta-feira, 28 - O Timoneiro Jornal Canoas RS<\/title>\n<meta name=\"robots\" content=\"index, follow, max-snippet:-1, max-image-preview:large, max-video-preview:-1\" \/>\n<link rel=\"canonical\" href=\"https:\/\/jornaltimoneiro.com.br\/index.php\/2017\/04\/27\/sogal-informa-que-nao-circulara-nesta-sexta-feira-28\/\" \/>\n<meta property=\"og:locale\" content=\"pt_BR\" \/>\n<meta property=\"og:type\" content=\"article\" \/>\n<meta property=\"og:title\" content=\"Sogal informa que n\u00e3o circular\u00e1 nesta sexta-feira, 28 - O Timoneiro Jornal Canoas RS\" \/>\n<meta property=\"og:description\" content=\"A empresa Sogal, respons\u00e1vel pelo transporte coletivo de passageiros em Canoas, n\u00e3o vai colocar os \u00f4nibus em circula\u00e7\u00e3o no munic\u00edpio na sexta-feira, 28, em raz\u00e3o da greve geral convocada por centrais sindicais em todo o pa\u00eds em protesto contra a Reforma da Previd\u00eancia e Reforma Trabalhista. A medida afeta tamb\u00e9m o transporte seletivo de passageiros. [&hellip;]\" \/>\n<meta property=\"og:url\" content=\"https:\/\/jornaltimoneiro.com.br\/index.php\/2017\/04\/27\/sogal-informa-que-nao-circulara-nesta-sexta-feira-28\/\" \/>\n<meta property=\"og:site_name\" content=\"O Timoneiro Jornal Canoas RS\" \/>\n<meta property=\"article:publisher\" content=\"https:\/\/www.facebook.com\/jornaltimoneiro\" \/>\n<meta property=\"article:published_time\" content=\"2017-04-27T15:26:59+00:00\" \/>\n<meta name=\"author\" content=\"Reda\u00e7\u00e3o\" \/>\n<meta name=\"twitter:card\" content=\"summary_large_image\" \/>\n<meta name=\"twitter:creator\" content=\"@_OTimoneiro\" \/>\n<meta name=\"twitter:site\" content=\"@_OTimoneiro\" \/>\n<meta name=\"twitter:label1\" content=\"Escrito por\" \/>\n\t<meta name=\"twitter:data1\" content=\"Reda\u00e7\u00e3o\" \/>\n\t<meta name=\"twitter:label2\" content=\"Est. tempo de leitura\" \/>\n\t<meta name=\"twitter:data2\" content=\"1 minuto\" \/>\n<script type=\"application\/ld+json\" class=\"yoast-schema-graph\">{\"@context\":\"https:\/\/schema.org\",\"@graph\":[{\"@type\":\"Article\",\"@id\":\"https:\/\/jornaltimoneiro.com.br\/index.php\/2017\/04\/27\/sogal-informa-que-nao-circulara-nesta-sexta-feira-28\/#article\",\"isPartOf\":{\"@id\":\"https:\/\/jornaltimoneiro.com.br\/index.php\/2017\/04\/27\/sogal-informa-que-nao-circulara-nesta-sexta-feira-28\/\"},\"author\":{\"name\":\"Reda\u00e7\u00e3o\",\"@id\":\"https:\/\/jornaltimoneiro.com.br\/#\/schema\/person\/620efd1d8244466117482be494360b08\"},\"headline\":\"Sogal informa que n\u00e3o circular\u00e1 nesta sexta-feira, 28\",\"datePublished\":\"2017-04-27T15:26:59+00:00\",\"dateModified\":\"2017-04-27T15:26:59+00:00\",\"mainEntityOfPage\":{\"@id\":\"https:\/\/jornaltimoneiro.com.br\/index.php\/2017\/04\/27\/sogal-informa-que-nao-circulara-nesta-sexta-feira-28\/\"},\"wordCount\":193,\"commentCount\":0,\"publisher\":{\"@id\":\"https:\/\/jornaltimoneiro.com.br\/#organization\"},\"articleSection\":[\"Destaques\",\"Geral\",\"Not\u00edcias\",\"Tr\u00e2nsito\"],\"inLanguage\":\"pt-BR\",\"potentialAction\":[{\"@type\":\"CommentAction\",\"name\":\"Comment\",\"target\":[\"https:\/\/jornaltimoneiro.com.br\/index.php\/2017\/04\/27\/sogal-informa-que-nao-circulara-nesta-sexta-feira-28\/#respond\"]}]},{\"@type\":\"WebPage\",\"@id\":\"https:\/\/jornaltimoneiro.com.br\/index.php\/2017\/04\/27\/sogal-informa-que-nao-circulara-nesta-sexta-feira-28\/\",\"url\":\"https:\/\/jornaltimoneiro.com.br\/index.php\/2017\/04\/27\/sogal-informa-que-nao-circulara-nesta-sexta-feira-28\/\",\"name\":\"Sogal informa que n\u00e3o circular\u00e1 nesta sexta-feira, 28 - O Timoneiro Jornal Canoas RS\",\"isPartOf\":{\"@id\":\"https:\/\/jornaltimoneiro.com.br\/#website\"},\"datePublished\":\"2017-04-27T15:26:59+00:00\",\"dateModified\":\"2017-04-27T15:26:59+00:00\",\"breadcrumb\":{\"@id\":\"https:\/\/jornaltimoneiro.com.br\/index.php\/2017\/04\/27\/sogal-informa-que-nao-circulara-nesta-sexta-feira-28\/#breadcrumb\"},\"inLanguage\":\"pt-BR\",\"potentialAction\":[{\"@type\":\"ReadAction\",\"target\":[\"https:\/\/jornaltimoneiro.com.br\/index.php\/2017\/04\/27\/sogal-informa-que-nao-circulara-nesta-sexta-feira-28\/\"]}]},{\"@type\":\"BreadcrumbList\",\"@id\":\"https:\/\/jornaltimoneiro.com.br\/index.php\/2017\/04\/27\/sogal-informa-que-nao-circulara-nesta-sexta-feira-28\/#breadcrumb\",\"itemListElement\":[{\"@type\":\"ListItem\",\"position\":1,\"name\":\"In\u00edcio\",\"item\":\"https:\/\/jornaltimoneiro.com.br\/\"},{\"@type\":\"ListItem\",\"position\":2,\"name\":\"Sogal informa que n\u00e3o circular\u00e1 nesta sexta-feira, 28\"}]},{\"@type\":\"WebSite\",\"@id\":\"https:\/\/jornaltimoneiro.com.br\/#website\",\"url\":\"https:\/\/jornaltimoneiro.com.br\/\",\"name\":\"Jornal Timoneiro Canoas RS\",\"description\":\"Jornal O Timoneiro, o verdadeiro jornal de Canoas\",\"publisher\":{\"@id\":\"https:\/\/jornaltimoneiro.com.br\/#organization\"},\"potentialAction\":[{\"@type\":\"SearchAction\",\"target\":{\"@type\":\"EntryPoint\",\"urlTemplate\":\"https:\/\/jornaltimoneiro.com.br\/?s={search_term_string}\"},\"query-input\":\"required name=search_term_string\"}],\"inLanguage\":\"pt-BR\"},{\"@type\":\"Organization\",\"@id\":\"https:\/\/jornaltimoneiro.com.br\/#organization\",\"name\":\"Jornal Timoneiro Canoas RS\",\"url\":\"https:\/\/jornaltimoneiro.com.br\/\",\"logo\":{\"@type\":\"ImageObject\",\"inLanguage\":\"pt-BR\",\"@id\":\"https:\/\/jornaltimoneiro.com.br\/#\/schema\/logo\/image\/\",\"url\":\"https:\/\/jornaltimoneiro.com.br\/wp-content\/uploads\/2023\/03\/logonovo.png\",\"contentUrl\":\"https:\/\/jornaltimoneiro.com.br\/wp-content\/uploads\/2023\/03\/logonovo.png\",\"width\":\"469\",\"height\":\"171\",\"caption\":\"Jornal Timoneiro Canoas RS\"},\"image\":{\"@id\":\"https:\/\/jornaltimoneiro.com.br\/#\/schema\/logo\/image\/\"},\"sameAs\":[\"https:\/\/www.facebook.com\/jornaltimoneiro\",\"https:\/\/twitter.com\/_OTimoneiro\",\"https:\/\/www.instagram.com\/jornaltimoneirocanoas\/\",\"https:\/\/www.youtube.com\/@jornalotimoneiro7927\"]},{\"@type\":\"Person\",\"@id\":\"https:\/\/jornaltimoneiro.com.br\/#\/schema\/person\/620efd1d8244466117482be494360b08\",\"name\":\"Reda\u00e7\u00e3o\",\"image\":{\"@type\":\"ImageObject\",\"inLanguage\":\"pt-BR\",\"@id\":\"https:\/\/jornaltimoneiro.com.br\/#\/schema\/person\/image\/\",\"url\":\"https:\/\/secure.gravatar.com\/avatar\/2f04e1b304682a8d9db336c7acd77f08?s=96&d=mm&r=g\",\"contentUrl\":\"https:\/\/secure.gravatar.com\/avatar\/2f04e1b304682a8d9db336c7acd77f08?s=96&d=mm&r=g\",\"caption\":\"Reda\u00e7\u00e3o\"},\"url\":\"https:\/\/jornaltimoneiro.com.br\/index.php\/author\/timoneirocanoas\/\"}]}<\/script>\n<!-- \/ Yoast SEO plugin. -->","yoast_head_json":{"title":"Sogal informa que n\u00e3o circular\u00e1 nesta sexta-feira, 28 - O Timoneiro Jornal Canoas RS","robots":{"index":"index","follow":"follow","max-snippet":"max-snippet:-1","max-image-preview":"max-image-preview:large","max-video-preview":"max-video-preview:-1"},"canonical":"https:\/\/jornaltimoneiro.com.br\/index.php\/2017\/04\/27\/sogal-informa-que-nao-circulara-nesta-sexta-feira-28\/","og_locale":"pt_BR","og_type":"article","og_title":"Sogal informa que n\u00e3o circular\u00e1 nesta sexta-feira, 28 - O Timoneiro Jornal Canoas RS","og_description":"A empresa Sogal, respons\u00e1vel pelo transporte coletivo de passageiros em Canoas, n\u00e3o vai colocar os \u00f4nibus em circula\u00e7\u00e3o no munic\u00edpio na sexta-feira, 28, em raz\u00e3o da greve geral convocada por centrais sindicais em todo o pa\u00eds em protesto contra a Reforma da Previd\u00eancia e Reforma Trabalhista. A medida afeta tamb\u00e9m o transporte seletivo de passageiros. [&hellip;]","og_url":"https:\/\/jornaltimoneiro.com.br\/index.php\/2017\/04\/27\/sogal-informa-que-nao-circulara-nesta-sexta-feira-28\/","og_site_name":"O Timoneiro Jornal Canoas RS","article_publisher":"https:\/\/www.facebook.com\/jornaltimoneiro","article_published_time":"2017-04-27T15:26:59+00:00","author":"Reda\u00e7\u00e3o","twitter_card":"summary_large_image","twitter_creator":"@_OTimoneiro","twitter_site":"@_OTimoneiro","twitter_misc":{"Escrito por":"Reda\u00e7\u00e3o","Est. tempo de leitura":"1 minuto"},"schema":{"@context":"https:\/\/schema.org","@graph":[{"@type":"Article","@id":"https:\/\/jornaltimoneiro.com.br\/index.php\/2017\/04\/27\/sogal-informa-que-nao-circulara-nesta-sexta-feira-28\/#article","isPartOf":{"@id":"https:\/\/jornaltimoneiro.com.br\/index.php\/2017\/04\/27\/sogal-informa-que-nao-circulara-nesta-sexta-feira-28\/"},"author":{"name":"Reda\u00e7\u00e3o","@id":"https:\/\/jornaltimoneiro.com.br\/#\/schema\/person\/620efd1d8244466117482be494360b08"},"headline":"Sogal informa que n\u00e3o circular\u00e1 nesta sexta-feira, 28","datePublished":"2017-04-27T15:26:59+00:00","dateModified":"2017-04-27T15:26:59+00:00","mainEntityOfPage":{"@id":"https:\/\/jornaltimoneiro.com.br\/index.php\/2017\/04\/27\/sogal-informa-que-nao-circulara-nesta-sexta-feira-28\/"},"wordCount":193,"commentCount":0,"publisher":{"@id":"https:\/\/jornaltimoneiro.com.br\/#organization"},"articleSection":["Destaques","Geral","Not\u00edcias","Tr\u00e2nsito"],"inLanguage":"pt-BR","potentialAction":[{"@type":"CommentAction","name":"Comment","target":["https:\/\/jornaltimoneiro.com.br\/index.php\/2017\/04\/27\/sogal-informa-que-nao-circulara-nesta-sexta-feira-28\/#respond"]}]},{"@type":"WebPage","@id":"https:\/\/jornaltimoneiro.com.br\/index.php\/2017\/04\/27\/sogal-informa-que-nao-circulara-nesta-sexta-feira-28\/","url":"https:\/\/jornaltimoneiro.com.br\/index.php\/2017\/04\/27\/sogal-informa-que-nao-circulara-nesta-sexta-feira-28\/","name":"Sogal informa que n\u00e3o circular\u00e1 nesta sexta-feira, 28 - O Timoneiro Jornal Canoas RS","isPartOf":{"@id":"https:\/\/jornaltimoneiro.com.br\/#website"},"datePublished":"2017-04-27T15:26:59+00:00","dateModified":"2017-04-27T15:26:59+00:00","breadcrumb":{"@id":"https:\/\/jornaltimoneiro.com.br\/index.php\/2017\/04\/27\/sogal-informa-que-nao-circulara-nesta-sexta-feira-28\/#breadcrumb"},"inLanguage":"pt-BR","potentialAction":[{"@type":"ReadAction","target":["https:\/\/jornaltimoneiro.com.br\/index.php\/2017\/04\/27\/sogal-informa-que-nao-circulara-nesta-sexta-feira-28\/"]}]},{"@type":"BreadcrumbList","@id":"https:\/\/jornaltimoneiro.com.br\/index.php\/2017\/04\/27\/sogal-informa-que-nao-circulara-nesta-sexta-feira-28\/#breadcrumb","itemListElement":[{"@type":"ListItem","position":1,"name":"In\u00edcio","item":"https:\/\/jornaltimoneiro.com.br\/"},{"@type":"ListItem","position":2,"name":"Sogal informa que n\u00e3o circular\u00e1 nesta sexta-feira, 28"}]},{"@type":"WebSite","@id":"https:\/\/jornaltimoneiro.com.br\/#website","url":"https:\/\/jornaltimoneiro.com.br\/","name":"Jornal Timoneiro Canoas RS","description":"Jornal O Timoneiro, o verdadeiro jornal de Canoas","publisher":{"@id":"https:\/\/jornaltimoneiro.com.br\/#organization"},"potentialAction":[{"@type":"SearchAction","target":{"@type":"EntryPoint","urlTemplate":"https:\/\/jornaltimoneiro.com.br\/?s={search_term_string}"},"query-input":"required name=search_term_string"}],"inLanguage":"pt-BR"},{"@type":"Organization","@id":"https:\/\/jornaltimoneiro.com.br\/#organization","name":"Jornal Timoneiro Canoas RS","url":"https:\/\/jornaltimoneiro.com.br\/","logo":{"@type":"ImageObject","inLanguage":"pt-BR","@id":"https:\/\/jornaltimoneiro.com.br\/#\/schema\/logo\/image\/","url":"https:\/\/jornaltimoneiro.com.br\/wp-content\/uploads\/2023\/03\/logonovo.png","contentUrl":"https:\/\/jornaltimoneiro.com.br\/wp-content\/uploads\/2023\/03\/logonovo.png","width":"469","height":"171","caption":"Jornal Timoneiro Canoas RS"},"image":{"@id":"https:\/\/jornaltimoneiro.com.br\/#\/schema\/logo\/image\/"},"sameAs":["https:\/\/www.facebook.com\/jornaltimoneiro","https:\/\/twitter.com\/_OTimoneiro","https:\/\/www.instagram.com\/jornaltimoneirocanoas\/","https:\/\/www.youtube.com\/@jornalotimoneiro7927"]},{"@type":"Person","@id":"https:\/\/jornaltimoneiro.com.br\/#\/schema\/person\/620efd1d8244466117482be494360b08","name":"Reda\u00e7\u00e3o","image":{"@type":"ImageObject","inLanguage":"pt-BR","@id":"https:\/\/jornaltimoneiro.com.br\/#\/schema\/person\/image\/","url":"https:\/\/secure.gravatar.com\/avatar\/2f04e1b304682a8d9db336c7acd77f08?s=96&d=mm&r=g","contentUrl":"https:\/\/secure.gravatar.com\/avatar\/2f04e1b304682a8d9db336c7acd77f08?s=96&d=mm&r=g","caption":"Reda\u00e7\u00e3o"},"url":"https:\/\/jornaltimoneiro.com.br\/index.php\/author\/timoneirocanoas\/"}]}},"_links":{"self":[{"href":"https:\/\/jornaltimoneiro.com.br\/index.php\/wp-json\/wp\/v2\/posts\/7208"}],"collection":[{"href":"https:\/\/jornaltimoneiro.com.br\/index.php\/wp-json\/wp\/v2\/posts"}],"about":[{"href":"https:\/\/jornaltimoneiro.com.br\/index.php\/wp-json\/wp\/v2\/types\/post"}],"author":[{"embeddable":true,"href":"https:\/\/jornaltimoneiro.com.br\/index.php\/wp-json\/wp\/v2\/users\/1"}],"replies":[{"embeddable":true,"href":"https:\/\/jornaltimoneiro.com.br\/index.php\/wp-json\/wp\/v2\/comments?post=7208"}],"version-history":[{"count":0,"href":"https:\/\/jornaltimoneiro.com.br\/index.php\/wp-json\/wp\/v2\/posts\/7208\/revisions"}],"wp:featuredmedia":[{"embeddable":true,"href":"https:\/\/jornaltimoneiro.com.br\/index.php\/wp-json\/"}],"wp:attachment":[{"href":"https:\/\/jornaltimoneiro.com.br\/index.php\/wp-json\/wp\/v2\/media?parent=7208"}],"wp:term":[{"taxonomy":"category","embeddable":true,"href":"https:\/\/jornaltimoneiro.com.br\/index.php\/wp-json\/wp\/v2\/categories?post=7208"},{"taxonomy":"post_tag","embeddable":true,"href":"https:\/\/jornaltimoneiro.com.br\/index.php\/wp-json\/wp\/v2\/tags?post=7208"}],"curies":[{"name":"wp","href":"https:\/\/api.w.org\/{rel}","templated":true}]}}