{"id":7190,"date":"2017-04-25T11:22:06","date_gmt":"2017-04-25T14:22:06","guid":{"rendered":"http:\/\/otimoneiro.com.br\/?p=7190"},"modified":"2017-04-25T11:22:06","modified_gmt":"2017-04-25T14:22:06","slug":"prorrogadas-inscricoes-para-o-i-concurso-de-moda-inclusiva-do-rs","status":"publish","type":"post","link":"https:\/\/jornaltimoneiro.com.br\/index.php\/2017\/04\/25\/prorrogadas-inscricoes-para-o-i-concurso-de-moda-inclusiva-do-rs\/","title":{"rendered":"Prorrogadas inscri\u00e7\u00f5es para o I Concurso de Moda Inclusiva do RS"},"content":{"rendered":"<p><a href=\"http:\/\/otimoneiro.com.br\/wp-content\/uploads\/2017\/04\/ulbra.jpg\"><img decoding=\"async\" class=\"aligncenter size-full wp-image-7191\" src=\"http:\/\/otimoneiro.com.br\/wp-content\/uploads\/2017\/04\/ulbra.jpg\" alt=\"ulbra\" width=\"750\" height=\"500\" \/><\/a><\/p>\n<div>O prazo para inscri\u00e7\u00f5es no I Concurso de Moda Inclusiva do Rio Grande do Sul foi prorrogado para o dia 30 de abril. Fruto de um projeto de extens\u00e3o elaborado por alunos e professores do Curso Superior de Tecnologia em Design de Moda da Ulbra Canoas, a iniciativa tem como prop\u00f3sito estimular estudantes e profissionais da \u00e1rea a produzirem pe\u00e7as de roupas e assess\u00f3rios anatomicamente concebidos para proporcionar conforto e bem-estar a pessoas com defici\u00eancia (PCD).Os interessados em participar devem preencher uma ficha cadastral dispon\u00edvel no site\u00a0<a href=\"http:\/\/sites.ulbra.br\/concursomodainclusivars\/\" target=\"_blank\" rel=\"noopener noreferrer\">www.ulbra.br\/<wbr \/>concursomodainclusivars<\/a>. Ao longo do processo de inscri\u00e7\u00e3o, um n\u00famero de identifica\u00e7\u00e3o ser\u00e1\u00a0gerado, permitindo ao candidato propor at\u00e9 tr\u00eas looks diferentes para a competi\u00e7\u00e3o.\u00a0 Para julgar os trabalhos inscritos, ser\u00e3o convidados jurados da Ulbra e de outras Institui\u00e7\u00f5es de ensino superior, \u00a0como Feevale, Uniritter e Senac, al\u00e9m de profissionais de renome do mercado ga\u00facho. Os vencedores ser\u00e3o anunciados ap\u00f3s o dia 21 de junho, data em que os 20 projetos selecionados pela comiss\u00e3o avaliadora ser\u00e3o apresentados ao p\u00fablico\u00a0durante um desfile que ocorrer\u00e1 no pr\u00e9dio 16 do campus, andar t\u00e9rreo da Ulbratech.<\/p>\n<p>O\u00a0projeto tamb\u00e9m representa uma oportunidade de se fomentar um nicho ainda n\u00e3o explorado pelo ramo t\u00eaxtil e de confec\u00e7\u00f5es, como garante a coordenadora do curso, professora D\u00e9bora Quaresma.\u00a0&#8220;Al\u00e9m de ser uma ferramenta de inclus\u00e3o social, esse concurso abre espa\u00e7o para o surgimento de um novo segmento ainda pouco explorado\u00a0pela ind\u00fastria da moda&#8221;, explica a docente, que enxerga na atividade uma chance de aumentar a visibilidade de temas como a acessibilidade e a cidadania em universidades da regi\u00e3o sul e de\u00a0Institui\u00e7\u00f5es fora do eixo de S\u00e3o Paulo e\u00a0Rio de Janeiro.<\/p>\n<p>Podem se inscrever no evento profissionais e\u00a0acad\u00eamicos de Moda que estejam devidamente matriculados em Institui\u00e7\u00f5es de Ensino Superior ga\u00fachas.\u00a0O I Concurso de Moda Inclusiva do RS conta com o apoio da Faders, Tri Produ\u00e7\u00f5es, Faculdade Factum,\u00a0Secretaria do Direito da Pessoa com Defici\u00eancia\u00a0do Estado de S\u00e3o Paulo, Programa Permanente de Acessibilidade da Ulbra (PPA),\u00a0Associa\u00e7\u00e3o Canoense de Deficientes F\u00edsicos (ACADEF), Carlos Bacchi Atelier, 5\u00ba Pr\u00eamio Brasil Sul de Moda Inclusiva, Eliana Colognese, ADA e Couture Lab, Escola de Moda. Outras informa\u00e7\u00f5es podem ser obtidas no regulamento do concurso ou diretamente com os organizadores, atrav\u00e9s do e-mail\u00a0\u00a0<a href=\"mailto:cstdmoda.canoas@ulbra.br\" target=\"_blank\" rel=\"noopener noreferrer\">cstdmoda.canoas@ulbra.<wbr \/>br<\/a>,\u00a0ou pelo telefone (51) 3477.9187.<\/p>\n<\/div>\n<div id=\"x_m_-7352829265087475544Signature\"><\/div>\n","protected":false},"excerpt":{"rendered":"<p>O prazo para inscri\u00e7\u00f5es no I Concurso de Moda Inclusiva do Rio Grande do Sul foi prorrogado para o dia 30 de abril. Fruto de um projeto de extens\u00e3o elaborado por alunos e professores do Curso Superior de Tecnologia em Design de Moda da Ulbra Canoas, a iniciativa tem como prop\u00f3sito estimular estudantes e profissionais [&hellip;]<\/p>\n","protected":false},"author":1,"featured_media":7191,"comment_status":"open","ping_status":"open","sticky":false,"template":"","format":"standard","meta":{"amp_status":"","footnotes":""},"categories":[76,19,23,22],"tags":[],"class_list":["post-7190","post","type-post","status-publish","format-standard","has-post-thumbnail","hentry","category-cultura","category-destaques","category-geral","category-noticias"],"yoast_head":"<!-- This site is optimized with the Yoast SEO plugin v20.5 - https:\/\/yoast.com\/wordpress\/plugins\/seo\/ -->\n<title>Prorrogadas inscri\u00e7\u00f5es para o I Concurso de Moda Inclusiva do RS - O Timoneiro Jornal Canoas RS<\/title>\n<meta name=\"robots\" content=\"index, follow, max-snippet:-1, max-image-preview:large, max-video-preview:-1\" \/>\n<link rel=\"canonical\" href=\"https:\/\/jornaltimoneiro.com.br\/index.php\/2017\/04\/25\/prorrogadas-inscricoes-para-o-i-concurso-de-moda-inclusiva-do-rs\/\" \/>\n<meta property=\"og:locale\" content=\"pt_BR\" \/>\n<meta property=\"og:type\" content=\"article\" \/>\n<meta property=\"og:title\" content=\"Prorrogadas inscri\u00e7\u00f5es para o I Concurso de Moda Inclusiva do RS - O Timoneiro Jornal Canoas RS\" \/>\n<meta property=\"og:description\" content=\"O prazo para inscri\u00e7\u00f5es no I Concurso de Moda Inclusiva do Rio Grande do Sul foi prorrogado para o dia 30 de abril. Fruto de um projeto de extens\u00e3o elaborado por alunos e professores do Curso Superior de Tecnologia em Design de Moda da Ulbra Canoas, a iniciativa tem como prop\u00f3sito estimular estudantes e profissionais [&hellip;]\" \/>\n<meta property=\"og:url\" content=\"https:\/\/jornaltimoneiro.com.br\/index.php\/2017\/04\/25\/prorrogadas-inscricoes-para-o-i-concurso-de-moda-inclusiva-do-rs\/\" \/>\n<meta property=\"og:site_name\" content=\"O Timoneiro Jornal Canoas RS\" \/>\n<meta property=\"article:publisher\" content=\"https:\/\/www.facebook.com\/jornaltimoneiro\" \/>\n<meta property=\"article:published_time\" content=\"2017-04-25T14:22:06+00:00\" \/>\n<meta name=\"author\" content=\"Reda\u00e7\u00e3o\" \/>\n<meta name=\"twitter:card\" content=\"summary_large_image\" \/>\n<meta name=\"twitter:creator\" content=\"@_OTimoneiro\" \/>\n<meta name=\"twitter:site\" content=\"@_OTimoneiro\" \/>\n<meta name=\"twitter:label1\" content=\"Escrito por\" \/>\n\t<meta name=\"twitter:data1\" content=\"Reda\u00e7\u00e3o\" \/>\n\t<meta name=\"twitter:label2\" content=\"Est. tempo de leitura\" \/>\n\t<meta name=\"twitter:data2\" content=\"2 minutos\" \/>\n<script type=\"application\/ld+json\" class=\"yoast-schema-graph\">{\"@context\":\"https:\/\/schema.org\",\"@graph\":[{\"@type\":\"Article\",\"@id\":\"https:\/\/jornaltimoneiro.com.br\/index.php\/2017\/04\/25\/prorrogadas-inscricoes-para-o-i-concurso-de-moda-inclusiva-do-rs\/#article\",\"isPartOf\":{\"@id\":\"https:\/\/jornaltimoneiro.com.br\/index.php\/2017\/04\/25\/prorrogadas-inscricoes-para-o-i-concurso-de-moda-inclusiva-do-rs\/\"},\"author\":{\"name\":\"Reda\u00e7\u00e3o\",\"@id\":\"https:\/\/jornaltimoneiro.com.br\/#\/schema\/person\/620efd1d8244466117482be494360b08\"},\"headline\":\"Prorrogadas inscri\u00e7\u00f5es para o I Concurso de Moda Inclusiva do RS\",\"datePublished\":\"2017-04-25T14:22:06+00:00\",\"dateModified\":\"2017-04-25T14:22:06+00:00\",\"mainEntityOfPage\":{\"@id\":\"https:\/\/jornaltimoneiro.com.br\/index.php\/2017\/04\/25\/prorrogadas-inscricoes-para-o-i-concurso-de-moda-inclusiva-do-rs\/\"},\"wordCount\":436,\"commentCount\":0,\"publisher\":{\"@id\":\"https:\/\/jornaltimoneiro.com.br\/#organization\"},\"articleSection\":[\"Cultura\",\"Destaques\",\"Geral\",\"Not\u00edcias\"],\"inLanguage\":\"pt-BR\",\"potentialAction\":[{\"@type\":\"CommentAction\",\"name\":\"Comment\",\"target\":[\"https:\/\/jornaltimoneiro.com.br\/index.php\/2017\/04\/25\/prorrogadas-inscricoes-para-o-i-concurso-de-moda-inclusiva-do-rs\/#respond\"]}]},{\"@type\":\"WebPage\",\"@id\":\"https:\/\/jornaltimoneiro.com.br\/index.php\/2017\/04\/25\/prorrogadas-inscricoes-para-o-i-concurso-de-moda-inclusiva-do-rs\/\",\"url\":\"https:\/\/jornaltimoneiro.com.br\/index.php\/2017\/04\/25\/prorrogadas-inscricoes-para-o-i-concurso-de-moda-inclusiva-do-rs\/\",\"name\":\"Prorrogadas inscri\u00e7\u00f5es para o I Concurso de Moda Inclusiva do RS - O Timoneiro Jornal Canoas RS\",\"isPartOf\":{\"@id\":\"https:\/\/jornaltimoneiro.com.br\/#website\"},\"datePublished\":\"2017-04-25T14:22:06+00:00\",\"dateModified\":\"2017-04-25T14:22:06+00:00\",\"breadcrumb\":{\"@id\":\"https:\/\/jornaltimoneiro.com.br\/index.php\/2017\/04\/25\/prorrogadas-inscricoes-para-o-i-concurso-de-moda-inclusiva-do-rs\/#breadcrumb\"},\"inLanguage\":\"pt-BR\",\"potentialAction\":[{\"@type\":\"ReadAction\",\"target\":[\"https:\/\/jornaltimoneiro.com.br\/index.php\/2017\/04\/25\/prorrogadas-inscricoes-para-o-i-concurso-de-moda-inclusiva-do-rs\/\"]}]},{\"@type\":\"BreadcrumbList\",\"@id\":\"https:\/\/jornaltimoneiro.com.br\/index.php\/2017\/04\/25\/prorrogadas-inscricoes-para-o-i-concurso-de-moda-inclusiva-do-rs\/#breadcrumb\",\"itemListElement\":[{\"@type\":\"ListItem\",\"position\":1,\"name\":\"In\u00edcio\",\"item\":\"https:\/\/jornaltimoneiro.com.br\/\"},{\"@type\":\"ListItem\",\"position\":2,\"name\":\"Prorrogadas inscri\u00e7\u00f5es para o I Concurso de Moda Inclusiva do RS\"}]},{\"@type\":\"WebSite\",\"@id\":\"https:\/\/jornaltimoneiro.com.br\/#website\",\"url\":\"https:\/\/jornaltimoneiro.com.br\/\",\"name\":\"Jornal Timoneiro Canoas RS\",\"description\":\"Jornal O Timoneiro, o verdadeiro jornal de Canoas\",\"publisher\":{\"@id\":\"https:\/\/jornaltimoneiro.com.br\/#organization\"},\"potentialAction\":[{\"@type\":\"SearchAction\",\"target\":{\"@type\":\"EntryPoint\",\"urlTemplate\":\"https:\/\/jornaltimoneiro.com.br\/?s={search_term_string}\"},\"query-input\":\"required name=search_term_string\"}],\"inLanguage\":\"pt-BR\"},{\"@type\":\"Organization\",\"@id\":\"https:\/\/jornaltimoneiro.com.br\/#organization\",\"name\":\"Jornal Timoneiro Canoas RS\",\"url\":\"https:\/\/jornaltimoneiro.com.br\/\",\"logo\":{\"@type\":\"ImageObject\",\"inLanguage\":\"pt-BR\",\"@id\":\"https:\/\/jornaltimoneiro.com.br\/#\/schema\/logo\/image\/\",\"url\":\"https:\/\/jornaltimoneiro.com.br\/wp-content\/uploads\/2023\/03\/logonovo.png\",\"contentUrl\":\"https:\/\/jornaltimoneiro.com.br\/wp-content\/uploads\/2023\/03\/logonovo.png\",\"width\":\"469\",\"height\":\"171\",\"caption\":\"Jornal Timoneiro Canoas RS\"},\"image\":{\"@id\":\"https:\/\/jornaltimoneiro.com.br\/#\/schema\/logo\/image\/\"},\"sameAs\":[\"https:\/\/www.facebook.com\/jornaltimoneiro\",\"https:\/\/twitter.com\/_OTimoneiro\",\"https:\/\/www.instagram.com\/jornaltimoneirocanoas\/\",\"https:\/\/www.youtube.com\/@jornalotimoneiro7927\"]},{\"@type\":\"Person\",\"@id\":\"https:\/\/jornaltimoneiro.com.br\/#\/schema\/person\/620efd1d8244466117482be494360b08\",\"name\":\"Reda\u00e7\u00e3o\",\"image\":{\"@type\":\"ImageObject\",\"inLanguage\":\"pt-BR\",\"@id\":\"https:\/\/jornaltimoneiro.com.br\/#\/schema\/person\/image\/\",\"url\":\"https:\/\/secure.gravatar.com\/avatar\/2f04e1b304682a8d9db336c7acd77f08?s=96&d=mm&r=g\",\"contentUrl\":\"https:\/\/secure.gravatar.com\/avatar\/2f04e1b304682a8d9db336c7acd77f08?s=96&d=mm&r=g\",\"caption\":\"Reda\u00e7\u00e3o\"},\"url\":\"https:\/\/jornaltimoneiro.com.br\/index.php\/author\/timoneirocanoas\/\"}]}<\/script>\n<!-- \/ Yoast SEO plugin. -->","yoast_head_json":{"title":"Prorrogadas inscri\u00e7\u00f5es para o I Concurso de Moda Inclusiva do RS - O Timoneiro Jornal Canoas RS","robots":{"index":"index","follow":"follow","max-snippet":"max-snippet:-1","max-image-preview":"max-image-preview:large","max-video-preview":"max-video-preview:-1"},"canonical":"https:\/\/jornaltimoneiro.com.br\/index.php\/2017\/04\/25\/prorrogadas-inscricoes-para-o-i-concurso-de-moda-inclusiva-do-rs\/","og_locale":"pt_BR","og_type":"article","og_title":"Prorrogadas inscri\u00e7\u00f5es para o I Concurso de Moda Inclusiva do RS - O Timoneiro Jornal Canoas RS","og_description":"O prazo para inscri\u00e7\u00f5es no I Concurso de Moda Inclusiva do Rio Grande do Sul foi prorrogado para o dia 30 de abril. Fruto de um projeto de extens\u00e3o elaborado por alunos e professores do Curso Superior de Tecnologia em Design de Moda da Ulbra Canoas, a iniciativa tem como prop\u00f3sito estimular estudantes e profissionais [&hellip;]","og_url":"https:\/\/jornaltimoneiro.com.br\/index.php\/2017\/04\/25\/prorrogadas-inscricoes-para-o-i-concurso-de-moda-inclusiva-do-rs\/","og_site_name":"O Timoneiro Jornal Canoas RS","article_publisher":"https:\/\/www.facebook.com\/jornaltimoneiro","article_published_time":"2017-04-25T14:22:06+00:00","author":"Reda\u00e7\u00e3o","twitter_card":"summary_large_image","twitter_creator":"@_OTimoneiro","twitter_site":"@_OTimoneiro","twitter_misc":{"Escrito por":"Reda\u00e7\u00e3o","Est. tempo de leitura":"2 minutos"},"schema":{"@context":"https:\/\/schema.org","@graph":[{"@type":"Article","@id":"https:\/\/jornaltimoneiro.com.br\/index.php\/2017\/04\/25\/prorrogadas-inscricoes-para-o-i-concurso-de-moda-inclusiva-do-rs\/#article","isPartOf":{"@id":"https:\/\/jornaltimoneiro.com.br\/index.php\/2017\/04\/25\/prorrogadas-inscricoes-para-o-i-concurso-de-moda-inclusiva-do-rs\/"},"author":{"name":"Reda\u00e7\u00e3o","@id":"https:\/\/jornaltimoneiro.com.br\/#\/schema\/person\/620efd1d8244466117482be494360b08"},"headline":"Prorrogadas inscri\u00e7\u00f5es para o I Concurso de Moda Inclusiva do RS","datePublished":"2017-04-25T14:22:06+00:00","dateModified":"2017-04-25T14:22:06+00:00","mainEntityOfPage":{"@id":"https:\/\/jornaltimoneiro.com.br\/index.php\/2017\/04\/25\/prorrogadas-inscricoes-para-o-i-concurso-de-moda-inclusiva-do-rs\/"},"wordCount":436,"commentCount":0,"publisher":{"@id":"https:\/\/jornaltimoneiro.com.br\/#organization"},"articleSection":["Cultura","Destaques","Geral","Not\u00edcias"],"inLanguage":"pt-BR","potentialAction":[{"@type":"CommentAction","name":"Comment","target":["https:\/\/jornaltimoneiro.com.br\/index.php\/2017\/04\/25\/prorrogadas-inscricoes-para-o-i-concurso-de-moda-inclusiva-do-rs\/#respond"]}]},{"@type":"WebPage","@id":"https:\/\/jornaltimoneiro.com.br\/index.php\/2017\/04\/25\/prorrogadas-inscricoes-para-o-i-concurso-de-moda-inclusiva-do-rs\/","url":"https:\/\/jornaltimoneiro.com.br\/index.php\/2017\/04\/25\/prorrogadas-inscricoes-para-o-i-concurso-de-moda-inclusiva-do-rs\/","name":"Prorrogadas inscri\u00e7\u00f5es para o I Concurso de Moda Inclusiva do RS - O Timoneiro Jornal Canoas RS","isPartOf":{"@id":"https:\/\/jornaltimoneiro.com.br\/#website"},"datePublished":"2017-04-25T14:22:06+00:00","dateModified":"2017-04-25T14:22:06+00:00","breadcrumb":{"@id":"https:\/\/jornaltimoneiro.com.br\/index.php\/2017\/04\/25\/prorrogadas-inscricoes-para-o-i-concurso-de-moda-inclusiva-do-rs\/#breadcrumb"},"inLanguage":"pt-BR","potentialAction":[{"@type":"ReadAction","target":["https:\/\/jornaltimoneiro.com.br\/index.php\/2017\/04\/25\/prorrogadas-inscricoes-para-o-i-concurso-de-moda-inclusiva-do-rs\/"]}]},{"@type":"BreadcrumbList","@id":"https:\/\/jornaltimoneiro.com.br\/index.php\/2017\/04\/25\/prorrogadas-inscricoes-para-o-i-concurso-de-moda-inclusiva-do-rs\/#breadcrumb","itemListElement":[{"@type":"ListItem","position":1,"name":"In\u00edcio","item":"https:\/\/jornaltimoneiro.com.br\/"},{"@type":"ListItem","position":2,"name":"Prorrogadas inscri\u00e7\u00f5es para o I Concurso de Moda Inclusiva do RS"}]},{"@type":"WebSite","@id":"https:\/\/jornaltimoneiro.com.br\/#website","url":"https:\/\/jornaltimoneiro.com.br\/","name":"Jornal Timoneiro Canoas RS","description":"Jornal O Timoneiro, o verdadeiro jornal de Canoas","publisher":{"@id":"https:\/\/jornaltimoneiro.com.br\/#organization"},"potentialAction":[{"@type":"SearchAction","target":{"@type":"EntryPoint","urlTemplate":"https:\/\/jornaltimoneiro.com.br\/?s={search_term_string}"},"query-input":"required name=search_term_string"}],"inLanguage":"pt-BR"},{"@type":"Organization","@id":"https:\/\/jornaltimoneiro.com.br\/#organization","name":"Jornal Timoneiro Canoas RS","url":"https:\/\/jornaltimoneiro.com.br\/","logo":{"@type":"ImageObject","inLanguage":"pt-BR","@id":"https:\/\/jornaltimoneiro.com.br\/#\/schema\/logo\/image\/","url":"https:\/\/jornaltimoneiro.com.br\/wp-content\/uploads\/2023\/03\/logonovo.png","contentUrl":"https:\/\/jornaltimoneiro.com.br\/wp-content\/uploads\/2023\/03\/logonovo.png","width":"469","height":"171","caption":"Jornal Timoneiro Canoas RS"},"image":{"@id":"https:\/\/jornaltimoneiro.com.br\/#\/schema\/logo\/image\/"},"sameAs":["https:\/\/www.facebook.com\/jornaltimoneiro","https:\/\/twitter.com\/_OTimoneiro","https:\/\/www.instagram.com\/jornaltimoneirocanoas\/","https:\/\/www.youtube.com\/@jornalotimoneiro7927"]},{"@type":"Person","@id":"https:\/\/jornaltimoneiro.com.br\/#\/schema\/person\/620efd1d8244466117482be494360b08","name":"Reda\u00e7\u00e3o","image":{"@type":"ImageObject","inLanguage":"pt-BR","@id":"https:\/\/jornaltimoneiro.com.br\/#\/schema\/person\/image\/","url":"https:\/\/secure.gravatar.com\/avatar\/2f04e1b304682a8d9db336c7acd77f08?s=96&d=mm&r=g","contentUrl":"https:\/\/secure.gravatar.com\/avatar\/2f04e1b304682a8d9db336c7acd77f08?s=96&d=mm&r=g","caption":"Reda\u00e7\u00e3o"},"url":"https:\/\/jornaltimoneiro.com.br\/index.php\/author\/timoneirocanoas\/"}]}},"_links":{"self":[{"href":"https:\/\/jornaltimoneiro.com.br\/index.php\/wp-json\/wp\/v2\/posts\/7190"}],"collection":[{"href":"https:\/\/jornaltimoneiro.com.br\/index.php\/wp-json\/wp\/v2\/posts"}],"about":[{"href":"https:\/\/jornaltimoneiro.com.br\/index.php\/wp-json\/wp\/v2\/types\/post"}],"author":[{"embeddable":true,"href":"https:\/\/jornaltimoneiro.com.br\/index.php\/wp-json\/wp\/v2\/users\/1"}],"replies":[{"embeddable":true,"href":"https:\/\/jornaltimoneiro.com.br\/index.php\/wp-json\/wp\/v2\/comments?post=7190"}],"version-history":[{"count":0,"href":"https:\/\/jornaltimoneiro.com.br\/index.php\/wp-json\/wp\/v2\/posts\/7190\/revisions"}],"wp:featuredmedia":[{"embeddable":true,"href":"https:\/\/jornaltimoneiro.com.br\/index.php\/wp-json\/"}],"wp:attachment":[{"href":"https:\/\/jornaltimoneiro.com.br\/index.php\/wp-json\/wp\/v2\/media?parent=7190"}],"wp:term":[{"taxonomy":"category","embeddable":true,"href":"https:\/\/jornaltimoneiro.com.br\/index.php\/wp-json\/wp\/v2\/categories?post=7190"},{"taxonomy":"post_tag","embeddable":true,"href":"https:\/\/jornaltimoneiro.com.br\/index.php\/wp-json\/wp\/v2\/tags?post=7190"}],"curies":[{"name":"wp","href":"https:\/\/api.w.org\/{rel}","templated":true}]}}